{"id":22800,"date":"2024-05-04T19:51:50","date_gmt":"2024-05-04T17:51:50","guid":{"rendered":"https:\/\/www.ladiagonale.net\/?p=22800"},"modified":"2024-05-04T19:51:51","modified_gmt":"2024-05-04T17:51:51","slug":"akliouche-manquera-le-dernier-match-de-la-saison","status":"publish","type":"post","link":"https:\/\/www.ladiagonale.net\/index.php\/2024\/05\/04\/akliouche-manquera-le-dernier-match-de-la-saison\/","title":{"rendered":"Akliouche manquera le dernier match de la saison"},"content":{"rendered":"\n\n\n<p>Seul point noir de la victoire de l&rsquo;AS Monaco contre Clermont ce samedi, le carton jaune re\u00e7u par Maghnes Akliouche. Le jeune milieu offensif avait \u00e9t\u00e9 annonc\u00e9 suspendu par erreur pour cette rencontre la semaine pr\u00e9c\u00e9dente (<a href=\"https:\/\/www.ladiagonale.net\/index.php\/2024\/04\/26\/pas-de-suspension-pour-akliouche-contre-clermont\/\" target=\"_blank\" rel=\"noreferrer noopener\">une erreur rectifi\u00e9e d\u00e8s le lendemain par la Ligue<\/a>) mais il n&rsquo;y coupera pas cette fois, avec ce troisi\u00e8me avertissement en moins de dix rencontres. Akliouche sera donc absent pour la derni\u00e8re rencontre de la saison, contre Nantes, pr\u00e9vue le dimanche 19 mai. <\/p>\n\n\n\n<p>L&rsquo;international Espoir avait \u00e9t\u00e9 averti contre Brest et Lille et la Ligue devrait notifier sa suspension lors de sa prochaine commission de discipline pr\u00e9vue mardi 7 mai.<\/p>\n","protected":false},"excerpt":{"rendered":"<p>Seul point noir de la victoire de l&rsquo;AS Monaco contre Clermont ce samedi, le carton jaune re\u00e7u par Maghnes Akliouche. Le jeune milieu offensif avait \u00e9t\u00e9 annonc\u00e9 suspendu par erreur pour cette rencontre la semaine pr\u00e9c\u00e9dente (une erreur rectifi\u00e9e d\u00e8s le lendemain par la Ligue) mais il n&rsquo;y coupera pas cette fois, avec ce troisi\u00e8me [&#8230;]\n","protected":false},"author":2,"featured_media":0,"comment_status":"open","ping_status":"open","sticky":false,"template":"","format":"standard","meta":[],"categories":[4,6],"tags":[86,257,94,190,158],"yoast_head":"<!-- This site is optimized with the Yoast SEO plugin v19.8 - https:\/\/yoast.com\/wordpress\/plugins\/seo\/ -->\n<title>Akliouche manquera le dernier match de la saison - La Diagonale<\/title>\n<meta name=\"robots\" content=\"index, follow, max-snippet:-1, max-image-preview:large, max-video-preview:-1\" \/>\n<link rel=\"canonical\" href=\"https:\/\/www.ladiagonale.net\/index.php\/2024\/05\/04\/akliouche-manquera-le-dernier-match-de-la-saison\/\" \/>\n<meta property=\"og:locale\" content=\"fr_FR\" \/>\n<meta property=\"og:type\" content=\"article\" \/>\n<meta property=\"og:title\" content=\"Akliouche manquera le dernier match de la saison - La Diagonale\" \/>\n<meta property=\"og:description\" content=\"Seul point noir de la victoire de l&rsquo;AS Monaco contre Clermont ce samedi, le carton jaune re\u00e7u par Maghnes Akliouche. Le jeune milieu offensif avait \u00e9t\u00e9 annonc\u00e9 suspendu par erreur pour cette rencontre la semaine pr\u00e9c\u00e9dente (une erreur rectifi\u00e9e d\u00e8s le lendemain par la Ligue) mais il n&rsquo;y coupera pas cette fois, avec ce troisi\u00e8me [...]\" \/>\n<meta property=\"og:url\" content=\"https:\/\/www.ladiagonale.net\/index.php\/2024\/05\/04\/akliouche-manquera-le-dernier-match-de-la-saison\/\" \/>\n<meta property=\"og:site_name\" content=\"La Diagonale\" \/>\n<meta property=\"article:published_time\" content=\"2024-05-04T17:51:50+00:00\" \/>\n<meta property=\"article:modified_time\" content=\"2024-05-04T17:51:51+00:00\" \/>\n<meta property=\"og:image\" content=\"https:\/\/www.ladiagonale.net\/wp-content\/uploads\/2023\/10\/akliouche.png\" \/>\n\t<meta property=\"og:image:width\" content=\"1160\" \/>\n\t<meta property=\"og:image:height\" content=\"650\" \/>\n\t<meta property=\"og:image:type\" content=\"image\/png\" \/>\n<meta name=\"author\" content=\"Damien Dellerba\" \/>\n<meta name=\"twitter:card\" content=\"summary_large_image\" \/>\n<meta name=\"twitter:image\" content=\"https:\/\/www.ladiagonale.net\/wp-content\/uploads\/2023\/10\/akliouche.png\" \/>\n<meta name=\"twitter:label1\" content=\"\u00c9crit par\" \/>\n\t<meta name=\"twitter:data1\" content=\"Damien Dellerba\" \/>\n\t<meta name=\"twitter:label2\" content=\"Dur\u00e9e de lecture estim\u00e9e\" \/>\n\t<meta name=\"twitter:data2\" content=\"1 minute\" \/>\n<script type=\"application\/ld+json\" class=\"yoast-schema-graph\">{\"@context\":\"https:\/\/schema.org\",\"@graph\":[{\"@type\":\"WebPage\",\"@id\":\"https:\/\/www.ladiagonale.net\/index.php\/2024\/05\/04\/akliouche-manquera-le-dernier-match-de-la-saison\/\",\"url\":\"https:\/\/www.ladiagonale.net\/index.php\/2024\/05\/04\/akliouche-manquera-le-dernier-match-de-la-saison\/\",\"name\":\"Akliouche manquera le dernier match de la saison - La Diagonale\",\"isPartOf\":{\"@id\":\"https:\/\/www.ladiagonale.net\/#website\"},\"datePublished\":\"2024-05-04T17:51:50+00:00\",\"dateModified\":\"2024-05-04T17:51:51+00:00\",\"author\":{\"@id\":\"https:\/\/www.ladiagonale.net\/#\/schema\/person\/79ff1e7b0853ed01b2aa26e64ad300bf\"},\"breadcrumb\":{\"@id\":\"https:\/\/www.ladiagonale.net\/index.php\/2024\/05\/04\/akliouche-manquera-le-dernier-match-de-la-saison\/#breadcrumb\"},\"inLanguage\":\"fr-FR\",\"potentialAction\":[{\"@type\":\"ReadAction\",\"target\":[\"https:\/\/www.ladiagonale.net\/index.php\/2024\/05\/04\/akliouche-manquera-le-dernier-match-de-la-saison\/\"]}]},{\"@type\":\"BreadcrumbList\",\"@id\":\"https:\/\/www.ladiagonale.net\/index.php\/2024\/05\/04\/akliouche-manquera-le-dernier-match-de-la-saison\/#breadcrumb\",\"itemListElement\":[{\"@type\":\"ListItem\",\"position\":1,\"name\":\"Accueil\",\"item\":\"https:\/\/www.ladiagonale.net\/\"},{\"@type\":\"ListItem\",\"position\":2,\"name\":\"Akliouche manquera le dernier match de la saison\"}]},{\"@type\":\"WebSite\",\"@id\":\"https:\/\/www.ladiagonale.net\/#website\",\"url\":\"https:\/\/www.ladiagonale.net\/\",\"name\":\"La Diagonale\",\"description\":\"Le site des supporters de l&#039;AS Monaco FC\",\"potentialAction\":[{\"@type\":\"SearchAction\",\"target\":{\"@type\":\"EntryPoint\",\"urlTemplate\":\"https:\/\/www.ladiagonale.net\/?s={search_term_string}\"},\"query-input\":\"required name=search_term_string\"}],\"inLanguage\":\"fr-FR\"},{\"@type\":\"Person\",\"@id\":\"https:\/\/www.ladiagonale.net\/#\/schema\/person\/79ff1e7b0853ed01b2aa26e64ad300bf\",\"name\":\"Damien Dellerba\",\"image\":{\"@type\":\"ImageObject\",\"inLanguage\":\"fr-FR\",\"@id\":\"https:\/\/www.ladiagonale.net\/#\/schema\/person\/image\/\",\"url\":\"https:\/\/secure.gravatar.com\/avatar\/c7850e06d3ff63cdbaee88b7fc16e2f0?s=96&d=mm&r=g\",\"contentUrl\":\"https:\/\/secure.gravatar.com\/avatar\/c7850e06d3ff63cdbaee88b7fc16e2f0?s=96&d=mm&r=g\",\"caption\":\"Damien Dellerba\"},\"url\":\"https:\/\/www.ladiagonale.net\/index.php\/author\/damien\/\"}]}<\/script>\n<!-- \/ Yoast SEO plugin. -->","yoast_head_json":{"title":"Akliouche manquera le dernier match de la saison - La Diagonale","robots":{"index":"index","follow":"follow","max-snippet":"max-snippet:-1","max-image-preview":"max-image-preview:large","max-video-preview":"max-video-preview:-1"},"canonical":"https:\/\/www.ladiagonale.net\/index.php\/2024\/05\/04\/akliouche-manquera-le-dernier-match-de-la-saison\/","og_locale":"fr_FR","og_type":"article","og_title":"Akliouche manquera le dernier match de la saison - La Diagonale","og_description":"Seul point noir de la victoire de l&rsquo;AS Monaco contre Clermont ce samedi, le carton jaune re\u00e7u par Maghnes Akliouche. Le jeune milieu offensif avait \u00e9t\u00e9 annonc\u00e9 suspendu par erreur pour cette rencontre la semaine pr\u00e9c\u00e9dente (une erreur rectifi\u00e9e d\u00e8s le lendemain par la Ligue) mais il n&rsquo;y coupera pas cette fois, avec ce troisi\u00e8me [...]","og_url":"https:\/\/www.ladiagonale.net\/index.php\/2024\/05\/04\/akliouche-manquera-le-dernier-match-de-la-saison\/","og_site_name":"La Diagonale","article_published_time":"2024-05-04T17:51:50+00:00","article_modified_time":"2024-05-04T17:51:51+00:00","og_image":[{"width":1160,"height":650,"url":"https:\/\/www.ladiagonale.net\/wp-content\/uploads\/2023\/10\/akliouche.png","type":"image\/png"}],"author":"Damien Dellerba","twitter_card":"summary_large_image","twitter_image":"https:\/\/www.ladiagonale.net\/wp-content\/uploads\/2023\/10\/akliouche.png","twitter_misc":{"\u00c9crit par":"Damien Dellerba","Dur\u00e9e de lecture estim\u00e9e":"1 minute"},"schema":{"@context":"https:\/\/schema.org","@graph":[{"@type":"WebPage","@id":"https:\/\/www.ladiagonale.net\/index.php\/2024\/05\/04\/akliouche-manquera-le-dernier-match-de-la-saison\/","url":"https:\/\/www.ladiagonale.net\/index.php\/2024\/05\/04\/akliouche-manquera-le-dernier-match-de-la-saison\/","name":"Akliouche manquera le dernier match de la saison - La Diagonale","isPartOf":{"@id":"https:\/\/www.ladiagonale.net\/#website"},"datePublished":"2024-05-04T17:51:50+00:00","dateModified":"2024-05-04T17:51:51+00:00","author":{"@id":"https:\/\/www.ladiagonale.net\/#\/schema\/person\/79ff1e7b0853ed01b2aa26e64ad300bf"},"breadcrumb":{"@id":"https:\/\/www.ladiagonale.net\/index.php\/2024\/05\/04\/akliouche-manquera-le-dernier-match-de-la-saison\/#breadcrumb"},"inLanguage":"fr-FR","potentialAction":[{"@type":"ReadAction","target":["https:\/\/www.ladiagonale.net\/index.php\/2024\/05\/04\/akliouche-manquera-le-dernier-match-de-la-saison\/"]}]},{"@type":"BreadcrumbList","@id":"https:\/\/www.ladiagonale.net\/index.php\/2024\/05\/04\/akliouche-manquera-le-dernier-match-de-la-saison\/#breadcrumb","itemListElement":[{"@type":"ListItem","position":1,"name":"Accueil","item":"https:\/\/www.ladiagonale.net\/"},{"@type":"ListItem","position":2,"name":"Akliouche manquera le dernier match de la saison"}]},{"@type":"WebSite","@id":"https:\/\/www.ladiagonale.net\/#website","url":"https:\/\/www.ladiagonale.net\/","name":"La Diagonale","description":"Le site des supporters de l&#039;AS Monaco FC","potentialAction":[{"@type":"SearchAction","target":{"@type":"EntryPoint","urlTemplate":"https:\/\/www.ladiagonale.net\/?s={search_term_string}"},"query-input":"required name=search_term_string"}],"inLanguage":"fr-FR"},{"@type":"Person","@id":"https:\/\/www.ladiagonale.net\/#\/schema\/person\/79ff1e7b0853ed01b2aa26e64ad300bf","name":"Damien Dellerba","image":{"@type":"ImageObject","inLanguage":"fr-FR","@id":"https:\/\/www.ladiagonale.net\/#\/schema\/person\/image\/","url":"https:\/\/secure.gravatar.com\/avatar\/c7850e06d3ff63cdbaee88b7fc16e2f0?s=96&d=mm&r=g","contentUrl":"https:\/\/secure.gravatar.com\/avatar\/c7850e06d3ff63cdbaee88b7fc16e2f0?s=96&d=mm&r=g","caption":"Damien Dellerba"},"url":"https:\/\/www.ladiagonale.net\/index.php\/author\/damien\/"}]}},"_links":{"self":[{"href":"https:\/\/www.ladiagonale.net\/index.php\/wp-json\/wp\/v2\/posts\/22800"}],"collection":[{"href":"https:\/\/www.ladiagonale.net\/index.php\/wp-json\/wp\/v2\/posts"}],"about":[{"href":"https:\/\/www.ladiagonale.net\/index.php\/wp-json\/wp\/v2\/types\/post"}],"author":[{"embeddable":true,"href":"https:\/\/www.ladiagonale.net\/index.php\/wp-json\/wp\/v2\/users\/2"}],"replies":[{"embeddable":true,"href":"https:\/\/www.ladiagonale.net\/index.php\/wp-json\/wp\/v2\/comments?post=22800"}],"version-history":[{"count":1,"href":"https:\/\/www.ladiagonale.net\/index.php\/wp-json\/wp\/v2\/posts\/22800\/revisions"}],"predecessor-version":[{"id":22801,"href":"https:\/\/www.ladiagonale.net\/index.php\/wp-json\/wp\/v2\/posts\/22800\/revisions\/22801"}],"wp:attachment":[{"href":"https:\/\/www.ladiagonale.net\/index.php\/wp-json\/wp\/v2\/media?parent=22800"}],"wp:term":[{"taxonomy":"category","embeddable":true,"href":"https:\/\/www.ladiagonale.net\/index.php\/wp-json\/wp\/v2\/categories?post=22800"},{"taxonomy":"post_tag","embeddable":true,"href":"https:\/\/www.ladiagonale.net\/index.php\/wp-json\/wp\/v2\/tags?post=22800"}],"curies":[{"name":"wp","href":"https:\/\/api.w.org\/{rel}","templated":true}]}}