{"id":22934,"date":"2024-05-11T19:57:09","date_gmt":"2024-05-11T17:57:09","guid":{"rendered":"https:\/\/www.ladiagonale.net\/?p=22934"},"modified":"2024-05-12T01:17:22","modified_gmt":"2024-05-11T23:17:22","slug":"le-groupe-montpellierain-avec-sagnan-mais-sans-kouyate","status":"publish","type":"post","link":"https:\/\/www.ladiagonale.net\/index.php\/2024\/05\/11\/le-groupe-montpellierain-avec-sagnan-mais-sans-kouyate\/","title":{"rendered":"Le groupe montpelli\u00e9rain : avec Sagnan mais sans Kouyat\u00e9"},"content":{"rendered":"\n<p>Montpellier va compter de nombreux absents pour la r\u00e9ception de l\u2019AS Monaco ce dimanche (21h). Si Modibo Sagnan est finalement bien pr\u00e9sent apr\u00e8s avoir \u00e9t\u00e9 incertain toute la semaine, ce n\u2019est pas le cas de Kiki Kouyat\u00e9. <\/p>\n\n\n\n<p>Le d\u00e9fenseur central est touch\u00e9 au bassin mais son absence n\u2019est sans doute pas la plus handicapante pour les H\u00e9raultais : T\u00e9ji Savanier, Arnaud Nordin et Lucas Mincarelli sont tous trois suspendus, tandis que Benjamin Lecomte a d\u00fb mettre fin \u00e0 sa saison sur blessure.<\/p>\n\n\n\n<h3 class=\"wp-block-heading\">Le groupe montpelli\u00e9rain<\/h3>\n\n\n\n<ul>\n\n<li><strong>Gardiens : <\/strong>Bertaud, Dizdarevic.<\/li>\n\n<\/ul>\n\n\n\n<ul>\n\n<li><strong>D\u00e9fenseurs :<\/strong> Tchato, Hefti, Sacko, Jullien, Omeragi\u0107, Sagnan, Sylla, Sainte-Luce.<\/li>\n\n<\/ul>\n\n\n\n<ul>\n\n<li> <strong>Milieux : <\/strong>Chotard, Delaye, Fayad, Ferri, Leroy.<\/li>\n\n<\/ul>\n\n\n\n<ul>\n\n<li><strong>Attaquants :<\/strong> Adams, Al-Tamari, Coulibaly, Karamoh, Maamma.<\/li>\n\n<\/ul>\n\n\n\n<p><em>Absents :&nbsp;<\/em>Savanier, Nordin, Mincarelli (suspendus), Lecomte, Kouyat\u00e9,&nbsp;Gu\u00e9guin (bless\u00e9s),&nbsp;Khazri (choix de l\u2019entra\u00eeneur).<\/p>\n","protected":false},"excerpt":{"rendered":"<p>Montpellier va compter de nombreux absents pour la r\u00e9ception de l\u2019AS Monaco ce dimanche (21h). Si Modibo Sagnan est finalement bien pr\u00e9sent apr\u00e8s avoir \u00e9t\u00e9 incertain toute la semaine, ce n\u2019est pas le cas de Kiki Kouyat\u00e9. Le d\u00e9fenseur central est touch\u00e9 au bassin mais son absence n\u2019est sans doute pas la plus handicapante pour [&#8230;]\n","protected":false},"author":2,"featured_media":0,"comment_status":"open","ping_status":"open","sticky":false,"template":"","format":"standard","meta":[],"categories":[6],"tags":[86,94,236],"yoast_head":"<!-- This site is optimized with the Yoast SEO plugin v19.8 - https:\/\/yoast.com\/wordpress\/plugins\/seo\/ -->\n<title>Le groupe montpelli\u00e9rain : avec Sagnan mais sans Kouyat\u00e9 - La Diagonale<\/title>\n<meta name=\"robots\" content=\"index, follow, max-snippet:-1, max-image-preview:large, max-video-preview:-1\" \/>\n<link rel=\"canonical\" href=\"https:\/\/www.ladiagonale.net\/index.php\/2024\/05\/11\/le-groupe-montpellierain-avec-sagnan-mais-sans-kouyate\/\" \/>\n<meta property=\"og:locale\" content=\"fr_FR\" \/>\n<meta property=\"og:type\" content=\"article\" \/>\n<meta property=\"og:title\" content=\"Le groupe montpelli\u00e9rain : avec Sagnan mais sans Kouyat\u00e9 - La Diagonale\" \/>\n<meta property=\"og:description\" content=\"Montpellier va compter de nombreux absents pour la r\u00e9ception de l\u2019AS Monaco ce dimanche (21h). Si Modibo Sagnan est finalement bien pr\u00e9sent apr\u00e8s avoir \u00e9t\u00e9 incertain toute la semaine, ce n\u2019est pas le cas de Kiki Kouyat\u00e9. Le d\u00e9fenseur central est touch\u00e9 au bassin mais son absence n\u2019est sans doute pas la plus handicapante pour [...]\" \/>\n<meta property=\"og:url\" content=\"https:\/\/www.ladiagonale.net\/index.php\/2024\/05\/11\/le-groupe-montpellierain-avec-sagnan-mais-sans-kouyate\/\" \/>\n<meta property=\"og:site_name\" content=\"La Diagonale\" \/>\n<meta property=\"article:published_time\" content=\"2024-05-11T17:57:09+00:00\" \/>\n<meta property=\"article:modified_time\" content=\"2024-05-11T23:17:22+00:00\" \/>\n<meta property=\"og:image\" content=\"https:\/\/www.ladiagonale.net\/wp-content\/uploads\/2024\/05\/IMG_3939.jpeg\" \/>\n\t<meta property=\"og:image:width\" content=\"885\" \/>\n\t<meta property=\"og:image:height\" content=\"500\" \/>\n\t<meta property=\"og:image:type\" content=\"image\/jpeg\" \/>\n<meta name=\"author\" content=\"Damien Dellerba\" \/>\n<meta name=\"twitter:card\" content=\"summary_large_image\" \/>\n<meta name=\"twitter:image\" content=\"https:\/\/www.ladiagonale.net\/wp-content\/uploads\/2024\/05\/IMG_3939.jpeg\" \/>\n<meta name=\"twitter:label1\" content=\"\u00c9crit par\" \/>\n\t<meta name=\"twitter:data1\" content=\"Damien Dellerba\" \/>\n\t<meta name=\"twitter:label2\" content=\"Dur\u00e9e de lecture estim\u00e9e\" \/>\n\t<meta name=\"twitter:data2\" content=\"1 minute\" \/>\n<script type=\"application\/ld+json\" class=\"yoast-schema-graph\">{\"@context\":\"https:\/\/schema.org\",\"@graph\":[{\"@type\":\"WebPage\",\"@id\":\"https:\/\/www.ladiagonale.net\/index.php\/2024\/05\/11\/le-groupe-montpellierain-avec-sagnan-mais-sans-kouyate\/\",\"url\":\"https:\/\/www.ladiagonale.net\/index.php\/2024\/05\/11\/le-groupe-montpellierain-avec-sagnan-mais-sans-kouyate\/\",\"name\":\"Le groupe montpelli\u00e9rain : avec Sagnan mais sans Kouyat\u00e9 - La Diagonale\",\"isPartOf\":{\"@id\":\"https:\/\/www.ladiagonale.net\/#website\"},\"datePublished\":\"2024-05-11T17:57:09+00:00\",\"dateModified\":\"2024-05-11T23:17:22+00:00\",\"author\":{\"@id\":\"https:\/\/www.ladiagonale.net\/#\/schema\/person\/79ff1e7b0853ed01b2aa26e64ad300bf\"},\"breadcrumb\":{\"@id\":\"https:\/\/www.ladiagonale.net\/index.php\/2024\/05\/11\/le-groupe-montpellierain-avec-sagnan-mais-sans-kouyate\/#breadcrumb\"},\"inLanguage\":\"fr-FR\",\"potentialAction\":[{\"@type\":\"ReadAction\",\"target\":[\"https:\/\/www.ladiagonale.net\/index.php\/2024\/05\/11\/le-groupe-montpellierain-avec-sagnan-mais-sans-kouyate\/\"]}]},{\"@type\":\"BreadcrumbList\",\"@id\":\"https:\/\/www.ladiagonale.net\/index.php\/2024\/05\/11\/le-groupe-montpellierain-avec-sagnan-mais-sans-kouyate\/#breadcrumb\",\"itemListElement\":[{\"@type\":\"ListItem\",\"position\":1,\"name\":\"Accueil\",\"item\":\"https:\/\/www.ladiagonale.net\/\"},{\"@type\":\"ListItem\",\"position\":2,\"name\":\"Le groupe montpelli\u00e9rain : avec Sagnan mais sans Kouyat\u00e9\"}]},{\"@type\":\"WebSite\",\"@id\":\"https:\/\/www.ladiagonale.net\/#website\",\"url\":\"https:\/\/www.ladiagonale.net\/\",\"name\":\"La Diagonale\",\"description\":\"Le site des supporters de l&#039;AS Monaco FC\",\"potentialAction\":[{\"@type\":\"SearchAction\",\"target\":{\"@type\":\"EntryPoint\",\"urlTemplate\":\"https:\/\/www.ladiagonale.net\/?s={search_term_string}\"},\"query-input\":\"required name=search_term_string\"}],\"inLanguage\":\"fr-FR\"},{\"@type\":\"Person\",\"@id\":\"https:\/\/www.ladiagonale.net\/#\/schema\/person\/79ff1e7b0853ed01b2aa26e64ad300bf\",\"name\":\"Damien Dellerba\",\"image\":{\"@type\":\"ImageObject\",\"inLanguage\":\"fr-FR\",\"@id\":\"https:\/\/www.ladiagonale.net\/#\/schema\/person\/image\/\",\"url\":\"https:\/\/secure.gravatar.com\/avatar\/c7850e06d3ff63cdbaee88b7fc16e2f0?s=96&d=mm&r=g\",\"contentUrl\":\"https:\/\/secure.gravatar.com\/avatar\/c7850e06d3ff63cdbaee88b7fc16e2f0?s=96&d=mm&r=g\",\"caption\":\"Damien Dellerba\"},\"url\":\"https:\/\/www.ladiagonale.net\/index.php\/author\/damien\/\"}]}<\/script>\n<!-- \/ Yoast SEO plugin. -->","yoast_head_json":{"title":"Le groupe montpelli\u00e9rain : avec Sagnan mais sans Kouyat\u00e9 - La Diagonale","robots":{"index":"index","follow":"follow","max-snippet":"max-snippet:-1","max-image-preview":"max-image-preview:large","max-video-preview":"max-video-preview:-1"},"canonical":"https:\/\/www.ladiagonale.net\/index.php\/2024\/05\/11\/le-groupe-montpellierain-avec-sagnan-mais-sans-kouyate\/","og_locale":"fr_FR","og_type":"article","og_title":"Le groupe montpelli\u00e9rain : avec Sagnan mais sans Kouyat\u00e9 - La Diagonale","og_description":"Montpellier va compter de nombreux absents pour la r\u00e9ception de l\u2019AS Monaco ce dimanche (21h). Si Modibo Sagnan est finalement bien pr\u00e9sent apr\u00e8s avoir \u00e9t\u00e9 incertain toute la semaine, ce n\u2019est pas le cas de Kiki Kouyat\u00e9. Le d\u00e9fenseur central est touch\u00e9 au bassin mais son absence n\u2019est sans doute pas la plus handicapante pour [...]","og_url":"https:\/\/www.ladiagonale.net\/index.php\/2024\/05\/11\/le-groupe-montpellierain-avec-sagnan-mais-sans-kouyate\/","og_site_name":"La Diagonale","article_published_time":"2024-05-11T17:57:09+00:00","article_modified_time":"2024-05-11T23:17:22+00:00","og_image":[{"width":885,"height":500,"url":"https:\/\/www.ladiagonale.net\/wp-content\/uploads\/2024\/05\/IMG_3939.jpeg","type":"image\/jpeg"}],"author":"Damien Dellerba","twitter_card":"summary_large_image","twitter_image":"https:\/\/www.ladiagonale.net\/wp-content\/uploads\/2024\/05\/IMG_3939.jpeg","twitter_misc":{"\u00c9crit par":"Damien Dellerba","Dur\u00e9e de lecture estim\u00e9e":"1 minute"},"schema":{"@context":"https:\/\/schema.org","@graph":[{"@type":"WebPage","@id":"https:\/\/www.ladiagonale.net\/index.php\/2024\/05\/11\/le-groupe-montpellierain-avec-sagnan-mais-sans-kouyate\/","url":"https:\/\/www.ladiagonale.net\/index.php\/2024\/05\/11\/le-groupe-montpellierain-avec-sagnan-mais-sans-kouyate\/","name":"Le groupe montpelli\u00e9rain : avec Sagnan mais sans Kouyat\u00e9 - La Diagonale","isPartOf":{"@id":"https:\/\/www.ladiagonale.net\/#website"},"datePublished":"2024-05-11T17:57:09+00:00","dateModified":"2024-05-11T23:17:22+00:00","author":{"@id":"https:\/\/www.ladiagonale.net\/#\/schema\/person\/79ff1e7b0853ed01b2aa26e64ad300bf"},"breadcrumb":{"@id":"https:\/\/www.ladiagonale.net\/index.php\/2024\/05\/11\/le-groupe-montpellierain-avec-sagnan-mais-sans-kouyate\/#breadcrumb"},"inLanguage":"fr-FR","potentialAction":[{"@type":"ReadAction","target":["https:\/\/www.ladiagonale.net\/index.php\/2024\/05\/11\/le-groupe-montpellierain-avec-sagnan-mais-sans-kouyate\/"]}]},{"@type":"BreadcrumbList","@id":"https:\/\/www.ladiagonale.net\/index.php\/2024\/05\/11\/le-groupe-montpellierain-avec-sagnan-mais-sans-kouyate\/#breadcrumb","itemListElement":[{"@type":"ListItem","position":1,"name":"Accueil","item":"https:\/\/www.ladiagonale.net\/"},{"@type":"ListItem","position":2,"name":"Le groupe montpelli\u00e9rain : avec Sagnan mais sans Kouyat\u00e9"}]},{"@type":"WebSite","@id":"https:\/\/www.ladiagonale.net\/#website","url":"https:\/\/www.ladiagonale.net\/","name":"La Diagonale","description":"Le site des supporters de l&#039;AS Monaco FC","potentialAction":[{"@type":"SearchAction","target":{"@type":"EntryPoint","urlTemplate":"https:\/\/www.ladiagonale.net\/?s={search_term_string}"},"query-input":"required name=search_term_string"}],"inLanguage":"fr-FR"},{"@type":"Person","@id":"https:\/\/www.ladiagonale.net\/#\/schema\/person\/79ff1e7b0853ed01b2aa26e64ad300bf","name":"Damien Dellerba","image":{"@type":"ImageObject","inLanguage":"fr-FR","@id":"https:\/\/www.ladiagonale.net\/#\/schema\/person\/image\/","url":"https:\/\/secure.gravatar.com\/avatar\/c7850e06d3ff63cdbaee88b7fc16e2f0?s=96&d=mm&r=g","contentUrl":"https:\/\/secure.gravatar.com\/avatar\/c7850e06d3ff63cdbaee88b7fc16e2f0?s=96&d=mm&r=g","caption":"Damien Dellerba"},"url":"https:\/\/www.ladiagonale.net\/index.php\/author\/damien\/"}]}},"_links":{"self":[{"href":"https:\/\/www.ladiagonale.net\/index.php\/wp-json\/wp\/v2\/posts\/22934"}],"collection":[{"href":"https:\/\/www.ladiagonale.net\/index.php\/wp-json\/wp\/v2\/posts"}],"about":[{"href":"https:\/\/www.ladiagonale.net\/index.php\/wp-json\/wp\/v2\/types\/post"}],"author":[{"embeddable":true,"href":"https:\/\/www.ladiagonale.net\/index.php\/wp-json\/wp\/v2\/users\/2"}],"replies":[{"embeddable":true,"href":"https:\/\/www.ladiagonale.net\/index.php\/wp-json\/wp\/v2\/comments?post=22934"}],"version-history":[{"count":2,"href":"https:\/\/www.ladiagonale.net\/index.php\/wp-json\/wp\/v2\/posts\/22934\/revisions"}],"predecessor-version":[{"id":22940,"href":"https:\/\/www.ladiagonale.net\/index.php\/wp-json\/wp\/v2\/posts\/22934\/revisions\/22940"}],"wp:attachment":[{"href":"https:\/\/www.ladiagonale.net\/index.php\/wp-json\/wp\/v2\/media?parent=22934"}],"wp:term":[{"taxonomy":"category","embeddable":true,"href":"https:\/\/www.ladiagonale.net\/index.php\/wp-json\/wp\/v2\/categories?post=22934"},{"taxonomy":"post_tag","embeddable":true,"href":"https:\/\/www.ladiagonale.net\/index.php\/wp-json\/wp\/v2\/tags?post=22934"}],"curies":[{"name":"wp","href":"https:\/\/api.w.org\/{rel}","templated":true}]}}