{"id":22936,"date":"2024-05-11T19:48:08","date_gmt":"2024-05-11T17:48:08","guid":{"rendered":"https:\/\/www.ladiagonale.net\/?p=22936"},"modified":"2024-05-11T19:52:22","modified_gmt":"2024-05-11T17:52:22","slug":"le-groupe-monegasque-maripan-nen-est-pas-ben-seghir-de-retour","status":"publish","type":"post","link":"https:\/\/www.ladiagonale.net\/index.php\/2024\/05\/11\/le-groupe-monegasque-maripan-nen-est-pas-ben-seghir-de-retour\/","title":{"rendered":"Le groupe mon\u00e9gasque : Maripan n\u2019en est pas, Ben Seghir de retour"},"content":{"rendered":"\n<p>L\u2019AS Monaco se d\u00e9placera \u00e0 Montpellier ce dimanche pour assurer sa place d\u00e9finitive en Ligue des champions. Comme le craignait Adi H\u00fctter, Guillermo Maripan n\u2019est pas remis de sa g\u00eane ressenti \u00e0 un quadriceps et sera donc forfait.<\/p>\n\n\n\n<p>Son absence s\u2019ajoute \u00e0 celle de Takumi Minamino, suspendu pour cette rencontre. Eliesse Ben Seghir est lui de retour apr\u00e8s avoir purg\u00e9 sa peine de trois matches. <\/p>\n\n\n\n<p>Sa\u00efmon Bouabr\u00e9 et Lucas Michal ont \u00e9t\u00e9 convoqu\u00e9s par Adi H\u00fctter, mais pas Mamadou Coulibaly.<\/p>\n\n\n\n<h3 class=\"wp-block-heading\">Le groupe mon\u00e9gasque <\/h3>\n\n\n\n<ul>\n\n<li><strong>Gardiens :<\/strong> K\u00f6hn, Lienard, Majecki.<\/li>\n\n\n<li><strong>D\u00e9fenseurs :<\/strong> C. Henrique, Kehrer, Ouattara, Salisu, Singo, Vanderson.<\/li>\n\n\n<li><strong>Milieux : <\/strong>Akliouche, Ben Seghir, Bouabr\u00e9, Camara, Diatta, Diop, Fofana, Magassa.<\/li>\n\n\n<li><strong>Attaquants :<\/strong> Balogun, Ben Yedder, Embolo, Michal.<\/li>\n\n<\/ul>\n\n\n\n<p><em>Absents : <\/em>Minamino (suspendu), Golovin, Jakobs, Zakaria, Maripan (bless\u00e9s), Coulibaly (choix de l\u2019entra\u00eeneur).<\/p>\n","protected":false},"excerpt":{"rendered":"<p>L\u2019AS Monaco se d\u00e9placera \u00e0 Montpellier ce dimanche pour assurer sa place d\u00e9finitive en Ligue des champions. Comme le craignait Adi H\u00fctter, Guillermo Maripan n\u2019est pas remis de sa g\u00eane ressenti \u00e0 un quadriceps et sera donc forfait. Son absence s\u2019ajoute \u00e0 celle de Takumi Minamino, suspendu pour cette rencontre. Eliesse Ben Seghir est lui [&#8230;]\n","protected":false},"author":1,"featured_media":0,"comment_status":"open","ping_status":"open","sticky":false,"template":"","format":"standard","meta":[],"categories":[4,6],"tags":[86,225,94,236],"yoast_head":"<!-- This site is optimized with the Yoast SEO plugin v19.8 - https:\/\/yoast.com\/wordpress\/plugins\/seo\/ -->\n<title>Le groupe mon\u00e9gasque : Maripan n\u2019en est pas, Ben Seghir de retour - La Diagonale<\/title>\n<meta name=\"robots\" content=\"index, follow, max-snippet:-1, max-image-preview:large, max-video-preview:-1\" \/>\n<link rel=\"canonical\" href=\"https:\/\/www.ladiagonale.net\/index.php\/2024\/05\/11\/le-groupe-monegasque-maripan-nen-est-pas-ben-seghir-de-retour\/\" \/>\n<meta property=\"og:locale\" content=\"fr_FR\" \/>\n<meta property=\"og:type\" content=\"article\" \/>\n<meta property=\"og:title\" content=\"Le groupe mon\u00e9gasque : Maripan n\u2019en est pas, Ben Seghir de retour - La Diagonale\" \/>\n<meta property=\"og:description\" content=\"L\u2019AS Monaco se d\u00e9placera \u00e0 Montpellier ce dimanche pour assurer sa place d\u00e9finitive en Ligue des champions. Comme le craignait Adi H\u00fctter, Guillermo Maripan n\u2019est pas remis de sa g\u00eane ressenti \u00e0 un quadriceps et sera donc forfait. Son absence s\u2019ajoute \u00e0 celle de Takumi Minamino, suspendu pour cette rencontre. Eliesse Ben Seghir est lui [...]\" \/>\n<meta property=\"og:url\" content=\"https:\/\/www.ladiagonale.net\/index.php\/2024\/05\/11\/le-groupe-monegasque-maripan-nen-est-pas-ben-seghir-de-retour\/\" \/>\n<meta property=\"og:site_name\" content=\"La Diagonale\" \/>\n<meta property=\"article:published_time\" content=\"2024-05-11T17:48:08+00:00\" \/>\n<meta property=\"article:modified_time\" content=\"2024-05-11T17:52:22+00:00\" \/>\n<meta property=\"og:image\" content=\"https:\/\/www.ladiagonale.net\/wp-content\/uploads\/2024\/01\/maripandos.png\" \/>\n\t<meta property=\"og:image:width\" content=\"1160\" \/>\n\t<meta property=\"og:image:height\" content=\"650\" \/>\n\t<meta property=\"og:image:type\" content=\"image\/png\" \/>\n<meta name=\"author\" content=\"admin\" \/>\n<meta name=\"twitter:card\" content=\"summary_large_image\" \/>\n<meta name=\"twitter:image\" content=\"https:\/\/www.ladiagonale.net\/wp-content\/uploads\/2024\/01\/maripandos.png\" \/>\n<meta name=\"twitter:label1\" content=\"\u00c9crit par\" \/>\n\t<meta name=\"twitter:data1\" content=\"admin\" \/>\n\t<meta name=\"twitter:label2\" content=\"Dur\u00e9e de lecture estim\u00e9e\" \/>\n\t<meta name=\"twitter:data2\" content=\"1 minute\" \/>\n<script type=\"application\/ld+json\" class=\"yoast-schema-graph\">{\"@context\":\"https:\/\/schema.org\",\"@graph\":[{\"@type\":\"WebPage\",\"@id\":\"https:\/\/www.ladiagonale.net\/index.php\/2024\/05\/11\/le-groupe-monegasque-maripan-nen-est-pas-ben-seghir-de-retour\/\",\"url\":\"https:\/\/www.ladiagonale.net\/index.php\/2024\/05\/11\/le-groupe-monegasque-maripan-nen-est-pas-ben-seghir-de-retour\/\",\"name\":\"Le groupe mon\u00e9gasque : Maripan n\u2019en est pas, Ben Seghir de retour - La Diagonale\",\"isPartOf\":{\"@id\":\"https:\/\/www.ladiagonale.net\/#website\"},\"datePublished\":\"2024-05-11T17:48:08+00:00\",\"dateModified\":\"2024-05-11T17:52:22+00:00\",\"author\":{\"@id\":\"https:\/\/www.ladiagonale.net\/#\/schema\/person\/03fa041acd51875ece8bf97a37252a4d\"},\"breadcrumb\":{\"@id\":\"https:\/\/www.ladiagonale.net\/index.php\/2024\/05\/11\/le-groupe-monegasque-maripan-nen-est-pas-ben-seghir-de-retour\/#breadcrumb\"},\"inLanguage\":\"fr-FR\",\"potentialAction\":[{\"@type\":\"ReadAction\",\"target\":[\"https:\/\/www.ladiagonale.net\/index.php\/2024\/05\/11\/le-groupe-monegasque-maripan-nen-est-pas-ben-seghir-de-retour\/\"]}]},{\"@type\":\"BreadcrumbList\",\"@id\":\"https:\/\/www.ladiagonale.net\/index.php\/2024\/05\/11\/le-groupe-monegasque-maripan-nen-est-pas-ben-seghir-de-retour\/#breadcrumb\",\"itemListElement\":[{\"@type\":\"ListItem\",\"position\":1,\"name\":\"Accueil\",\"item\":\"https:\/\/www.ladiagonale.net\/\"},{\"@type\":\"ListItem\",\"position\":2,\"name\":\"Le groupe mon\u00e9gasque : Maripan n\u2019en est pas, Ben Seghir de retour\"}]},{\"@type\":\"WebSite\",\"@id\":\"https:\/\/www.ladiagonale.net\/#website\",\"url\":\"https:\/\/www.ladiagonale.net\/\",\"name\":\"La Diagonale\",\"description\":\"Le site des supporters de l&#039;AS Monaco FC\",\"potentialAction\":[{\"@type\":\"SearchAction\",\"target\":{\"@type\":\"EntryPoint\",\"urlTemplate\":\"https:\/\/www.ladiagonale.net\/?s={search_term_string}\"},\"query-input\":\"required name=search_term_string\"}],\"inLanguage\":\"fr-FR\"},{\"@type\":\"Person\",\"@id\":\"https:\/\/www.ladiagonale.net\/#\/schema\/person\/03fa041acd51875ece8bf97a37252a4d\",\"name\":\"admin\",\"image\":{\"@type\":\"ImageObject\",\"inLanguage\":\"fr-FR\",\"@id\":\"https:\/\/www.ladiagonale.net\/#\/schema\/person\/image\/\",\"url\":\"https:\/\/secure.gravatar.com\/avatar\/894b9daaf19cc759b072b6bb09cac5f2?s=96&d=mm&r=g\",\"contentUrl\":\"https:\/\/secure.gravatar.com\/avatar\/894b9daaf19cc759b072b6bb09cac5f2?s=96&d=mm&r=g\",\"caption\":\"admin\"},\"sameAs\":[\"https:\/\/v2.ladiagonale.net\"],\"url\":\"https:\/\/www.ladiagonale.net\/index.php\/author\/admin\/\"}]}<\/script>\n<!-- \/ Yoast SEO plugin. -->","yoast_head_json":{"title":"Le groupe mon\u00e9gasque : Maripan n\u2019en est pas, Ben Seghir de retour - La Diagonale","robots":{"index":"index","follow":"follow","max-snippet":"max-snippet:-1","max-image-preview":"max-image-preview:large","max-video-preview":"max-video-preview:-1"},"canonical":"https:\/\/www.ladiagonale.net\/index.php\/2024\/05\/11\/le-groupe-monegasque-maripan-nen-est-pas-ben-seghir-de-retour\/","og_locale":"fr_FR","og_type":"article","og_title":"Le groupe mon\u00e9gasque : Maripan n\u2019en est pas, Ben Seghir de retour - La Diagonale","og_description":"L\u2019AS Monaco se d\u00e9placera \u00e0 Montpellier ce dimanche pour assurer sa place d\u00e9finitive en Ligue des champions. Comme le craignait Adi H\u00fctter, Guillermo Maripan n\u2019est pas remis de sa g\u00eane ressenti \u00e0 un quadriceps et sera donc forfait. Son absence s\u2019ajoute \u00e0 celle de Takumi Minamino, suspendu pour cette rencontre. Eliesse Ben Seghir est lui [...]","og_url":"https:\/\/www.ladiagonale.net\/index.php\/2024\/05\/11\/le-groupe-monegasque-maripan-nen-est-pas-ben-seghir-de-retour\/","og_site_name":"La Diagonale","article_published_time":"2024-05-11T17:48:08+00:00","article_modified_time":"2024-05-11T17:52:22+00:00","og_image":[{"width":1160,"height":650,"url":"https:\/\/www.ladiagonale.net\/wp-content\/uploads\/2024\/01\/maripandos.png","type":"image\/png"}],"author":"admin","twitter_card":"summary_large_image","twitter_image":"https:\/\/www.ladiagonale.net\/wp-content\/uploads\/2024\/01\/maripandos.png","twitter_misc":{"\u00c9crit par":"admin","Dur\u00e9e de lecture estim\u00e9e":"1 minute"},"schema":{"@context":"https:\/\/schema.org","@graph":[{"@type":"WebPage","@id":"https:\/\/www.ladiagonale.net\/index.php\/2024\/05\/11\/le-groupe-monegasque-maripan-nen-est-pas-ben-seghir-de-retour\/","url":"https:\/\/www.ladiagonale.net\/index.php\/2024\/05\/11\/le-groupe-monegasque-maripan-nen-est-pas-ben-seghir-de-retour\/","name":"Le groupe mon\u00e9gasque : Maripan n\u2019en est pas, Ben Seghir de retour - La Diagonale","isPartOf":{"@id":"https:\/\/www.ladiagonale.net\/#website"},"datePublished":"2024-05-11T17:48:08+00:00","dateModified":"2024-05-11T17:52:22+00:00","author":{"@id":"https:\/\/www.ladiagonale.net\/#\/schema\/person\/03fa041acd51875ece8bf97a37252a4d"},"breadcrumb":{"@id":"https:\/\/www.ladiagonale.net\/index.php\/2024\/05\/11\/le-groupe-monegasque-maripan-nen-est-pas-ben-seghir-de-retour\/#breadcrumb"},"inLanguage":"fr-FR","potentialAction":[{"@type":"ReadAction","target":["https:\/\/www.ladiagonale.net\/index.php\/2024\/05\/11\/le-groupe-monegasque-maripan-nen-est-pas-ben-seghir-de-retour\/"]}]},{"@type":"BreadcrumbList","@id":"https:\/\/www.ladiagonale.net\/index.php\/2024\/05\/11\/le-groupe-monegasque-maripan-nen-est-pas-ben-seghir-de-retour\/#breadcrumb","itemListElement":[{"@type":"ListItem","position":1,"name":"Accueil","item":"https:\/\/www.ladiagonale.net\/"},{"@type":"ListItem","position":2,"name":"Le groupe mon\u00e9gasque : Maripan n\u2019en est pas, Ben Seghir de retour"}]},{"@type":"WebSite","@id":"https:\/\/www.ladiagonale.net\/#website","url":"https:\/\/www.ladiagonale.net\/","name":"La Diagonale","description":"Le site des supporters de l&#039;AS Monaco FC","potentialAction":[{"@type":"SearchAction","target":{"@type":"EntryPoint","urlTemplate":"https:\/\/www.ladiagonale.net\/?s={search_term_string}"},"query-input":"required name=search_term_string"}],"inLanguage":"fr-FR"},{"@type":"Person","@id":"https:\/\/www.ladiagonale.net\/#\/schema\/person\/03fa041acd51875ece8bf97a37252a4d","name":"admin","image":{"@type":"ImageObject","inLanguage":"fr-FR","@id":"https:\/\/www.ladiagonale.net\/#\/schema\/person\/image\/","url":"https:\/\/secure.gravatar.com\/avatar\/894b9daaf19cc759b072b6bb09cac5f2?s=96&d=mm&r=g","contentUrl":"https:\/\/secure.gravatar.com\/avatar\/894b9daaf19cc759b072b6bb09cac5f2?s=96&d=mm&r=g","caption":"admin"},"sameAs":["https:\/\/v2.ladiagonale.net"],"url":"https:\/\/www.ladiagonale.net\/index.php\/author\/admin\/"}]}},"_links":{"self":[{"href":"https:\/\/www.ladiagonale.net\/index.php\/wp-json\/wp\/v2\/posts\/22936"}],"collection":[{"href":"https:\/\/www.ladiagonale.net\/index.php\/wp-json\/wp\/v2\/posts"}],"about":[{"href":"https:\/\/www.ladiagonale.net\/index.php\/wp-json\/wp\/v2\/types\/post"}],"author":[{"embeddable":true,"href":"https:\/\/www.ladiagonale.net\/index.php\/wp-json\/wp\/v2\/users\/1"}],"replies":[{"embeddable":true,"href":"https:\/\/www.ladiagonale.net\/index.php\/wp-json\/wp\/v2\/comments?post=22936"}],"version-history":[{"count":2,"href":"https:\/\/www.ladiagonale.net\/index.php\/wp-json\/wp\/v2\/posts\/22936\/revisions"}],"predecessor-version":[{"id":22938,"href":"https:\/\/www.ladiagonale.net\/index.php\/wp-json\/wp\/v2\/posts\/22936\/revisions\/22938"}],"wp:attachment":[{"href":"https:\/\/www.ladiagonale.net\/index.php\/wp-json\/wp\/v2\/media?parent=22936"}],"wp:term":[{"taxonomy":"category","embeddable":true,"href":"https:\/\/www.ladiagonale.net\/index.php\/wp-json\/wp\/v2\/categories?post=22936"},{"taxonomy":"post_tag","embeddable":true,"href":"https:\/\/www.ladiagonale.net\/index.php\/wp-json\/wp\/v2\/tags?post=22936"}],"curies":[{"name":"wp","href":"https:\/\/api.w.org\/{rel}","templated":true}]}}