{"id":22941,"date":"2024-05-12T00:17:56","date_gmt":"2024-05-11T22:17:56","guid":{"rendered":"https:\/\/www.ladiagonale.net\/?p=22941"},"modified":"2024-05-12T01:18:25","modified_gmt":"2024-05-11T23:18:25","slug":"monaco-devrait-signer-un-jeune-milieu-du-paris-fc","status":"publish","type":"post","link":"https:\/\/www.ladiagonale.net\/index.php\/2024\/05\/12\/monaco-devrait-signer-un-jeune-milieu-du-paris-fc\/","title":{"rendered":"Monaco devrait signer un jeune milieu du Paris FC"},"content":{"rendered":"\n<p>L\u2019AS Monaco devrait apporter du sang neuf au sein de son Groupe \u00c9lite la saison prochaine, alors que <a href=\"https:\/\/www.ladiagonale.net\/index.php\/2024\/04\/12\/baglieri-et-plusieurs-jeunes-quitteront-le-club-en-fin-de-saison\/\">plusieurs joueurs quitteront l\u2019ASM<\/a>, comme annonc\u00e9 en exclusivit\u00e9 sur <em>La Diagonale<\/em>. D\u2019apr\u00e8s <em>L\u2019\u00c9quipe<\/em>, le milieu de terrain Boubakar Dembaga devrait \u00eatre d\u00e9bauch\u00e9 au Paris FC prochainement pour signer son premier contrat professionnel en Principaut\u00e9. <\/p>\n\n\n\n<p>D\u00e9passant d\u00e9j\u00e0 le m\u00e8tre 90, l\u2019athl\u00e9tique joueur de 17 ans a \u00e9volu\u00e9 cette saison avec les U19 du club francilien. Il est apparu \u00e0 19 reprises en championnat national et a inscrit deux buts.<\/p>\n","protected":false},"excerpt":{"rendered":"<p>L\u2019AS Monaco devrait apporter du sang neuf au sein de son Groupe \u00c9lite la saison prochaine, alors que plusieurs joueurs quitteront l\u2019ASM, comme annonc\u00e9 en exclusivit\u00e9 sur La Diagonale. D\u2019apr\u00e8s L\u2019\u00c9quipe, le milieu de terrain Boubakar Dembaga devrait \u00eatre d\u00e9bauch\u00e9 au Paris FC prochainement pour signer son premier contrat professionnel en Principaut\u00e9. D\u00e9passant d\u00e9j\u00e0 le [&#8230;]\n","protected":false},"author":2,"featured_media":0,"comment_status":"open","ping_status":"open","sticky":false,"template":"","format":"standard","meta":[],"categories":[6],"tags":[76,86,830,314,228],"yoast_head":"<!-- This site is optimized with the Yoast SEO plugin v19.8 - https:\/\/yoast.com\/wordpress\/plugins\/seo\/ -->\n<title>Monaco devrait signer un jeune milieu du Paris FC - La Diagonale<\/title>\n<meta name=\"robots\" content=\"index, follow, max-snippet:-1, max-image-preview:large, max-video-preview:-1\" \/>\n<link rel=\"canonical\" href=\"https:\/\/www.ladiagonale.net\/index.php\/2024\/05\/12\/monaco-devrait-signer-un-jeune-milieu-du-paris-fc\/\" \/>\n<meta property=\"og:locale\" content=\"fr_FR\" \/>\n<meta property=\"og:type\" content=\"article\" \/>\n<meta property=\"og:title\" content=\"Monaco devrait signer un jeune milieu du Paris FC - La Diagonale\" \/>\n<meta property=\"og:description\" content=\"L\u2019AS Monaco devrait apporter du sang neuf au sein de son Groupe \u00c9lite la saison prochaine, alors que plusieurs joueurs quitteront l\u2019ASM, comme annonc\u00e9 en exclusivit\u00e9 sur La Diagonale. D\u2019apr\u00e8s L\u2019\u00c9quipe, le milieu de terrain Boubakar Dembaga devrait \u00eatre d\u00e9bauch\u00e9 au Paris FC prochainement pour signer son premier contrat professionnel en Principaut\u00e9. D\u00e9passant d\u00e9j\u00e0 le [...]\" \/>\n<meta property=\"og:url\" content=\"https:\/\/www.ladiagonale.net\/index.php\/2024\/05\/12\/monaco-devrait-signer-un-jeune-milieu-du-paris-fc\/\" \/>\n<meta property=\"og:site_name\" content=\"La Diagonale\" \/>\n<meta property=\"article:published_time\" content=\"2024-05-11T22:17:56+00:00\" \/>\n<meta property=\"article:modified_time\" content=\"2024-05-11T23:18:25+00:00\" \/>\n<meta property=\"og:image\" content=\"https:\/\/www.ladiagonale.net\/wp-content\/uploads\/2024\/05\/IMG_3943.jpeg\" \/>\n\t<meta property=\"og:image:width\" content=\"556\" \/>\n\t<meta property=\"og:image:height\" content=\"411\" \/>\n\t<meta property=\"og:image:type\" content=\"image\/jpeg\" \/>\n<meta name=\"author\" content=\"Damien Dellerba\" \/>\n<meta name=\"twitter:card\" content=\"summary_large_image\" \/>\n<meta name=\"twitter:image\" content=\"https:\/\/www.ladiagonale.net\/wp-content\/uploads\/2024\/05\/IMG_3943.jpeg\" \/>\n<meta name=\"twitter:label1\" content=\"\u00c9crit par\" \/>\n\t<meta name=\"twitter:data1\" content=\"Damien Dellerba\" \/>\n\t<meta name=\"twitter:label2\" content=\"Dur\u00e9e de lecture estim\u00e9e\" \/>\n\t<meta name=\"twitter:data2\" content=\"1 minute\" \/>\n<script type=\"application\/ld+json\" class=\"yoast-schema-graph\">{\"@context\":\"https:\/\/schema.org\",\"@graph\":[{\"@type\":\"WebPage\",\"@id\":\"https:\/\/www.ladiagonale.net\/index.php\/2024\/05\/12\/monaco-devrait-signer-un-jeune-milieu-du-paris-fc\/\",\"url\":\"https:\/\/www.ladiagonale.net\/index.php\/2024\/05\/12\/monaco-devrait-signer-un-jeune-milieu-du-paris-fc\/\",\"name\":\"Monaco devrait signer un jeune milieu du Paris FC - La Diagonale\",\"isPartOf\":{\"@id\":\"https:\/\/www.ladiagonale.net\/#website\"},\"datePublished\":\"2024-05-11T22:17:56+00:00\",\"dateModified\":\"2024-05-11T23:18:25+00:00\",\"author\":{\"@id\":\"https:\/\/www.ladiagonale.net\/#\/schema\/person\/79ff1e7b0853ed01b2aa26e64ad300bf\"},\"breadcrumb\":{\"@id\":\"https:\/\/www.ladiagonale.net\/index.php\/2024\/05\/12\/monaco-devrait-signer-un-jeune-milieu-du-paris-fc\/#breadcrumb\"},\"inLanguage\":\"fr-FR\",\"potentialAction\":[{\"@type\":\"ReadAction\",\"target\":[\"https:\/\/www.ladiagonale.net\/index.php\/2024\/05\/12\/monaco-devrait-signer-un-jeune-milieu-du-paris-fc\/\"]}]},{\"@type\":\"BreadcrumbList\",\"@id\":\"https:\/\/www.ladiagonale.net\/index.php\/2024\/05\/12\/monaco-devrait-signer-un-jeune-milieu-du-paris-fc\/#breadcrumb\",\"itemListElement\":[{\"@type\":\"ListItem\",\"position\":1,\"name\":\"Accueil\",\"item\":\"https:\/\/www.ladiagonale.net\/\"},{\"@type\":\"ListItem\",\"position\":2,\"name\":\"Monaco devrait signer un jeune milieu du Paris FC\"}]},{\"@type\":\"WebSite\",\"@id\":\"https:\/\/www.ladiagonale.net\/#website\",\"url\":\"https:\/\/www.ladiagonale.net\/\",\"name\":\"La Diagonale\",\"description\":\"Le site des supporters de l&#039;AS Monaco FC\",\"potentialAction\":[{\"@type\":\"SearchAction\",\"target\":{\"@type\":\"EntryPoint\",\"urlTemplate\":\"https:\/\/www.ladiagonale.net\/?s={search_term_string}\"},\"query-input\":\"required name=search_term_string\"}],\"inLanguage\":\"fr-FR\"},{\"@type\":\"Person\",\"@id\":\"https:\/\/www.ladiagonale.net\/#\/schema\/person\/79ff1e7b0853ed01b2aa26e64ad300bf\",\"name\":\"Damien Dellerba\",\"image\":{\"@type\":\"ImageObject\",\"inLanguage\":\"fr-FR\",\"@id\":\"https:\/\/www.ladiagonale.net\/#\/schema\/person\/image\/\",\"url\":\"https:\/\/secure.gravatar.com\/avatar\/c7850e06d3ff63cdbaee88b7fc16e2f0?s=96&d=mm&r=g\",\"contentUrl\":\"https:\/\/secure.gravatar.com\/avatar\/c7850e06d3ff63cdbaee88b7fc16e2f0?s=96&d=mm&r=g\",\"caption\":\"Damien Dellerba\"},\"url\":\"https:\/\/www.ladiagonale.net\/index.php\/author\/damien\/\"}]}<\/script>\n<!-- \/ Yoast SEO plugin. -->","yoast_head_json":{"title":"Monaco devrait signer un jeune milieu du Paris FC - La Diagonale","robots":{"index":"index","follow":"follow","max-snippet":"max-snippet:-1","max-image-preview":"max-image-preview:large","max-video-preview":"max-video-preview:-1"},"canonical":"https:\/\/www.ladiagonale.net\/index.php\/2024\/05\/12\/monaco-devrait-signer-un-jeune-milieu-du-paris-fc\/","og_locale":"fr_FR","og_type":"article","og_title":"Monaco devrait signer un jeune milieu du Paris FC - La Diagonale","og_description":"L\u2019AS Monaco devrait apporter du sang neuf au sein de son Groupe \u00c9lite la saison prochaine, alors que plusieurs joueurs quitteront l\u2019ASM, comme annonc\u00e9 en exclusivit\u00e9 sur La Diagonale. D\u2019apr\u00e8s L\u2019\u00c9quipe, le milieu de terrain Boubakar Dembaga devrait \u00eatre d\u00e9bauch\u00e9 au Paris FC prochainement pour signer son premier contrat professionnel en Principaut\u00e9. D\u00e9passant d\u00e9j\u00e0 le [...]","og_url":"https:\/\/www.ladiagonale.net\/index.php\/2024\/05\/12\/monaco-devrait-signer-un-jeune-milieu-du-paris-fc\/","og_site_name":"La Diagonale","article_published_time":"2024-05-11T22:17:56+00:00","article_modified_time":"2024-05-11T23:18:25+00:00","og_image":[{"width":556,"height":411,"url":"https:\/\/www.ladiagonale.net\/wp-content\/uploads\/2024\/05\/IMG_3943.jpeg","type":"image\/jpeg"}],"author":"Damien Dellerba","twitter_card":"summary_large_image","twitter_image":"https:\/\/www.ladiagonale.net\/wp-content\/uploads\/2024\/05\/IMG_3943.jpeg","twitter_misc":{"\u00c9crit par":"Damien Dellerba","Dur\u00e9e de lecture estim\u00e9e":"1 minute"},"schema":{"@context":"https:\/\/schema.org","@graph":[{"@type":"WebPage","@id":"https:\/\/www.ladiagonale.net\/index.php\/2024\/05\/12\/monaco-devrait-signer-un-jeune-milieu-du-paris-fc\/","url":"https:\/\/www.ladiagonale.net\/index.php\/2024\/05\/12\/monaco-devrait-signer-un-jeune-milieu-du-paris-fc\/","name":"Monaco devrait signer un jeune milieu du Paris FC - La Diagonale","isPartOf":{"@id":"https:\/\/www.ladiagonale.net\/#website"},"datePublished":"2024-05-11T22:17:56+00:00","dateModified":"2024-05-11T23:18:25+00:00","author":{"@id":"https:\/\/www.ladiagonale.net\/#\/schema\/person\/79ff1e7b0853ed01b2aa26e64ad300bf"},"breadcrumb":{"@id":"https:\/\/www.ladiagonale.net\/index.php\/2024\/05\/12\/monaco-devrait-signer-un-jeune-milieu-du-paris-fc\/#breadcrumb"},"inLanguage":"fr-FR","potentialAction":[{"@type":"ReadAction","target":["https:\/\/www.ladiagonale.net\/index.php\/2024\/05\/12\/monaco-devrait-signer-un-jeune-milieu-du-paris-fc\/"]}]},{"@type":"BreadcrumbList","@id":"https:\/\/www.ladiagonale.net\/index.php\/2024\/05\/12\/monaco-devrait-signer-un-jeune-milieu-du-paris-fc\/#breadcrumb","itemListElement":[{"@type":"ListItem","position":1,"name":"Accueil","item":"https:\/\/www.ladiagonale.net\/"},{"@type":"ListItem","position":2,"name":"Monaco devrait signer un jeune milieu du Paris FC"}]},{"@type":"WebSite","@id":"https:\/\/www.ladiagonale.net\/#website","url":"https:\/\/www.ladiagonale.net\/","name":"La Diagonale","description":"Le site des supporters de l&#039;AS Monaco FC","potentialAction":[{"@type":"SearchAction","target":{"@type":"EntryPoint","urlTemplate":"https:\/\/www.ladiagonale.net\/?s={search_term_string}"},"query-input":"required name=search_term_string"}],"inLanguage":"fr-FR"},{"@type":"Person","@id":"https:\/\/www.ladiagonale.net\/#\/schema\/person\/79ff1e7b0853ed01b2aa26e64ad300bf","name":"Damien Dellerba","image":{"@type":"ImageObject","inLanguage":"fr-FR","@id":"https:\/\/www.ladiagonale.net\/#\/schema\/person\/image\/","url":"https:\/\/secure.gravatar.com\/avatar\/c7850e06d3ff63cdbaee88b7fc16e2f0?s=96&d=mm&r=g","contentUrl":"https:\/\/secure.gravatar.com\/avatar\/c7850e06d3ff63cdbaee88b7fc16e2f0?s=96&d=mm&r=g","caption":"Damien Dellerba"},"url":"https:\/\/www.ladiagonale.net\/index.php\/author\/damien\/"}]}},"_links":{"self":[{"href":"https:\/\/www.ladiagonale.net\/index.php\/wp-json\/wp\/v2\/posts\/22941"}],"collection":[{"href":"https:\/\/www.ladiagonale.net\/index.php\/wp-json\/wp\/v2\/posts"}],"about":[{"href":"https:\/\/www.ladiagonale.net\/index.php\/wp-json\/wp\/v2\/types\/post"}],"author":[{"embeddable":true,"href":"https:\/\/www.ladiagonale.net\/index.php\/wp-json\/wp\/v2\/users\/2"}],"replies":[{"embeddable":true,"href":"https:\/\/www.ladiagonale.net\/index.php\/wp-json\/wp\/v2\/comments?post=22941"}],"version-history":[{"count":4,"href":"https:\/\/www.ladiagonale.net\/index.php\/wp-json\/wp\/v2\/posts\/22941\/revisions"}],"predecessor-version":[{"id":22946,"href":"https:\/\/www.ladiagonale.net\/index.php\/wp-json\/wp\/v2\/posts\/22941\/revisions\/22946"}],"wp:attachment":[{"href":"https:\/\/www.ladiagonale.net\/index.php\/wp-json\/wp\/v2\/media?parent=22941"}],"wp:term":[{"taxonomy":"category","embeddable":true,"href":"https:\/\/www.ladiagonale.net\/index.php\/wp-json\/wp\/v2\/categories?post=22941"},{"taxonomy":"post_tag","embeddable":true,"href":"https:\/\/www.ladiagonale.net\/index.php\/wp-json\/wp\/v2\/tags?post=22941"}],"curies":[{"name":"wp","href":"https:\/\/api.w.org\/{rel}","templated":true}]}}