{"id":22957,"date":"2024-05-12T13:09:43","date_gmt":"2024-05-12T11:09:43","guid":{"rendered":"https:\/\/www.ladiagonale.net\/?p=22957"},"modified":"2024-05-12T13:09:45","modified_gmt":"2024-05-12T11:09:45","slug":"les-compositions-selon-la-presse-ben-seghir-titulaire","status":"publish","type":"post","link":"https:\/\/www.ladiagonale.net\/index.php\/2024\/05\/12\/les-compositions-selon-la-presse-ben-seghir-titulaire\/","title":{"rendered":"Les compositions selon la presse : Ben Seghir titulaire ?"},"content":{"rendered":"\n\n\n<p>Adi H\u00fctter ne devrait pas beaucoup changer ses plans pour cette rencontre face \u00e0 Montpellier (21h). L&rsquo;ASM devrait \u00e9voluer en 4-4-2, avec ses deux jeunes p\u00e9pites issues du centre de formation pour l&rsquo;animation offensive, Maghnes Akliouche et Eliesse Ben Seghir, qui fera ce dimanche son retour de suspension apr\u00e8s avoir pass\u00e9 trois matches sous la touche.<\/p>\n\n\n\n<p>En d\u00e9fense, l&rsquo;Autrichien pourrait continuer avec une charni\u00e8re Singo-Kehrer et Kr\u00e9pin Diatta dans le couloir gauche.<\/p>\n\n\n\n<p><strong>Le onze mon\u00e9gasque selon <em>L\u2019\u00c9quipe<\/em> et <em>Nice-Matin<\/em> (4-4-2) :<\/strong> Majecki &#8211; Vanderson, Singo, Kehrer, Diatta &#8211; Akliouche, Fofana, Camara, Ben Seghir &#8211; Ben Yedder (cap.), Embolo.<\/p>\n\n\n\n<p>C\u00f4t\u00e9 Montpelli\u00e9rain, ce sont deux propositions radicalement diff\u00e9rentes, en raison des absences qui risquent de donner du grain \u00e0 moudre \u00e0 Michel Der Zakaria, l&rsquo;entra\u00eeneur des H\u00e9raultais.<\/p>\n\n\n\n<p><strong>Le onze montpelli\u00e9rain selon <em>L\u2019\u00c9quipe<\/em> (4-3-3) : <\/strong>Bertaud &#8211; Hefti, Jullien, Sagnan, Sylla &#8211; Chotard, Omeragic, Ferri (cap.) &#8211; Al-Tamari, Adams, Coulibaly.<\/p>\n\n\n\n<p><strong>Le onze montpelli\u00e9rain selon <em>Nice-Matin<\/em> (4-4-2) :<\/strong> Bertaud &#8211; Tchato, Omeragic, Jullien, Sylla &#8211; Coulibaly, Ferri (cap.), Chotard, Fayad &#8211; Karamoh, Adams.<\/p>\n","protected":false},"excerpt":{"rendered":"<p>Adi H\u00fctter ne devrait pas beaucoup changer ses plans pour cette rencontre face \u00e0 Montpellier (21h). L&rsquo;ASM devrait \u00e9voluer en 4-4-2, avec ses deux jeunes p\u00e9pites issues du centre de formation pour l&rsquo;animation offensive, Maghnes Akliouche et Eliesse Ben Seghir, qui fera ce dimanche son retour de suspension apr\u00e8s avoir pass\u00e9 trois matches sous la [&#8230;]\n","protected":false},"author":2,"featured_media":0,"comment_status":"open","ping_status":"open","sticky":false,"template":"","format":"standard","meta":[],"categories":[6],"tags":[86,94,236],"yoast_head":"<!-- This site is optimized with the Yoast SEO plugin v19.8 - https:\/\/yoast.com\/wordpress\/plugins\/seo\/ -->\n<title>Les compositions selon la presse : Ben Seghir titulaire ? - La Diagonale<\/title>\n<meta name=\"robots\" content=\"index, follow, max-snippet:-1, max-image-preview:large, max-video-preview:-1\" \/>\n<link rel=\"canonical\" href=\"https:\/\/www.ladiagonale.net\/index.php\/2024\/05\/12\/les-compositions-selon-la-presse-ben-seghir-titulaire\/\" \/>\n<meta property=\"og:locale\" content=\"fr_FR\" \/>\n<meta property=\"og:type\" content=\"article\" \/>\n<meta property=\"og:title\" content=\"Les compositions selon la presse : Ben Seghir titulaire ? - La Diagonale\" \/>\n<meta property=\"og:description\" content=\"Adi H\u00fctter ne devrait pas beaucoup changer ses plans pour cette rencontre face \u00e0 Montpellier (21h). L&rsquo;ASM devrait \u00e9voluer en 4-4-2, avec ses deux jeunes p\u00e9pites issues du centre de formation pour l&rsquo;animation offensive, Maghnes Akliouche et Eliesse Ben Seghir, qui fera ce dimanche son retour de suspension apr\u00e8s avoir pass\u00e9 trois matches sous la [...]\" \/>\n<meta property=\"og:url\" content=\"https:\/\/www.ladiagonale.net\/index.php\/2024\/05\/12\/les-compositions-selon-la-presse-ben-seghir-titulaire\/\" \/>\n<meta property=\"og:site_name\" content=\"La Diagonale\" \/>\n<meta property=\"article:published_time\" content=\"2024-05-12T11:09:43+00:00\" \/>\n<meta property=\"article:modified_time\" content=\"2024-05-12T11:09:45+00:00\" \/>\n<meta property=\"og:image\" content=\"https:\/\/www.ladiagonale.net\/wp-content\/uploads\/2024\/03\/ben-seghir-metz.png\" \/>\n\t<meta property=\"og:image:width\" content=\"1160\" \/>\n\t<meta property=\"og:image:height\" content=\"650\" \/>\n\t<meta property=\"og:image:type\" content=\"image\/png\" \/>\n<meta name=\"author\" content=\"Damien Dellerba\" \/>\n<meta name=\"twitter:card\" content=\"summary_large_image\" \/>\n<meta name=\"twitter:image\" content=\"https:\/\/www.ladiagonale.net\/wp-content\/uploads\/2024\/03\/ben-seghir-metz.png\" \/>\n<meta name=\"twitter:label1\" content=\"\u00c9crit par\" \/>\n\t<meta name=\"twitter:data1\" content=\"Damien Dellerba\" \/>\n\t<meta name=\"twitter:label2\" content=\"Dur\u00e9e de lecture estim\u00e9e\" \/>\n\t<meta name=\"twitter:data2\" content=\"1 minute\" \/>\n<script type=\"application\/ld+json\" class=\"yoast-schema-graph\">{\"@context\":\"https:\/\/schema.org\",\"@graph\":[{\"@type\":\"WebPage\",\"@id\":\"https:\/\/www.ladiagonale.net\/index.php\/2024\/05\/12\/les-compositions-selon-la-presse-ben-seghir-titulaire\/\",\"url\":\"https:\/\/www.ladiagonale.net\/index.php\/2024\/05\/12\/les-compositions-selon-la-presse-ben-seghir-titulaire\/\",\"name\":\"Les compositions selon la presse : Ben Seghir titulaire ? - La Diagonale\",\"isPartOf\":{\"@id\":\"https:\/\/www.ladiagonale.net\/#website\"},\"datePublished\":\"2024-05-12T11:09:43+00:00\",\"dateModified\":\"2024-05-12T11:09:45+00:00\",\"author\":{\"@id\":\"https:\/\/www.ladiagonale.net\/#\/schema\/person\/79ff1e7b0853ed01b2aa26e64ad300bf\"},\"breadcrumb\":{\"@id\":\"https:\/\/www.ladiagonale.net\/index.php\/2024\/05\/12\/les-compositions-selon-la-presse-ben-seghir-titulaire\/#breadcrumb\"},\"inLanguage\":\"fr-FR\",\"potentialAction\":[{\"@type\":\"ReadAction\",\"target\":[\"https:\/\/www.ladiagonale.net\/index.php\/2024\/05\/12\/les-compositions-selon-la-presse-ben-seghir-titulaire\/\"]}]},{\"@type\":\"BreadcrumbList\",\"@id\":\"https:\/\/www.ladiagonale.net\/index.php\/2024\/05\/12\/les-compositions-selon-la-presse-ben-seghir-titulaire\/#breadcrumb\",\"itemListElement\":[{\"@type\":\"ListItem\",\"position\":1,\"name\":\"Accueil\",\"item\":\"https:\/\/www.ladiagonale.net\/\"},{\"@type\":\"ListItem\",\"position\":2,\"name\":\"Les compositions selon la presse : Ben Seghir titulaire ?\"}]},{\"@type\":\"WebSite\",\"@id\":\"https:\/\/www.ladiagonale.net\/#website\",\"url\":\"https:\/\/www.ladiagonale.net\/\",\"name\":\"La Diagonale\",\"description\":\"Le site des supporters de l&#039;AS Monaco FC\",\"potentialAction\":[{\"@type\":\"SearchAction\",\"target\":{\"@type\":\"EntryPoint\",\"urlTemplate\":\"https:\/\/www.ladiagonale.net\/?s={search_term_string}\"},\"query-input\":\"required name=search_term_string\"}],\"inLanguage\":\"fr-FR\"},{\"@type\":\"Person\",\"@id\":\"https:\/\/www.ladiagonale.net\/#\/schema\/person\/79ff1e7b0853ed01b2aa26e64ad300bf\",\"name\":\"Damien Dellerba\",\"image\":{\"@type\":\"ImageObject\",\"inLanguage\":\"fr-FR\",\"@id\":\"https:\/\/www.ladiagonale.net\/#\/schema\/person\/image\/\",\"url\":\"https:\/\/secure.gravatar.com\/avatar\/c7850e06d3ff63cdbaee88b7fc16e2f0?s=96&d=mm&r=g\",\"contentUrl\":\"https:\/\/secure.gravatar.com\/avatar\/c7850e06d3ff63cdbaee88b7fc16e2f0?s=96&d=mm&r=g\",\"caption\":\"Damien Dellerba\"},\"url\":\"https:\/\/www.ladiagonale.net\/index.php\/author\/damien\/\"}]}<\/script>\n<!-- \/ Yoast SEO plugin. -->","yoast_head_json":{"title":"Les compositions selon la presse : Ben Seghir titulaire ? - La Diagonale","robots":{"index":"index","follow":"follow","max-snippet":"max-snippet:-1","max-image-preview":"max-image-preview:large","max-video-preview":"max-video-preview:-1"},"canonical":"https:\/\/www.ladiagonale.net\/index.php\/2024\/05\/12\/les-compositions-selon-la-presse-ben-seghir-titulaire\/","og_locale":"fr_FR","og_type":"article","og_title":"Les compositions selon la presse : Ben Seghir titulaire ? - La Diagonale","og_description":"Adi H\u00fctter ne devrait pas beaucoup changer ses plans pour cette rencontre face \u00e0 Montpellier (21h). L&rsquo;ASM devrait \u00e9voluer en 4-4-2, avec ses deux jeunes p\u00e9pites issues du centre de formation pour l&rsquo;animation offensive, Maghnes Akliouche et Eliesse Ben Seghir, qui fera ce dimanche son retour de suspension apr\u00e8s avoir pass\u00e9 trois matches sous la [...]","og_url":"https:\/\/www.ladiagonale.net\/index.php\/2024\/05\/12\/les-compositions-selon-la-presse-ben-seghir-titulaire\/","og_site_name":"La Diagonale","article_published_time":"2024-05-12T11:09:43+00:00","article_modified_time":"2024-05-12T11:09:45+00:00","og_image":[{"width":1160,"height":650,"url":"https:\/\/www.ladiagonale.net\/wp-content\/uploads\/2024\/03\/ben-seghir-metz.png","type":"image\/png"}],"author":"Damien Dellerba","twitter_card":"summary_large_image","twitter_image":"https:\/\/www.ladiagonale.net\/wp-content\/uploads\/2024\/03\/ben-seghir-metz.png","twitter_misc":{"\u00c9crit par":"Damien Dellerba","Dur\u00e9e de lecture estim\u00e9e":"1 minute"},"schema":{"@context":"https:\/\/schema.org","@graph":[{"@type":"WebPage","@id":"https:\/\/www.ladiagonale.net\/index.php\/2024\/05\/12\/les-compositions-selon-la-presse-ben-seghir-titulaire\/","url":"https:\/\/www.ladiagonale.net\/index.php\/2024\/05\/12\/les-compositions-selon-la-presse-ben-seghir-titulaire\/","name":"Les compositions selon la presse : Ben Seghir titulaire ? - La Diagonale","isPartOf":{"@id":"https:\/\/www.ladiagonale.net\/#website"},"datePublished":"2024-05-12T11:09:43+00:00","dateModified":"2024-05-12T11:09:45+00:00","author":{"@id":"https:\/\/www.ladiagonale.net\/#\/schema\/person\/79ff1e7b0853ed01b2aa26e64ad300bf"},"breadcrumb":{"@id":"https:\/\/www.ladiagonale.net\/index.php\/2024\/05\/12\/les-compositions-selon-la-presse-ben-seghir-titulaire\/#breadcrumb"},"inLanguage":"fr-FR","potentialAction":[{"@type":"ReadAction","target":["https:\/\/www.ladiagonale.net\/index.php\/2024\/05\/12\/les-compositions-selon-la-presse-ben-seghir-titulaire\/"]}]},{"@type":"BreadcrumbList","@id":"https:\/\/www.ladiagonale.net\/index.php\/2024\/05\/12\/les-compositions-selon-la-presse-ben-seghir-titulaire\/#breadcrumb","itemListElement":[{"@type":"ListItem","position":1,"name":"Accueil","item":"https:\/\/www.ladiagonale.net\/"},{"@type":"ListItem","position":2,"name":"Les compositions selon la presse : Ben Seghir titulaire ?"}]},{"@type":"WebSite","@id":"https:\/\/www.ladiagonale.net\/#website","url":"https:\/\/www.ladiagonale.net\/","name":"La Diagonale","description":"Le site des supporters de l&#039;AS Monaco FC","potentialAction":[{"@type":"SearchAction","target":{"@type":"EntryPoint","urlTemplate":"https:\/\/www.ladiagonale.net\/?s={search_term_string}"},"query-input":"required name=search_term_string"}],"inLanguage":"fr-FR"},{"@type":"Person","@id":"https:\/\/www.ladiagonale.net\/#\/schema\/person\/79ff1e7b0853ed01b2aa26e64ad300bf","name":"Damien Dellerba","image":{"@type":"ImageObject","inLanguage":"fr-FR","@id":"https:\/\/www.ladiagonale.net\/#\/schema\/person\/image\/","url":"https:\/\/secure.gravatar.com\/avatar\/c7850e06d3ff63cdbaee88b7fc16e2f0?s=96&d=mm&r=g","contentUrl":"https:\/\/secure.gravatar.com\/avatar\/c7850e06d3ff63cdbaee88b7fc16e2f0?s=96&d=mm&r=g","caption":"Damien Dellerba"},"url":"https:\/\/www.ladiagonale.net\/index.php\/author\/damien\/"}]}},"_links":{"self":[{"href":"https:\/\/www.ladiagonale.net\/index.php\/wp-json\/wp\/v2\/posts\/22957"}],"collection":[{"href":"https:\/\/www.ladiagonale.net\/index.php\/wp-json\/wp\/v2\/posts"}],"about":[{"href":"https:\/\/www.ladiagonale.net\/index.php\/wp-json\/wp\/v2\/types\/post"}],"author":[{"embeddable":true,"href":"https:\/\/www.ladiagonale.net\/index.php\/wp-json\/wp\/v2\/users\/2"}],"replies":[{"embeddable":true,"href":"https:\/\/www.ladiagonale.net\/index.php\/wp-json\/wp\/v2\/comments?post=22957"}],"version-history":[{"count":1,"href":"https:\/\/www.ladiagonale.net\/index.php\/wp-json\/wp\/v2\/posts\/22957\/revisions"}],"predecessor-version":[{"id":22958,"href":"https:\/\/www.ladiagonale.net\/index.php\/wp-json\/wp\/v2\/posts\/22957\/revisions\/22958"}],"wp:attachment":[{"href":"https:\/\/www.ladiagonale.net\/index.php\/wp-json\/wp\/v2\/media?parent=22957"}],"wp:term":[{"taxonomy":"category","embeddable":true,"href":"https:\/\/www.ladiagonale.net\/index.php\/wp-json\/wp\/v2\/categories?post=22957"},{"taxonomy":"post_tag","embeddable":true,"href":"https:\/\/www.ladiagonale.net\/index.php\/wp-json\/wp\/v2\/tags?post=22957"}],"curies":[{"name":"wp","href":"https:\/\/api.w.org\/{rel}","templated":true}]}}