{"id":23034,"date":"2024-05-13T08:22:00","date_gmt":"2024-05-13T06:22:00","guid":{"rendered":"https:\/\/www.ladiagonale.net\/?p=23034"},"modified":"2024-05-13T14:22:48","modified_gmt":"2024-05-13T12:22:48","slug":"hutter-hate-de-me-battre-contre-les-meilleures-formations-europeennes","status":"publish","type":"post","link":"https:\/\/www.ladiagonale.net\/index.php\/2024\/05\/13\/hutter-hate-de-me-battre-contre-les-meilleures-formations-europeennes\/","title":{"rendered":"H\u00fctter : \u00ab\u00a0H\u00e2te de me battre contre les meilleures formations europ\u00e9ennes\u00a0\u00bb"},"content":{"rendered":"\n<p>La joie \u00e9tait forc\u00e9ment au rendez-vous pour Adi H\u00fctter, port\u00e9 en triomphe par ses joueurs \u00e0 l\u2019issue de la victoire contre Montpellier : \u00ab&nbsp;<em>Je me sens vraiment bien. Je veux d\u2019abord f\u00e9liciter mon \u00e9quipe pour le r\u00e9sultat et cette victoire ce soir. Je suis vraiment fier d\u2019\u00eatre le coach de ce club merveilleux et je veux remercier le pr\u00e9sident Dmitry Rybolovlev et Thiago Scuro, notre directeur g\u00e9n\u00e9ral, pour nos performances ainsi que tous les employ\u00e9s du club. J\u2019aimerais faire une mention sp\u00e9ciale \u00e0 tous nos fans qui vont nous suivre la saison prochaine en Ligue des Champions !<\/em>&nbsp;\u00bb<\/p>\n\n\n\n<p>Monaco va jouer en Ligue des champions la saison prochaine, et ce sera la premi\u00e8re fois pour l\u2019Autrichen :&nbsp;\u00ab&nbsp;<em>J\u2019ai pu disputer quelques matchs avec les Young Boys et le RB Salzbourg, mais je m\u2019\u00e9tais toujours arr\u00eat\u00e9 au dernier tour de barrage. C\u2019est un gros succ\u00e8s en tant que coach que je pense m\u00e9riter et j\u2019ai h\u00e2te de pouvoir me battre contre les meilleures formations europ\u00e9ennes.&nbsp;(\u2026) Tous les joueurs sont contents, le pr\u00e9sident Dmitry Rybolovlev est venu aussi. Je suis tr\u00e8s content car je pense qu\u2019il m\u00e9rite aussi d\u2019\u00eatre en Ligue des Champions. Il est tr\u00e8s align\u00e9 et impliqu\u00e9 dans notre relation avec Thiago et moi-m\u00eame.<\/em>&nbsp;\u00bb<\/p>\n\n\n\n<p>H\u00fctter \u00e9tait avant tout fier d\u2019avoir gagn\u00e9 cette rencontre : \u00ab\u00a0<em>Je pense qu\u2019on m\u00e9ritait de l\u2019emporter. Quand on voit notre composition, avec nos trois d\u00e9fenseurs dans l\u2019axe, un seul num\u00e9ro 6, j\u2019ai pris un risque en alignant Maghnes (Akliouche) et Eliesse (Ben Seghir) en 8 plus les pistons sur les c\u00f4t\u00e9s. Je pense que beaucoup de personnes ont pens\u00e9 que l\u2019on venait prendre le point du match nul qui aurait \u00e9t\u00e9 suffisant pour nous qualifier. Mais je suis un entra\u00eeneur qui pr\u00e9f\u00e8re jouer les matchs pour les gagner, je ne pense pas forc\u00e9ment \u00e0 ce qu\u2019il peut se passer. Peut-\u00eatre que l\u2019on a pris des risques ce soir mais les gars ont tr\u00e8s bien jou\u00e9 ce soir alors je les f\u00e9licite.\u00a0<\/em>\u00bb<\/p>\n\n\n\n<p>Source : <em>AS Monaco<\/em><\/p>\n\n\n","protected":false},"excerpt":{"rendered":"<p>La joie \u00e9tait forc\u00e9ment au rendez-vous pour Adi H\u00fctter, port\u00e9 en triomphe par ses joueurs \u00e0 l\u2019issue de la victoire contre Montpellier : \u00ab&nbsp;Je me sens vraiment bien. Je veux d\u2019abord f\u00e9liciter mon \u00e9quipe pour le r\u00e9sultat et cette victoire ce soir. Je suis vraiment fier d\u2019\u00eatre le coach de ce club merveilleux et je [&#8230;]\n","protected":false},"author":2,"featured_media":0,"comment_status":"open","ping_status":"open","sticky":false,"template":"","format":"standard","meta":[],"categories":[6],"tags":[576,86,94,236],"yoast_head":"<!-- This site is optimized with the Yoast SEO plugin v19.8 - https:\/\/yoast.com\/wordpress\/plugins\/seo\/ -->\n<title>H\u00fctter : \u00ab\u00a0H\u00e2te de me battre contre les meilleures formations europ\u00e9ennes\u00a0\u00bb - La Diagonale<\/title>\n<meta name=\"robots\" content=\"index, follow, max-snippet:-1, max-image-preview:large, max-video-preview:-1\" \/>\n<link rel=\"canonical\" href=\"https:\/\/www.ladiagonale.net\/index.php\/2024\/05\/13\/hutter-hate-de-me-battre-contre-les-meilleures-formations-europeennes\/\" \/>\n<meta property=\"og:locale\" content=\"fr_FR\" \/>\n<meta property=\"og:type\" content=\"article\" \/>\n<meta property=\"og:title\" content=\"H\u00fctter : \u00ab\u00a0H\u00e2te de me battre contre les meilleures formations europ\u00e9ennes\u00a0\u00bb - La Diagonale\" \/>\n<meta property=\"og:description\" content=\"La joie \u00e9tait forc\u00e9ment au rendez-vous pour Adi H\u00fctter, port\u00e9 en triomphe par ses joueurs \u00e0 l\u2019issue de la victoire contre Montpellier : \u00ab&nbsp;Je me sens vraiment bien. Je veux d\u2019abord f\u00e9liciter mon \u00e9quipe pour le r\u00e9sultat et cette victoire ce soir. Je suis vraiment fier d\u2019\u00eatre le coach de ce club merveilleux et je [...]\" \/>\n<meta property=\"og:url\" content=\"https:\/\/www.ladiagonale.net\/index.php\/2024\/05\/13\/hutter-hate-de-me-battre-contre-les-meilleures-formations-europeennes\/\" \/>\n<meta property=\"og:site_name\" content=\"La Diagonale\" \/>\n<meta property=\"article:published_time\" content=\"2024-05-13T06:22:00+00:00\" \/>\n<meta property=\"article:modified_time\" content=\"2024-05-13T12:22:48+00:00\" \/>\n<meta property=\"og:image\" content=\"https:\/\/www.ladiagonale.net\/wp-content\/uploads\/2024\/05\/2024-05-12-montpellier-asm-1865.jpg\" \/>\n\t<meta property=\"og:image:width\" content=\"1160\" \/>\n\t<meta property=\"og:image:height\" content=\"650\" \/>\n\t<meta property=\"og:image:type\" content=\"image\/jpeg\" \/>\n<meta name=\"author\" content=\"Damien Dellerba\" \/>\n<meta name=\"twitter:card\" content=\"summary_large_image\" \/>\n<meta name=\"twitter:image\" content=\"https:\/\/www.ladiagonale.net\/wp-content\/uploads\/2024\/05\/2024-05-12-montpellier-asm-1865.jpg\" \/>\n<meta name=\"twitter:label1\" content=\"\u00c9crit par\" \/>\n\t<meta name=\"twitter:data1\" content=\"Damien Dellerba\" \/>\n\t<meta name=\"twitter:label2\" content=\"Dur\u00e9e de lecture estim\u00e9e\" \/>\n\t<meta name=\"twitter:data2\" content=\"2 minutes\" \/>\n<script type=\"application\/ld+json\" class=\"yoast-schema-graph\">{\"@context\":\"https:\/\/schema.org\",\"@graph\":[{\"@type\":\"WebPage\",\"@id\":\"https:\/\/www.ladiagonale.net\/index.php\/2024\/05\/13\/hutter-hate-de-me-battre-contre-les-meilleures-formations-europeennes\/\",\"url\":\"https:\/\/www.ladiagonale.net\/index.php\/2024\/05\/13\/hutter-hate-de-me-battre-contre-les-meilleures-formations-europeennes\/\",\"name\":\"H\u00fctter : \u00ab\u00a0H\u00e2te de me battre contre les meilleures formations europ\u00e9ennes\u00a0\u00bb - La Diagonale\",\"isPartOf\":{\"@id\":\"https:\/\/www.ladiagonale.net\/#website\"},\"datePublished\":\"2024-05-13T06:22:00+00:00\",\"dateModified\":\"2024-05-13T12:22:48+00:00\",\"author\":{\"@id\":\"https:\/\/www.ladiagonale.net\/#\/schema\/person\/79ff1e7b0853ed01b2aa26e64ad300bf\"},\"breadcrumb\":{\"@id\":\"https:\/\/www.ladiagonale.net\/index.php\/2024\/05\/13\/hutter-hate-de-me-battre-contre-les-meilleures-formations-europeennes\/#breadcrumb\"},\"inLanguage\":\"fr-FR\",\"potentialAction\":[{\"@type\":\"ReadAction\",\"target\":[\"https:\/\/www.ladiagonale.net\/index.php\/2024\/05\/13\/hutter-hate-de-me-battre-contre-les-meilleures-formations-europeennes\/\"]}]},{\"@type\":\"BreadcrumbList\",\"@id\":\"https:\/\/www.ladiagonale.net\/index.php\/2024\/05\/13\/hutter-hate-de-me-battre-contre-les-meilleures-formations-europeennes\/#breadcrumb\",\"itemListElement\":[{\"@type\":\"ListItem\",\"position\":1,\"name\":\"Accueil\",\"item\":\"https:\/\/www.ladiagonale.net\/\"},{\"@type\":\"ListItem\",\"position\":2,\"name\":\"H\u00fctter : \u00ab\u00a0H\u00e2te de me battre contre les meilleures formations europ\u00e9ennes\u00a0\u00bb\"}]},{\"@type\":\"WebSite\",\"@id\":\"https:\/\/www.ladiagonale.net\/#website\",\"url\":\"https:\/\/www.ladiagonale.net\/\",\"name\":\"La Diagonale\",\"description\":\"Le site des supporters de l&#039;AS Monaco FC\",\"potentialAction\":[{\"@type\":\"SearchAction\",\"target\":{\"@type\":\"EntryPoint\",\"urlTemplate\":\"https:\/\/www.ladiagonale.net\/?s={search_term_string}\"},\"query-input\":\"required name=search_term_string\"}],\"inLanguage\":\"fr-FR\"},{\"@type\":\"Person\",\"@id\":\"https:\/\/www.ladiagonale.net\/#\/schema\/person\/79ff1e7b0853ed01b2aa26e64ad300bf\",\"name\":\"Damien Dellerba\",\"image\":{\"@type\":\"ImageObject\",\"inLanguage\":\"fr-FR\",\"@id\":\"https:\/\/www.ladiagonale.net\/#\/schema\/person\/image\/\",\"url\":\"https:\/\/secure.gravatar.com\/avatar\/c7850e06d3ff63cdbaee88b7fc16e2f0?s=96&d=mm&r=g\",\"contentUrl\":\"https:\/\/secure.gravatar.com\/avatar\/c7850e06d3ff63cdbaee88b7fc16e2f0?s=96&d=mm&r=g\",\"caption\":\"Damien Dellerba\"},\"url\":\"https:\/\/www.ladiagonale.net\/index.php\/author\/damien\/\"}]}<\/script>\n<!-- \/ Yoast SEO plugin. -->","yoast_head_json":{"title":"H\u00fctter : \u00ab\u00a0H\u00e2te de me battre contre les meilleures formations europ\u00e9ennes\u00a0\u00bb - La Diagonale","robots":{"index":"index","follow":"follow","max-snippet":"max-snippet:-1","max-image-preview":"max-image-preview:large","max-video-preview":"max-video-preview:-1"},"canonical":"https:\/\/www.ladiagonale.net\/index.php\/2024\/05\/13\/hutter-hate-de-me-battre-contre-les-meilleures-formations-europeennes\/","og_locale":"fr_FR","og_type":"article","og_title":"H\u00fctter : \u00ab\u00a0H\u00e2te de me battre contre les meilleures formations europ\u00e9ennes\u00a0\u00bb - La Diagonale","og_description":"La joie \u00e9tait forc\u00e9ment au rendez-vous pour Adi H\u00fctter, port\u00e9 en triomphe par ses joueurs \u00e0 l\u2019issue de la victoire contre Montpellier : \u00ab&nbsp;Je me sens vraiment bien. Je veux d\u2019abord f\u00e9liciter mon \u00e9quipe pour le r\u00e9sultat et cette victoire ce soir. Je suis vraiment fier d\u2019\u00eatre le coach de ce club merveilleux et je [...]","og_url":"https:\/\/www.ladiagonale.net\/index.php\/2024\/05\/13\/hutter-hate-de-me-battre-contre-les-meilleures-formations-europeennes\/","og_site_name":"La Diagonale","article_published_time":"2024-05-13T06:22:00+00:00","article_modified_time":"2024-05-13T12:22:48+00:00","og_image":[{"width":1160,"height":650,"url":"https:\/\/www.ladiagonale.net\/wp-content\/uploads\/2024\/05\/2024-05-12-montpellier-asm-1865.jpg","type":"image\/jpeg"}],"author":"Damien Dellerba","twitter_card":"summary_large_image","twitter_image":"https:\/\/www.ladiagonale.net\/wp-content\/uploads\/2024\/05\/2024-05-12-montpellier-asm-1865.jpg","twitter_misc":{"\u00c9crit par":"Damien Dellerba","Dur\u00e9e de lecture estim\u00e9e":"2 minutes"},"schema":{"@context":"https:\/\/schema.org","@graph":[{"@type":"WebPage","@id":"https:\/\/www.ladiagonale.net\/index.php\/2024\/05\/13\/hutter-hate-de-me-battre-contre-les-meilleures-formations-europeennes\/","url":"https:\/\/www.ladiagonale.net\/index.php\/2024\/05\/13\/hutter-hate-de-me-battre-contre-les-meilleures-formations-europeennes\/","name":"H\u00fctter : \u00ab\u00a0H\u00e2te de me battre contre les meilleures formations europ\u00e9ennes\u00a0\u00bb - La Diagonale","isPartOf":{"@id":"https:\/\/www.ladiagonale.net\/#website"},"datePublished":"2024-05-13T06:22:00+00:00","dateModified":"2024-05-13T12:22:48+00:00","author":{"@id":"https:\/\/www.ladiagonale.net\/#\/schema\/person\/79ff1e7b0853ed01b2aa26e64ad300bf"},"breadcrumb":{"@id":"https:\/\/www.ladiagonale.net\/index.php\/2024\/05\/13\/hutter-hate-de-me-battre-contre-les-meilleures-formations-europeennes\/#breadcrumb"},"inLanguage":"fr-FR","potentialAction":[{"@type":"ReadAction","target":["https:\/\/www.ladiagonale.net\/index.php\/2024\/05\/13\/hutter-hate-de-me-battre-contre-les-meilleures-formations-europeennes\/"]}]},{"@type":"BreadcrumbList","@id":"https:\/\/www.ladiagonale.net\/index.php\/2024\/05\/13\/hutter-hate-de-me-battre-contre-les-meilleures-formations-europeennes\/#breadcrumb","itemListElement":[{"@type":"ListItem","position":1,"name":"Accueil","item":"https:\/\/www.ladiagonale.net\/"},{"@type":"ListItem","position":2,"name":"H\u00fctter : \u00ab\u00a0H\u00e2te de me battre contre les meilleures formations europ\u00e9ennes\u00a0\u00bb"}]},{"@type":"WebSite","@id":"https:\/\/www.ladiagonale.net\/#website","url":"https:\/\/www.ladiagonale.net\/","name":"La Diagonale","description":"Le site des supporters de l&#039;AS Monaco FC","potentialAction":[{"@type":"SearchAction","target":{"@type":"EntryPoint","urlTemplate":"https:\/\/www.ladiagonale.net\/?s={search_term_string}"},"query-input":"required name=search_term_string"}],"inLanguage":"fr-FR"},{"@type":"Person","@id":"https:\/\/www.ladiagonale.net\/#\/schema\/person\/79ff1e7b0853ed01b2aa26e64ad300bf","name":"Damien Dellerba","image":{"@type":"ImageObject","inLanguage":"fr-FR","@id":"https:\/\/www.ladiagonale.net\/#\/schema\/person\/image\/","url":"https:\/\/secure.gravatar.com\/avatar\/c7850e06d3ff63cdbaee88b7fc16e2f0?s=96&d=mm&r=g","contentUrl":"https:\/\/secure.gravatar.com\/avatar\/c7850e06d3ff63cdbaee88b7fc16e2f0?s=96&d=mm&r=g","caption":"Damien Dellerba"},"url":"https:\/\/www.ladiagonale.net\/index.php\/author\/damien\/"}]}},"_links":{"self":[{"href":"https:\/\/www.ladiagonale.net\/index.php\/wp-json\/wp\/v2\/posts\/23034"}],"collection":[{"href":"https:\/\/www.ladiagonale.net\/index.php\/wp-json\/wp\/v2\/posts"}],"about":[{"href":"https:\/\/www.ladiagonale.net\/index.php\/wp-json\/wp\/v2\/types\/post"}],"author":[{"embeddable":true,"href":"https:\/\/www.ladiagonale.net\/index.php\/wp-json\/wp\/v2\/users\/2"}],"replies":[{"embeddable":true,"href":"https:\/\/www.ladiagonale.net\/index.php\/wp-json\/wp\/v2\/comments?post=23034"}],"version-history":[{"count":2,"href":"https:\/\/www.ladiagonale.net\/index.php\/wp-json\/wp\/v2\/posts\/23034\/revisions"}],"predecessor-version":[{"id":23052,"href":"https:\/\/www.ladiagonale.net\/index.php\/wp-json\/wp\/v2\/posts\/23034\/revisions\/23052"}],"wp:attachment":[{"href":"https:\/\/www.ladiagonale.net\/index.php\/wp-json\/wp\/v2\/media?parent=23034"}],"wp:term":[{"taxonomy":"category","embeddable":true,"href":"https:\/\/www.ladiagonale.net\/index.php\/wp-json\/wp\/v2\/categories?post=23034"},{"taxonomy":"post_tag","embeddable":true,"href":"https:\/\/www.ladiagonale.net\/index.php\/wp-json\/wp\/v2\/tags?post=23034"}],"curies":[{"name":"wp","href":"https:\/\/api.w.org\/{rel}","templated":true}]}}