{"id":23042,"date":"2024-05-13T07:47:00","date_gmt":"2024-05-13T05:47:00","guid":{"rendered":"https:\/\/www.ladiagonale.net\/?p=23042"},"modified":"2024-05-13T13:45:49","modified_gmt":"2024-05-13T11:45:49","slug":"embolo-touche-a-lischio-jambier-gauche","status":"publish","type":"post","link":"https:\/\/www.ladiagonale.net\/index.php\/2024\/05\/13\/embolo-touche-a-lischio-jambier-gauche\/","title":{"rendered":"Embolo touch\u00e9 \u00e0 l\u2019ischio-jambier gauche"},"content":{"rendered":"\n<p>La 44<sup>e<\/sup> minute de la rencontre face \u00e0 Montpellier a signifi\u00e9 la fin du match pour Breel Embolo. L\u2019attaquant de l&rsquo;AS Monaco a d\u00fb c\u00e9der sa place \u00e0 Folarin Balogun avant la fin du premier acte, touch\u00e9 \u00e0 la cuisse gauche. \u00ab\u00a0<em>On va devoir attendre les r\u00e9sultats de l\u2019IRM, c\u2019est au niveau des ischios-jambiers<\/em>, a indiqu\u00e9 Adi H\u00fctter lors de la conf\u00e9rence de presse. <em>J\u2019esp\u00e8re que ce n\u2019est pas grave.\u00a0<\/em>\u00bb<\/p>\n\n\n\n<p>Embolo, qui avait retrouv\u00e9 le chemin des filets la semaine pr\u00e9c\u00e9dente lors de la r\u00e9ception de Clermont apr\u00e8s sa grave blessure au genou droit, venait d&rsquo;encha\u00eener sa deuxi\u00e8me titularisation de rang. Le point presse pr\u00e9c\u00e9dant la rencontre face \u00e0 Nantes, qui se tiendra vendredi, devrait permettre d&rsquo;en savoir plus sur la gravit\u00e9 de la blessure de l&rsquo;international suisse.<\/p>\n\n\n","protected":false},"excerpt":{"rendered":"<p>La 44e minute de la rencontre face \u00e0 Montpellier a signifi\u00e9 la fin du match pour Breel Embolo. L\u2019attaquant de l&rsquo;AS Monaco a d\u00fb c\u00e9der sa place \u00e0 Folarin Balogun avant la fin du premier acte, touch\u00e9 \u00e0 la cuisse gauche. \u00ab\u00a0On va devoir attendre les r\u00e9sultats de l\u2019IRM, c\u2019est au niveau des ischios-jambiers, a [&#8230;]\n","protected":false},"author":2,"featured_media":0,"comment_status":"open","ping_status":"open","sticky":false,"template":"","format":"standard","meta":[],"categories":[6],"tags":[86,161,196,94,236],"yoast_head":"<!-- This site is optimized with the Yoast SEO plugin v19.8 - https:\/\/yoast.com\/wordpress\/plugins\/seo\/ -->\n<title>Embolo touch\u00e9 \u00e0 l\u2019ischio-jambier gauche - La Diagonale<\/title>\n<meta name=\"robots\" content=\"index, follow, max-snippet:-1, max-image-preview:large, max-video-preview:-1\" \/>\n<link rel=\"canonical\" href=\"https:\/\/www.ladiagonale.net\/index.php\/2024\/05\/13\/embolo-touche-a-lischio-jambier-gauche\/\" \/>\n<meta property=\"og:locale\" content=\"fr_FR\" \/>\n<meta property=\"og:type\" content=\"article\" \/>\n<meta property=\"og:title\" content=\"Embolo touch\u00e9 \u00e0 l\u2019ischio-jambier gauche - La Diagonale\" \/>\n<meta property=\"og:description\" content=\"La 44e minute de la rencontre face \u00e0 Montpellier a signifi\u00e9 la fin du match pour Breel Embolo. L\u2019attaquant de l&rsquo;AS Monaco a d\u00fb c\u00e9der sa place \u00e0 Folarin Balogun avant la fin du premier acte, touch\u00e9 \u00e0 la cuisse gauche. \u00ab\u00a0On va devoir attendre les r\u00e9sultats de l\u2019IRM, c\u2019est au niveau des ischios-jambiers, a [...]\" \/>\n<meta property=\"og:url\" content=\"https:\/\/www.ladiagonale.net\/index.php\/2024\/05\/13\/embolo-touche-a-lischio-jambier-gauche\/\" \/>\n<meta property=\"og:site_name\" content=\"La Diagonale\" \/>\n<meta property=\"article:published_time\" content=\"2024-05-13T05:47:00+00:00\" \/>\n<meta property=\"article:modified_time\" content=\"2024-05-13T11:45:49+00:00\" \/>\n<meta property=\"og:image\" content=\"https:\/\/www.ladiagonale.net\/wp-content\/uploads\/2024\/04\/embolo2.png\" \/>\n\t<meta property=\"og:image:width\" content=\"1160\" \/>\n\t<meta property=\"og:image:height\" content=\"650\" \/>\n\t<meta property=\"og:image:type\" content=\"image\/png\" \/>\n<meta name=\"author\" content=\"Damien Dellerba\" \/>\n<meta name=\"twitter:card\" content=\"summary_large_image\" \/>\n<meta name=\"twitter:image\" content=\"https:\/\/www.ladiagonale.net\/wp-content\/uploads\/2024\/04\/embolo2.png\" \/>\n<meta name=\"twitter:label1\" content=\"\u00c9crit par\" \/>\n\t<meta name=\"twitter:data1\" content=\"Damien Dellerba\" \/>\n\t<meta name=\"twitter:label2\" content=\"Dur\u00e9e de lecture estim\u00e9e\" \/>\n\t<meta name=\"twitter:data2\" content=\"1 minute\" \/>\n<script type=\"application\/ld+json\" class=\"yoast-schema-graph\">{\"@context\":\"https:\/\/schema.org\",\"@graph\":[{\"@type\":\"WebPage\",\"@id\":\"https:\/\/www.ladiagonale.net\/index.php\/2024\/05\/13\/embolo-touche-a-lischio-jambier-gauche\/\",\"url\":\"https:\/\/www.ladiagonale.net\/index.php\/2024\/05\/13\/embolo-touche-a-lischio-jambier-gauche\/\",\"name\":\"Embolo touch\u00e9 \u00e0 l\u2019ischio-jambier gauche - La Diagonale\",\"isPartOf\":{\"@id\":\"https:\/\/www.ladiagonale.net\/#website\"},\"datePublished\":\"2024-05-13T05:47:00+00:00\",\"dateModified\":\"2024-05-13T11:45:49+00:00\",\"author\":{\"@id\":\"https:\/\/www.ladiagonale.net\/#\/schema\/person\/79ff1e7b0853ed01b2aa26e64ad300bf\"},\"breadcrumb\":{\"@id\":\"https:\/\/www.ladiagonale.net\/index.php\/2024\/05\/13\/embolo-touche-a-lischio-jambier-gauche\/#breadcrumb\"},\"inLanguage\":\"fr-FR\",\"potentialAction\":[{\"@type\":\"ReadAction\",\"target\":[\"https:\/\/www.ladiagonale.net\/index.php\/2024\/05\/13\/embolo-touche-a-lischio-jambier-gauche\/\"]}]},{\"@type\":\"BreadcrumbList\",\"@id\":\"https:\/\/www.ladiagonale.net\/index.php\/2024\/05\/13\/embolo-touche-a-lischio-jambier-gauche\/#breadcrumb\",\"itemListElement\":[{\"@type\":\"ListItem\",\"position\":1,\"name\":\"Accueil\",\"item\":\"https:\/\/www.ladiagonale.net\/\"},{\"@type\":\"ListItem\",\"position\":2,\"name\":\"Embolo touch\u00e9 \u00e0 l\u2019ischio-jambier gauche\"}]},{\"@type\":\"WebSite\",\"@id\":\"https:\/\/www.ladiagonale.net\/#website\",\"url\":\"https:\/\/www.ladiagonale.net\/\",\"name\":\"La Diagonale\",\"description\":\"Le site des supporters de l&#039;AS Monaco FC\",\"potentialAction\":[{\"@type\":\"SearchAction\",\"target\":{\"@type\":\"EntryPoint\",\"urlTemplate\":\"https:\/\/www.ladiagonale.net\/?s={search_term_string}\"},\"query-input\":\"required name=search_term_string\"}],\"inLanguage\":\"fr-FR\"},{\"@type\":\"Person\",\"@id\":\"https:\/\/www.ladiagonale.net\/#\/schema\/person\/79ff1e7b0853ed01b2aa26e64ad300bf\",\"name\":\"Damien Dellerba\",\"image\":{\"@type\":\"ImageObject\",\"inLanguage\":\"fr-FR\",\"@id\":\"https:\/\/www.ladiagonale.net\/#\/schema\/person\/image\/\",\"url\":\"https:\/\/secure.gravatar.com\/avatar\/c7850e06d3ff63cdbaee88b7fc16e2f0?s=96&d=mm&r=g\",\"contentUrl\":\"https:\/\/secure.gravatar.com\/avatar\/c7850e06d3ff63cdbaee88b7fc16e2f0?s=96&d=mm&r=g\",\"caption\":\"Damien Dellerba\"},\"url\":\"https:\/\/www.ladiagonale.net\/index.php\/author\/damien\/\"}]}<\/script>\n<!-- \/ Yoast SEO plugin. -->","yoast_head_json":{"title":"Embolo touch\u00e9 \u00e0 l\u2019ischio-jambier gauche - La Diagonale","robots":{"index":"index","follow":"follow","max-snippet":"max-snippet:-1","max-image-preview":"max-image-preview:large","max-video-preview":"max-video-preview:-1"},"canonical":"https:\/\/www.ladiagonale.net\/index.php\/2024\/05\/13\/embolo-touche-a-lischio-jambier-gauche\/","og_locale":"fr_FR","og_type":"article","og_title":"Embolo touch\u00e9 \u00e0 l\u2019ischio-jambier gauche - La Diagonale","og_description":"La 44e minute de la rencontre face \u00e0 Montpellier a signifi\u00e9 la fin du match pour Breel Embolo. L\u2019attaquant de l&rsquo;AS Monaco a d\u00fb c\u00e9der sa place \u00e0 Folarin Balogun avant la fin du premier acte, touch\u00e9 \u00e0 la cuisse gauche. \u00ab\u00a0On va devoir attendre les r\u00e9sultats de l\u2019IRM, c\u2019est au niveau des ischios-jambiers, a [...]","og_url":"https:\/\/www.ladiagonale.net\/index.php\/2024\/05\/13\/embolo-touche-a-lischio-jambier-gauche\/","og_site_name":"La Diagonale","article_published_time":"2024-05-13T05:47:00+00:00","article_modified_time":"2024-05-13T11:45:49+00:00","og_image":[{"width":1160,"height":650,"url":"https:\/\/www.ladiagonale.net\/wp-content\/uploads\/2024\/04\/embolo2.png","type":"image\/png"}],"author":"Damien Dellerba","twitter_card":"summary_large_image","twitter_image":"https:\/\/www.ladiagonale.net\/wp-content\/uploads\/2024\/04\/embolo2.png","twitter_misc":{"\u00c9crit par":"Damien Dellerba","Dur\u00e9e de lecture estim\u00e9e":"1 minute"},"schema":{"@context":"https:\/\/schema.org","@graph":[{"@type":"WebPage","@id":"https:\/\/www.ladiagonale.net\/index.php\/2024\/05\/13\/embolo-touche-a-lischio-jambier-gauche\/","url":"https:\/\/www.ladiagonale.net\/index.php\/2024\/05\/13\/embolo-touche-a-lischio-jambier-gauche\/","name":"Embolo touch\u00e9 \u00e0 l\u2019ischio-jambier gauche - La Diagonale","isPartOf":{"@id":"https:\/\/www.ladiagonale.net\/#website"},"datePublished":"2024-05-13T05:47:00+00:00","dateModified":"2024-05-13T11:45:49+00:00","author":{"@id":"https:\/\/www.ladiagonale.net\/#\/schema\/person\/79ff1e7b0853ed01b2aa26e64ad300bf"},"breadcrumb":{"@id":"https:\/\/www.ladiagonale.net\/index.php\/2024\/05\/13\/embolo-touche-a-lischio-jambier-gauche\/#breadcrumb"},"inLanguage":"fr-FR","potentialAction":[{"@type":"ReadAction","target":["https:\/\/www.ladiagonale.net\/index.php\/2024\/05\/13\/embolo-touche-a-lischio-jambier-gauche\/"]}]},{"@type":"BreadcrumbList","@id":"https:\/\/www.ladiagonale.net\/index.php\/2024\/05\/13\/embolo-touche-a-lischio-jambier-gauche\/#breadcrumb","itemListElement":[{"@type":"ListItem","position":1,"name":"Accueil","item":"https:\/\/www.ladiagonale.net\/"},{"@type":"ListItem","position":2,"name":"Embolo touch\u00e9 \u00e0 l\u2019ischio-jambier gauche"}]},{"@type":"WebSite","@id":"https:\/\/www.ladiagonale.net\/#website","url":"https:\/\/www.ladiagonale.net\/","name":"La Diagonale","description":"Le site des supporters de l&#039;AS Monaco FC","potentialAction":[{"@type":"SearchAction","target":{"@type":"EntryPoint","urlTemplate":"https:\/\/www.ladiagonale.net\/?s={search_term_string}"},"query-input":"required name=search_term_string"}],"inLanguage":"fr-FR"},{"@type":"Person","@id":"https:\/\/www.ladiagonale.net\/#\/schema\/person\/79ff1e7b0853ed01b2aa26e64ad300bf","name":"Damien Dellerba","image":{"@type":"ImageObject","inLanguage":"fr-FR","@id":"https:\/\/www.ladiagonale.net\/#\/schema\/person\/image\/","url":"https:\/\/secure.gravatar.com\/avatar\/c7850e06d3ff63cdbaee88b7fc16e2f0?s=96&d=mm&r=g","contentUrl":"https:\/\/secure.gravatar.com\/avatar\/c7850e06d3ff63cdbaee88b7fc16e2f0?s=96&d=mm&r=g","caption":"Damien Dellerba"},"url":"https:\/\/www.ladiagonale.net\/index.php\/author\/damien\/"}]}},"_links":{"self":[{"href":"https:\/\/www.ladiagonale.net\/index.php\/wp-json\/wp\/v2\/posts\/23042"}],"collection":[{"href":"https:\/\/www.ladiagonale.net\/index.php\/wp-json\/wp\/v2\/posts"}],"about":[{"href":"https:\/\/www.ladiagonale.net\/index.php\/wp-json\/wp\/v2\/types\/post"}],"author":[{"embeddable":true,"href":"https:\/\/www.ladiagonale.net\/index.php\/wp-json\/wp\/v2\/users\/2"}],"replies":[{"embeddable":true,"href":"https:\/\/www.ladiagonale.net\/index.php\/wp-json\/wp\/v2\/comments?post=23042"}],"version-history":[{"count":2,"href":"https:\/\/www.ladiagonale.net\/index.php\/wp-json\/wp\/v2\/posts\/23042\/revisions"}],"predecessor-version":[{"id":23046,"href":"https:\/\/www.ladiagonale.net\/index.php\/wp-json\/wp\/v2\/posts\/23042\/revisions\/23046"}],"wp:attachment":[{"href":"https:\/\/www.ladiagonale.net\/index.php\/wp-json\/wp\/v2\/media?parent=23042"}],"wp:term":[{"taxonomy":"category","embeddable":true,"href":"https:\/\/www.ladiagonale.net\/index.php\/wp-json\/wp\/v2\/categories?post=23042"},{"taxonomy":"post_tag","embeddable":true,"href":"https:\/\/www.ladiagonale.net\/index.php\/wp-json\/wp\/v2\/tags?post=23042"}],"curies":[{"name":"wp","href":"https:\/\/api.w.org\/{rel}","templated":true}]}}