{"id":23045,"date":"2024-05-13T13:58:31","date_gmt":"2024-05-13T11:58:31","guid":{"rendered":"https:\/\/www.ladiagonale.net\/?p=23045"},"modified":"2024-05-13T13:58:32","modified_gmt":"2024-05-13T11:58:32","slug":"monaco-au-trophee-des-champions","status":"publish","type":"post","link":"https:\/\/www.ladiagonale.net\/index.php\/2024\/05\/13\/monaco-au-trophee-des-champions\/","title":{"rendered":"Monaco au Troph\u00e9e des champions ?"},"content":{"rendered":"\n\n\n<p>En assurant la deuxi\u00e8me place du Championnat contre Montpellier dimanche soir, l&rsquo;AS Monaco a valid\u00e9 sa participation pour la prochaine Ligue des champions et peut-\u00eatre davantage. Si la place de vice-champion n&rsquo;offre pas directement un droit d&rsquo;entr\u00e9e pour le Troph\u00e9e des champions, elle peut le devenir si le champion de France est \u00e9galement le vainqueur de la Coupe de France, ce qui est fr\u00e9quent ces derni\u00e8res saisons. Le Paris Saint-Germain, qui affrontera l&rsquo;Olympique Lyonnais en finale le 25 mai, peut r\u00e9aliser un nouveau doubl\u00e9 et ainsi faire de l&rsquo;ASM son prochain concurrent au Troph\u00e9e de champions.<\/p>\n\n\n\n<p>Depuis quelques jours, on sait en tout cas o\u00f9 cette rencontre se tiendra. C&rsquo;est la capitale chinoise de P\u00e9kin qui a \u00e9t\u00e9 choisie et si la date n&rsquo;a pas encore \u00e9t\u00e9 arr\u00eat\u00e9e, le match devrait se situer probablement vers le 10 ao\u00fbt, soit la semaine pr\u00e9c\u00e9dant la reprise de la Ligue 1. La Ligue attendait notamment de conna\u00eetre la destination de la prochaine tourn\u00e9e estivale du club parisien pour d\u00e9cider de l&rsquo;implantation de cette rencontre. <\/p>\n\n\n\n<p>Pour les Mon\u00e9gasques, un voyage en Chine ne serait pas une premi\u00e8re. Le club de la Principaut\u00e9 avait d\u00e9j\u00e0 disput\u00e9 le Troph\u00e9e des champions 2018, \u00e0 Shenzhen, o\u00f9 il s&rsquo;\u00e9tait lourdement inclin\u00e9 contre&#8230; le Paris Saint-Germain (0-4).<\/p>\n","protected":false},"excerpt":{"rendered":"<p>En assurant la deuxi\u00e8me place du Championnat contre Montpellier dimanche soir, l&rsquo;AS Monaco a valid\u00e9 sa participation pour la prochaine Ligue des champions et peut-\u00eatre davantage. Si la place de vice-champion n&rsquo;offre pas directement un droit d&rsquo;entr\u00e9e pour le Troph\u00e9e des champions, elle peut le devenir si le champion de France est \u00e9galement le vainqueur [&#8230;]\n","protected":false},"author":2,"featured_media":0,"comment_status":"open","ping_status":"open","sticky":false,"template":"","format":"standard","meta":[],"categories":[6],"tags":[86,94,831],"yoast_head":"<!-- This site is optimized with the Yoast SEO plugin v19.8 - https:\/\/yoast.com\/wordpress\/plugins\/seo\/ -->\n<title>Monaco au Troph\u00e9e des champions ? - La Diagonale<\/title>\n<meta name=\"robots\" content=\"index, follow, max-snippet:-1, max-image-preview:large, max-video-preview:-1\" \/>\n<link rel=\"canonical\" href=\"https:\/\/www.ladiagonale.net\/index.php\/2024\/05\/13\/monaco-au-trophee-des-champions\/\" \/>\n<meta property=\"og:locale\" content=\"fr_FR\" \/>\n<meta property=\"og:type\" content=\"article\" \/>\n<meta property=\"og:title\" content=\"Monaco au Troph\u00e9e des champions ? - La Diagonale\" \/>\n<meta property=\"og:description\" content=\"En assurant la deuxi\u00e8me place du Championnat contre Montpellier dimanche soir, l&rsquo;AS Monaco a valid\u00e9 sa participation pour la prochaine Ligue des champions et peut-\u00eatre davantage. Si la place de vice-champion n&rsquo;offre pas directement un droit d&rsquo;entr\u00e9e pour le Troph\u00e9e des champions, elle peut le devenir si le champion de France est \u00e9galement le vainqueur [...]\" \/>\n<meta property=\"og:url\" content=\"https:\/\/www.ladiagonale.net\/index.php\/2024\/05\/13\/monaco-au-trophee-des-champions\/\" \/>\n<meta property=\"og:site_name\" content=\"La Diagonale\" \/>\n<meta property=\"article:published_time\" content=\"2024-05-13T11:58:31+00:00\" \/>\n<meta property=\"article:modified_time\" content=\"2024-05-13T11:58:32+00:00\" \/>\n<meta property=\"og:image\" content=\"https:\/\/www.ladiagonale.net\/wp-content\/uploads\/2024\/05\/trophe\u0301edchampions.png\" \/>\n\t<meta property=\"og:image:width\" content=\"1160\" \/>\n\t<meta property=\"og:image:height\" content=\"650\" \/>\n\t<meta property=\"og:image:type\" content=\"image\/png\" \/>\n<meta name=\"author\" content=\"Damien Dellerba\" \/>\n<meta name=\"twitter:card\" content=\"summary_large_image\" \/>\n<meta name=\"twitter:image\" content=\"https:\/\/www.ladiagonale.net\/wp-content\/uploads\/2024\/05\/trophe\u0301edchampions.png\" \/>\n<meta name=\"twitter:label1\" content=\"\u00c9crit par\" \/>\n\t<meta name=\"twitter:data1\" content=\"Damien Dellerba\" \/>\n\t<meta name=\"twitter:label2\" content=\"Dur\u00e9e de lecture estim\u00e9e\" \/>\n\t<meta name=\"twitter:data2\" content=\"2 minutes\" \/>\n<script type=\"application\/ld+json\" class=\"yoast-schema-graph\">{\"@context\":\"https:\/\/schema.org\",\"@graph\":[{\"@type\":\"WebPage\",\"@id\":\"https:\/\/www.ladiagonale.net\/index.php\/2024\/05\/13\/monaco-au-trophee-des-champions\/\",\"url\":\"https:\/\/www.ladiagonale.net\/index.php\/2024\/05\/13\/monaco-au-trophee-des-champions\/\",\"name\":\"Monaco au Troph\u00e9e des champions ? - La Diagonale\",\"isPartOf\":{\"@id\":\"https:\/\/www.ladiagonale.net\/#website\"},\"datePublished\":\"2024-05-13T11:58:31+00:00\",\"dateModified\":\"2024-05-13T11:58:32+00:00\",\"author\":{\"@id\":\"https:\/\/www.ladiagonale.net\/#\/schema\/person\/79ff1e7b0853ed01b2aa26e64ad300bf\"},\"breadcrumb\":{\"@id\":\"https:\/\/www.ladiagonale.net\/index.php\/2024\/05\/13\/monaco-au-trophee-des-champions\/#breadcrumb\"},\"inLanguage\":\"fr-FR\",\"potentialAction\":[{\"@type\":\"ReadAction\",\"target\":[\"https:\/\/www.ladiagonale.net\/index.php\/2024\/05\/13\/monaco-au-trophee-des-champions\/\"]}]},{\"@type\":\"BreadcrumbList\",\"@id\":\"https:\/\/www.ladiagonale.net\/index.php\/2024\/05\/13\/monaco-au-trophee-des-champions\/#breadcrumb\",\"itemListElement\":[{\"@type\":\"ListItem\",\"position\":1,\"name\":\"Accueil\",\"item\":\"https:\/\/www.ladiagonale.net\/\"},{\"@type\":\"ListItem\",\"position\":2,\"name\":\"Monaco au Troph\u00e9e des champions ?\"}]},{\"@type\":\"WebSite\",\"@id\":\"https:\/\/www.ladiagonale.net\/#website\",\"url\":\"https:\/\/www.ladiagonale.net\/\",\"name\":\"La Diagonale\",\"description\":\"Le site des supporters de l&#039;AS Monaco FC\",\"potentialAction\":[{\"@type\":\"SearchAction\",\"target\":{\"@type\":\"EntryPoint\",\"urlTemplate\":\"https:\/\/www.ladiagonale.net\/?s={search_term_string}\"},\"query-input\":\"required name=search_term_string\"}],\"inLanguage\":\"fr-FR\"},{\"@type\":\"Person\",\"@id\":\"https:\/\/www.ladiagonale.net\/#\/schema\/person\/79ff1e7b0853ed01b2aa26e64ad300bf\",\"name\":\"Damien Dellerba\",\"image\":{\"@type\":\"ImageObject\",\"inLanguage\":\"fr-FR\",\"@id\":\"https:\/\/www.ladiagonale.net\/#\/schema\/person\/image\/\",\"url\":\"https:\/\/secure.gravatar.com\/avatar\/c7850e06d3ff63cdbaee88b7fc16e2f0?s=96&d=mm&r=g\",\"contentUrl\":\"https:\/\/secure.gravatar.com\/avatar\/c7850e06d3ff63cdbaee88b7fc16e2f0?s=96&d=mm&r=g\",\"caption\":\"Damien Dellerba\"},\"url\":\"https:\/\/www.ladiagonale.net\/index.php\/author\/damien\/\"}]}<\/script>\n<!-- \/ Yoast SEO plugin. -->","yoast_head_json":{"title":"Monaco au Troph\u00e9e des champions ? - La Diagonale","robots":{"index":"index","follow":"follow","max-snippet":"max-snippet:-1","max-image-preview":"max-image-preview:large","max-video-preview":"max-video-preview:-1"},"canonical":"https:\/\/www.ladiagonale.net\/index.php\/2024\/05\/13\/monaco-au-trophee-des-champions\/","og_locale":"fr_FR","og_type":"article","og_title":"Monaco au Troph\u00e9e des champions ? - La Diagonale","og_description":"En assurant la deuxi\u00e8me place du Championnat contre Montpellier dimanche soir, l&rsquo;AS Monaco a valid\u00e9 sa participation pour la prochaine Ligue des champions et peut-\u00eatre davantage. Si la place de vice-champion n&rsquo;offre pas directement un droit d&rsquo;entr\u00e9e pour le Troph\u00e9e des champions, elle peut le devenir si le champion de France est \u00e9galement le vainqueur [...]","og_url":"https:\/\/www.ladiagonale.net\/index.php\/2024\/05\/13\/monaco-au-trophee-des-champions\/","og_site_name":"La Diagonale","article_published_time":"2024-05-13T11:58:31+00:00","article_modified_time":"2024-05-13T11:58:32+00:00","og_image":[{"width":1160,"height":650,"url":"https:\/\/www.ladiagonale.net\/wp-content\/uploads\/2024\/05\/trophe\u0301edchampions.png","type":"image\/png"}],"author":"Damien Dellerba","twitter_card":"summary_large_image","twitter_image":"https:\/\/www.ladiagonale.net\/wp-content\/uploads\/2024\/05\/trophe\u0301edchampions.png","twitter_misc":{"\u00c9crit par":"Damien Dellerba","Dur\u00e9e de lecture estim\u00e9e":"2 minutes"},"schema":{"@context":"https:\/\/schema.org","@graph":[{"@type":"WebPage","@id":"https:\/\/www.ladiagonale.net\/index.php\/2024\/05\/13\/monaco-au-trophee-des-champions\/","url":"https:\/\/www.ladiagonale.net\/index.php\/2024\/05\/13\/monaco-au-trophee-des-champions\/","name":"Monaco au Troph\u00e9e des champions ? - La Diagonale","isPartOf":{"@id":"https:\/\/www.ladiagonale.net\/#website"},"datePublished":"2024-05-13T11:58:31+00:00","dateModified":"2024-05-13T11:58:32+00:00","author":{"@id":"https:\/\/www.ladiagonale.net\/#\/schema\/person\/79ff1e7b0853ed01b2aa26e64ad300bf"},"breadcrumb":{"@id":"https:\/\/www.ladiagonale.net\/index.php\/2024\/05\/13\/monaco-au-trophee-des-champions\/#breadcrumb"},"inLanguage":"fr-FR","potentialAction":[{"@type":"ReadAction","target":["https:\/\/www.ladiagonale.net\/index.php\/2024\/05\/13\/monaco-au-trophee-des-champions\/"]}]},{"@type":"BreadcrumbList","@id":"https:\/\/www.ladiagonale.net\/index.php\/2024\/05\/13\/monaco-au-trophee-des-champions\/#breadcrumb","itemListElement":[{"@type":"ListItem","position":1,"name":"Accueil","item":"https:\/\/www.ladiagonale.net\/"},{"@type":"ListItem","position":2,"name":"Monaco au Troph\u00e9e des champions ?"}]},{"@type":"WebSite","@id":"https:\/\/www.ladiagonale.net\/#website","url":"https:\/\/www.ladiagonale.net\/","name":"La Diagonale","description":"Le site des supporters de l&#039;AS Monaco FC","potentialAction":[{"@type":"SearchAction","target":{"@type":"EntryPoint","urlTemplate":"https:\/\/www.ladiagonale.net\/?s={search_term_string}"},"query-input":"required name=search_term_string"}],"inLanguage":"fr-FR"},{"@type":"Person","@id":"https:\/\/www.ladiagonale.net\/#\/schema\/person\/79ff1e7b0853ed01b2aa26e64ad300bf","name":"Damien Dellerba","image":{"@type":"ImageObject","inLanguage":"fr-FR","@id":"https:\/\/www.ladiagonale.net\/#\/schema\/person\/image\/","url":"https:\/\/secure.gravatar.com\/avatar\/c7850e06d3ff63cdbaee88b7fc16e2f0?s=96&d=mm&r=g","contentUrl":"https:\/\/secure.gravatar.com\/avatar\/c7850e06d3ff63cdbaee88b7fc16e2f0?s=96&d=mm&r=g","caption":"Damien Dellerba"},"url":"https:\/\/www.ladiagonale.net\/index.php\/author\/damien\/"}]}},"_links":{"self":[{"href":"https:\/\/www.ladiagonale.net\/index.php\/wp-json\/wp\/v2\/posts\/23045"}],"collection":[{"href":"https:\/\/www.ladiagonale.net\/index.php\/wp-json\/wp\/v2\/posts"}],"about":[{"href":"https:\/\/www.ladiagonale.net\/index.php\/wp-json\/wp\/v2\/types\/post"}],"author":[{"embeddable":true,"href":"https:\/\/www.ladiagonale.net\/index.php\/wp-json\/wp\/v2\/users\/2"}],"replies":[{"embeddable":true,"href":"https:\/\/www.ladiagonale.net\/index.php\/wp-json\/wp\/v2\/comments?post=23045"}],"version-history":[{"count":1,"href":"https:\/\/www.ladiagonale.net\/index.php\/wp-json\/wp\/v2\/posts\/23045\/revisions"}],"predecessor-version":[{"id":23048,"href":"https:\/\/www.ladiagonale.net\/index.php\/wp-json\/wp\/v2\/posts\/23045\/revisions\/23048"}],"wp:attachment":[{"href":"https:\/\/www.ladiagonale.net\/index.php\/wp-json\/wp\/v2\/media?parent=23045"}],"wp:term":[{"taxonomy":"category","embeddable":true,"href":"https:\/\/www.ladiagonale.net\/index.php\/wp-json\/wp\/v2\/categories?post=23045"},{"taxonomy":"post_tag","embeddable":true,"href":"https:\/\/www.ladiagonale.net\/index.php\/wp-json\/wp\/v2\/tags?post=23045"}],"curies":[{"name":"wp","href":"https:\/\/api.w.org\/{rel}","templated":true}]}}