{"id":23070,"date":"2024-05-13T22:12:29","date_gmt":"2024-05-13T20:12:29","guid":{"rendered":"https:\/\/www.ladiagonale.net\/?p=23070"},"modified":"2024-05-14T01:12:50","modified_gmt":"2024-05-13T23:12:50","slug":"les-u17-qualifies-en-phase-finale-affronteront-strasbourg","status":"publish","type":"post","link":"https:\/\/www.ladiagonale.net\/index.php\/2024\/05\/13\/les-u17-qualifies-en-phase-finale-affronteront-strasbourg\/","title":{"rendered":"Les U17 qualifi\u00e9s en phase finale"},"content":{"rendered":"\n\n\n<p>La saison des U17 de Manu Dos Santos n&rsquo;est pas encore termin\u00e9e. Apr\u00e8s leur victoire contre le Cavigal dimanche (5-1) lors de la 26<sup>e<\/sup> et derni\u00e8re journ\u00e9e de championnat, les Mon\u00e9gasques ont r\u00e9cup\u00e9r\u00e9 la deuxi\u00e8me place de la poule D et obtenu leur ticket pour la phase finale. Comme l&rsquo;a annonc\u00e9 la FFF sur son site internet, les Rouge et Blanc font partie des deux meilleurs deuxi\u00e8mes des six poules, avec Lille, d\u00e9termin\u00e9s par leurs r\u00e9sultats contre les cinq autres meilleures \u00e9quipes de leur propre groupe. <\/p>\n\n\n\n<p>En quarts de finale, les Mon\u00e9gasques seront oppos\u00e9s \u00e0 Strasbourg, qui est sorti vainqueur de la poule C. La rencontre se tiendra \u00e0 Strasbourg ce dimanche (15h). <\/p>\n\n\n<div class=\"wp-block-image\">\n<figure class=\"aligncenter size-full\"><img loading=\"lazy\" width=\"1280\" height=\"720\" src=\"https:\/\/www.ladiagonale.net\/wp-content\/uploads\/2024\/05\/a8ba06a9859dcdd06c2520c92c37e02f.jpeg\" alt=\"\" class=\"wp-image-23071\"\/><figcaption class=\"wp-element-caption\">Cr\u00e9dit : FFF<\/figcaption><\/figure><\/div>\n\n\n<p><\/p>\n","protected":false},"excerpt":{"rendered":"<p>La saison des U17 de Manu Dos Santos n&rsquo;est pas encore termin\u00e9e. Apr\u00e8s leur victoire contre le Cavigal dimanche (5-1) lors de la 26e et derni\u00e8re journ\u00e9e de championnat, les Mon\u00e9gasques ont r\u00e9cup\u00e9r\u00e9 la deuxi\u00e8me place de la poule D et obtenu leur ticket pour la phase finale. Comme l&rsquo;a annonc\u00e9 la FFF sur son [&#8230;]\n","protected":false},"author":2,"featured_media":0,"comment_status":"open","ping_status":"open","sticky":false,"template":"","format":"standard","meta":[],"categories":[4,6],"tags":[76,86,832,130],"yoast_head":"<!-- This site is optimized with the Yoast SEO plugin v19.8 - https:\/\/yoast.com\/wordpress\/plugins\/seo\/ -->\n<title>Les U17 qualifi\u00e9s en phase finale - La Diagonale<\/title>\n<meta name=\"robots\" content=\"index, follow, max-snippet:-1, max-image-preview:large, max-video-preview:-1\" \/>\n<link rel=\"canonical\" href=\"https:\/\/www.ladiagonale.net\/index.php\/2024\/05\/13\/les-u17-qualifies-en-phase-finale-affronteront-strasbourg\/\" \/>\n<meta property=\"og:locale\" content=\"fr_FR\" \/>\n<meta property=\"og:type\" content=\"article\" \/>\n<meta property=\"og:title\" content=\"Les U17 qualifi\u00e9s en phase finale - La Diagonale\" \/>\n<meta property=\"og:description\" content=\"La saison des U17 de Manu Dos Santos n&rsquo;est pas encore termin\u00e9e. Apr\u00e8s leur victoire contre le Cavigal dimanche (5-1) lors de la 26e et derni\u00e8re journ\u00e9e de championnat, les Mon\u00e9gasques ont r\u00e9cup\u00e9r\u00e9 la deuxi\u00e8me place de la poule D et obtenu leur ticket pour la phase finale. Comme l&rsquo;a annonc\u00e9 la FFF sur son [...]\" \/>\n<meta property=\"og:url\" content=\"https:\/\/www.ladiagonale.net\/index.php\/2024\/05\/13\/les-u17-qualifies-en-phase-finale-affronteront-strasbourg\/\" \/>\n<meta property=\"og:site_name\" content=\"La Diagonale\" \/>\n<meta property=\"article:published_time\" content=\"2024-05-13T20:12:29+00:00\" \/>\n<meta property=\"article:modified_time\" content=\"2024-05-13T23:12:50+00:00\" \/>\n<meta property=\"og:image\" content=\"https:\/\/www.ladiagonale.net\/wp-content\/uploads\/2024\/05\/qualifU17.png\" \/>\n\t<meta property=\"og:image:width\" content=\"1160\" \/>\n\t<meta property=\"og:image:height\" content=\"650\" \/>\n\t<meta property=\"og:image:type\" content=\"image\/png\" \/>\n<meta name=\"author\" content=\"Damien Dellerba\" \/>\n<meta name=\"twitter:card\" content=\"summary_large_image\" \/>\n<meta name=\"twitter:image\" content=\"https:\/\/www.ladiagonale.net\/wp-content\/uploads\/2024\/05\/qualifU17.png\" \/>\n<meta name=\"twitter:label1\" content=\"\u00c9crit par\" \/>\n\t<meta name=\"twitter:data1\" content=\"Damien Dellerba\" \/>\n\t<meta name=\"twitter:label2\" content=\"Dur\u00e9e de lecture estim\u00e9e\" \/>\n\t<meta name=\"twitter:data2\" content=\"1 minute\" \/>\n<script type=\"application\/ld+json\" class=\"yoast-schema-graph\">{\"@context\":\"https:\/\/schema.org\",\"@graph\":[{\"@type\":\"WebPage\",\"@id\":\"https:\/\/www.ladiagonale.net\/index.php\/2024\/05\/13\/les-u17-qualifies-en-phase-finale-affronteront-strasbourg\/\",\"url\":\"https:\/\/www.ladiagonale.net\/index.php\/2024\/05\/13\/les-u17-qualifies-en-phase-finale-affronteront-strasbourg\/\",\"name\":\"Les U17 qualifi\u00e9s en phase finale - La Diagonale\",\"isPartOf\":{\"@id\":\"https:\/\/www.ladiagonale.net\/#website\"},\"datePublished\":\"2024-05-13T20:12:29+00:00\",\"dateModified\":\"2024-05-13T23:12:50+00:00\",\"author\":{\"@id\":\"https:\/\/www.ladiagonale.net\/#\/schema\/person\/79ff1e7b0853ed01b2aa26e64ad300bf\"},\"breadcrumb\":{\"@id\":\"https:\/\/www.ladiagonale.net\/index.php\/2024\/05\/13\/les-u17-qualifies-en-phase-finale-affronteront-strasbourg\/#breadcrumb\"},\"inLanguage\":\"fr-FR\",\"potentialAction\":[{\"@type\":\"ReadAction\",\"target\":[\"https:\/\/www.ladiagonale.net\/index.php\/2024\/05\/13\/les-u17-qualifies-en-phase-finale-affronteront-strasbourg\/\"]}]},{\"@type\":\"BreadcrumbList\",\"@id\":\"https:\/\/www.ladiagonale.net\/index.php\/2024\/05\/13\/les-u17-qualifies-en-phase-finale-affronteront-strasbourg\/#breadcrumb\",\"itemListElement\":[{\"@type\":\"ListItem\",\"position\":1,\"name\":\"Accueil\",\"item\":\"https:\/\/www.ladiagonale.net\/\"},{\"@type\":\"ListItem\",\"position\":2,\"name\":\"Les U17 qualifi\u00e9s en phase finale\"}]},{\"@type\":\"WebSite\",\"@id\":\"https:\/\/www.ladiagonale.net\/#website\",\"url\":\"https:\/\/www.ladiagonale.net\/\",\"name\":\"La Diagonale\",\"description\":\"Le site des supporters de l&#039;AS Monaco FC\",\"potentialAction\":[{\"@type\":\"SearchAction\",\"target\":{\"@type\":\"EntryPoint\",\"urlTemplate\":\"https:\/\/www.ladiagonale.net\/?s={search_term_string}\"},\"query-input\":\"required name=search_term_string\"}],\"inLanguage\":\"fr-FR\"},{\"@type\":\"Person\",\"@id\":\"https:\/\/www.ladiagonale.net\/#\/schema\/person\/79ff1e7b0853ed01b2aa26e64ad300bf\",\"name\":\"Damien Dellerba\",\"image\":{\"@type\":\"ImageObject\",\"inLanguage\":\"fr-FR\",\"@id\":\"https:\/\/www.ladiagonale.net\/#\/schema\/person\/image\/\",\"url\":\"https:\/\/secure.gravatar.com\/avatar\/c7850e06d3ff63cdbaee88b7fc16e2f0?s=96&d=mm&r=g\",\"contentUrl\":\"https:\/\/secure.gravatar.com\/avatar\/c7850e06d3ff63cdbaee88b7fc16e2f0?s=96&d=mm&r=g\",\"caption\":\"Damien Dellerba\"},\"url\":\"https:\/\/www.ladiagonale.net\/index.php\/author\/damien\/\"}]}<\/script>\n<!-- \/ Yoast SEO plugin. -->","yoast_head_json":{"title":"Les U17 qualifi\u00e9s en phase finale - La Diagonale","robots":{"index":"index","follow":"follow","max-snippet":"max-snippet:-1","max-image-preview":"max-image-preview:large","max-video-preview":"max-video-preview:-1"},"canonical":"https:\/\/www.ladiagonale.net\/index.php\/2024\/05\/13\/les-u17-qualifies-en-phase-finale-affronteront-strasbourg\/","og_locale":"fr_FR","og_type":"article","og_title":"Les U17 qualifi\u00e9s en phase finale - La Diagonale","og_description":"La saison des U17 de Manu Dos Santos n&rsquo;est pas encore termin\u00e9e. Apr\u00e8s leur victoire contre le Cavigal dimanche (5-1) lors de la 26e et derni\u00e8re journ\u00e9e de championnat, les Mon\u00e9gasques ont r\u00e9cup\u00e9r\u00e9 la deuxi\u00e8me place de la poule D et obtenu leur ticket pour la phase finale. Comme l&rsquo;a annonc\u00e9 la FFF sur son [...]","og_url":"https:\/\/www.ladiagonale.net\/index.php\/2024\/05\/13\/les-u17-qualifies-en-phase-finale-affronteront-strasbourg\/","og_site_name":"La Diagonale","article_published_time":"2024-05-13T20:12:29+00:00","article_modified_time":"2024-05-13T23:12:50+00:00","og_image":[{"width":1160,"height":650,"url":"https:\/\/www.ladiagonale.net\/wp-content\/uploads\/2024\/05\/qualifU17.png","type":"image\/png"}],"author":"Damien Dellerba","twitter_card":"summary_large_image","twitter_image":"https:\/\/www.ladiagonale.net\/wp-content\/uploads\/2024\/05\/qualifU17.png","twitter_misc":{"\u00c9crit par":"Damien Dellerba","Dur\u00e9e de lecture estim\u00e9e":"1 minute"},"schema":{"@context":"https:\/\/schema.org","@graph":[{"@type":"WebPage","@id":"https:\/\/www.ladiagonale.net\/index.php\/2024\/05\/13\/les-u17-qualifies-en-phase-finale-affronteront-strasbourg\/","url":"https:\/\/www.ladiagonale.net\/index.php\/2024\/05\/13\/les-u17-qualifies-en-phase-finale-affronteront-strasbourg\/","name":"Les U17 qualifi\u00e9s en phase finale - La Diagonale","isPartOf":{"@id":"https:\/\/www.ladiagonale.net\/#website"},"datePublished":"2024-05-13T20:12:29+00:00","dateModified":"2024-05-13T23:12:50+00:00","author":{"@id":"https:\/\/www.ladiagonale.net\/#\/schema\/person\/79ff1e7b0853ed01b2aa26e64ad300bf"},"breadcrumb":{"@id":"https:\/\/www.ladiagonale.net\/index.php\/2024\/05\/13\/les-u17-qualifies-en-phase-finale-affronteront-strasbourg\/#breadcrumb"},"inLanguage":"fr-FR","potentialAction":[{"@type":"ReadAction","target":["https:\/\/www.ladiagonale.net\/index.php\/2024\/05\/13\/les-u17-qualifies-en-phase-finale-affronteront-strasbourg\/"]}]},{"@type":"BreadcrumbList","@id":"https:\/\/www.ladiagonale.net\/index.php\/2024\/05\/13\/les-u17-qualifies-en-phase-finale-affronteront-strasbourg\/#breadcrumb","itemListElement":[{"@type":"ListItem","position":1,"name":"Accueil","item":"https:\/\/www.ladiagonale.net\/"},{"@type":"ListItem","position":2,"name":"Les U17 qualifi\u00e9s en phase finale"}]},{"@type":"WebSite","@id":"https:\/\/www.ladiagonale.net\/#website","url":"https:\/\/www.ladiagonale.net\/","name":"La Diagonale","description":"Le site des supporters de l&#039;AS Monaco FC","potentialAction":[{"@type":"SearchAction","target":{"@type":"EntryPoint","urlTemplate":"https:\/\/www.ladiagonale.net\/?s={search_term_string}"},"query-input":"required name=search_term_string"}],"inLanguage":"fr-FR"},{"@type":"Person","@id":"https:\/\/www.ladiagonale.net\/#\/schema\/person\/79ff1e7b0853ed01b2aa26e64ad300bf","name":"Damien Dellerba","image":{"@type":"ImageObject","inLanguage":"fr-FR","@id":"https:\/\/www.ladiagonale.net\/#\/schema\/person\/image\/","url":"https:\/\/secure.gravatar.com\/avatar\/c7850e06d3ff63cdbaee88b7fc16e2f0?s=96&d=mm&r=g","contentUrl":"https:\/\/secure.gravatar.com\/avatar\/c7850e06d3ff63cdbaee88b7fc16e2f0?s=96&d=mm&r=g","caption":"Damien Dellerba"},"url":"https:\/\/www.ladiagonale.net\/index.php\/author\/damien\/"}]}},"_links":{"self":[{"href":"https:\/\/www.ladiagonale.net\/index.php\/wp-json\/wp\/v2\/posts\/23070"}],"collection":[{"href":"https:\/\/www.ladiagonale.net\/index.php\/wp-json\/wp\/v2\/posts"}],"about":[{"href":"https:\/\/www.ladiagonale.net\/index.php\/wp-json\/wp\/v2\/types\/post"}],"author":[{"embeddable":true,"href":"https:\/\/www.ladiagonale.net\/index.php\/wp-json\/wp\/v2\/users\/2"}],"replies":[{"embeddable":true,"href":"https:\/\/www.ladiagonale.net\/index.php\/wp-json\/wp\/v2\/comments?post=23070"}],"version-history":[{"count":4,"href":"https:\/\/www.ladiagonale.net\/index.php\/wp-json\/wp\/v2\/posts\/23070\/revisions"}],"predecessor-version":[{"id":23076,"href":"https:\/\/www.ladiagonale.net\/index.php\/wp-json\/wp\/v2\/posts\/23070\/revisions\/23076"}],"wp:attachment":[{"href":"https:\/\/www.ladiagonale.net\/index.php\/wp-json\/wp\/v2\/media?parent=23070"}],"wp:term":[{"taxonomy":"category","embeddable":true,"href":"https:\/\/www.ladiagonale.net\/index.php\/wp-json\/wp\/v2\/categories?post=23070"},{"taxonomy":"post_tag","embeddable":true,"href":"https:\/\/www.ladiagonale.net\/index.php\/wp-json\/wp\/v2\/tags?post=23070"}],"curies":[{"name":"wp","href":"https:\/\/api.w.org\/{rel}","templated":true}]}}