{"id":23263,"date":"2024-05-20T01:20:28","date_gmt":"2024-05-19T23:20:28","guid":{"rendered":"https:\/\/www.ladiagonale.net\/?p=23263"},"modified":"2024-05-20T03:12:50","modified_gmt":"2024-05-20T01:12:50","slug":"la-reprise-fixee-au-25-juin","status":"publish","type":"post","link":"https:\/\/www.ladiagonale.net\/index.php\/2024\/05\/20\/la-reprise-fixee-au-25-juin\/","title":{"rendered":"La reprise fix\u00e9e au 25 juin"},"content":{"rendered":"\n<p>Apr\u00e8s avoir fini la saison en trombe contre Nantes (4-0), les Mon\u00e9gasques vont d\u00e9sormais pouvoir profiter de vacances m\u00e9rit\u00e9es, du moins pour ceux qui ne participeront pas \u00e0 l\u2019Euro. Apr\u00e8s un bon mois de coupure, les Rouge et Blanc reprendront le chemin de l\u2019entra\u00eenement le 25 juin. Adi H\u00fctter a confirm\u00e9 la date de la reprise en conf\u00e9rence de presse, ainsi qu\u2019un premier stage en Autriche.<\/p>\n\n\n\n<p>\u00ab\u00a0<em>Ce (dimanche) soir, c\u2019est termin\u00e9. Les joueurs seront libres d\u00e8s demain (lundi) matin. Ils ont m\u00e9rit\u00e9 leurs vacances et auront des programmes individuels. Nous les reverrons aux tests et le premier entra\u00eenement officiel aura lieu le 25 juin. J\u2019esp\u00e8re qu\u2019ils profiteront bien de leurs vacances<\/em> \u00bb, a indiqu\u00e9 l&rsquo;Autrichien. <\/p>\n\n\n\n<p>Pour r\u00e9pondre aux d\u00e9fis que cette nouvelle saison pr\u00e9sentera, avec notamment une participation en Ligue des champions, le retour l\u2019entra\u00eenement se fera une semaine plus t\u00f4t par rapport \u00e0 l\u2019an dernier, m\u00eame si la longueur de la coupure reste \u00e9quivalente (4 semaines environ). L\u2019an dernier, les Mon\u00e9gasques avaient repris le 3 juillet 2023, et sans entra\u00eeneur. Cela devrait \u00eatre diff\u00e9rent cette fois.<\/p>\n","protected":false},"excerpt":{"rendered":"<p>Apr\u00e8s avoir fini la saison en trombe contre Nantes (4-0), les Mon\u00e9gasques vont d\u00e9sormais pouvoir profiter de vacances m\u00e9rit\u00e9es, du moins pour ceux qui ne participeront pas \u00e0 l\u2019Euro. Apr\u00e8s un bon mois de coupure, les Rouge et Blanc reprendront le chemin de l\u2019entra\u00eenement le 25 juin. Adi H\u00fctter a confirm\u00e9 la date de la [&#8230;]\n","protected":false},"author":2,"featured_media":0,"comment_status":"open","ping_status":"open","sticky":false,"template":"","format":"standard","meta":[],"categories":[4,6],"tags":[86,592,594],"yoast_head":"<!-- This site is optimized with the Yoast SEO plugin v19.8 - https:\/\/yoast.com\/wordpress\/plugins\/seo\/ -->\n<title>La reprise fix\u00e9e au 25 juin - La Diagonale<\/title>\n<meta name=\"robots\" content=\"index, follow, max-snippet:-1, max-image-preview:large, max-video-preview:-1\" \/>\n<link rel=\"canonical\" href=\"https:\/\/www.ladiagonale.net\/index.php\/2024\/05\/20\/la-reprise-fixee-au-25-juin\/\" \/>\n<meta property=\"og:locale\" content=\"fr_FR\" \/>\n<meta property=\"og:type\" content=\"article\" \/>\n<meta property=\"og:title\" content=\"La reprise fix\u00e9e au 25 juin - La Diagonale\" \/>\n<meta property=\"og:description\" content=\"Apr\u00e8s avoir fini la saison en trombe contre Nantes (4-0), les Mon\u00e9gasques vont d\u00e9sormais pouvoir profiter de vacances m\u00e9rit\u00e9es, du moins pour ceux qui ne participeront pas \u00e0 l\u2019Euro. Apr\u00e8s un bon mois de coupure, les Rouge et Blanc reprendront le chemin de l\u2019entra\u00eenement le 25 juin. Adi H\u00fctter a confirm\u00e9 la date de la [...]\" \/>\n<meta property=\"og:url\" content=\"https:\/\/www.ladiagonale.net\/index.php\/2024\/05\/20\/la-reprise-fixee-au-25-juin\/\" \/>\n<meta property=\"og:site_name\" content=\"La Diagonale\" \/>\n<meta property=\"article:published_time\" content=\"2024-05-19T23:20:28+00:00\" \/>\n<meta property=\"article:modified_time\" content=\"2024-05-20T01:12:50+00:00\" \/>\n<meta property=\"og:image\" content=\"https:\/\/www.ladiagonale.net\/wp-content\/uploads\/2023\/07\/hu\u0308tter2.png\" \/>\n\t<meta property=\"og:image:width\" content=\"1160\" \/>\n\t<meta property=\"og:image:height\" content=\"650\" \/>\n\t<meta property=\"og:image:type\" content=\"image\/png\" \/>\n<meta name=\"author\" content=\"Damien Dellerba\" \/>\n<meta name=\"twitter:card\" content=\"summary_large_image\" \/>\n<meta name=\"twitter:image\" content=\"https:\/\/www.ladiagonale.net\/wp-content\/uploads\/2023\/07\/hu\u0308tter2.png\" \/>\n<meta name=\"twitter:label1\" content=\"\u00c9crit par\" \/>\n\t<meta name=\"twitter:data1\" content=\"Damien Dellerba\" \/>\n\t<meta name=\"twitter:label2\" content=\"Dur\u00e9e de lecture estim\u00e9e\" \/>\n\t<meta name=\"twitter:data2\" content=\"1 minute\" \/>\n<script type=\"application\/ld+json\" class=\"yoast-schema-graph\">{\"@context\":\"https:\/\/schema.org\",\"@graph\":[{\"@type\":\"WebPage\",\"@id\":\"https:\/\/www.ladiagonale.net\/index.php\/2024\/05\/20\/la-reprise-fixee-au-25-juin\/\",\"url\":\"https:\/\/www.ladiagonale.net\/index.php\/2024\/05\/20\/la-reprise-fixee-au-25-juin\/\",\"name\":\"La reprise fix\u00e9e au 25 juin - La Diagonale\",\"isPartOf\":{\"@id\":\"https:\/\/www.ladiagonale.net\/#website\"},\"datePublished\":\"2024-05-19T23:20:28+00:00\",\"dateModified\":\"2024-05-20T01:12:50+00:00\",\"author\":{\"@id\":\"https:\/\/www.ladiagonale.net\/#\/schema\/person\/79ff1e7b0853ed01b2aa26e64ad300bf\"},\"breadcrumb\":{\"@id\":\"https:\/\/www.ladiagonale.net\/index.php\/2024\/05\/20\/la-reprise-fixee-au-25-juin\/#breadcrumb\"},\"inLanguage\":\"fr-FR\",\"potentialAction\":[{\"@type\":\"ReadAction\",\"target\":[\"https:\/\/www.ladiagonale.net\/index.php\/2024\/05\/20\/la-reprise-fixee-au-25-juin\/\"]}]},{\"@type\":\"BreadcrumbList\",\"@id\":\"https:\/\/www.ladiagonale.net\/index.php\/2024\/05\/20\/la-reprise-fixee-au-25-juin\/#breadcrumb\",\"itemListElement\":[{\"@type\":\"ListItem\",\"position\":1,\"name\":\"Accueil\",\"item\":\"https:\/\/www.ladiagonale.net\/\"},{\"@type\":\"ListItem\",\"position\":2,\"name\":\"La reprise fix\u00e9e au 25 juin\"}]},{\"@type\":\"WebSite\",\"@id\":\"https:\/\/www.ladiagonale.net\/#website\",\"url\":\"https:\/\/www.ladiagonale.net\/\",\"name\":\"La Diagonale\",\"description\":\"Le site des supporters de l&#039;AS Monaco FC\",\"potentialAction\":[{\"@type\":\"SearchAction\",\"target\":{\"@type\":\"EntryPoint\",\"urlTemplate\":\"https:\/\/www.ladiagonale.net\/?s={search_term_string}\"},\"query-input\":\"required name=search_term_string\"}],\"inLanguage\":\"fr-FR\"},{\"@type\":\"Person\",\"@id\":\"https:\/\/www.ladiagonale.net\/#\/schema\/person\/79ff1e7b0853ed01b2aa26e64ad300bf\",\"name\":\"Damien Dellerba\",\"image\":{\"@type\":\"ImageObject\",\"inLanguage\":\"fr-FR\",\"@id\":\"https:\/\/www.ladiagonale.net\/#\/schema\/person\/image\/\",\"url\":\"https:\/\/secure.gravatar.com\/avatar\/c7850e06d3ff63cdbaee88b7fc16e2f0?s=96&d=mm&r=g\",\"contentUrl\":\"https:\/\/secure.gravatar.com\/avatar\/c7850e06d3ff63cdbaee88b7fc16e2f0?s=96&d=mm&r=g\",\"caption\":\"Damien Dellerba\"},\"url\":\"https:\/\/www.ladiagonale.net\/index.php\/author\/damien\/\"}]}<\/script>\n<!-- \/ Yoast SEO plugin. -->","yoast_head_json":{"title":"La reprise fix\u00e9e au 25 juin - La Diagonale","robots":{"index":"index","follow":"follow","max-snippet":"max-snippet:-1","max-image-preview":"max-image-preview:large","max-video-preview":"max-video-preview:-1"},"canonical":"https:\/\/www.ladiagonale.net\/index.php\/2024\/05\/20\/la-reprise-fixee-au-25-juin\/","og_locale":"fr_FR","og_type":"article","og_title":"La reprise fix\u00e9e au 25 juin - La Diagonale","og_description":"Apr\u00e8s avoir fini la saison en trombe contre Nantes (4-0), les Mon\u00e9gasques vont d\u00e9sormais pouvoir profiter de vacances m\u00e9rit\u00e9es, du moins pour ceux qui ne participeront pas \u00e0 l\u2019Euro. Apr\u00e8s un bon mois de coupure, les Rouge et Blanc reprendront le chemin de l\u2019entra\u00eenement le 25 juin. Adi H\u00fctter a confirm\u00e9 la date de la [...]","og_url":"https:\/\/www.ladiagonale.net\/index.php\/2024\/05\/20\/la-reprise-fixee-au-25-juin\/","og_site_name":"La Diagonale","article_published_time":"2024-05-19T23:20:28+00:00","article_modified_time":"2024-05-20T01:12:50+00:00","og_image":[{"width":1160,"height":650,"url":"https:\/\/www.ladiagonale.net\/wp-content\/uploads\/2023\/07\/hu\u0308tter2.png","type":"image\/png"}],"author":"Damien Dellerba","twitter_card":"summary_large_image","twitter_image":"https:\/\/www.ladiagonale.net\/wp-content\/uploads\/2023\/07\/hu\u0308tter2.png","twitter_misc":{"\u00c9crit par":"Damien Dellerba","Dur\u00e9e de lecture estim\u00e9e":"1 minute"},"schema":{"@context":"https:\/\/schema.org","@graph":[{"@type":"WebPage","@id":"https:\/\/www.ladiagonale.net\/index.php\/2024\/05\/20\/la-reprise-fixee-au-25-juin\/","url":"https:\/\/www.ladiagonale.net\/index.php\/2024\/05\/20\/la-reprise-fixee-au-25-juin\/","name":"La reprise fix\u00e9e au 25 juin - La Diagonale","isPartOf":{"@id":"https:\/\/www.ladiagonale.net\/#website"},"datePublished":"2024-05-19T23:20:28+00:00","dateModified":"2024-05-20T01:12:50+00:00","author":{"@id":"https:\/\/www.ladiagonale.net\/#\/schema\/person\/79ff1e7b0853ed01b2aa26e64ad300bf"},"breadcrumb":{"@id":"https:\/\/www.ladiagonale.net\/index.php\/2024\/05\/20\/la-reprise-fixee-au-25-juin\/#breadcrumb"},"inLanguage":"fr-FR","potentialAction":[{"@type":"ReadAction","target":["https:\/\/www.ladiagonale.net\/index.php\/2024\/05\/20\/la-reprise-fixee-au-25-juin\/"]}]},{"@type":"BreadcrumbList","@id":"https:\/\/www.ladiagonale.net\/index.php\/2024\/05\/20\/la-reprise-fixee-au-25-juin\/#breadcrumb","itemListElement":[{"@type":"ListItem","position":1,"name":"Accueil","item":"https:\/\/www.ladiagonale.net\/"},{"@type":"ListItem","position":2,"name":"La reprise fix\u00e9e au 25 juin"}]},{"@type":"WebSite","@id":"https:\/\/www.ladiagonale.net\/#website","url":"https:\/\/www.ladiagonale.net\/","name":"La Diagonale","description":"Le site des supporters de l&#039;AS Monaco FC","potentialAction":[{"@type":"SearchAction","target":{"@type":"EntryPoint","urlTemplate":"https:\/\/www.ladiagonale.net\/?s={search_term_string}"},"query-input":"required name=search_term_string"}],"inLanguage":"fr-FR"},{"@type":"Person","@id":"https:\/\/www.ladiagonale.net\/#\/schema\/person\/79ff1e7b0853ed01b2aa26e64ad300bf","name":"Damien Dellerba","image":{"@type":"ImageObject","inLanguage":"fr-FR","@id":"https:\/\/www.ladiagonale.net\/#\/schema\/person\/image\/","url":"https:\/\/secure.gravatar.com\/avatar\/c7850e06d3ff63cdbaee88b7fc16e2f0?s=96&d=mm&r=g","contentUrl":"https:\/\/secure.gravatar.com\/avatar\/c7850e06d3ff63cdbaee88b7fc16e2f0?s=96&d=mm&r=g","caption":"Damien Dellerba"},"url":"https:\/\/www.ladiagonale.net\/index.php\/author\/damien\/"}]}},"_links":{"self":[{"href":"https:\/\/www.ladiagonale.net\/index.php\/wp-json\/wp\/v2\/posts\/23263"}],"collection":[{"href":"https:\/\/www.ladiagonale.net\/index.php\/wp-json\/wp\/v2\/posts"}],"about":[{"href":"https:\/\/www.ladiagonale.net\/index.php\/wp-json\/wp\/v2\/types\/post"}],"author":[{"embeddable":true,"href":"https:\/\/www.ladiagonale.net\/index.php\/wp-json\/wp\/v2\/users\/2"}],"replies":[{"embeddable":true,"href":"https:\/\/www.ladiagonale.net\/index.php\/wp-json\/wp\/v2\/comments?post=23263"}],"version-history":[{"count":3,"href":"https:\/\/www.ladiagonale.net\/index.php\/wp-json\/wp\/v2\/posts\/23263\/revisions"}],"predecessor-version":[{"id":23273,"href":"https:\/\/www.ladiagonale.net\/index.php\/wp-json\/wp\/v2\/posts\/23263\/revisions\/23273"}],"wp:attachment":[{"href":"https:\/\/www.ladiagonale.net\/index.php\/wp-json\/wp\/v2\/media?parent=23263"}],"wp:term":[{"taxonomy":"category","embeddable":true,"href":"https:\/\/www.ladiagonale.net\/index.php\/wp-json\/wp\/v2\/categories?post=23263"},{"taxonomy":"post_tag","embeddable":true,"href":"https:\/\/www.ladiagonale.net\/index.php\/wp-json\/wp\/v2\/tags?post=23263"}],"curies":[{"name":"wp","href":"https:\/\/api.w.org\/{rel}","templated":true}]}}