{"id":23354,"date":"2024-05-21T14:51:33","date_gmt":"2024-05-21T12:51:33","guid":{"rendered":"https:\/\/www.ladiagonale.net\/?p=23354"},"modified":"2024-05-21T14:51:34","modified_gmt":"2024-05-21T12:51:34","slug":"decision-attendue-en-fin-de-semaine-pour-une-prolongation-de-ben-yedder","status":"publish","type":"post","link":"https:\/\/www.ladiagonale.net\/index.php\/2024\/05\/21\/decision-attendue-en-fin-de-semaine-pour-une-prolongation-de-ben-yedder\/","title":{"rendered":"D\u00e9cision attendue en fin de semaine pour une prolongation de Ben Yedder"},"content":{"rendered":"\n<p>Interrog\u00e9 ce mardi par plusieurs m\u00e9dias, dont <em>RMC Sport<\/em>, Thiago Scuro a \u00e9voqu\u00e9 la possible prolongation de Wissam Ben Yedder \u00e0 l\u2019AS Monaco. Le Directeur g\u00e9n\u00e9ral n\u2019en a pas r\u00e9v\u00e9l\u00e9 plus que les derni\u00e8res semaines sur les intentions du club mais il a surtout donn\u00e9 plus d\u2019\u00e9l\u00e9ments sur le timing. Les deux parties se donnent notamment jusqu\u2019\u00e0 la fin de la semaine pour prendre une d\u00e9cision. Les deux hommes se sont notamment rencontr\u00e9s lundi, pour d\u00e9briefer la saison, et auront une nouvelle r\u00e9union ce mardi.<\/p>\n\n\n\n<p>\u00ab\u00a0<em>Nous allons avoir une autre r\u00e9union aujourd\u2019hui (mardi) et comme je l\u2019ai toujours dit, c\u2019est une d\u00e9cision que nous prendrons ensemble, pas seulement celle du club pour une prolongation de contrat. Wissam prend aussi beaucoup de choses en consid\u00e9ration, pour sa carri\u00e8re et son futur, et nous esp\u00e9rons avoir une derni\u00e8re discussion et une d\u00e9cision d\u2019ici la fin de la semaine. Jusqu\u2019ici, nous avons eu des \u00e9changes positifs. Peu importe qu&rsquo;il prolonge ou non, les deux parties veulent faire \u00e7a avec respect parce que son histoire avec le club est magnifique et qu&rsquo;il faudra la c\u00e9l\u00e9brer car \u00e7a restera pour toujours.<\/em>\u00a0\u00bb<\/p>\n\n\n\n<p>Le Br\u00e9silien a aussi indiqu\u00e9 que sa situation personnelle et sa mise en examen allaient avoir une influence dans les n\u00e9gociations, tous comme la question salariale : \u00ab<em>\u00a0J\u2019imagine que pour lui (sa mise en examen) cela a une influence. C\u2019est une affaire personnelle mais pour \u00eatre honn\u00eate, nous suivons cela de pr\u00e8s avec lui. Et c\u2019est un sujet qui fait partie des discussions. La question financi\u00e8re fait aussi partie des n\u00e9gociations, comme pour tous les contrats. Cela ne fera pas exception.<\/em>\u00a0\u00bb<\/p>\n\n\n","protected":false},"excerpt":{"rendered":"<p>Interrog\u00e9 ce mardi par plusieurs m\u00e9dias, dont RMC Sport, Thiago Scuro a \u00e9voqu\u00e9 la possible prolongation de Wissam Ben Yedder \u00e0 l\u2019AS Monaco. Le Directeur g\u00e9n\u00e9ral n\u2019en a pas r\u00e9v\u00e9l\u00e9 plus que les derni\u00e8res semaines sur les intentions du club mais il a surtout donn\u00e9 plus d\u2019\u00e9l\u00e9ments sur le timing. Les deux parties se donnent [&#8230;]\n","protected":false},"author":2,"featured_media":0,"comment_status":"open","ping_status":"open","sticky":false,"template":"","format":"standard","meta":[],"categories":[6],"tags":[86,186,479,175],"yoast_head":"<!-- This site is optimized with the Yoast SEO plugin v19.8 - https:\/\/yoast.com\/wordpress\/plugins\/seo\/ -->\n<title>D\u00e9cision attendue en fin de semaine pour une prolongation de Ben Yedder - La Diagonale<\/title>\n<meta name=\"robots\" content=\"index, follow, max-snippet:-1, max-image-preview:large, max-video-preview:-1\" \/>\n<link rel=\"canonical\" href=\"https:\/\/www.ladiagonale.net\/index.php\/2024\/05\/21\/decision-attendue-en-fin-de-semaine-pour-une-prolongation-de-ben-yedder\/\" \/>\n<meta property=\"og:locale\" content=\"fr_FR\" \/>\n<meta property=\"og:type\" content=\"article\" \/>\n<meta property=\"og:title\" content=\"D\u00e9cision attendue en fin de semaine pour une prolongation de Ben Yedder - La Diagonale\" \/>\n<meta property=\"og:description\" content=\"Interrog\u00e9 ce mardi par plusieurs m\u00e9dias, dont RMC Sport, Thiago Scuro a \u00e9voqu\u00e9 la possible prolongation de Wissam Ben Yedder \u00e0 l\u2019AS Monaco. Le Directeur g\u00e9n\u00e9ral n\u2019en a pas r\u00e9v\u00e9l\u00e9 plus que les derni\u00e8res semaines sur les intentions du club mais il a surtout donn\u00e9 plus d\u2019\u00e9l\u00e9ments sur le timing. Les deux parties se donnent [...]\" \/>\n<meta property=\"og:url\" content=\"https:\/\/www.ladiagonale.net\/index.php\/2024\/05\/21\/decision-attendue-en-fin-de-semaine-pour-une-prolongation-de-ben-yedder\/\" \/>\n<meta property=\"og:site_name\" content=\"La Diagonale\" \/>\n<meta property=\"article:published_time\" content=\"2024-05-21T12:51:33+00:00\" \/>\n<meta property=\"article:modified_time\" content=\"2024-05-21T12:51:34+00:00\" \/>\n<meta property=\"og:image\" content=\"https:\/\/www.ladiagonale.net\/wp-content\/uploads\/2023\/07\/BenYedder.png\" \/>\n\t<meta property=\"og:image:width\" content=\"1160\" \/>\n\t<meta property=\"og:image:height\" content=\"650\" \/>\n\t<meta property=\"og:image:type\" content=\"image\/png\" \/>\n<meta name=\"author\" content=\"Damien Dellerba\" \/>\n<meta name=\"twitter:card\" content=\"summary_large_image\" \/>\n<meta name=\"twitter:image\" content=\"https:\/\/www.ladiagonale.net\/wp-content\/uploads\/2023\/07\/BenYedder.png\" \/>\n<meta name=\"twitter:label1\" content=\"\u00c9crit par\" \/>\n\t<meta name=\"twitter:data1\" content=\"Damien Dellerba\" \/>\n\t<meta name=\"twitter:label2\" content=\"Dur\u00e9e de lecture estim\u00e9e\" \/>\n\t<meta name=\"twitter:data2\" content=\"2 minutes\" \/>\n<script type=\"application\/ld+json\" class=\"yoast-schema-graph\">{\"@context\":\"https:\/\/schema.org\",\"@graph\":[{\"@type\":\"WebPage\",\"@id\":\"https:\/\/www.ladiagonale.net\/index.php\/2024\/05\/21\/decision-attendue-en-fin-de-semaine-pour-une-prolongation-de-ben-yedder\/\",\"url\":\"https:\/\/www.ladiagonale.net\/index.php\/2024\/05\/21\/decision-attendue-en-fin-de-semaine-pour-une-prolongation-de-ben-yedder\/\",\"name\":\"D\u00e9cision attendue en fin de semaine pour une prolongation de Ben Yedder - La Diagonale\",\"isPartOf\":{\"@id\":\"https:\/\/www.ladiagonale.net\/#website\"},\"datePublished\":\"2024-05-21T12:51:33+00:00\",\"dateModified\":\"2024-05-21T12:51:34+00:00\",\"author\":{\"@id\":\"https:\/\/www.ladiagonale.net\/#\/schema\/person\/79ff1e7b0853ed01b2aa26e64ad300bf\"},\"breadcrumb\":{\"@id\":\"https:\/\/www.ladiagonale.net\/index.php\/2024\/05\/21\/decision-attendue-en-fin-de-semaine-pour-une-prolongation-de-ben-yedder\/#breadcrumb\"},\"inLanguage\":\"fr-FR\",\"potentialAction\":[{\"@type\":\"ReadAction\",\"target\":[\"https:\/\/www.ladiagonale.net\/index.php\/2024\/05\/21\/decision-attendue-en-fin-de-semaine-pour-une-prolongation-de-ben-yedder\/\"]}]},{\"@type\":\"BreadcrumbList\",\"@id\":\"https:\/\/www.ladiagonale.net\/index.php\/2024\/05\/21\/decision-attendue-en-fin-de-semaine-pour-une-prolongation-de-ben-yedder\/#breadcrumb\",\"itemListElement\":[{\"@type\":\"ListItem\",\"position\":1,\"name\":\"Accueil\",\"item\":\"https:\/\/www.ladiagonale.net\/\"},{\"@type\":\"ListItem\",\"position\":2,\"name\":\"D\u00e9cision attendue en fin de semaine pour une prolongation de Ben Yedder\"}]},{\"@type\":\"WebSite\",\"@id\":\"https:\/\/www.ladiagonale.net\/#website\",\"url\":\"https:\/\/www.ladiagonale.net\/\",\"name\":\"La Diagonale\",\"description\":\"Le site des supporters de l&#039;AS Monaco FC\",\"potentialAction\":[{\"@type\":\"SearchAction\",\"target\":{\"@type\":\"EntryPoint\",\"urlTemplate\":\"https:\/\/www.ladiagonale.net\/?s={search_term_string}\"},\"query-input\":\"required name=search_term_string\"}],\"inLanguage\":\"fr-FR\"},{\"@type\":\"Person\",\"@id\":\"https:\/\/www.ladiagonale.net\/#\/schema\/person\/79ff1e7b0853ed01b2aa26e64ad300bf\",\"name\":\"Damien Dellerba\",\"image\":{\"@type\":\"ImageObject\",\"inLanguage\":\"fr-FR\",\"@id\":\"https:\/\/www.ladiagonale.net\/#\/schema\/person\/image\/\",\"url\":\"https:\/\/secure.gravatar.com\/avatar\/c7850e06d3ff63cdbaee88b7fc16e2f0?s=96&d=mm&r=g\",\"contentUrl\":\"https:\/\/secure.gravatar.com\/avatar\/c7850e06d3ff63cdbaee88b7fc16e2f0?s=96&d=mm&r=g\",\"caption\":\"Damien Dellerba\"},\"url\":\"https:\/\/www.ladiagonale.net\/index.php\/author\/damien\/\"}]}<\/script>\n<!-- \/ Yoast SEO plugin. -->","yoast_head_json":{"title":"D\u00e9cision attendue en fin de semaine pour une prolongation de Ben Yedder - La Diagonale","robots":{"index":"index","follow":"follow","max-snippet":"max-snippet:-1","max-image-preview":"max-image-preview:large","max-video-preview":"max-video-preview:-1"},"canonical":"https:\/\/www.ladiagonale.net\/index.php\/2024\/05\/21\/decision-attendue-en-fin-de-semaine-pour-une-prolongation-de-ben-yedder\/","og_locale":"fr_FR","og_type":"article","og_title":"D\u00e9cision attendue en fin de semaine pour une prolongation de Ben Yedder - La Diagonale","og_description":"Interrog\u00e9 ce mardi par plusieurs m\u00e9dias, dont RMC Sport, Thiago Scuro a \u00e9voqu\u00e9 la possible prolongation de Wissam Ben Yedder \u00e0 l\u2019AS Monaco. Le Directeur g\u00e9n\u00e9ral n\u2019en a pas r\u00e9v\u00e9l\u00e9 plus que les derni\u00e8res semaines sur les intentions du club mais il a surtout donn\u00e9 plus d\u2019\u00e9l\u00e9ments sur le timing. Les deux parties se donnent [...]","og_url":"https:\/\/www.ladiagonale.net\/index.php\/2024\/05\/21\/decision-attendue-en-fin-de-semaine-pour-une-prolongation-de-ben-yedder\/","og_site_name":"La Diagonale","article_published_time":"2024-05-21T12:51:33+00:00","article_modified_time":"2024-05-21T12:51:34+00:00","og_image":[{"width":1160,"height":650,"url":"https:\/\/www.ladiagonale.net\/wp-content\/uploads\/2023\/07\/BenYedder.png","type":"image\/png"}],"author":"Damien Dellerba","twitter_card":"summary_large_image","twitter_image":"https:\/\/www.ladiagonale.net\/wp-content\/uploads\/2023\/07\/BenYedder.png","twitter_misc":{"\u00c9crit par":"Damien Dellerba","Dur\u00e9e de lecture estim\u00e9e":"2 minutes"},"schema":{"@context":"https:\/\/schema.org","@graph":[{"@type":"WebPage","@id":"https:\/\/www.ladiagonale.net\/index.php\/2024\/05\/21\/decision-attendue-en-fin-de-semaine-pour-une-prolongation-de-ben-yedder\/","url":"https:\/\/www.ladiagonale.net\/index.php\/2024\/05\/21\/decision-attendue-en-fin-de-semaine-pour-une-prolongation-de-ben-yedder\/","name":"D\u00e9cision attendue en fin de semaine pour une prolongation de Ben Yedder - La Diagonale","isPartOf":{"@id":"https:\/\/www.ladiagonale.net\/#website"},"datePublished":"2024-05-21T12:51:33+00:00","dateModified":"2024-05-21T12:51:34+00:00","author":{"@id":"https:\/\/www.ladiagonale.net\/#\/schema\/person\/79ff1e7b0853ed01b2aa26e64ad300bf"},"breadcrumb":{"@id":"https:\/\/www.ladiagonale.net\/index.php\/2024\/05\/21\/decision-attendue-en-fin-de-semaine-pour-une-prolongation-de-ben-yedder\/#breadcrumb"},"inLanguage":"fr-FR","potentialAction":[{"@type":"ReadAction","target":["https:\/\/www.ladiagonale.net\/index.php\/2024\/05\/21\/decision-attendue-en-fin-de-semaine-pour-une-prolongation-de-ben-yedder\/"]}]},{"@type":"BreadcrumbList","@id":"https:\/\/www.ladiagonale.net\/index.php\/2024\/05\/21\/decision-attendue-en-fin-de-semaine-pour-une-prolongation-de-ben-yedder\/#breadcrumb","itemListElement":[{"@type":"ListItem","position":1,"name":"Accueil","item":"https:\/\/www.ladiagonale.net\/"},{"@type":"ListItem","position":2,"name":"D\u00e9cision attendue en fin de semaine pour une prolongation de Ben Yedder"}]},{"@type":"WebSite","@id":"https:\/\/www.ladiagonale.net\/#website","url":"https:\/\/www.ladiagonale.net\/","name":"La Diagonale","description":"Le site des supporters de l&#039;AS Monaco FC","potentialAction":[{"@type":"SearchAction","target":{"@type":"EntryPoint","urlTemplate":"https:\/\/www.ladiagonale.net\/?s={search_term_string}"},"query-input":"required name=search_term_string"}],"inLanguage":"fr-FR"},{"@type":"Person","@id":"https:\/\/www.ladiagonale.net\/#\/schema\/person\/79ff1e7b0853ed01b2aa26e64ad300bf","name":"Damien Dellerba","image":{"@type":"ImageObject","inLanguage":"fr-FR","@id":"https:\/\/www.ladiagonale.net\/#\/schema\/person\/image\/","url":"https:\/\/secure.gravatar.com\/avatar\/c7850e06d3ff63cdbaee88b7fc16e2f0?s=96&d=mm&r=g","contentUrl":"https:\/\/secure.gravatar.com\/avatar\/c7850e06d3ff63cdbaee88b7fc16e2f0?s=96&d=mm&r=g","caption":"Damien Dellerba"},"url":"https:\/\/www.ladiagonale.net\/index.php\/author\/damien\/"}]}},"_links":{"self":[{"href":"https:\/\/www.ladiagonale.net\/index.php\/wp-json\/wp\/v2\/posts\/23354"}],"collection":[{"href":"https:\/\/www.ladiagonale.net\/index.php\/wp-json\/wp\/v2\/posts"}],"about":[{"href":"https:\/\/www.ladiagonale.net\/index.php\/wp-json\/wp\/v2\/types\/post"}],"author":[{"embeddable":true,"href":"https:\/\/www.ladiagonale.net\/index.php\/wp-json\/wp\/v2\/users\/2"}],"replies":[{"embeddable":true,"href":"https:\/\/www.ladiagonale.net\/index.php\/wp-json\/wp\/v2\/comments?post=23354"}],"version-history":[{"count":1,"href":"https:\/\/www.ladiagonale.net\/index.php\/wp-json\/wp\/v2\/posts\/23354\/revisions"}],"predecessor-version":[{"id":23355,"href":"https:\/\/www.ladiagonale.net\/index.php\/wp-json\/wp\/v2\/posts\/23354\/revisions\/23355"}],"wp:attachment":[{"href":"https:\/\/www.ladiagonale.net\/index.php\/wp-json\/wp\/v2\/media?parent=23354"}],"wp:term":[{"taxonomy":"category","embeddable":true,"href":"https:\/\/www.ladiagonale.net\/index.php\/wp-json\/wp\/v2\/categories?post=23354"},{"taxonomy":"post_tag","embeddable":true,"href":"https:\/\/www.ladiagonale.net\/index.php\/wp-json\/wp\/v2\/tags?post=23354"}],"curies":[{"name":"wp","href":"https:\/\/api.w.org\/{rel}","templated":true}]}}