{"id":23357,"date":"2024-05-21T15:20:51","date_gmt":"2024-05-21T13:20:51","guid":{"rendered":"https:\/\/www.ladiagonale.net\/?p=23357"},"modified":"2024-05-21T15:21:29","modified_gmt":"2024-05-21T13:21:29","slug":"homophobie-monaco-ne-soutient-pas-camara-sur-cette-affaire","status":"publish","type":"post","link":"https:\/\/www.ladiagonale.net\/index.php\/2024\/05\/21\/homophobie-monaco-ne-soutient-pas-camara-sur-cette-affaire\/","title":{"rendered":"Homophobie : Monaco \u00ab ne soutient\u00a0pas\u00a0\u00bb Camara sur cette affaire"},"content":{"rendered":"\n\n\n<p>Mohamed Camara et l\u2019AS Monaco sont dans la tourmente, <a href=\"https:\/\/www.ladiagonale.net\/index.php\/2024\/05\/20\/apres-la-polemique-camara-hutter-promet-une-discussion\/\" target=\"_blank\" rel=\"noreferrer noopener\">apr\u00e8s le refus du joueur de s\u2019afficher dans les actions de la Ligue contre l\u2019homophobie<\/a>. Thiago Scuro s\u2019est d\u00e9solidaris\u00e9 du joueur et annonc\u00e9 qu\u2019il s\u2019\u00e9tait excus\u00e9 aupr\u00e8s de la LFP : \u00ab\u00a0<em>Le club soutient l&rsquo;action de la Ligue. J&rsquo;ai appel\u00e9 hier (lundi) matin Arnaud Rouger (le directeur g\u00e9n\u00e9ral de la LFP) pour pr\u00e9senter nos excuses au nom du club. \u00ab\u00a0Mo\u00a0\u00bb a fait cela pour des raisons religieuses. On respecte toutes les religions, mais on est vraiment tr\u00e8s tristes de cette affaire et on ne le soutient pas l\u00e0-dessus<\/em>. \u00bb<\/p>\n\n\n\n<p>Pour le directeur g\u00e9n\u00e9ral as\u00e9miste, cet \u00e9pisode et cette pol\u00e9mique ne refl\u00e8tent pas le travail r\u00e9alis\u00e9 au quotidien par le club, notamment dans la sensibilisation de ses jeunes joueurs du centre de formation concernant les discriminations dans la soci\u00e9t\u00e9 : \u00ab<em>&nbsp;Cet \u00e9pisode ne doit pas entacher l&rsquo;image du club, qui fait \u00e9norm\u00e9ment de belles choses. On est vraiment engag\u00e9s sur ces sujets. Un pareil cas ne se reproduira pas la saison prochaine.&nbsp;<\/em>\u00bb<\/p>\n\n\n\n<blockquote class=\"wp-block-quote\"><p>\u00ab&nbsp;<em>On ne va pas contr\u00f4ler tous les joueurs avant qu\u2019ils entrent sur le terrain<\/em>&nbsp;\u00bb<\/p><\/blockquote>\n\n\n\n<p>La question d\u2019une sanction envers le joueur a \u00e9t\u00e9 pos\u00e9e mais Scuro a pr\u00e9f\u00e9r\u00e9 ne pas s\u2019\u00e9pancher : \u00ab&nbsp;<em>On ne va pas en parler publiquement, on va r\u00e9gler cela en interne.<\/em>&nbsp;\u00bb Il a \u00e9t\u00e9 \u00e9galement \u00e9t\u00e9 demand\u00e9 pourquoi le joueur avait pu jouer avec du sparadrap recouvrant les flocages de la LFP. La justification de Thiago Scuro appara\u00eet un peu l\u00e9g\u00e8re : \u00ab&nbsp;<em>On ne va pas contr\u00f4ler tous les joueurs avant qu&rsquo;ils entrent sur le terrain. Cet \u00e9pisode, ce n&rsquo;est pas l&rsquo;AS Monaco, c&rsquo;\u00e9tait une d\u00e9cision individuelle.<\/em>&nbsp;\u00bb<\/p>\n\n\n\n<p>Lundi, <a href=\"https:\/\/www.ladiagonale.net\/index.php\/2024\/05\/20\/homophobie-la-ministre-des-sports-veut-sanctionner-camara-et-monaco\/\" target=\"_blank\" rel=\"noreferrer noopener\">deux ministres du Gouvernement fran\u00e7ais<\/a> ont mis la pression sur la Ligue afin de r\u00e9clamer des sanctions pour le joueur et le club, et celle-ci <a href=\"https:\/\/www.ladiagonale.net\/index.php\/2024\/05\/21\/la-lfp-va-se-pencher-sur-le-cas-camara\/\" target=\"_blank\" rel=\"noreferrer noopener\">s\u2019est empar\u00e9e du dossier<\/a> selon les derni\u00e8res informations de <em>L\u2019\u00c9quipe<\/em>. Thiago Scuro ne craint pas une sanction contre le club mais esp\u00e8re que cela n&rsquo;ira pas plus loin : \u00ab <em>Peur, non. On esp\u00e8re que cela n&rsquo;arrivera pas. De mon point de vue, ce ne serait pas juste. On fera notre travail pour pr\u00e9server le plus possible les int\u00e9r\u00eats du club.<\/em>\u00a0\u00bb<\/p>\n\n\n\n<p>Source : <em>L&rsquo;\u00c9quipe<\/em><\/p>\n","protected":false},"excerpt":{"rendered":"<p>Mohamed Camara et l\u2019AS Monaco sont dans la tourmente, apr\u00e8s le refus du joueur de s\u2019afficher dans les actions de la Ligue contre l\u2019homophobie. Thiago Scuro s\u2019est d\u00e9solidaris\u00e9 du joueur et annonc\u00e9 qu\u2019il s\u2019\u00e9tait excus\u00e9 aupr\u00e8s de la LFP : \u00ab\u00a0Le club soutient l&rsquo;action de la Ligue. J&rsquo;ai appel\u00e9 hier (lundi) matin Arnaud Rouger (le [&#8230;]\n","protected":false},"author":2,"featured_media":0,"comment_status":"open","ping_status":"open","sticky":false,"template":"","format":"standard","meta":[],"categories":[4,6],"tags":[86,838,94,143,158,479],"yoast_head":"<!-- This site is optimized with the Yoast SEO plugin v19.8 - https:\/\/yoast.com\/wordpress\/plugins\/seo\/ -->\n<title>Homophobie : Monaco \u00ab ne soutient\u00a0pas\u00a0\u00bb Camara sur cette affaire - La Diagonale<\/title>\n<meta name=\"robots\" content=\"index, follow, max-snippet:-1, max-image-preview:large, max-video-preview:-1\" \/>\n<link rel=\"canonical\" href=\"https:\/\/www.ladiagonale.net\/index.php\/2024\/05\/21\/homophobie-monaco-ne-soutient-pas-camara-sur-cette-affaire\/\" \/>\n<meta property=\"og:locale\" content=\"fr_FR\" \/>\n<meta property=\"og:type\" content=\"article\" \/>\n<meta property=\"og:title\" content=\"Homophobie : Monaco \u00ab ne soutient\u00a0pas\u00a0\u00bb Camara sur cette affaire - La Diagonale\" \/>\n<meta property=\"og:description\" content=\"Mohamed Camara et l\u2019AS Monaco sont dans la tourmente, apr\u00e8s le refus du joueur de s\u2019afficher dans les actions de la Ligue contre l\u2019homophobie. Thiago Scuro s\u2019est d\u00e9solidaris\u00e9 du joueur et annonc\u00e9 qu\u2019il s\u2019\u00e9tait excus\u00e9 aupr\u00e8s de la LFP : \u00ab\u00a0Le club soutient l&rsquo;action de la Ligue. J&rsquo;ai appel\u00e9 hier (lundi) matin Arnaud Rouger (le [...]\" \/>\n<meta property=\"og:url\" content=\"https:\/\/www.ladiagonale.net\/index.php\/2024\/05\/21\/homophobie-monaco-ne-soutient-pas-camara-sur-cette-affaire\/\" \/>\n<meta property=\"og:site_name\" content=\"La Diagonale\" \/>\n<meta property=\"article:published_time\" content=\"2024-05-21T13:20:51+00:00\" \/>\n<meta property=\"article:modified_time\" content=\"2024-05-21T13:21:29+00:00\" \/>\n<meta property=\"og:image\" content=\"https:\/\/www.ladiagonale.net\/wp-content\/uploads\/2024\/05\/6OKEKMJPVBGHPAZA6BJ2JFHAN4.jpeg\" \/>\n\t<meta property=\"og:image:width\" content=\"932\" \/>\n\t<meta property=\"og:image:height\" content=\"582\" \/>\n\t<meta property=\"og:image:type\" content=\"image\/jpeg\" \/>\n<meta name=\"author\" content=\"Damien Dellerba\" \/>\n<meta name=\"twitter:card\" content=\"summary_large_image\" \/>\n<meta name=\"twitter:image\" content=\"https:\/\/www.ladiagonale.net\/wp-content\/uploads\/2024\/05\/6OKEKMJPVBGHPAZA6BJ2JFHAN4.jpeg\" \/>\n<meta name=\"twitter:label1\" content=\"\u00c9crit par\" \/>\n\t<meta name=\"twitter:data1\" content=\"Damien Dellerba\" \/>\n\t<meta name=\"twitter:label2\" content=\"Dur\u00e9e de lecture estim\u00e9e\" \/>\n\t<meta name=\"twitter:data2\" content=\"2 minutes\" \/>\n<script type=\"application\/ld+json\" class=\"yoast-schema-graph\">{\"@context\":\"https:\/\/schema.org\",\"@graph\":[{\"@type\":\"WebPage\",\"@id\":\"https:\/\/www.ladiagonale.net\/index.php\/2024\/05\/21\/homophobie-monaco-ne-soutient-pas-camara-sur-cette-affaire\/\",\"url\":\"https:\/\/www.ladiagonale.net\/index.php\/2024\/05\/21\/homophobie-monaco-ne-soutient-pas-camara-sur-cette-affaire\/\",\"name\":\"Homophobie : Monaco \u00ab ne soutient\u00a0pas\u00a0\u00bb Camara sur cette affaire - La Diagonale\",\"isPartOf\":{\"@id\":\"https:\/\/www.ladiagonale.net\/#website\"},\"datePublished\":\"2024-05-21T13:20:51+00:00\",\"dateModified\":\"2024-05-21T13:21:29+00:00\",\"author\":{\"@id\":\"https:\/\/www.ladiagonale.net\/#\/schema\/person\/79ff1e7b0853ed01b2aa26e64ad300bf\"},\"breadcrumb\":{\"@id\":\"https:\/\/www.ladiagonale.net\/index.php\/2024\/05\/21\/homophobie-monaco-ne-soutient-pas-camara-sur-cette-affaire\/#breadcrumb\"},\"inLanguage\":\"fr-FR\",\"potentialAction\":[{\"@type\":\"ReadAction\",\"target\":[\"https:\/\/www.ladiagonale.net\/index.php\/2024\/05\/21\/homophobie-monaco-ne-soutient-pas-camara-sur-cette-affaire\/\"]}]},{\"@type\":\"BreadcrumbList\",\"@id\":\"https:\/\/www.ladiagonale.net\/index.php\/2024\/05\/21\/homophobie-monaco-ne-soutient-pas-camara-sur-cette-affaire\/#breadcrumb\",\"itemListElement\":[{\"@type\":\"ListItem\",\"position\":1,\"name\":\"Accueil\",\"item\":\"https:\/\/www.ladiagonale.net\/\"},{\"@type\":\"ListItem\",\"position\":2,\"name\":\"Homophobie : Monaco \u00ab ne soutient\u00a0pas\u00a0\u00bb Camara sur cette affaire\"}]},{\"@type\":\"WebSite\",\"@id\":\"https:\/\/www.ladiagonale.net\/#website\",\"url\":\"https:\/\/www.ladiagonale.net\/\",\"name\":\"La Diagonale\",\"description\":\"Le site des supporters de l&#039;AS Monaco FC\",\"potentialAction\":[{\"@type\":\"SearchAction\",\"target\":{\"@type\":\"EntryPoint\",\"urlTemplate\":\"https:\/\/www.ladiagonale.net\/?s={search_term_string}\"},\"query-input\":\"required name=search_term_string\"}],\"inLanguage\":\"fr-FR\"},{\"@type\":\"Person\",\"@id\":\"https:\/\/www.ladiagonale.net\/#\/schema\/person\/79ff1e7b0853ed01b2aa26e64ad300bf\",\"name\":\"Damien Dellerba\",\"image\":{\"@type\":\"ImageObject\",\"inLanguage\":\"fr-FR\",\"@id\":\"https:\/\/www.ladiagonale.net\/#\/schema\/person\/image\/\",\"url\":\"https:\/\/secure.gravatar.com\/avatar\/c7850e06d3ff63cdbaee88b7fc16e2f0?s=96&d=mm&r=g\",\"contentUrl\":\"https:\/\/secure.gravatar.com\/avatar\/c7850e06d3ff63cdbaee88b7fc16e2f0?s=96&d=mm&r=g\",\"caption\":\"Damien Dellerba\"},\"url\":\"https:\/\/www.ladiagonale.net\/index.php\/author\/damien\/\"}]}<\/script>\n<!-- \/ Yoast SEO plugin. -->","yoast_head_json":{"title":"Homophobie : Monaco \u00ab ne soutient\u00a0pas\u00a0\u00bb Camara sur cette affaire - La Diagonale","robots":{"index":"index","follow":"follow","max-snippet":"max-snippet:-1","max-image-preview":"max-image-preview:large","max-video-preview":"max-video-preview:-1"},"canonical":"https:\/\/www.ladiagonale.net\/index.php\/2024\/05\/21\/homophobie-monaco-ne-soutient-pas-camara-sur-cette-affaire\/","og_locale":"fr_FR","og_type":"article","og_title":"Homophobie : Monaco \u00ab ne soutient\u00a0pas\u00a0\u00bb Camara sur cette affaire - La Diagonale","og_description":"Mohamed Camara et l\u2019AS Monaco sont dans la tourmente, apr\u00e8s le refus du joueur de s\u2019afficher dans les actions de la Ligue contre l\u2019homophobie. Thiago Scuro s\u2019est d\u00e9solidaris\u00e9 du joueur et annonc\u00e9 qu\u2019il s\u2019\u00e9tait excus\u00e9 aupr\u00e8s de la LFP : \u00ab\u00a0Le club soutient l&rsquo;action de la Ligue. J&rsquo;ai appel\u00e9 hier (lundi) matin Arnaud Rouger (le [...]","og_url":"https:\/\/www.ladiagonale.net\/index.php\/2024\/05\/21\/homophobie-monaco-ne-soutient-pas-camara-sur-cette-affaire\/","og_site_name":"La Diagonale","article_published_time":"2024-05-21T13:20:51+00:00","article_modified_time":"2024-05-21T13:21:29+00:00","og_image":[{"width":932,"height":582,"url":"https:\/\/www.ladiagonale.net\/wp-content\/uploads\/2024\/05\/6OKEKMJPVBGHPAZA6BJ2JFHAN4.jpeg","type":"image\/jpeg"}],"author":"Damien Dellerba","twitter_card":"summary_large_image","twitter_image":"https:\/\/www.ladiagonale.net\/wp-content\/uploads\/2024\/05\/6OKEKMJPVBGHPAZA6BJ2JFHAN4.jpeg","twitter_misc":{"\u00c9crit par":"Damien Dellerba","Dur\u00e9e de lecture estim\u00e9e":"2 minutes"},"schema":{"@context":"https:\/\/schema.org","@graph":[{"@type":"WebPage","@id":"https:\/\/www.ladiagonale.net\/index.php\/2024\/05\/21\/homophobie-monaco-ne-soutient-pas-camara-sur-cette-affaire\/","url":"https:\/\/www.ladiagonale.net\/index.php\/2024\/05\/21\/homophobie-monaco-ne-soutient-pas-camara-sur-cette-affaire\/","name":"Homophobie : Monaco \u00ab ne soutient\u00a0pas\u00a0\u00bb Camara sur cette affaire - La Diagonale","isPartOf":{"@id":"https:\/\/www.ladiagonale.net\/#website"},"datePublished":"2024-05-21T13:20:51+00:00","dateModified":"2024-05-21T13:21:29+00:00","author":{"@id":"https:\/\/www.ladiagonale.net\/#\/schema\/person\/79ff1e7b0853ed01b2aa26e64ad300bf"},"breadcrumb":{"@id":"https:\/\/www.ladiagonale.net\/index.php\/2024\/05\/21\/homophobie-monaco-ne-soutient-pas-camara-sur-cette-affaire\/#breadcrumb"},"inLanguage":"fr-FR","potentialAction":[{"@type":"ReadAction","target":["https:\/\/www.ladiagonale.net\/index.php\/2024\/05\/21\/homophobie-monaco-ne-soutient-pas-camara-sur-cette-affaire\/"]}]},{"@type":"BreadcrumbList","@id":"https:\/\/www.ladiagonale.net\/index.php\/2024\/05\/21\/homophobie-monaco-ne-soutient-pas-camara-sur-cette-affaire\/#breadcrumb","itemListElement":[{"@type":"ListItem","position":1,"name":"Accueil","item":"https:\/\/www.ladiagonale.net\/"},{"@type":"ListItem","position":2,"name":"Homophobie : Monaco \u00ab ne soutient\u00a0pas\u00a0\u00bb Camara sur cette affaire"}]},{"@type":"WebSite","@id":"https:\/\/www.ladiagonale.net\/#website","url":"https:\/\/www.ladiagonale.net\/","name":"La Diagonale","description":"Le site des supporters de l&#039;AS Monaco FC","potentialAction":[{"@type":"SearchAction","target":{"@type":"EntryPoint","urlTemplate":"https:\/\/www.ladiagonale.net\/?s={search_term_string}"},"query-input":"required name=search_term_string"}],"inLanguage":"fr-FR"},{"@type":"Person","@id":"https:\/\/www.ladiagonale.net\/#\/schema\/person\/79ff1e7b0853ed01b2aa26e64ad300bf","name":"Damien Dellerba","image":{"@type":"ImageObject","inLanguage":"fr-FR","@id":"https:\/\/www.ladiagonale.net\/#\/schema\/person\/image\/","url":"https:\/\/secure.gravatar.com\/avatar\/c7850e06d3ff63cdbaee88b7fc16e2f0?s=96&d=mm&r=g","contentUrl":"https:\/\/secure.gravatar.com\/avatar\/c7850e06d3ff63cdbaee88b7fc16e2f0?s=96&d=mm&r=g","caption":"Damien Dellerba"},"url":"https:\/\/www.ladiagonale.net\/index.php\/author\/damien\/"}]}},"_links":{"self":[{"href":"https:\/\/www.ladiagonale.net\/index.php\/wp-json\/wp\/v2\/posts\/23357"}],"collection":[{"href":"https:\/\/www.ladiagonale.net\/index.php\/wp-json\/wp\/v2\/posts"}],"about":[{"href":"https:\/\/www.ladiagonale.net\/index.php\/wp-json\/wp\/v2\/types\/post"}],"author":[{"embeddable":true,"href":"https:\/\/www.ladiagonale.net\/index.php\/wp-json\/wp\/v2\/users\/2"}],"replies":[{"embeddable":true,"href":"https:\/\/www.ladiagonale.net\/index.php\/wp-json\/wp\/v2\/comments?post=23357"}],"version-history":[{"count":2,"href":"https:\/\/www.ladiagonale.net\/index.php\/wp-json\/wp\/v2\/posts\/23357\/revisions"}],"predecessor-version":[{"id":23360,"href":"https:\/\/www.ladiagonale.net\/index.php\/wp-json\/wp\/v2\/posts\/23357\/revisions\/23360"}],"wp:attachment":[{"href":"https:\/\/www.ladiagonale.net\/index.php\/wp-json\/wp\/v2\/media?parent=23357"}],"wp:term":[{"taxonomy":"category","embeddable":true,"href":"https:\/\/www.ladiagonale.net\/index.php\/wp-json\/wp\/v2\/categories?post=23357"},{"taxonomy":"post_tag","embeddable":true,"href":"https:\/\/www.ladiagonale.net\/index.php\/wp-json\/wp\/v2\/tags?post=23357"}],"curies":[{"name":"wp","href":"https:\/\/api.w.org\/{rel}","templated":true}]}}