{"id":23556,"date":"2024-05-28T12:31:10","date_gmt":"2024-05-28T10:31:10","guid":{"rendered":"https:\/\/www.ladiagonale.net\/?p=23556"},"modified":"2024-05-28T12:31:11","modified_gmt":"2024-05-28T10:31:11","slug":"monaco-insiste-pour-mawissa","status":"publish","type":"post","link":"https:\/\/www.ladiagonale.net\/index.php\/2024\/05\/28\/monaco-insiste-pour-mawissa\/","title":{"rendered":"Monaco insiste pour Mawissa"},"content":{"rendered":"\n<p>L\u2019AS Monaco a lev\u00e9 l\u2019option d\u2019achat de Thilo Kehrer avant m\u00eame la fin de la saison et pourrait enr\u00f4ler un second d\u00e9fenseur central sur ce mercato estival, notamment en cas de d\u00e9part de Guillermo Maripan, <a href=\"https:\/\/www.ladiagonale.net\/index.php\/2024\/05\/21\/fofana-et-maripan-auront-un-bon-de-sortie-cet-ete\/\" target=\"_blank\" rel=\"noreferrer noopener\">qui dispose d\u2019un bon de sortie<\/a>. Selon le site toulousain <em><a href=\"https:\/\/www.lesviolets.com\/actu\/mercato-christian-mawissa-toujours-plus-proche-de-las-monaco,72420.html\" target=\"_blank\" rel=\"noreferrer noopener\">LesViolets.com<\/a><\/em>, l\u2019AS Monaco insisterait pour acheter Christian Mawissa. Le joueur aurait d\u00e9j\u00e0 donn\u00e9 son accord au club de la Principaut\u00e9 mais les dirigeants mon\u00e9gasques essaient encore de convaincre leurs homologues toulousains, qui demanderaient 20 millions d\u2019euros.<\/p>\n\n\n\n<p>\u00ab\u00a0<em>Ce serait beaucoup, beaucoup de dizaines de millions d\u2019euros. Il n\u2019est pas transf\u00e9rable<\/em> \u00bb, avait fait savoir le pr\u00e9sident Damien Comolli dans un entretien bilan retranscrit <em>LesViolets.com<\/em>. Une fa\u00e7on de faire grimper les prix, alors que le joueur serait \u00e9galement demand\u00e9 \u00e0 l\u2019\u00e9tranger. \u00c2g\u00e9 de 19 ans et sous contrat jusqu\u2019en juin 2026, l\u2019international U19 (6 s\u00e9lections) a disput\u00e9 22 matches cette saison, dont 17 en Ligue 1 et deux en Ligue Europa.<\/p>\n\n\n","protected":false},"excerpt":{"rendered":"<p>L\u2019AS Monaco a lev\u00e9 l\u2019option d\u2019achat de Thilo Kehrer avant m\u00eame la fin de la saison et pourrait enr\u00f4ler un second d\u00e9fenseur central sur ce mercato estival, notamment en cas de d\u00e9part de Guillermo Maripan, qui dispose d\u2019un bon de sortie. Selon le site toulousain LesViolets.com, l\u2019AS Monaco insisterait pour acheter Christian Mawissa. Le joueur [&#8230;]\n","protected":false},"author":2,"featured_media":0,"comment_status":"open","ping_status":"open","sticky":false,"template":"","format":"standard","meta":[],"categories":[6],"tags":[86,826,111,110],"yoast_head":"<!-- This site is optimized with the Yoast SEO plugin v19.8 - https:\/\/yoast.com\/wordpress\/plugins\/seo\/ -->\n<title>Monaco insiste pour Mawissa - La Diagonale<\/title>\n<meta name=\"robots\" content=\"index, follow, max-snippet:-1, max-image-preview:large, max-video-preview:-1\" \/>\n<link rel=\"canonical\" href=\"https:\/\/www.ladiagonale.net\/index.php\/2024\/05\/28\/monaco-insiste-pour-mawissa\/\" \/>\n<meta property=\"og:locale\" content=\"fr_FR\" \/>\n<meta property=\"og:type\" content=\"article\" \/>\n<meta property=\"og:title\" content=\"Monaco insiste pour Mawissa - La Diagonale\" \/>\n<meta property=\"og:description\" content=\"L\u2019AS Monaco a lev\u00e9 l\u2019option d\u2019achat de Thilo Kehrer avant m\u00eame la fin de la saison et pourrait enr\u00f4ler un second d\u00e9fenseur central sur ce mercato estival, notamment en cas de d\u00e9part de Guillermo Maripan, qui dispose d\u2019un bon de sortie. Selon le site toulousain LesViolets.com, l\u2019AS Monaco insisterait pour acheter Christian Mawissa. Le joueur [...]\" \/>\n<meta property=\"og:url\" content=\"https:\/\/www.ladiagonale.net\/index.php\/2024\/05\/28\/monaco-insiste-pour-mawissa\/\" \/>\n<meta property=\"og:site_name\" content=\"La Diagonale\" \/>\n<meta property=\"article:published_time\" content=\"2024-05-28T10:31:10+00:00\" \/>\n<meta property=\"article:modified_time\" content=\"2024-05-28T10:31:11+00:00\" \/>\n<meta property=\"og:image\" content=\"https:\/\/www.ladiagonale.net\/wp-content\/uploads\/2024\/05\/mawissa.png\" \/>\n\t<meta property=\"og:image:width\" content=\"1160\" \/>\n\t<meta property=\"og:image:height\" content=\"650\" \/>\n\t<meta property=\"og:image:type\" content=\"image\/png\" \/>\n<meta name=\"author\" content=\"Damien Dellerba\" \/>\n<meta name=\"twitter:card\" content=\"summary_large_image\" \/>\n<meta name=\"twitter:image\" content=\"https:\/\/www.ladiagonale.net\/wp-content\/uploads\/2024\/05\/mawissa.png\" \/>\n<meta name=\"twitter:label1\" content=\"\u00c9crit par\" \/>\n\t<meta name=\"twitter:data1\" content=\"Damien Dellerba\" \/>\n\t<meta name=\"twitter:label2\" content=\"Dur\u00e9e de lecture estim\u00e9e\" \/>\n\t<meta name=\"twitter:data2\" content=\"1 minute\" \/>\n<script type=\"application\/ld+json\" class=\"yoast-schema-graph\">{\"@context\":\"https:\/\/schema.org\",\"@graph\":[{\"@type\":\"WebPage\",\"@id\":\"https:\/\/www.ladiagonale.net\/index.php\/2024\/05\/28\/monaco-insiste-pour-mawissa\/\",\"url\":\"https:\/\/www.ladiagonale.net\/index.php\/2024\/05\/28\/monaco-insiste-pour-mawissa\/\",\"name\":\"Monaco insiste pour Mawissa - La Diagonale\",\"isPartOf\":{\"@id\":\"https:\/\/www.ladiagonale.net\/#website\"},\"datePublished\":\"2024-05-28T10:31:10+00:00\",\"dateModified\":\"2024-05-28T10:31:11+00:00\",\"author\":{\"@id\":\"https:\/\/www.ladiagonale.net\/#\/schema\/person\/79ff1e7b0853ed01b2aa26e64ad300bf\"},\"breadcrumb\":{\"@id\":\"https:\/\/www.ladiagonale.net\/index.php\/2024\/05\/28\/monaco-insiste-pour-mawissa\/#breadcrumb\"},\"inLanguage\":\"fr-FR\",\"potentialAction\":[{\"@type\":\"ReadAction\",\"target\":[\"https:\/\/www.ladiagonale.net\/index.php\/2024\/05\/28\/monaco-insiste-pour-mawissa\/\"]}]},{\"@type\":\"BreadcrumbList\",\"@id\":\"https:\/\/www.ladiagonale.net\/index.php\/2024\/05\/28\/monaco-insiste-pour-mawissa\/#breadcrumb\",\"itemListElement\":[{\"@type\":\"ListItem\",\"position\":1,\"name\":\"Accueil\",\"item\":\"https:\/\/www.ladiagonale.net\/\"},{\"@type\":\"ListItem\",\"position\":2,\"name\":\"Monaco insiste pour Mawissa\"}]},{\"@type\":\"WebSite\",\"@id\":\"https:\/\/www.ladiagonale.net\/#website\",\"url\":\"https:\/\/www.ladiagonale.net\/\",\"name\":\"La Diagonale\",\"description\":\"Le site des supporters de l&#039;AS Monaco FC\",\"potentialAction\":[{\"@type\":\"SearchAction\",\"target\":{\"@type\":\"EntryPoint\",\"urlTemplate\":\"https:\/\/www.ladiagonale.net\/?s={search_term_string}\"},\"query-input\":\"required name=search_term_string\"}],\"inLanguage\":\"fr-FR\"},{\"@type\":\"Person\",\"@id\":\"https:\/\/www.ladiagonale.net\/#\/schema\/person\/79ff1e7b0853ed01b2aa26e64ad300bf\",\"name\":\"Damien Dellerba\",\"image\":{\"@type\":\"ImageObject\",\"inLanguage\":\"fr-FR\",\"@id\":\"https:\/\/www.ladiagonale.net\/#\/schema\/person\/image\/\",\"url\":\"https:\/\/secure.gravatar.com\/avatar\/c7850e06d3ff63cdbaee88b7fc16e2f0?s=96&d=mm&r=g\",\"contentUrl\":\"https:\/\/secure.gravatar.com\/avatar\/c7850e06d3ff63cdbaee88b7fc16e2f0?s=96&d=mm&r=g\",\"caption\":\"Damien Dellerba\"},\"url\":\"https:\/\/www.ladiagonale.net\/index.php\/author\/damien\/\"}]}<\/script>\n<!-- \/ Yoast SEO plugin. -->","yoast_head_json":{"title":"Monaco insiste pour Mawissa - La Diagonale","robots":{"index":"index","follow":"follow","max-snippet":"max-snippet:-1","max-image-preview":"max-image-preview:large","max-video-preview":"max-video-preview:-1"},"canonical":"https:\/\/www.ladiagonale.net\/index.php\/2024\/05\/28\/monaco-insiste-pour-mawissa\/","og_locale":"fr_FR","og_type":"article","og_title":"Monaco insiste pour Mawissa - La Diagonale","og_description":"L\u2019AS Monaco a lev\u00e9 l\u2019option d\u2019achat de Thilo Kehrer avant m\u00eame la fin de la saison et pourrait enr\u00f4ler un second d\u00e9fenseur central sur ce mercato estival, notamment en cas de d\u00e9part de Guillermo Maripan, qui dispose d\u2019un bon de sortie. Selon le site toulousain LesViolets.com, l\u2019AS Monaco insisterait pour acheter Christian Mawissa. Le joueur [...]","og_url":"https:\/\/www.ladiagonale.net\/index.php\/2024\/05\/28\/monaco-insiste-pour-mawissa\/","og_site_name":"La Diagonale","article_published_time":"2024-05-28T10:31:10+00:00","article_modified_time":"2024-05-28T10:31:11+00:00","og_image":[{"width":1160,"height":650,"url":"https:\/\/www.ladiagonale.net\/wp-content\/uploads\/2024\/05\/mawissa.png","type":"image\/png"}],"author":"Damien Dellerba","twitter_card":"summary_large_image","twitter_image":"https:\/\/www.ladiagonale.net\/wp-content\/uploads\/2024\/05\/mawissa.png","twitter_misc":{"\u00c9crit par":"Damien Dellerba","Dur\u00e9e de lecture estim\u00e9e":"1 minute"},"schema":{"@context":"https:\/\/schema.org","@graph":[{"@type":"WebPage","@id":"https:\/\/www.ladiagonale.net\/index.php\/2024\/05\/28\/monaco-insiste-pour-mawissa\/","url":"https:\/\/www.ladiagonale.net\/index.php\/2024\/05\/28\/monaco-insiste-pour-mawissa\/","name":"Monaco insiste pour Mawissa - La Diagonale","isPartOf":{"@id":"https:\/\/www.ladiagonale.net\/#website"},"datePublished":"2024-05-28T10:31:10+00:00","dateModified":"2024-05-28T10:31:11+00:00","author":{"@id":"https:\/\/www.ladiagonale.net\/#\/schema\/person\/79ff1e7b0853ed01b2aa26e64ad300bf"},"breadcrumb":{"@id":"https:\/\/www.ladiagonale.net\/index.php\/2024\/05\/28\/monaco-insiste-pour-mawissa\/#breadcrumb"},"inLanguage":"fr-FR","potentialAction":[{"@type":"ReadAction","target":["https:\/\/www.ladiagonale.net\/index.php\/2024\/05\/28\/monaco-insiste-pour-mawissa\/"]}]},{"@type":"BreadcrumbList","@id":"https:\/\/www.ladiagonale.net\/index.php\/2024\/05\/28\/monaco-insiste-pour-mawissa\/#breadcrumb","itemListElement":[{"@type":"ListItem","position":1,"name":"Accueil","item":"https:\/\/www.ladiagonale.net\/"},{"@type":"ListItem","position":2,"name":"Monaco insiste pour Mawissa"}]},{"@type":"WebSite","@id":"https:\/\/www.ladiagonale.net\/#website","url":"https:\/\/www.ladiagonale.net\/","name":"La Diagonale","description":"Le site des supporters de l&#039;AS Monaco FC","potentialAction":[{"@type":"SearchAction","target":{"@type":"EntryPoint","urlTemplate":"https:\/\/www.ladiagonale.net\/?s={search_term_string}"},"query-input":"required name=search_term_string"}],"inLanguage":"fr-FR"},{"@type":"Person","@id":"https:\/\/www.ladiagonale.net\/#\/schema\/person\/79ff1e7b0853ed01b2aa26e64ad300bf","name":"Damien Dellerba","image":{"@type":"ImageObject","inLanguage":"fr-FR","@id":"https:\/\/www.ladiagonale.net\/#\/schema\/person\/image\/","url":"https:\/\/secure.gravatar.com\/avatar\/c7850e06d3ff63cdbaee88b7fc16e2f0?s=96&d=mm&r=g","contentUrl":"https:\/\/secure.gravatar.com\/avatar\/c7850e06d3ff63cdbaee88b7fc16e2f0?s=96&d=mm&r=g","caption":"Damien Dellerba"},"url":"https:\/\/www.ladiagonale.net\/index.php\/author\/damien\/"}]}},"_links":{"self":[{"href":"https:\/\/www.ladiagonale.net\/index.php\/wp-json\/wp\/v2\/posts\/23556"}],"collection":[{"href":"https:\/\/www.ladiagonale.net\/index.php\/wp-json\/wp\/v2\/posts"}],"about":[{"href":"https:\/\/www.ladiagonale.net\/index.php\/wp-json\/wp\/v2\/types\/post"}],"author":[{"embeddable":true,"href":"https:\/\/www.ladiagonale.net\/index.php\/wp-json\/wp\/v2\/users\/2"}],"replies":[{"embeddable":true,"href":"https:\/\/www.ladiagonale.net\/index.php\/wp-json\/wp\/v2\/comments?post=23556"}],"version-history":[{"count":1,"href":"https:\/\/www.ladiagonale.net\/index.php\/wp-json\/wp\/v2\/posts\/23556\/revisions"}],"predecessor-version":[{"id":23557,"href":"https:\/\/www.ladiagonale.net\/index.php\/wp-json\/wp\/v2\/posts\/23556\/revisions\/23557"}],"wp:attachment":[{"href":"https:\/\/www.ladiagonale.net\/index.php\/wp-json\/wp\/v2\/media?parent=23556"}],"wp:term":[{"taxonomy":"category","embeddable":true,"href":"https:\/\/www.ladiagonale.net\/index.php\/wp-json\/wp\/v2\/categories?post=23556"},{"taxonomy":"post_tag","embeddable":true,"href":"https:\/\/www.ladiagonale.net\/index.php\/wp-json\/wp\/v2\/tags?post=23556"}],"curies":[{"name":"wp","href":"https:\/\/api.w.org\/{rel}","templated":true}]}}