{"id":23558,"date":"2024-05-29T08:30:00","date_gmt":"2024-05-29T06:30:00","guid":{"rendered":"https:\/\/www.ladiagonale.net\/?p=23558"},"modified":"2024-05-29T04:32:00","modified_gmt":"2024-05-29T02:32:00","slug":"les-notes-de-la-saison-minamino-a-renverse-la-vapeur","status":"publish","type":"post","link":"https:\/\/www.ladiagonale.net\/index.php\/2024\/05\/29\/les-notes-de-la-saison-minamino-a-renverse-la-vapeur\/","title":{"rendered":"Les notes de la saison : Minamino a renvers\u00e9 la vapeur"},"content":{"rendered":"\n\n\n<p><strong>Cette saison, La Diagonale a proc\u00e9d\u00e9 \u00e0 la notation des joueurs apr\u00e8s chaque match (45 minutes minimum). Qui s&rsquo;est montr\u00e9 le plus performant et qui n&rsquo;a pas \u00e9t\u00e9 \u00e0 la hauteur ? C&rsquo;est l&rsquo;heure du carnet de notes.<\/strong><\/p>\n\n\n\n<h3>Minamino domine un podium surprenant<\/h3>\n\n\n\n<p>Apr\u00e8s une saison totalement rat\u00e9e, ils n&rsquo;\u00e9taient probablement qu&rsquo;une poign\u00e9e \u00e0 croire encore en Takumi Minamino. Sous la houlette d&rsquo;Adi H\u00fctter, le milieu offensif japonais a montr\u00e9 un tout autre visage sur cet exercice 2023-2024. D\u00e9cisif \u00e0 15 reprises toutes comp\u00e9titions confondues (9 buts et 6 passes d\u00e9cisives), Minamino a \u00e9t\u00e9 l&rsquo;un des grands artisans de cette saison achev\u00e9e \u00e0 la deuxi\u00e8me place du championnat. Apr\u00e8s un mois d&rsquo;ao\u00fbt quasi parfait, il a connu une petite baisse de r\u00e9gime. Mais \u00e0 son retour de la Coupe d&rsquo;Asie en f\u00e9vrier, il s&rsquo;est montr\u00e9 tr\u00e8s r\u00e9gulier dans ses performances et pr\u00e9cieux pour son apport au collectif. Avec une note moyenne de 5,88\/10, c&rsquo;est lui le premier de notre classement.<\/p>\n\n\n\n<p>Comme dans le classement des notes <em>L&rsquo;\u00c9quipe<\/em>, Minamino est suivi de tr\u00e8s pr\u00e8s par Maghnes Akliouche, qui obtient une note moyenne de 5,82\/10. Sa saison avait d\u00e9but\u00e9 par quelques \u00e9clats, notamment contre Marseille (deux buts et une passe d\u00e9cisive), avant de conna\u00eetre un coup de mou en novembre et en d\u00e9cembre. Mais en 2024, Akliouche a appris la r\u00e9gularit\u00e9. Sa mont\u00e9e en puissance tr\u00e8s soudaine et sa progression fulgurante ont \u00e9t\u00e9 \u00e9tonnantes en m\u00eame temps que r\u00e9jouissantes, et il est devenu un titulaire \u00e0 part enti\u00e8re de cette \u00e9quipe. Au total, il a \u00e9t\u00e9 impliqu\u00e9 sur 12 buts (8 buts et 4 passes) et a fait de vraies diff\u00e9rences, \u00e0 l&rsquo;exception de quelques (rares) performances un peu neutres dans la deuxi\u00e8me moiti\u00e9 du championnat.<\/p>\n\n\n<div class=\"wp-block-image\">\n<figure class=\"aligncenter size-full is-resized\"><img loading=\"lazy\" src=\"https:\/\/www.ladiagonale.net\/wp-content\/uploads\/2024\/05\/notes-saison.png\" alt=\"\" class=\"wp-image-23576\" width=\"900\" height=\"870\"\/><figcaption>Cr\u00e9dits photos : AS Monaco<\/figcaption><\/figure><\/div>\n\n\n<p>Sans conteste, Wilfried Singo est la meilleure recrue de l&rsquo;intersaison. L&rsquo;Ivoirien, arriv\u00e9 l&rsquo;\u00e9t\u00e9 dernier en provenance du Torino pour 10 millions d&rsquo;euros et quelques bonus, a tr\u00e8s rapidement mis tous les observateurs d&rsquo;accord et se classe troisi\u00e8me de notre classement (5,75\/10). Il a fait beaucoup de bien \u00e0 l&rsquo;arri\u00e8re-garde as\u00e9miste, que ce soit comme d\u00e9fenseur axial dans une charni\u00e8re \u00e0 deux ou \u00e0 trois, o\u00f9 m\u00eame lorsqu&rsquo;il a fallu d\u00e9panner dans le couloir droit. De son aveu, sa saison a \u00e9t\u00e9 \u00ab\u00a0<em>parfaite<\/em>\u00a0\u00bb, m\u00eame si on peut nuancer par le fait que l&rsquo;ASM est rest\u00e9e une d\u00e9fense largement perfectible longtemps, se classant seulement 7<sup>e<\/sup> meilleure d\u00e9fense du championnat avec 42 buts encaiss\u00e9s. Il n&rsquo;a pas subi la mauvaise p\u00e9riode de l\u2019\u00e9quipe du d\u00e9but 2024 puisqu&rsquo;il \u00e9tait en train de renverser tout le continent africain \u00e0 la CAN avec une C\u00f4te d&rsquo;Ivoire revenue du diable Vauvert. Mais c&rsquo;est peut-\u00eatre aussi son absence qui a contribu\u00e9 \u00e0 fragiliser l&rsquo;\u00e9difice.<\/p>\n\n\n\n<h3>Golovin-Fofana, hiver mortif\u00e8re<\/h3>\n\n\n\n<p>Solidement en t\u00eate du classement \u00e0 la mi-saison avec une moyenne de 5,80\/10, pourvoyeur d\u00e9licieux de ballons et r\u00e9gulateur du jeu collectif, Aleksandr Golovin a r\u00e9alis\u00e9 une seconde partie de saison plus moyenne et irr\u00e9guli\u00e8re, ce qui le place \u00e0 la 4<sup>e<\/sup> place (5,70\/10). Quand H\u00fctter cherchait la bonne formule pour relancer son \u00e9quipe, le milieu de terrain russe a parfois fait les frais des changements de dispositifs en n&rsquo;\u00e9voluant pas forc\u00e9ment \u00e0 son poste de pr\u00e9dilection. Il s&rsquo;en est globalement bien tir\u00e9 et a su maintenir un bon niveau global, mais en perdant l\u00e9g\u00e8rement de son influence, alors qu&rsquo;un Akliouche en a gagn\u00e9. Son entorse \u00e0 une cheville en avril lui a fait rater six matches dans une p\u00e9riode o\u00f9 Monaco a retrouv\u00e9 une grande forme, et il n&rsquo;a pas pu en profiter. <\/p>\n\n\n\n<p>Sur la troisi\u00e8me marche du podium lors de la mi-saison, Youssouf Fofana s\u2019\u00e9tait montr\u00e9 convaincant lors de la phase aller du championnat. Mais il a chut\u00e9 au classement apr\u00e8s avoir encha\u00een\u00e9 de mauvaises prestations pendant l\u2019hiver, entre janvier et f\u00e9vrier. C\u2019est d\u2019ailleurs \u00e0 cette p\u00e9riode que la formation d\u2019H\u00fctter a r\u00e9alis\u00e9 sa pire s\u00e9rie et que le navire a s\u00e9rieusement tangu\u00e9, et ce n\u2019est sans doute pas un hasard si elle s&rsquo;est conjugu\u00e9e avec la mauvaise passe travers\u00e9e par le joueur le plus utilis\u00e9 (35 matches sur 37, dont 34 titularisations). Le niveau d\u2019exigence s\u2019est aussi logiquement \u00e9lev\u00e9 pour l\u2019international fran\u00e7ais, capable de grandes performances (et de buts\u00a0!) avec l\u2019\u00e9quipe de France. <\/p>\n\n\n\n<p>Avec l\u2019Euro approchant, Fofana s\u2019est toutefois parfaitement repris pour finir le championnat en boulet de canon. R\u00e9guli\u00e8rement dans nos tops, il a eu une influence consid\u00e9rable dans les bonnes performances de l&rsquo;\u00e9quipe, m\u00eame si cela se ressent moins au regard de sa moyenne g\u00e9n\u00e9rale et de son classement (7<sup>e<\/sup> \u00e0 5,44\/10), plomb\u00e9 par ces deux mois rat\u00e9s. Wissam Ben Yedder (5,61\/10) lui est notamment pass\u00e9 devant en augmentant sa moyenne, tandis que son comp\u00e8re du milieu Denis Zakaria (5,46\/10), en baisse, a conserv\u00e9 les 2 centi\u00e8mes de plus qu&rsquo;il poss\u00e9dait d\u00e9j\u00e0 \u00e0 la mi-saison. Ce sont d&rsquo;ailleurs les deux seuls joueurs \u00e0 avoir re\u00e7u un 9\/10 en match, respectivement contre Rodez et contre Nice.<\/p>\n\n\n\n<h3 class=\"has-white-color has-text-color has-background\" style=\"background-color:#c00501\">Le top 10 de la saison (18 matches minimum)<\/h3>\n\n\n\n<figure class=\"wp-block-table is-style-stripes\"><table class=\"has-fixed-layout\"><thead><tr><th class=\"has-text-align-center\" data-align=\"center\">Position<\/th><th class=\"has-text-align-center\" data-align=\"center\">Joueur<\/th><th class=\"has-text-align-center\" data-align=\"center\">Moyenne (sur 10)<\/th><\/tr><\/thead><tbody><tr><td class=\"has-text-align-center\" data-align=\"center\">1.<\/td><td class=\"has-text-align-center\" data-align=\"center\">Takumi Minamino<\/td><td class=\"has-text-align-center\" data-align=\"center\">5,88<\/td><\/tr><tr><td class=\"has-text-align-center\" data-align=\"center\">2.<\/td><td class=\"has-text-align-center\" data-align=\"center\">Maghnes Akliouche<\/td><td class=\"has-text-align-center\" data-align=\"center\">5,82<\/td><\/tr><tr><td class=\"has-text-align-center\" data-align=\"center\">3.<\/td><td class=\"has-text-align-center\" data-align=\"center\">Wilfried Singo<\/td><td class=\"has-text-align-center\" data-align=\"center\">5,75<\/td><\/tr><tr><td class=\"has-text-align-center\" data-align=\"center\">4.<\/td><td class=\"has-text-align-center\" data-align=\"center\">Aleksandr Golovin<\/td><td class=\"has-text-align-center\" data-align=\"center\">5,70<\/td><\/tr><tr><td class=\"has-text-align-center\" data-align=\"center\">5.<\/td><td class=\"has-text-align-center\" data-align=\"center\">Wissam Ben Yedder<\/td><td class=\"has-text-align-center\" data-align=\"center\">5,61<\/td><\/tr><tr><td class=\"has-text-align-center\" data-align=\"center\">6.<\/td><td class=\"has-text-align-center\" data-align=\"center\">Denis Zakaria<\/td><td class=\"has-text-align-center\" data-align=\"center\">5,46<\/td><\/tr><tr><td class=\"has-text-align-center\" data-align=\"center\">7.<\/td><td class=\"has-text-align-center\" data-align=\"center\">Youssouf Fofana<\/td><td class=\"has-text-align-center\" data-align=\"center\">5,44<\/td><\/tr><tr><td class=\"has-text-align-center\" data-align=\"center\">8.<\/td><td class=\"has-text-align-center\" data-align=\"center\">Philipp K\u00f6hn<\/td><td class=\"has-text-align-center\" data-align=\"center\">5,18<\/td><\/tr><tr><td class=\"has-text-align-center\" data-align=\"center\">9.<\/td><td class=\"has-text-align-center\" data-align=\"center\">Vanderson<\/td><td class=\"has-text-align-center\" data-align=\"center\">5,04<\/td><\/tr><tr><td class=\"has-text-align-center\" data-align=\"center\">10.<\/td><td class=\"has-text-align-center\" data-align=\"center\">Guillermo Maripan\/Thilo Kehrer<\/td><td class=\"has-text-align-center\" data-align=\"center\">5<\/td><\/tr><\/tbody><\/table><\/figure>\n\n\n\n<h3>La d\u00e9ception Balogun<\/h3>\n\n\n\n<p>Trois joueurs ont obtenu une moins bonne moyenne que Folarin Balogun : Chrislain Matsima (4,20), Myron Boadu (4) et Edan Diop (3,5). Les deux premiers ont fini la saison en pr\u00eat loin de la Principaut\u00e9 tandis que le troisi\u00e8me n&rsquo;a eu que quelques minutes \u00e9parses \u00e0 se mettre sous la dent. Avec un temps de jeu aussi cons\u00e9quent (4,46 pour 24 notes), on peut donc dire que Balogun a \u00e9t\u00e9 le joueur le plus mal not\u00e9 de l&rsquo;effectif. L&rsquo;attaquant am\u00e9ricain est le seul joueur \u00e0 avoir re\u00e7u deux fois la note de 2\/10 en match (Nice et Toulouse), et cela fait un peu tache, au vu du prix \u00e9lev\u00e9 de son transfert. Malgr\u00e9 tout, avec 8 buts et 3 passes d\u00e9cisives dans une saison que l&rsquo;on pourra qualifier de d\u00e9cevante pour lui, cela autorise de grands espoirs pour la suite.<\/p>\n\n\n\n<p>Autre joueur ayant obtenu un nombre de notes cons\u00e9quent (18) et \u00e0 ne pas passer la moyenne : Ismail Jakobs. Le lat\u00e9ral gauche affiche une \u00e9valuation de 4,83\/10, affichant une fois de plus ses limites et ne semblant pas progresser. Il avait sign\u00e9 son premier match r\u00e9f\u00e9rence contre Reims <em>(3-1, le 7 octobre)<\/em>, avec un but et une passe d\u00e9cisive, mais sans parvenir \u00e0 confirmer ensuite. Il a montr\u00e9 un l\u00e9ger mieux sur ses trois derniers matches mais sa blessure qui a n\u00e9cessit\u00e9 une op\u00e9ration \u00e0 un genou l&rsquo;a peut-\u00eatre coup\u00e9 dans son \u00e9lan. Quoi qu&rsquo;il en soit, la comparaison avec Caio Henrique reste toujours aussi douloureuse et celle avec Kassoum Ouattara (5,1\/10 mais seulement 10 matches not\u00e9s), arriv\u00e9 de Ligue 2 en novembre sans avoir jamais \u00e9volu\u00e9 en L1, ne lui rend pas non plus service.<\/p>\n\n\n\n<h3>Majecki surpasse K\u00f6hn<\/h3>\n\n\n\n<p>Dans l&rsquo;absolu, plusieurs joueurs ont obtenu de meilleures moyennes que les joueurs cit\u00e9s plus haut : c&rsquo;est notamment le cas de Caio Henrique (6,14\/10 pour 7 matches) ou encore d&rsquo;Eliesse Ben Seghir (6\/10 pour 4 matches), et on peut \u00e9galement citer Radoslaw Majecki (6,13\/10). Mais le portier polonais n&rsquo;a disput\u00e9 que 15 rencontres sur les 37 jou\u00e9es par l&rsquo;ASM cette ann\u00e9e, soit moins de la moiti\u00e9, ce qui ne lui permet pas de figurer dans le classement. Reste que cette moyenne \u00e9lev\u00e9e permet de d\u00e9noter l&rsquo;excellent niveau de performance affich\u00e9 par l&rsquo;international polonais <em>(1 s\u00e9lection en 2021)<\/em>. Majecki a accompli quelques prouesses en Coupe de France et cela a pu rassurer H\u00fctter au moment d&rsquo;en faire un titulaire courant f\u00e9vrier. Avec lui, Monaco a encaiss\u00e9 moins de buts et surtout obtenu davantage de <em>clean sheets<\/em> (7 en 15 matches contre 5 en 22 matches pour K\u00f6hn). <\/p>\n\n\n\n<p>Philipp K\u00f6hn aura \u00e9t\u00e9 probablement l&rsquo;une des plus grosses d\u00e9ceptions de la saison. Recrut\u00e9 pour un montant compris entre 8 et 10 millions d&rsquo;euros au RB Salzbourg, le gardien suisse n&rsquo;a jamais donn\u00e9 de garanties dans le but, surtout sur la dur\u00e9e. Sa moyenne est pourtant loin d&rsquo;\u00eatre catastrophique et elle t\u00e9moigne de sa capacit\u00e9 \u00e0 r\u00e9aliser de bonnes performances, comme au Havre, o\u00f9 son arr\u00eat pour repousser un p\u00e9nalty de Samuel Grandsir dans le temps additionnel a permis \u00e0 l&rsquo;ASM de prendre un point pr\u00e9cieux. Mais le trop grand nombre d&rsquo;erreurs commises, et en particulier celle face \u00e0 Toulouse (le 18 f\u00e9vrier), a \u00e9t\u00e9 la goutte de trop pour Adi H\u00fctter et son staff, d\u2019autant plus que la diff\u00e9rence avec un Majecki beaucoup plus serein a \u00e9t\u00e9 spectaculaire et n&rsquo;a pas plaid\u00e9 en sa faveur.<\/p>\n\n\n\n<h3 class=\"has-white-color has-text-color has-background\" style=\"background-color:#c00501\">Les autres moyennes<\/h3>\n\n\n\n<figure class=\"wp-block-table is-style-regular\"><table class=\"has-fixed-layout\"><thead><tr><th class=\"has-text-align-center\" data-align=\"center\">Joueur<\/th><th class=\"has-text-align-center\" data-align=\"center\">Moyenne (sur 10)<\/th><th class=\"has-text-align-center\" data-align=\"center\">Nombre de matches not\u00e9s<\/th><\/tr><\/thead><tbody><tr><td class=\"has-text-align-center\" data-align=\"center\">Caio Henrique<\/td><td class=\"has-text-align-center\" data-align=\"center\">6,14<\/td><td class=\"has-text-align-center\" data-align=\"center\">7<\/td><\/tr><tr><td class=\"has-text-align-center\" data-align=\"center\">Radoslaw Majecki<\/td><td class=\"has-text-align-center\" data-align=\"center\">6,13<\/td><td class=\"has-text-align-center\" data-align=\"center\">15<\/td><\/tr><tr><td class=\"has-text-align-center\" data-align=\"center\">Eliesse Ben Seghir<\/td><td class=\"has-text-align-center\" data-align=\"center\">6<\/td><td class=\"has-text-align-center\" data-align=\"center\">4<\/td><\/tr><tr><td class=\"has-text-align-center\" data-align=\"center\">Eliot Matazo<\/td><td class=\"has-text-align-center\" data-align=\"center\">6<\/td><td class=\"has-text-align-center\" data-align=\"center\">1<\/td><\/tr><tr><td class=\"has-text-align-center\" data-align=\"center\">Sa\u00efmon Bouabr\u00e9<\/td><td class=\"has-text-align-center\" data-align=\"center\">6<\/td><td class=\"has-text-align-center\" data-align=\"center\">1<\/td><\/tr><tr><td class=\"has-text-align-center\" data-align=\"center\">Breel Embolo<\/td><td class=\"has-text-align-center\" data-align=\"center\">5,5<\/td><td class=\"has-text-align-center\" data-align=\"center\">2<\/td><\/tr><tr><td class=\"has-text-align-center\" data-align=\"center\">Kr\u00e9pin Diatta<\/td><td class=\"has-text-align-center\" data-align=\"center\">5,25<\/td><td class=\"has-text-align-center\" data-align=\"center\">12<\/td><\/tr><tr><td class=\"has-text-align-center\" data-align=\"center\">Mohammed Salisu<\/td><td class=\"has-text-align-center\" data-align=\"center\">5,23<\/td><td class=\"has-text-align-center\" data-align=\"center\">13<\/td><\/tr><tr><td class=\"has-text-align-center\" data-align=\"center\">Mohamed Camara<\/td><td class=\"has-text-align-center\" data-align=\"center\">5,15<\/td><td class=\"has-text-align-center\" data-align=\"center\">13<\/td><\/tr><tr><td class=\"has-text-align-center\" data-align=\"center\">Kassoum Ouattara<\/td><td class=\"has-text-align-center\" data-align=\"center\">5,10<\/td><td class=\"has-text-align-center\" data-align=\"center\">10<\/td><\/tr><tr><td class=\"has-text-align-center\" data-align=\"center\">Mamadou Coulibaly<\/td><td class=\"has-text-align-center\" data-align=\"center\">5<\/td><td class=\"has-text-align-center\" data-align=\"center\">2<\/td><\/tr><tr><td class=\"has-text-align-center\" data-align=\"center\">Ismail Jakobs<\/td><td class=\"has-text-align-center\" data-align=\"center\">4,83<\/td><td class=\"has-text-align-center\" data-align=\"center\">18<\/td><\/tr><tr><td class=\"has-text-align-center\" data-align=\"center\">Soungoutou Magassa<\/td><td class=\"has-text-align-center\" data-align=\"center\">4,63<\/td><td class=\"has-text-align-center\" data-align=\"center\">16<\/td><\/tr><tr><td class=\"has-text-align-center\" data-align=\"center\">Folarin Balogun<\/td><td class=\"has-text-align-center\" data-align=\"center\">4,46<\/td><td class=\"has-text-align-center\" data-align=\"center\">24<\/td><\/tr><tr><td class=\"has-text-align-center\" data-align=\"center\">Chrislain Matsima<\/td><td class=\"has-text-align-center\" data-align=\"center\">4,20<\/td><td class=\"has-text-align-center\" data-align=\"center\">4<\/td><\/tr><tr><td class=\"has-text-align-center\" data-align=\"center\">Myron Boadu<\/td><td class=\"has-text-align-center\" data-align=\"center\">4<\/td><td class=\"has-text-align-center\" data-align=\"center\">1<\/td><\/tr><tr><td class=\"has-text-align-center\" data-align=\"center\">Edan Diop<\/td><td class=\"has-text-align-center\" data-align=\"center\">3,5<\/td><td class=\"has-text-align-center\" data-align=\"center\">2<\/td><\/tr><\/tbody><\/table><\/figure>\n\n\n\n<h3 class=\"has-white-color has-text-color has-background\" style=\"background-color:#c00501\">Le coach<\/h3>\n\n\n\n<div class=\"wp-block-media-text alignwide is-stacked-on-mobile\" style=\"grid-template-columns:15% auto\"><figure class=\"wp-block-media-text__media\"><img loading=\"lazy\" width=\"511\" height=\"910\" src=\"https:\/\/www.ladiagonale.net\/wp-content\/uploads\/1970\/02\/adi-hutter-pose.png\" alt=\"\" class=\"wp-image-16465 size-full\" srcset=\"https:\/\/www.ladiagonale.net\/wp-content\/uploads\/1970\/02\/adi-hutter-pose.png 511w, https:\/\/www.ladiagonale.net\/wp-content\/uploads\/1970\/02\/adi-hutter-pose-168x300.png 168w, https:\/\/www.ladiagonale.net\/wp-content\/uploads\/1970\/02\/adi-hutter-pose-72x128.png 72w, https:\/\/www.ladiagonale.net\/wp-content\/uploads\/1970\/02\/adi-hutter-pose-18x32.png 18w\" sizes=\"(max-width: 511px) 100vw, 511px\" \/><\/figure><div class=\"wp-block-media-text__content\">\n<p style=\"font-size:17px\"><strong>Adi H\u00fctter : 5,59\/10<\/strong><\/p>\n\n\n\n<p style=\"font-size:16px\">Pour sa premi\u00e8re saison sur le Rocher, Adi H\u00fctter a plut\u00f4t emport\u00e9 l&rsquo;adh\u00e9sion des supporters et observateurs, m\u00eame s&rsquo;il a pu montrer certaines limites sur le plan tactique, peinant notamment \u00e0 rendre plus solide son \u00e9quipe dans l&rsquo;aspect d\u00e9fensif. Mais il ne s&rsquo;est jamais cach\u00e9, ni cherch\u00e9 d&rsquo;excuses pour justifier les mauvaises performances. Il a su trancher dans le vif quand cela \u00e9tait n\u00e9cessaire (K\u00f6hn\/Majecki) et a fait appel \u00e0 d&rsquo;autres forces pour avancer (int\u00e9gration de Perrinelle \u00e0 son staff) et ces \u00e9l\u00e9ments lui ont permis de redresser la barre et atteindre les objectifs.<\/p>\n<\/div><\/div>\n\n\n\n<h3 class=\"has-white-color has-text-color has-background\" style=\"background-color:#c00501\">Les performances collectives<\/h3>\n\n\n\n<h3>Les meilleures performances collectives<\/h3>\n\n\n\n<figure class=\"wp-block-table\"><table><thead><tr><th class=\"has-text-align-center\" data-align=\"center\">Match<\/th><th class=\"has-text-align-center\" data-align=\"center\">Note de l&rsquo;\u00e9quipe<\/th><\/tr><\/thead><tbody><tr><td class=\"has-text-align-center\" data-align=\"center\">Monaco-Lens (3-0, 4<sup>e<\/sup> journ\u00e9e)<\/td><td class=\"has-text-align-center\" data-align=\"center\">6,5<\/td><\/tr><tr><td class=\"has-text-align-center\" data-align=\"center\">Monaco-Strasbourg (3-0, 2<sup>e<\/sup> journ\u00e9e)<\/td><td class=\"has-text-align-center\" data-align=\"center\">6,3<\/td><\/tr><tr><td class=\"has-text-align-center\" data-align=\"center\">Monaco-Paris SG (0-0, 24<sup>e<\/sup> journ\u00e9e)<br>Metz-Monaco, (2-5, 27<sup>e<\/sup> journ\u00e9e)<\/td><td class=\"has-text-align-center\" data-align=\"center\">6,2<\/td><\/tr><tr><td class=\"has-text-align-center\" data-align=\"center\">Monaco-Clermont (4-1, 32<sup>e<\/sup> journ\u00e9e)<\/td><td class=\"has-text-align-center\" data-align=\"center\">6,1<\/td><\/tr><tr><td class=\"has-text-align-center\" data-align=\"center\">Monaco-Nantes (4-0, 34<sup>e<\/sup> journ\u00e9e)<\/td><td class=\"has-text-align-center\" data-align=\"center\">6<\/td><\/tr><\/tbody><\/table><\/figure>\n\n\n\n<h3>Les pires performances collectives<\/h3>\n\n\n\n<figure class=\"wp-block-table\"><table><thead><tr><th class=\"has-text-align-center\" data-align=\"center\">Match<\/th><th class=\"has-text-align-center\" data-align=\"center\">Note de l&rsquo;\u00e9quipe<\/th><\/tr><\/thead><tbody><tr><td class=\"has-text-align-center\" data-align=\"center\">Rouen-Monaco (1-1, 6-5 aux t.a.b., 1\/4)<\/td><td class=\"has-text-align-center\" data-align=\"center\">4,1<\/td><\/tr><tr><td class=\"has-text-align-center\" data-align=\"center\">Monaco-Reims (1-3, 18<sup>e<\/sup> journ\u00e9e)<\/td><td class=\"has-text-align-center\" data-align=\"center\">4,2<\/td><\/tr><tr><td class=\"has-text-align-center\" data-align=\"center\">Monaco-Toulouse (1-2, 22<sup>e<\/sup> journ\u00e9e)<\/td><td class=\"has-text-align-center\" data-align=\"center\">4,3<\/td><\/tr><tr><td class=\"has-text-align-center\" data-align=\"center\">Paris SG-Monaco (5-2, 13<sup>e<\/sup> journ\u00e9e)<\/td><td class=\"has-text-align-center\" data-align=\"center\">4,4<\/td><\/tr><tr><td class=\"has-text-align-center\" data-align=\"center\">Lille-Monaco (2-0, 10<sup>e<\/sup> journ\u00e9e)<\/td><td class=\"has-text-align-center\" data-align=\"center\">4,5<\/td><\/tr><\/tbody><\/table><\/figure>\n","protected":false},"excerpt":{"rendered":"<p>Cette saison, La Diagonale a proc\u00e9d\u00e9 \u00e0 la notation des joueurs apr\u00e8s chaque match (45 minutes minimum). Qui s&rsquo;est montr\u00e9 le plus performant et qui n&rsquo;a pas \u00e9t\u00e9 \u00e0 la hauteur ? C&rsquo;est l&rsquo;heure du carnet de notes. Minamino domine un podium surprenant Apr\u00e8s une saison totalement rat\u00e9e, ils n&rsquo;\u00e9taient probablement qu&rsquo;une poign\u00e9e \u00e0 croire [&#8230;]\n","protected":false},"author":2,"featured_media":18689,"comment_status":"open","ping_status":"open","sticky":false,"template":"","format":"standard","meta":[],"categories":[5,6],"tags":[86,248],"yoast_head":"<!-- This site is optimized with the Yoast SEO plugin v19.8 - https:\/\/yoast.com\/wordpress\/plugins\/seo\/ -->\n<title>Les notes de la saison : Minamino a renvers\u00e9 la vapeur - La Diagonale<\/title>\n<meta name=\"robots\" content=\"index, follow, max-snippet:-1, max-image-preview:large, max-video-preview:-1\" \/>\n<link rel=\"canonical\" href=\"https:\/\/www.ladiagonale.net\/index.php\/2024\/05\/29\/les-notes-de-la-saison-minamino-a-renverse-la-vapeur\/\" \/>\n<meta property=\"og:locale\" content=\"fr_FR\" \/>\n<meta property=\"og:type\" content=\"article\" \/>\n<meta property=\"og:title\" content=\"Les notes de la saison : Minamino a renvers\u00e9 la vapeur - La Diagonale\" \/>\n<meta property=\"og:description\" content=\"Cette saison, La Diagonale a proc\u00e9d\u00e9 \u00e0 la notation des joueurs apr\u00e8s chaque match (45 minutes minimum). Qui s&rsquo;est montr\u00e9 le plus performant et qui n&rsquo;a pas \u00e9t\u00e9 \u00e0 la hauteur ? C&rsquo;est l&rsquo;heure du carnet de notes. Minamino domine un podium surprenant Apr\u00e8s une saison totalement rat\u00e9e, ils n&rsquo;\u00e9taient probablement qu&rsquo;une poign\u00e9e \u00e0 croire [...]\" \/>\n<meta property=\"og:url\" content=\"https:\/\/www.ladiagonale.net\/index.php\/2024\/05\/29\/les-notes-de-la-saison-minamino-a-renverse-la-vapeur\/\" \/>\n<meta property=\"og:site_name\" content=\"La Diagonale\" \/>\n<meta property=\"article:published_time\" content=\"2024-05-29T06:30:00+00:00\" \/>\n<meta property=\"article:modified_time\" content=\"2024-05-29T02:32:00+00:00\" \/>\n<meta property=\"og:image\" content=\"https:\/\/www.ladiagonale.net\/wp-content\/uploads\/2023\/12\/Minamino-joie.png\" \/>\n\t<meta property=\"og:image:width\" content=\"1160\" \/>\n\t<meta property=\"og:image:height\" content=\"650\" \/>\n\t<meta property=\"og:image:type\" content=\"image\/png\" \/>\n<meta name=\"author\" content=\"Damien Dellerba\" \/>\n<meta name=\"twitter:card\" content=\"summary_large_image\" \/>\n<meta name=\"twitter:label1\" content=\"\u00c9crit par\" \/>\n\t<meta name=\"twitter:data1\" content=\"Damien Dellerba\" \/>\n\t<meta name=\"twitter:label2\" content=\"Dur\u00e9e de lecture estim\u00e9e\" \/>\n\t<meta name=\"twitter:data2\" content=\"10 minutes\" \/>\n<script type=\"application\/ld+json\" class=\"yoast-schema-graph\">{\"@context\":\"https:\/\/schema.org\",\"@graph\":[{\"@type\":\"WebPage\",\"@id\":\"https:\/\/www.ladiagonale.net\/index.php\/2024\/05\/29\/les-notes-de-la-saison-minamino-a-renverse-la-vapeur\/\",\"url\":\"https:\/\/www.ladiagonale.net\/index.php\/2024\/05\/29\/les-notes-de-la-saison-minamino-a-renverse-la-vapeur\/\",\"name\":\"Les notes de la saison : Minamino a renvers\u00e9 la vapeur - La Diagonale\",\"isPartOf\":{\"@id\":\"https:\/\/www.ladiagonale.net\/#website\"},\"datePublished\":\"2024-05-29T06:30:00+00:00\",\"dateModified\":\"2024-05-29T02:32:00+00:00\",\"author\":{\"@id\":\"https:\/\/www.ladiagonale.net\/#\/schema\/person\/79ff1e7b0853ed01b2aa26e64ad300bf\"},\"breadcrumb\":{\"@id\":\"https:\/\/www.ladiagonale.net\/index.php\/2024\/05\/29\/les-notes-de-la-saison-minamino-a-renverse-la-vapeur\/#breadcrumb\"},\"inLanguage\":\"fr-FR\",\"potentialAction\":[{\"@type\":\"ReadAction\",\"target\":[\"https:\/\/www.ladiagonale.net\/index.php\/2024\/05\/29\/les-notes-de-la-saison-minamino-a-renverse-la-vapeur\/\"]}]},{\"@type\":\"BreadcrumbList\",\"@id\":\"https:\/\/www.ladiagonale.net\/index.php\/2024\/05\/29\/les-notes-de-la-saison-minamino-a-renverse-la-vapeur\/#breadcrumb\",\"itemListElement\":[{\"@type\":\"ListItem\",\"position\":1,\"name\":\"Accueil\",\"item\":\"https:\/\/www.ladiagonale.net\/\"},{\"@type\":\"ListItem\",\"position\":2,\"name\":\"Les notes de la saison : Minamino a renvers\u00e9 la vapeur\"}]},{\"@type\":\"WebSite\",\"@id\":\"https:\/\/www.ladiagonale.net\/#website\",\"url\":\"https:\/\/www.ladiagonale.net\/\",\"name\":\"La Diagonale\",\"description\":\"Le site des supporters de l&#039;AS Monaco FC\",\"potentialAction\":[{\"@type\":\"SearchAction\",\"target\":{\"@type\":\"EntryPoint\",\"urlTemplate\":\"https:\/\/www.ladiagonale.net\/?s={search_term_string}\"},\"query-input\":\"required name=search_term_string\"}],\"inLanguage\":\"fr-FR\"},{\"@type\":\"Person\",\"@id\":\"https:\/\/www.ladiagonale.net\/#\/schema\/person\/79ff1e7b0853ed01b2aa26e64ad300bf\",\"name\":\"Damien Dellerba\",\"image\":{\"@type\":\"ImageObject\",\"inLanguage\":\"fr-FR\",\"@id\":\"https:\/\/www.ladiagonale.net\/#\/schema\/person\/image\/\",\"url\":\"https:\/\/secure.gravatar.com\/avatar\/c7850e06d3ff63cdbaee88b7fc16e2f0?s=96&d=mm&r=g\",\"contentUrl\":\"https:\/\/secure.gravatar.com\/avatar\/c7850e06d3ff63cdbaee88b7fc16e2f0?s=96&d=mm&r=g\",\"caption\":\"Damien Dellerba\"},\"url\":\"https:\/\/www.ladiagonale.net\/index.php\/author\/damien\/\"}]}<\/script>\n<!-- \/ Yoast SEO plugin. -->","yoast_head_json":{"title":"Les notes de la saison : Minamino a renvers\u00e9 la vapeur - La Diagonale","robots":{"index":"index","follow":"follow","max-snippet":"max-snippet:-1","max-image-preview":"max-image-preview:large","max-video-preview":"max-video-preview:-1"},"canonical":"https:\/\/www.ladiagonale.net\/index.php\/2024\/05\/29\/les-notes-de-la-saison-minamino-a-renverse-la-vapeur\/","og_locale":"fr_FR","og_type":"article","og_title":"Les notes de la saison : Minamino a renvers\u00e9 la vapeur - La Diagonale","og_description":"Cette saison, La Diagonale a proc\u00e9d\u00e9 \u00e0 la notation des joueurs apr\u00e8s chaque match (45 minutes minimum). Qui s&rsquo;est montr\u00e9 le plus performant et qui n&rsquo;a pas \u00e9t\u00e9 \u00e0 la hauteur ? C&rsquo;est l&rsquo;heure du carnet de notes. Minamino domine un podium surprenant Apr\u00e8s une saison totalement rat\u00e9e, ils n&rsquo;\u00e9taient probablement qu&rsquo;une poign\u00e9e \u00e0 croire [...]","og_url":"https:\/\/www.ladiagonale.net\/index.php\/2024\/05\/29\/les-notes-de-la-saison-minamino-a-renverse-la-vapeur\/","og_site_name":"La Diagonale","article_published_time":"2024-05-29T06:30:00+00:00","article_modified_time":"2024-05-29T02:32:00+00:00","og_image":[{"width":1160,"height":650,"url":"https:\/\/www.ladiagonale.net\/wp-content\/uploads\/2023\/12\/Minamino-joie.png","type":"image\/png"}],"author":"Damien Dellerba","twitter_card":"summary_large_image","twitter_misc":{"\u00c9crit par":"Damien Dellerba","Dur\u00e9e de lecture estim\u00e9e":"10 minutes"},"schema":{"@context":"https:\/\/schema.org","@graph":[{"@type":"WebPage","@id":"https:\/\/www.ladiagonale.net\/index.php\/2024\/05\/29\/les-notes-de-la-saison-minamino-a-renverse-la-vapeur\/","url":"https:\/\/www.ladiagonale.net\/index.php\/2024\/05\/29\/les-notes-de-la-saison-minamino-a-renverse-la-vapeur\/","name":"Les notes de la saison : Minamino a renvers\u00e9 la vapeur - La Diagonale","isPartOf":{"@id":"https:\/\/www.ladiagonale.net\/#website"},"datePublished":"2024-05-29T06:30:00+00:00","dateModified":"2024-05-29T02:32:00+00:00","author":{"@id":"https:\/\/www.ladiagonale.net\/#\/schema\/person\/79ff1e7b0853ed01b2aa26e64ad300bf"},"breadcrumb":{"@id":"https:\/\/www.ladiagonale.net\/index.php\/2024\/05\/29\/les-notes-de-la-saison-minamino-a-renverse-la-vapeur\/#breadcrumb"},"inLanguage":"fr-FR","potentialAction":[{"@type":"ReadAction","target":["https:\/\/www.ladiagonale.net\/index.php\/2024\/05\/29\/les-notes-de-la-saison-minamino-a-renverse-la-vapeur\/"]}]},{"@type":"BreadcrumbList","@id":"https:\/\/www.ladiagonale.net\/index.php\/2024\/05\/29\/les-notes-de-la-saison-minamino-a-renverse-la-vapeur\/#breadcrumb","itemListElement":[{"@type":"ListItem","position":1,"name":"Accueil","item":"https:\/\/www.ladiagonale.net\/"},{"@type":"ListItem","position":2,"name":"Les notes de la saison : Minamino a renvers\u00e9 la vapeur"}]},{"@type":"WebSite","@id":"https:\/\/www.ladiagonale.net\/#website","url":"https:\/\/www.ladiagonale.net\/","name":"La Diagonale","description":"Le site des supporters de l&#039;AS Monaco FC","potentialAction":[{"@type":"SearchAction","target":{"@type":"EntryPoint","urlTemplate":"https:\/\/www.ladiagonale.net\/?s={search_term_string}"},"query-input":"required name=search_term_string"}],"inLanguage":"fr-FR"},{"@type":"Person","@id":"https:\/\/www.ladiagonale.net\/#\/schema\/person\/79ff1e7b0853ed01b2aa26e64ad300bf","name":"Damien Dellerba","image":{"@type":"ImageObject","inLanguage":"fr-FR","@id":"https:\/\/www.ladiagonale.net\/#\/schema\/person\/image\/","url":"https:\/\/secure.gravatar.com\/avatar\/c7850e06d3ff63cdbaee88b7fc16e2f0?s=96&d=mm&r=g","contentUrl":"https:\/\/secure.gravatar.com\/avatar\/c7850e06d3ff63cdbaee88b7fc16e2f0?s=96&d=mm&r=g","caption":"Damien Dellerba"},"url":"https:\/\/www.ladiagonale.net\/index.php\/author\/damien\/"}]}},"_links":{"self":[{"href":"https:\/\/www.ladiagonale.net\/index.php\/wp-json\/wp\/v2\/posts\/23558"}],"collection":[{"href":"https:\/\/www.ladiagonale.net\/index.php\/wp-json\/wp\/v2\/posts"}],"about":[{"href":"https:\/\/www.ladiagonale.net\/index.php\/wp-json\/wp\/v2\/types\/post"}],"author":[{"embeddable":true,"href":"https:\/\/www.ladiagonale.net\/index.php\/wp-json\/wp\/v2\/users\/2"}],"replies":[{"embeddable":true,"href":"https:\/\/www.ladiagonale.net\/index.php\/wp-json\/wp\/v2\/comments?post=23558"}],"version-history":[{"count":16,"href":"https:\/\/www.ladiagonale.net\/index.php\/wp-json\/wp\/v2\/posts\/23558\/revisions"}],"predecessor-version":[{"id":23588,"href":"https:\/\/www.ladiagonale.net\/index.php\/wp-json\/wp\/v2\/posts\/23558\/revisions\/23588"}],"wp:featuredmedia":[{"embeddable":true,"href":"https:\/\/www.ladiagonale.net\/index.php\/wp-json\/wp\/v2\/media\/18689"}],"wp:attachment":[{"href":"https:\/\/www.ladiagonale.net\/index.php\/wp-json\/wp\/v2\/media?parent=23558"}],"wp:term":[{"taxonomy":"category","embeddable":true,"href":"https:\/\/www.ladiagonale.net\/index.php\/wp-json\/wp\/v2\/categories?post=23558"},{"taxonomy":"post_tag","embeddable":true,"href":"https:\/\/www.ladiagonale.net\/index.php\/wp-json\/wp\/v2\/tags?post=23558"}],"curies":[{"name":"wp","href":"https:\/\/api.w.org\/{rel}","templated":true}]}}