{"id":23589,"date":"2024-05-29T15:21:15","date_gmt":"2024-05-29T13:21:15","guid":{"rendered":"https:\/\/www.ladiagonale.net\/?p=23589"},"modified":"2024-05-29T15:21:16","modified_gmt":"2024-05-29T13:21:16","slug":"salisu-appele-avec-le-ghana","status":"publish","type":"post","link":"https:\/\/www.ladiagonale.net\/index.php\/2024\/05\/29\/salisu-appele-avec-le-ghana\/","title":{"rendered":"Salisu appel\u00e9 avec le Ghana"},"content":{"rendered":"\n\n\n<p>La s\u00e9lection ghan\u00e9enne dirig\u00e9e Otto Addo a d\u00e9voil\u00e9 la liste pour le rassemblement de juin et Mohammed Salisu <em>(11 s\u00e9lections)<\/em> y figure. Le d\u00e9fenseur central de l&rsquo;AS Monaco participera aux deux prochaines rencontres comptant pour les \u00e9liminatoires de la Coupe du monde 2026. Au programme notamment une confrontation avec le Mali de son co\u00e9quipier en club Mohamed Camara le 6 juin.<\/p>\n\n\n\n<p>Apr\u00e8s deux matches jou\u00e9s, les <em>Black Stars<\/em> ne sont pas en position de force dans le Groupe I. Ils sont troisi\u00e8mes avec trois points, comme le Mali, qui compte un match en moins, et ont notamment perdu en novembre face aux Comores (0-1), qui domine provisoirement la poule. Dans ce groupe de cinq, une seule \u00e9quipe sera qualifi\u00e9e.<\/p>\n\n\n\n<div class=\"wp-container-1 wp-block-group has-background\" style=\"background-color:#e1e1e1\"><div class=\"wp-block-group__inner-container\">\n<h3>Le programme de Mohammed Salisu<\/h3>\n\n\n\n<p><em>\u00c9liminatoires Coupe du Monde 2026 \u2013 Groupe I (CAF)<\/em><\/p>\n\n\n\n<ul><li>Jeudi 6 juin (21h00) : Mali \u2013 Ghana<\/li><li>Lundi 10 juin (18h00) : Ghana &#8211; R\u00e9publique centrafricaine<\/li><\/ul>\n<\/div><\/div>\n","protected":false},"excerpt":{"rendered":"<p>La s\u00e9lection ghan\u00e9enne dirig\u00e9e Otto Addo a d\u00e9voil\u00e9 la liste pour le rassemblement de juin et Mohammed Salisu (11 s\u00e9lections) y figure. Le d\u00e9fenseur central de l&rsquo;AS Monaco participera aux deux prochaines rencontres comptant pour les \u00e9liminatoires de la Coupe du monde 2026. Au programme notamment une confrontation avec le Mali de son co\u00e9quipier en [&#8230;]\n","protected":false},"author":2,"featured_media":0,"comment_status":"open","ping_status":"open","sticky":false,"template":"","format":"standard","meta":[],"categories":[6],"tags":[86,757,618,116],"yoast_head":"<!-- This site is optimized with the Yoast SEO plugin v19.8 - https:\/\/yoast.com\/wordpress\/plugins\/seo\/ -->\n<title>Salisu appel\u00e9 avec le Ghana - La Diagonale<\/title>\n<meta name=\"robots\" content=\"index, follow, max-snippet:-1, max-image-preview:large, max-video-preview:-1\" \/>\n<link rel=\"canonical\" href=\"https:\/\/www.ladiagonale.net\/index.php\/2024\/05\/29\/salisu-appele-avec-le-ghana\/\" \/>\n<meta property=\"og:locale\" content=\"fr_FR\" \/>\n<meta property=\"og:type\" content=\"article\" \/>\n<meta property=\"og:title\" content=\"Salisu appel\u00e9 avec le Ghana - La Diagonale\" \/>\n<meta property=\"og:description\" content=\"La s\u00e9lection ghan\u00e9enne dirig\u00e9e Otto Addo a d\u00e9voil\u00e9 la liste pour le rassemblement de juin et Mohammed Salisu (11 s\u00e9lections) y figure. Le d\u00e9fenseur central de l&rsquo;AS Monaco participera aux deux prochaines rencontres comptant pour les \u00e9liminatoires de la Coupe du monde 2026. Au programme notamment une confrontation avec le Mali de son co\u00e9quipier en [...]\" \/>\n<meta property=\"og:url\" content=\"https:\/\/www.ladiagonale.net\/index.php\/2024\/05\/29\/salisu-appele-avec-le-ghana\/\" \/>\n<meta property=\"og:site_name\" content=\"La Diagonale\" \/>\n<meta property=\"article:published_time\" content=\"2024-05-29T13:21:15+00:00\" \/>\n<meta property=\"article:modified_time\" content=\"2024-05-29T13:21:16+00:00\" \/>\n<meta property=\"og:image\" content=\"https:\/\/www.ladiagonale.net\/wp-content\/uploads\/2024\/01\/salisu-ghana.png\" \/>\n\t<meta property=\"og:image:width\" content=\"1160\" \/>\n\t<meta property=\"og:image:height\" content=\"650\" \/>\n\t<meta property=\"og:image:type\" content=\"image\/png\" \/>\n<meta name=\"author\" content=\"Damien Dellerba\" \/>\n<meta name=\"twitter:card\" content=\"summary_large_image\" \/>\n<meta name=\"twitter:image\" content=\"https:\/\/www.ladiagonale.net\/wp-content\/uploads\/2024\/01\/salisu-ghana.png\" \/>\n<meta name=\"twitter:label1\" content=\"\u00c9crit par\" \/>\n\t<meta name=\"twitter:data1\" content=\"Damien Dellerba\" \/>\n\t<meta name=\"twitter:label2\" content=\"Dur\u00e9e de lecture estim\u00e9e\" \/>\n\t<meta name=\"twitter:data2\" content=\"1 minute\" \/>\n<script type=\"application\/ld+json\" class=\"yoast-schema-graph\">{\"@context\":\"https:\/\/schema.org\",\"@graph\":[{\"@type\":\"WebPage\",\"@id\":\"https:\/\/www.ladiagonale.net\/index.php\/2024\/05\/29\/salisu-appele-avec-le-ghana\/\",\"url\":\"https:\/\/www.ladiagonale.net\/index.php\/2024\/05\/29\/salisu-appele-avec-le-ghana\/\",\"name\":\"Salisu appel\u00e9 avec le Ghana - La Diagonale\",\"isPartOf\":{\"@id\":\"https:\/\/www.ladiagonale.net\/#website\"},\"datePublished\":\"2024-05-29T13:21:15+00:00\",\"dateModified\":\"2024-05-29T13:21:16+00:00\",\"author\":{\"@id\":\"https:\/\/www.ladiagonale.net\/#\/schema\/person\/79ff1e7b0853ed01b2aa26e64ad300bf\"},\"breadcrumb\":{\"@id\":\"https:\/\/www.ladiagonale.net\/index.php\/2024\/05\/29\/salisu-appele-avec-le-ghana\/#breadcrumb\"},\"inLanguage\":\"fr-FR\",\"potentialAction\":[{\"@type\":\"ReadAction\",\"target\":[\"https:\/\/www.ladiagonale.net\/index.php\/2024\/05\/29\/salisu-appele-avec-le-ghana\/\"]}]},{\"@type\":\"BreadcrumbList\",\"@id\":\"https:\/\/www.ladiagonale.net\/index.php\/2024\/05\/29\/salisu-appele-avec-le-ghana\/#breadcrumb\",\"itemListElement\":[{\"@type\":\"ListItem\",\"position\":1,\"name\":\"Accueil\",\"item\":\"https:\/\/www.ladiagonale.net\/\"},{\"@type\":\"ListItem\",\"position\":2,\"name\":\"Salisu appel\u00e9 avec le Ghana\"}]},{\"@type\":\"WebSite\",\"@id\":\"https:\/\/www.ladiagonale.net\/#website\",\"url\":\"https:\/\/www.ladiagonale.net\/\",\"name\":\"La Diagonale\",\"description\":\"Le site des supporters de l&#039;AS Monaco FC\",\"potentialAction\":[{\"@type\":\"SearchAction\",\"target\":{\"@type\":\"EntryPoint\",\"urlTemplate\":\"https:\/\/www.ladiagonale.net\/?s={search_term_string}\"},\"query-input\":\"required name=search_term_string\"}],\"inLanguage\":\"fr-FR\"},{\"@type\":\"Person\",\"@id\":\"https:\/\/www.ladiagonale.net\/#\/schema\/person\/79ff1e7b0853ed01b2aa26e64ad300bf\",\"name\":\"Damien Dellerba\",\"image\":{\"@type\":\"ImageObject\",\"inLanguage\":\"fr-FR\",\"@id\":\"https:\/\/www.ladiagonale.net\/#\/schema\/person\/image\/\",\"url\":\"https:\/\/secure.gravatar.com\/avatar\/c7850e06d3ff63cdbaee88b7fc16e2f0?s=96&d=mm&r=g\",\"contentUrl\":\"https:\/\/secure.gravatar.com\/avatar\/c7850e06d3ff63cdbaee88b7fc16e2f0?s=96&d=mm&r=g\",\"caption\":\"Damien Dellerba\"},\"url\":\"https:\/\/www.ladiagonale.net\/index.php\/author\/damien\/\"}]}<\/script>\n<!-- \/ Yoast SEO plugin. -->","yoast_head_json":{"title":"Salisu appel\u00e9 avec le Ghana - La Diagonale","robots":{"index":"index","follow":"follow","max-snippet":"max-snippet:-1","max-image-preview":"max-image-preview:large","max-video-preview":"max-video-preview:-1"},"canonical":"https:\/\/www.ladiagonale.net\/index.php\/2024\/05\/29\/salisu-appele-avec-le-ghana\/","og_locale":"fr_FR","og_type":"article","og_title":"Salisu appel\u00e9 avec le Ghana - La Diagonale","og_description":"La s\u00e9lection ghan\u00e9enne dirig\u00e9e Otto Addo a d\u00e9voil\u00e9 la liste pour le rassemblement de juin et Mohammed Salisu (11 s\u00e9lections) y figure. Le d\u00e9fenseur central de l&rsquo;AS Monaco participera aux deux prochaines rencontres comptant pour les \u00e9liminatoires de la Coupe du monde 2026. Au programme notamment une confrontation avec le Mali de son co\u00e9quipier en [...]","og_url":"https:\/\/www.ladiagonale.net\/index.php\/2024\/05\/29\/salisu-appele-avec-le-ghana\/","og_site_name":"La Diagonale","article_published_time":"2024-05-29T13:21:15+00:00","article_modified_time":"2024-05-29T13:21:16+00:00","og_image":[{"width":1160,"height":650,"url":"https:\/\/www.ladiagonale.net\/wp-content\/uploads\/2024\/01\/salisu-ghana.png","type":"image\/png"}],"author":"Damien Dellerba","twitter_card":"summary_large_image","twitter_image":"https:\/\/www.ladiagonale.net\/wp-content\/uploads\/2024\/01\/salisu-ghana.png","twitter_misc":{"\u00c9crit par":"Damien Dellerba","Dur\u00e9e de lecture estim\u00e9e":"1 minute"},"schema":{"@context":"https:\/\/schema.org","@graph":[{"@type":"WebPage","@id":"https:\/\/www.ladiagonale.net\/index.php\/2024\/05\/29\/salisu-appele-avec-le-ghana\/","url":"https:\/\/www.ladiagonale.net\/index.php\/2024\/05\/29\/salisu-appele-avec-le-ghana\/","name":"Salisu appel\u00e9 avec le Ghana - La Diagonale","isPartOf":{"@id":"https:\/\/www.ladiagonale.net\/#website"},"datePublished":"2024-05-29T13:21:15+00:00","dateModified":"2024-05-29T13:21:16+00:00","author":{"@id":"https:\/\/www.ladiagonale.net\/#\/schema\/person\/79ff1e7b0853ed01b2aa26e64ad300bf"},"breadcrumb":{"@id":"https:\/\/www.ladiagonale.net\/index.php\/2024\/05\/29\/salisu-appele-avec-le-ghana\/#breadcrumb"},"inLanguage":"fr-FR","potentialAction":[{"@type":"ReadAction","target":["https:\/\/www.ladiagonale.net\/index.php\/2024\/05\/29\/salisu-appele-avec-le-ghana\/"]}]},{"@type":"BreadcrumbList","@id":"https:\/\/www.ladiagonale.net\/index.php\/2024\/05\/29\/salisu-appele-avec-le-ghana\/#breadcrumb","itemListElement":[{"@type":"ListItem","position":1,"name":"Accueil","item":"https:\/\/www.ladiagonale.net\/"},{"@type":"ListItem","position":2,"name":"Salisu appel\u00e9 avec le Ghana"}]},{"@type":"WebSite","@id":"https:\/\/www.ladiagonale.net\/#website","url":"https:\/\/www.ladiagonale.net\/","name":"La Diagonale","description":"Le site des supporters de l&#039;AS Monaco FC","potentialAction":[{"@type":"SearchAction","target":{"@type":"EntryPoint","urlTemplate":"https:\/\/www.ladiagonale.net\/?s={search_term_string}"},"query-input":"required name=search_term_string"}],"inLanguage":"fr-FR"},{"@type":"Person","@id":"https:\/\/www.ladiagonale.net\/#\/schema\/person\/79ff1e7b0853ed01b2aa26e64ad300bf","name":"Damien Dellerba","image":{"@type":"ImageObject","inLanguage":"fr-FR","@id":"https:\/\/www.ladiagonale.net\/#\/schema\/person\/image\/","url":"https:\/\/secure.gravatar.com\/avatar\/c7850e06d3ff63cdbaee88b7fc16e2f0?s=96&d=mm&r=g","contentUrl":"https:\/\/secure.gravatar.com\/avatar\/c7850e06d3ff63cdbaee88b7fc16e2f0?s=96&d=mm&r=g","caption":"Damien Dellerba"},"url":"https:\/\/www.ladiagonale.net\/index.php\/author\/damien\/"}]}},"_links":{"self":[{"href":"https:\/\/www.ladiagonale.net\/index.php\/wp-json\/wp\/v2\/posts\/23589"}],"collection":[{"href":"https:\/\/www.ladiagonale.net\/index.php\/wp-json\/wp\/v2\/posts"}],"about":[{"href":"https:\/\/www.ladiagonale.net\/index.php\/wp-json\/wp\/v2\/types\/post"}],"author":[{"embeddable":true,"href":"https:\/\/www.ladiagonale.net\/index.php\/wp-json\/wp\/v2\/users\/2"}],"replies":[{"embeddable":true,"href":"https:\/\/www.ladiagonale.net\/index.php\/wp-json\/wp\/v2\/comments?post=23589"}],"version-history":[{"count":1,"href":"https:\/\/www.ladiagonale.net\/index.php\/wp-json\/wp\/v2\/posts\/23589\/revisions"}],"predecessor-version":[{"id":23590,"href":"https:\/\/www.ladiagonale.net\/index.php\/wp-json\/wp\/v2\/posts\/23589\/revisions\/23590"}],"wp:attachment":[{"href":"https:\/\/www.ladiagonale.net\/index.php\/wp-json\/wp\/v2\/media?parent=23589"}],"wp:term":[{"taxonomy":"category","embeddable":true,"href":"https:\/\/www.ladiagonale.net\/index.php\/wp-json\/wp\/v2\/categories?post=23589"},{"taxonomy":"post_tag","embeddable":true,"href":"https:\/\/www.ladiagonale.net\/index.php\/wp-json\/wp\/v2\/tags?post=23589"}],"curies":[{"name":"wp","href":"https:\/\/api.w.org\/{rel}","templated":true}]}}