{"id":23620,"date":"2024-05-30T22:38:28","date_gmt":"2024-05-30T20:38:28","guid":{"rendered":"https:\/\/www.ladiagonale.net\/?p=23620"},"modified":"2024-05-30T22:49:38","modified_gmt":"2024-05-30T20:49:38","slug":"camara-lourdement-sanctionne-par-la-commission-de-discipline","status":"publish","type":"post","link":"https:\/\/www.ladiagonale.net\/index.php\/2024\/05\/30\/camara-lourdement-sanctionne-par-la-commission-de-discipline\/","title":{"rendered":"Camara lourdement sanctionn\u00e9 par la commission de discipline"},"content":{"rendered":"\n\n\n<p>La commission de la discipline de la LFP n&rsquo;a pas fait preuve de cl\u00e9mence envers Mohamed Camara. Pour avoir refus\u00e9 de prendre part aux actions de la Ligue dans le cadre de la journ\u00e9e de lutte contre l&rsquo;homophobie, le milieu de terrain de l&rsquo;AS Monaco s&rsquo;est vu infliger une suspension de quatre matches ferme. Une sanction alourdie par le refus du joueur d&rsquo;effectuer \u00ab\u00a0<em>une ou plusieurs actions de sensibilisation \u00e0 la lutte contre l\u2019homophobie<\/em>\u00a0\u00bb.<\/p>\n\n\n\n<p>Dans cette affaire qui avait d\u00e9fray\u00e9 la chronique, le club de la Principaut\u00e9 <a href=\"https:\/\/www.ladiagonale.net\/index.php\/2024\/05\/30\/camara-se-defendra-seul-face-a-la-commission-de-discipline\/\" target=\"_blank\" rel=\"noreferrer noopener\">s&rsquo;\u00e9tait d\u00e9solidaris\u00e9 de l&rsquo;action de son joueur<\/a> et l&rsquo;avait laiss\u00e9 seul pour plaider sa cause jeudi soir. Si Camara reste au club cet \u00e9t\u00e9, il manquera donc le Troph\u00e9e des champions contre le PSG pr\u00e9vu le 8 ao\u00fbt, <a href=\"https:\/\/www.ladiagonale.net\/index.php\/2024\/05\/13\/singo-ratera-le-premier-match-de-la-saison-prochaine\/\" target=\"_blank\" rel=\"noreferrer noopener\">comme Wilfried Singo<\/a>, plus les trois premi\u00e8res journ\u00e9es de Ligue 1.<\/p>\n","protected":false},"excerpt":{"rendered":"<p>La commission de la discipline de la LFP n&rsquo;a pas fait preuve de cl\u00e9mence envers Mohamed Camara. Pour avoir refus\u00e9 de prendre part aux actions de la Ligue dans le cadre de la journ\u00e9e de lutte contre l&rsquo;homophobie, le milieu de terrain de l&rsquo;AS Monaco s&rsquo;est vu infliger une suspension de quatre matches ferme. Une [&#8230;]\n","protected":false},"author":2,"featured_media":0,"comment_status":"open","ping_status":"open","sticky":false,"template":"","format":"standard","meta":[],"categories":[4,6],"tags":[86,257,838,143],"yoast_head":"<!-- This site is optimized with the Yoast SEO plugin v19.8 - https:\/\/yoast.com\/wordpress\/plugins\/seo\/ -->\n<title>Camara lourdement sanctionn\u00e9 par la commission de discipline - La Diagonale<\/title>\n<meta name=\"robots\" content=\"index, follow, max-snippet:-1, max-image-preview:large, max-video-preview:-1\" \/>\n<link rel=\"canonical\" href=\"https:\/\/www.ladiagonale.net\/index.php\/2024\/05\/30\/camara-lourdement-sanctionne-par-la-commission-de-discipline\/\" \/>\n<meta property=\"og:locale\" content=\"fr_FR\" \/>\n<meta property=\"og:type\" content=\"article\" \/>\n<meta property=\"og:title\" content=\"Camara lourdement sanctionn\u00e9 par la commission de discipline - La Diagonale\" \/>\n<meta property=\"og:description\" content=\"La commission de la discipline de la LFP n&rsquo;a pas fait preuve de cl\u00e9mence envers Mohamed Camara. Pour avoir refus\u00e9 de prendre part aux actions de la Ligue dans le cadre de la journ\u00e9e de lutte contre l&rsquo;homophobie, le milieu de terrain de l&rsquo;AS Monaco s&rsquo;est vu infliger une suspension de quatre matches ferme. Une [...]\" \/>\n<meta property=\"og:url\" content=\"https:\/\/www.ladiagonale.net\/index.php\/2024\/05\/30\/camara-lourdement-sanctionne-par-la-commission-de-discipline\/\" \/>\n<meta property=\"og:site_name\" content=\"La Diagonale\" \/>\n<meta property=\"article:published_time\" content=\"2024-05-30T20:38:28+00:00\" \/>\n<meta property=\"article:modified_time\" content=\"2024-05-30T20:49:38+00:00\" \/>\n<meta property=\"og:image\" content=\"https:\/\/www.ladiagonale.net\/wp-content\/uploads\/2024\/05\/6OKEKMJPVBGHPAZA6BJ2JFHAN4.jpeg\" \/>\n\t<meta property=\"og:image:width\" content=\"932\" \/>\n\t<meta property=\"og:image:height\" content=\"582\" \/>\n\t<meta property=\"og:image:type\" content=\"image\/jpeg\" \/>\n<meta name=\"author\" content=\"Damien Dellerba\" \/>\n<meta name=\"twitter:card\" content=\"summary_large_image\" \/>\n<meta name=\"twitter:image\" content=\"https:\/\/www.ladiagonale.net\/wp-content\/uploads\/2024\/05\/6OKEKMJPVBGHPAZA6BJ2JFHAN4.jpeg\" \/>\n<meta name=\"twitter:label1\" content=\"\u00c9crit par\" \/>\n\t<meta name=\"twitter:data1\" content=\"Damien Dellerba\" \/>\n\t<meta name=\"twitter:label2\" content=\"Dur\u00e9e de lecture estim\u00e9e\" \/>\n\t<meta name=\"twitter:data2\" content=\"1 minute\" \/>\n<script type=\"application\/ld+json\" class=\"yoast-schema-graph\">{\"@context\":\"https:\/\/schema.org\",\"@graph\":[{\"@type\":\"WebPage\",\"@id\":\"https:\/\/www.ladiagonale.net\/index.php\/2024\/05\/30\/camara-lourdement-sanctionne-par-la-commission-de-discipline\/\",\"url\":\"https:\/\/www.ladiagonale.net\/index.php\/2024\/05\/30\/camara-lourdement-sanctionne-par-la-commission-de-discipline\/\",\"name\":\"Camara lourdement sanctionn\u00e9 par la commission de discipline - La Diagonale\",\"isPartOf\":{\"@id\":\"https:\/\/www.ladiagonale.net\/#website\"},\"datePublished\":\"2024-05-30T20:38:28+00:00\",\"dateModified\":\"2024-05-30T20:49:38+00:00\",\"author\":{\"@id\":\"https:\/\/www.ladiagonale.net\/#\/schema\/person\/79ff1e7b0853ed01b2aa26e64ad300bf\"},\"breadcrumb\":{\"@id\":\"https:\/\/www.ladiagonale.net\/index.php\/2024\/05\/30\/camara-lourdement-sanctionne-par-la-commission-de-discipline\/#breadcrumb\"},\"inLanguage\":\"fr-FR\",\"potentialAction\":[{\"@type\":\"ReadAction\",\"target\":[\"https:\/\/www.ladiagonale.net\/index.php\/2024\/05\/30\/camara-lourdement-sanctionne-par-la-commission-de-discipline\/\"]}]},{\"@type\":\"BreadcrumbList\",\"@id\":\"https:\/\/www.ladiagonale.net\/index.php\/2024\/05\/30\/camara-lourdement-sanctionne-par-la-commission-de-discipline\/#breadcrumb\",\"itemListElement\":[{\"@type\":\"ListItem\",\"position\":1,\"name\":\"Accueil\",\"item\":\"https:\/\/www.ladiagonale.net\/\"},{\"@type\":\"ListItem\",\"position\":2,\"name\":\"Camara lourdement sanctionn\u00e9 par la commission de discipline\"}]},{\"@type\":\"WebSite\",\"@id\":\"https:\/\/www.ladiagonale.net\/#website\",\"url\":\"https:\/\/www.ladiagonale.net\/\",\"name\":\"La Diagonale\",\"description\":\"Le site des supporters de l&#039;AS Monaco FC\",\"potentialAction\":[{\"@type\":\"SearchAction\",\"target\":{\"@type\":\"EntryPoint\",\"urlTemplate\":\"https:\/\/www.ladiagonale.net\/?s={search_term_string}\"},\"query-input\":\"required name=search_term_string\"}],\"inLanguage\":\"fr-FR\"},{\"@type\":\"Person\",\"@id\":\"https:\/\/www.ladiagonale.net\/#\/schema\/person\/79ff1e7b0853ed01b2aa26e64ad300bf\",\"name\":\"Damien Dellerba\",\"image\":{\"@type\":\"ImageObject\",\"inLanguage\":\"fr-FR\",\"@id\":\"https:\/\/www.ladiagonale.net\/#\/schema\/person\/image\/\",\"url\":\"https:\/\/secure.gravatar.com\/avatar\/c7850e06d3ff63cdbaee88b7fc16e2f0?s=96&d=mm&r=g\",\"contentUrl\":\"https:\/\/secure.gravatar.com\/avatar\/c7850e06d3ff63cdbaee88b7fc16e2f0?s=96&d=mm&r=g\",\"caption\":\"Damien Dellerba\"},\"url\":\"https:\/\/www.ladiagonale.net\/index.php\/author\/damien\/\"}]}<\/script>\n<!-- \/ Yoast SEO plugin. -->","yoast_head_json":{"title":"Camara lourdement sanctionn\u00e9 par la commission de discipline - La Diagonale","robots":{"index":"index","follow":"follow","max-snippet":"max-snippet:-1","max-image-preview":"max-image-preview:large","max-video-preview":"max-video-preview:-1"},"canonical":"https:\/\/www.ladiagonale.net\/index.php\/2024\/05\/30\/camara-lourdement-sanctionne-par-la-commission-de-discipline\/","og_locale":"fr_FR","og_type":"article","og_title":"Camara lourdement sanctionn\u00e9 par la commission de discipline - La Diagonale","og_description":"La commission de la discipline de la LFP n&rsquo;a pas fait preuve de cl\u00e9mence envers Mohamed Camara. Pour avoir refus\u00e9 de prendre part aux actions de la Ligue dans le cadre de la journ\u00e9e de lutte contre l&rsquo;homophobie, le milieu de terrain de l&rsquo;AS Monaco s&rsquo;est vu infliger une suspension de quatre matches ferme. Une [...]","og_url":"https:\/\/www.ladiagonale.net\/index.php\/2024\/05\/30\/camara-lourdement-sanctionne-par-la-commission-de-discipline\/","og_site_name":"La Diagonale","article_published_time":"2024-05-30T20:38:28+00:00","article_modified_time":"2024-05-30T20:49:38+00:00","og_image":[{"width":932,"height":582,"url":"https:\/\/www.ladiagonale.net\/wp-content\/uploads\/2024\/05\/6OKEKMJPVBGHPAZA6BJ2JFHAN4.jpeg","type":"image\/jpeg"}],"author":"Damien Dellerba","twitter_card":"summary_large_image","twitter_image":"https:\/\/www.ladiagonale.net\/wp-content\/uploads\/2024\/05\/6OKEKMJPVBGHPAZA6BJ2JFHAN4.jpeg","twitter_misc":{"\u00c9crit par":"Damien Dellerba","Dur\u00e9e de lecture estim\u00e9e":"1 minute"},"schema":{"@context":"https:\/\/schema.org","@graph":[{"@type":"WebPage","@id":"https:\/\/www.ladiagonale.net\/index.php\/2024\/05\/30\/camara-lourdement-sanctionne-par-la-commission-de-discipline\/","url":"https:\/\/www.ladiagonale.net\/index.php\/2024\/05\/30\/camara-lourdement-sanctionne-par-la-commission-de-discipline\/","name":"Camara lourdement sanctionn\u00e9 par la commission de discipline - La Diagonale","isPartOf":{"@id":"https:\/\/www.ladiagonale.net\/#website"},"datePublished":"2024-05-30T20:38:28+00:00","dateModified":"2024-05-30T20:49:38+00:00","author":{"@id":"https:\/\/www.ladiagonale.net\/#\/schema\/person\/79ff1e7b0853ed01b2aa26e64ad300bf"},"breadcrumb":{"@id":"https:\/\/www.ladiagonale.net\/index.php\/2024\/05\/30\/camara-lourdement-sanctionne-par-la-commission-de-discipline\/#breadcrumb"},"inLanguage":"fr-FR","potentialAction":[{"@type":"ReadAction","target":["https:\/\/www.ladiagonale.net\/index.php\/2024\/05\/30\/camara-lourdement-sanctionne-par-la-commission-de-discipline\/"]}]},{"@type":"BreadcrumbList","@id":"https:\/\/www.ladiagonale.net\/index.php\/2024\/05\/30\/camara-lourdement-sanctionne-par-la-commission-de-discipline\/#breadcrumb","itemListElement":[{"@type":"ListItem","position":1,"name":"Accueil","item":"https:\/\/www.ladiagonale.net\/"},{"@type":"ListItem","position":2,"name":"Camara lourdement sanctionn\u00e9 par la commission de discipline"}]},{"@type":"WebSite","@id":"https:\/\/www.ladiagonale.net\/#website","url":"https:\/\/www.ladiagonale.net\/","name":"La Diagonale","description":"Le site des supporters de l&#039;AS Monaco FC","potentialAction":[{"@type":"SearchAction","target":{"@type":"EntryPoint","urlTemplate":"https:\/\/www.ladiagonale.net\/?s={search_term_string}"},"query-input":"required name=search_term_string"}],"inLanguage":"fr-FR"},{"@type":"Person","@id":"https:\/\/www.ladiagonale.net\/#\/schema\/person\/79ff1e7b0853ed01b2aa26e64ad300bf","name":"Damien Dellerba","image":{"@type":"ImageObject","inLanguage":"fr-FR","@id":"https:\/\/www.ladiagonale.net\/#\/schema\/person\/image\/","url":"https:\/\/secure.gravatar.com\/avatar\/c7850e06d3ff63cdbaee88b7fc16e2f0?s=96&d=mm&r=g","contentUrl":"https:\/\/secure.gravatar.com\/avatar\/c7850e06d3ff63cdbaee88b7fc16e2f0?s=96&d=mm&r=g","caption":"Damien Dellerba"},"url":"https:\/\/www.ladiagonale.net\/index.php\/author\/damien\/"}]}},"_links":{"self":[{"href":"https:\/\/www.ladiagonale.net\/index.php\/wp-json\/wp\/v2\/posts\/23620"}],"collection":[{"href":"https:\/\/www.ladiagonale.net\/index.php\/wp-json\/wp\/v2\/posts"}],"about":[{"href":"https:\/\/www.ladiagonale.net\/index.php\/wp-json\/wp\/v2\/types\/post"}],"author":[{"embeddable":true,"href":"https:\/\/www.ladiagonale.net\/index.php\/wp-json\/wp\/v2\/users\/2"}],"replies":[{"embeddable":true,"href":"https:\/\/www.ladiagonale.net\/index.php\/wp-json\/wp\/v2\/comments?post=23620"}],"version-history":[{"count":5,"href":"https:\/\/www.ladiagonale.net\/index.php\/wp-json\/wp\/v2\/posts\/23620\/revisions"}],"predecessor-version":[{"id":23629,"href":"https:\/\/www.ladiagonale.net\/index.php\/wp-json\/wp\/v2\/posts\/23620\/revisions\/23629"}],"wp:attachment":[{"href":"https:\/\/www.ladiagonale.net\/index.php\/wp-json\/wp\/v2\/media?parent=23620"}],"wp:term":[{"taxonomy":"category","embeddable":true,"href":"https:\/\/www.ladiagonale.net\/index.php\/wp-json\/wp\/v2\/categories?post=23620"},{"taxonomy":"post_tag","embeddable":true,"href":"https:\/\/www.ladiagonale.net\/index.php\/wp-json\/wp\/v2\/tags?post=23620"}],"curies":[{"name":"wp","href":"https:\/\/api.w.org\/{rel}","templated":true}]}}