{"id":23640,"date":"2024-05-31T18:23:18","date_gmt":"2024-05-31T16:23:18","guid":{"rendered":"https:\/\/www.ladiagonale.net\/?p=23640"},"modified":"2024-05-31T18:25:04","modified_gmt":"2024-05-31T16:25:04","slug":"laffluence-du-louis-ii-a-baisse-apres-la-treve","status":"publish","type":"post","link":"https:\/\/www.ladiagonale.net\/index.php\/2024\/05\/31\/laffluence-du-louis-ii-a-baisse-apres-la-treve\/","title":{"rendered":"L&rsquo;affluence du Louis-II a baiss\u00e9 apr\u00e8s la tr\u00eave"},"content":{"rendered":"\n\n\n<p>En janvier, les donn\u00e9es transmises par la LFP concernant les affluences se voulaient positives pour l&rsquo;AS Monaco et le stade Louis-II. L&rsquo;enceinte de la Principaut\u00e9 affichait une moyenne de 8 078 spectateurs pour encourager les Rouge et Blanc pendant la premi\u00e8re moiti\u00e9 de la saison, et un taux de remplissage de 49%. Malheureusement, cette bonne tendance ne s&rsquo;est pas poursuivie sur la phase retour du championnat. En 2023-2024, ce sont en moyenne 7 587 \u00e2mes qui se sont rendues au stade Louis-II pour un taux de remplissage de 46%. Des scores qui placent logiquement Monaco en queue de peloton \u00e0 l&rsquo;\u00e9chelle de la Ligue 1.<\/p>\n\n\n\n<p>Malgr\u00e9 cette baisse au cours de la saison, cela constitue tout de m\u00eame une augmentation par rapport \u00e0 la saison derni\u00e8re, avec 503 spectateurs de plus en moyenne. Le taux de remplissage a finalement gagn\u00e9 4% pour passer de 42% \u00e0 46%. Cette progression s&rsquo;inscrit finalement dans celle plus g\u00e9n\u00e9rale annonc\u00e9e par la Ligue sur tous les stades du championnat (+\u00a014% en nombre de spectateurs moyens et +\u00a04% de taux de remplissage).<\/p>\n\n\n<div class=\"wp-block-image\">\n<figure class=\"aligncenter size-full is-resized\"><img loading=\"lazy\" src=\"https:\/\/www.ladiagonale.net\/wp-content\/uploads\/2024\/05\/3005-2324-AFFLUENCES-L1-ARTICLE.png\" alt=\"\" class=\"wp-image-23641\" width=\"960\" height=\"540\"\/><\/figure><\/div>\n\n\n<p><\/p>\n","protected":false},"excerpt":{"rendered":"<p>En janvier, les donn\u00e9es transmises par la LFP concernant les affluences se voulaient positives pour l&rsquo;AS Monaco et le stade Louis-II. L&rsquo;enceinte de la Principaut\u00e9 affichait une moyenne de 8 078 spectateurs pour encourager les Rouge et Blanc pendant la premi\u00e8re moiti\u00e9 de la saison, et un taux de remplissage de 49%. Malheureusement, cette bonne [&#8230;]\n","protected":false},"author":2,"featured_media":0,"comment_status":"open","ping_status":"open","sticky":false,"template":"","format":"standard","meta":[],"categories":[6],"tags":[403,86,94],"yoast_head":"<!-- This site is optimized with the Yoast SEO plugin v19.8 - https:\/\/yoast.com\/wordpress\/plugins\/seo\/ -->\n<title>L&#039;affluence du Louis-II a baiss\u00e9 apr\u00e8s la tr\u00eave - La Diagonale<\/title>\n<meta name=\"robots\" content=\"index, follow, max-snippet:-1, max-image-preview:large, max-video-preview:-1\" \/>\n<link rel=\"canonical\" href=\"https:\/\/www.ladiagonale.net\/index.php\/2024\/05\/31\/laffluence-du-louis-ii-a-baisse-apres-la-treve\/\" \/>\n<meta property=\"og:locale\" content=\"fr_FR\" \/>\n<meta property=\"og:type\" content=\"article\" \/>\n<meta property=\"og:title\" content=\"L&#039;affluence du Louis-II a baiss\u00e9 apr\u00e8s la tr\u00eave - La Diagonale\" \/>\n<meta property=\"og:description\" content=\"En janvier, les donn\u00e9es transmises par la LFP concernant les affluences se voulaient positives pour l&rsquo;AS Monaco et le stade Louis-II. L&rsquo;enceinte de la Principaut\u00e9 affichait une moyenne de 8 078 spectateurs pour encourager les Rouge et Blanc pendant la premi\u00e8re moiti\u00e9 de la saison, et un taux de remplissage de 49%. Malheureusement, cette bonne [...]\" \/>\n<meta property=\"og:url\" content=\"https:\/\/www.ladiagonale.net\/index.php\/2024\/05\/31\/laffluence-du-louis-ii-a-baisse-apres-la-treve\/\" \/>\n<meta property=\"og:site_name\" content=\"La Diagonale\" \/>\n<meta property=\"article:published_time\" content=\"2024-05-31T16:23:18+00:00\" \/>\n<meta property=\"article:modified_time\" content=\"2024-05-31T16:25:04+00:00\" \/>\n<meta property=\"og:image\" content=\"https:\/\/www.ladiagonale.net\/wp-content\/uploads\/2024\/05\/tribunesdrapeau.png\" \/>\n\t<meta property=\"og:image:width\" content=\"1160\" \/>\n\t<meta property=\"og:image:height\" content=\"650\" \/>\n\t<meta property=\"og:image:type\" content=\"image\/png\" \/>\n<meta name=\"author\" content=\"Damien Dellerba\" \/>\n<meta name=\"twitter:card\" content=\"summary_large_image\" \/>\n<meta name=\"twitter:image\" content=\"https:\/\/www.ladiagonale.net\/wp-content\/uploads\/2024\/05\/tribunesdrapeau.png\" \/>\n<meta name=\"twitter:label1\" content=\"\u00c9crit par\" \/>\n\t<meta name=\"twitter:data1\" content=\"Damien Dellerba\" \/>\n\t<meta name=\"twitter:label2\" content=\"Dur\u00e9e de lecture estim\u00e9e\" \/>\n\t<meta name=\"twitter:data2\" content=\"2 minutes\" \/>\n<script type=\"application\/ld+json\" class=\"yoast-schema-graph\">{\"@context\":\"https:\/\/schema.org\",\"@graph\":[{\"@type\":\"WebPage\",\"@id\":\"https:\/\/www.ladiagonale.net\/index.php\/2024\/05\/31\/laffluence-du-louis-ii-a-baisse-apres-la-treve\/\",\"url\":\"https:\/\/www.ladiagonale.net\/index.php\/2024\/05\/31\/laffluence-du-louis-ii-a-baisse-apres-la-treve\/\",\"name\":\"L'affluence du Louis-II a baiss\u00e9 apr\u00e8s la tr\u00eave - La Diagonale\",\"isPartOf\":{\"@id\":\"https:\/\/www.ladiagonale.net\/#website\"},\"datePublished\":\"2024-05-31T16:23:18+00:00\",\"dateModified\":\"2024-05-31T16:25:04+00:00\",\"author\":{\"@id\":\"https:\/\/www.ladiagonale.net\/#\/schema\/person\/79ff1e7b0853ed01b2aa26e64ad300bf\"},\"breadcrumb\":{\"@id\":\"https:\/\/www.ladiagonale.net\/index.php\/2024\/05\/31\/laffluence-du-louis-ii-a-baisse-apres-la-treve\/#breadcrumb\"},\"inLanguage\":\"fr-FR\",\"potentialAction\":[{\"@type\":\"ReadAction\",\"target\":[\"https:\/\/www.ladiagonale.net\/index.php\/2024\/05\/31\/laffluence-du-louis-ii-a-baisse-apres-la-treve\/\"]}]},{\"@type\":\"BreadcrumbList\",\"@id\":\"https:\/\/www.ladiagonale.net\/index.php\/2024\/05\/31\/laffluence-du-louis-ii-a-baisse-apres-la-treve\/#breadcrumb\",\"itemListElement\":[{\"@type\":\"ListItem\",\"position\":1,\"name\":\"Accueil\",\"item\":\"https:\/\/www.ladiagonale.net\/\"},{\"@type\":\"ListItem\",\"position\":2,\"name\":\"L&rsquo;affluence du Louis-II a baiss\u00e9 apr\u00e8s la tr\u00eave\"}]},{\"@type\":\"WebSite\",\"@id\":\"https:\/\/www.ladiagonale.net\/#website\",\"url\":\"https:\/\/www.ladiagonale.net\/\",\"name\":\"La Diagonale\",\"description\":\"Le site des supporters de l&#039;AS Monaco FC\",\"potentialAction\":[{\"@type\":\"SearchAction\",\"target\":{\"@type\":\"EntryPoint\",\"urlTemplate\":\"https:\/\/www.ladiagonale.net\/?s={search_term_string}\"},\"query-input\":\"required name=search_term_string\"}],\"inLanguage\":\"fr-FR\"},{\"@type\":\"Person\",\"@id\":\"https:\/\/www.ladiagonale.net\/#\/schema\/person\/79ff1e7b0853ed01b2aa26e64ad300bf\",\"name\":\"Damien Dellerba\",\"image\":{\"@type\":\"ImageObject\",\"inLanguage\":\"fr-FR\",\"@id\":\"https:\/\/www.ladiagonale.net\/#\/schema\/person\/image\/\",\"url\":\"https:\/\/secure.gravatar.com\/avatar\/c7850e06d3ff63cdbaee88b7fc16e2f0?s=96&d=mm&r=g\",\"contentUrl\":\"https:\/\/secure.gravatar.com\/avatar\/c7850e06d3ff63cdbaee88b7fc16e2f0?s=96&d=mm&r=g\",\"caption\":\"Damien Dellerba\"},\"url\":\"https:\/\/www.ladiagonale.net\/index.php\/author\/damien\/\"}]}<\/script>\n<!-- \/ Yoast SEO plugin. -->","yoast_head_json":{"title":"L'affluence du Louis-II a baiss\u00e9 apr\u00e8s la tr\u00eave - La Diagonale","robots":{"index":"index","follow":"follow","max-snippet":"max-snippet:-1","max-image-preview":"max-image-preview:large","max-video-preview":"max-video-preview:-1"},"canonical":"https:\/\/www.ladiagonale.net\/index.php\/2024\/05\/31\/laffluence-du-louis-ii-a-baisse-apres-la-treve\/","og_locale":"fr_FR","og_type":"article","og_title":"L'affluence du Louis-II a baiss\u00e9 apr\u00e8s la tr\u00eave - La Diagonale","og_description":"En janvier, les donn\u00e9es transmises par la LFP concernant les affluences se voulaient positives pour l&rsquo;AS Monaco et le stade Louis-II. L&rsquo;enceinte de la Principaut\u00e9 affichait une moyenne de 8 078 spectateurs pour encourager les Rouge et Blanc pendant la premi\u00e8re moiti\u00e9 de la saison, et un taux de remplissage de 49%. Malheureusement, cette bonne [...]","og_url":"https:\/\/www.ladiagonale.net\/index.php\/2024\/05\/31\/laffluence-du-louis-ii-a-baisse-apres-la-treve\/","og_site_name":"La Diagonale","article_published_time":"2024-05-31T16:23:18+00:00","article_modified_time":"2024-05-31T16:25:04+00:00","og_image":[{"width":1160,"height":650,"url":"https:\/\/www.ladiagonale.net\/wp-content\/uploads\/2024\/05\/tribunesdrapeau.png","type":"image\/png"}],"author":"Damien Dellerba","twitter_card":"summary_large_image","twitter_image":"https:\/\/www.ladiagonale.net\/wp-content\/uploads\/2024\/05\/tribunesdrapeau.png","twitter_misc":{"\u00c9crit par":"Damien Dellerba","Dur\u00e9e de lecture estim\u00e9e":"2 minutes"},"schema":{"@context":"https:\/\/schema.org","@graph":[{"@type":"WebPage","@id":"https:\/\/www.ladiagonale.net\/index.php\/2024\/05\/31\/laffluence-du-louis-ii-a-baisse-apres-la-treve\/","url":"https:\/\/www.ladiagonale.net\/index.php\/2024\/05\/31\/laffluence-du-louis-ii-a-baisse-apres-la-treve\/","name":"L'affluence du Louis-II a baiss\u00e9 apr\u00e8s la tr\u00eave - La Diagonale","isPartOf":{"@id":"https:\/\/www.ladiagonale.net\/#website"},"datePublished":"2024-05-31T16:23:18+00:00","dateModified":"2024-05-31T16:25:04+00:00","author":{"@id":"https:\/\/www.ladiagonale.net\/#\/schema\/person\/79ff1e7b0853ed01b2aa26e64ad300bf"},"breadcrumb":{"@id":"https:\/\/www.ladiagonale.net\/index.php\/2024\/05\/31\/laffluence-du-louis-ii-a-baisse-apres-la-treve\/#breadcrumb"},"inLanguage":"fr-FR","potentialAction":[{"@type":"ReadAction","target":["https:\/\/www.ladiagonale.net\/index.php\/2024\/05\/31\/laffluence-du-louis-ii-a-baisse-apres-la-treve\/"]}]},{"@type":"BreadcrumbList","@id":"https:\/\/www.ladiagonale.net\/index.php\/2024\/05\/31\/laffluence-du-louis-ii-a-baisse-apres-la-treve\/#breadcrumb","itemListElement":[{"@type":"ListItem","position":1,"name":"Accueil","item":"https:\/\/www.ladiagonale.net\/"},{"@type":"ListItem","position":2,"name":"L&rsquo;affluence du Louis-II a baiss\u00e9 apr\u00e8s la tr\u00eave"}]},{"@type":"WebSite","@id":"https:\/\/www.ladiagonale.net\/#website","url":"https:\/\/www.ladiagonale.net\/","name":"La Diagonale","description":"Le site des supporters de l&#039;AS Monaco FC","potentialAction":[{"@type":"SearchAction","target":{"@type":"EntryPoint","urlTemplate":"https:\/\/www.ladiagonale.net\/?s={search_term_string}"},"query-input":"required name=search_term_string"}],"inLanguage":"fr-FR"},{"@type":"Person","@id":"https:\/\/www.ladiagonale.net\/#\/schema\/person\/79ff1e7b0853ed01b2aa26e64ad300bf","name":"Damien Dellerba","image":{"@type":"ImageObject","inLanguage":"fr-FR","@id":"https:\/\/www.ladiagonale.net\/#\/schema\/person\/image\/","url":"https:\/\/secure.gravatar.com\/avatar\/c7850e06d3ff63cdbaee88b7fc16e2f0?s=96&d=mm&r=g","contentUrl":"https:\/\/secure.gravatar.com\/avatar\/c7850e06d3ff63cdbaee88b7fc16e2f0?s=96&d=mm&r=g","caption":"Damien Dellerba"},"url":"https:\/\/www.ladiagonale.net\/index.php\/author\/damien\/"}]}},"_links":{"self":[{"href":"https:\/\/www.ladiagonale.net\/index.php\/wp-json\/wp\/v2\/posts\/23640"}],"collection":[{"href":"https:\/\/www.ladiagonale.net\/index.php\/wp-json\/wp\/v2\/posts"}],"about":[{"href":"https:\/\/www.ladiagonale.net\/index.php\/wp-json\/wp\/v2\/types\/post"}],"author":[{"embeddable":true,"href":"https:\/\/www.ladiagonale.net\/index.php\/wp-json\/wp\/v2\/users\/2"}],"replies":[{"embeddable":true,"href":"https:\/\/www.ladiagonale.net\/index.php\/wp-json\/wp\/v2\/comments?post=23640"}],"version-history":[{"count":2,"href":"https:\/\/www.ladiagonale.net\/index.php\/wp-json\/wp\/v2\/posts\/23640\/revisions"}],"predecessor-version":[{"id":23643,"href":"https:\/\/www.ladiagonale.net\/index.php\/wp-json\/wp\/v2\/posts\/23640\/revisions\/23643"}],"wp:attachment":[{"href":"https:\/\/www.ladiagonale.net\/index.php\/wp-json\/wp\/v2\/media?parent=23640"}],"wp:term":[{"taxonomy":"category","embeddable":true,"href":"https:\/\/www.ladiagonale.net\/index.php\/wp-json\/wp\/v2\/categories?post=23640"},{"taxonomy":"post_tag","embeddable":true,"href":"https:\/\/www.ladiagonale.net\/index.php\/wp-json\/wp\/v2\/tags?post=23640"}],"curies":[{"name":"wp","href":"https:\/\/api.w.org\/{rel}","templated":true}]}}