{"id":23644,"date":"2024-06-01T12:21:47","date_gmt":"2024-06-01T10:21:47","guid":{"rendered":"https:\/\/www.ladiagonale.net\/?p=23644"},"modified":"2024-06-01T22:41:48","modified_gmt":"2024-06-01T20:41:48","slug":"les-dates-cles-de-la-saison-2024-2025","status":"publish","type":"post","link":"https:\/\/www.ladiagonale.net\/index.php\/2024\/06\/01\/les-dates-cles-de-la-saison-2024-2025\/","title":{"rendered":"Les dates cl\u00e9s de la saison 2024-2025"},"content":{"rendered":"\n\n\n<p>La saison 2024-2025 de l\u2019AS Monaco promet d\u2019\u00eatre intense. Entre c\u00e9l\u00e9brations de son centenaire qui interviendra le 23 ao\u00fbt, retour en Ligue des champions, et bien s\u00fbr comp\u00e9titions domestiques, les rendez-vous seront nombreux pour les Rouge et Blanc. Au minimum, il y aura 44 matches \u00e0 disputer et ce chiffre pourrait grimper jusqu\u2019\u00e0 58 si l\u2019ASM venait \u00e0 aller au bout de chaque comp\u00e9tition dans laquelle elle est engag\u00e9e.<\/p>\n\n\n\n<p>Pour toute ces \u00e9ch\u00e9ances \u00e0 venir et ce qui promet d\u2019\u00eatre une longue saison, il faudra s\u2019y pr\u00e9parer au mieux. La reprise de l\u2019entra\u00eenement a \u00e9t\u00e9 fix\u00e9e au 24 juin, comme l\u2019a confirm\u00e9 le club vendredi sur son site officiel, et l&rsquo;intersaison comportera entre autres un stage en Autriche et <a href=\"https:\/\/www.ladiagonale.net\/index.php\/2024\/05\/31\/un-premier-match-amical-programme-contre-le-feyenoord-rotterdam\/\" target=\"_blank\" rel=\"noreferrer noopener\">un match amical contre le Feyenoord Rotterdam<\/a>. Il faudra \u00e9galement un effectif suffisamment fourni et pour faire face \u00e0 ce calendrier d\u00e9mentiel, le mercato estival sera crucial. La date d\u2019ouverture du march\u00e9 des transferts en France est pourtant une grande inconnue, puisque rien n&rsquo;a \u00e9t\u00e9 annonc\u00e9 de la part de la Ligue. Cela n\u2019emp\u00eache pas l\u2019ASM de&nbsp;s&rsquo;activer en ayant d\u00e9j\u00e0 annonc\u00e9 la signature de Thilo Kehrer.<\/p>\n\n\n\n<p>Les choses s\u00e9rieuses d\u00e9buteront normalement le 8 ao\u00fbt pour les hommes d\u2019Adi H\u00fctter, avec le Troph\u00e9e des champions face au Paris Saint-Germain. Celui-ci se tiendra \u00e0 P\u00e9kin (Chine) m\u00eame si sa date et son horaire (14h) sont encore en attente de confirmation. Les Mon\u00e9gasques retrouveront la Ligue 1 le week-end des 17 et 18 ao\u00fbt, alors que l&rsquo;on ne conna\u00eet toujours pas le prochain diffuseur du championnat et que les n\u00e9gociations pour les droits TV battent leur plein. La fin de saison aura lieu presque aux m\u00eames dates que cette ann\u00e9e, \u00e0 la mi-mai (17-18 mai 2025). La phase aller se terminera apr\u00e8s la tr\u00eave hivernale (23 d\u00e9cembre 2024 au 3 janvier 2025) puisque la 17<sup>e<\/sup> journ\u00e9e a \u00e9t\u00e9 programm\u00e9e au week-end des 18 et 19 janvier 2025. En revanche, la Coupe de France d\u00e9butera un peu plus t\u00f4t pour les clubs de L1, puisque les 32<sup>es<\/sup> de finale auront lieu en d\u00e9cembre (21-22 d\u00e9cembre).<\/p>\n\n\n\n<p class=\"has-white-color has-text-color has-background\" style=\"background-color:#303030\">Lire aussi : <a href=\"https:\/\/www.ladiagonale.net\/index.php\/2024\/05\/22\/ligue-des-champions-quest-ce-qui-va-changer\/\">Ligue des champions, qu\u2019est-ce qui va changer ?<\/a><\/p>\n\n\n\n<p>Mais l&rsquo;\u00e9v\u00e9nement de cette saison sera bien entendu le retour de la formation as\u00e9miste en Ligue des champions. La C1 \u00ab&nbsp;nouvelle formule&nbsp;\u00bb commencera par une phase de ligue de huit journ\u00e9es : la premi\u00e8re aura lieu les 17, 18 et 19 septembre tandis que la derni\u00e8re se tiendra int\u00e9gralement le 29 janvier. \u00c0 l&rsquo;issue de celle-ci, l&rsquo;ASM aura peut-\u00eatre prolong\u00e9 l&rsquo;aventure europ\u00e9enne, soit par un barrage soit par un 8<sup>e<\/sup> de finale. Ce serait en tout cas une belle fa\u00e7on de souffler les 100 bougies du club, dont les <a href=\"https:\/\/www.ladiagonale.net\/index.php\/2024\/05\/23\/des-celebrations-tout-au-long-de-la-saison-pour-le-centenaire-du-club\/\" target=\"_blank\" rel=\"noreferrer noopener\">festivit\u00e9s auront lieu tout au long de la saison<\/a>.<\/p>\n\n\n\n<h3 class=\"wp-block-heading\">Les dates cl\u00e9s de la saison 2024-2025<\/h3>\n\n\n\n<ul>\n<li>24 juin : reprise de l\u2019entra\u00eenement<\/li>\n\n\n\n<li>8 ao\u00fbt : Paris SG-Monaco (Troph\u00e9e des champions)<\/li>\n\n\n\n<li>17-18 ao\u00fbt : 1<sup>re<\/sup> journ\u00e9e de Ligue 1<\/li>\n\n\n\n<li>23 ao\u00fbt : 100<sup>e<\/sup> anniversaire de l\u2019AS Monaco<\/li>\n\n\n\n<li>17-18-19 septembre : 1<sup>re<\/sup> journ\u00e9e de la phase de ligue de la Ligue des champions<\/li>\n\n\n\n<li>21-22 d\u00e9cembre : 32<sup>es<\/sup> de finale de Coupe de France<\/li>\n\n\n\n<li>Tr\u00eave hivernale : 23 d\u00e9cembre au 3 janvier<\/li>\n\n\n\n<li>18-19 janvier : 17<sup>e<\/sup> journ\u00e9e de Ligue 1 et fin de la phase aller<\/li>\n\n\n\n<li>29 janvier : 8<sup>e<\/sup> et derni\u00e8re journ\u00e9e de la phase de ligue de la Ligue des champions<\/li>\n\n\n\n<li>11-12 et 18-19 f\u00e9vrier : barrages de Ligue des champions<\/li>\n\n\n\n<li>4-5 et 11-12 mars : 8<sup>es<\/sup> de finale de Ligue des champions<\/li>\n\n\n\n<li>17-18 mai : 34<sup>e<\/sup> journ\u00e9e de L1<\/li>\n<\/ul>\n\n\n\n<h3 class=\"wp-block-heading\">Les tr\u00eaves internationales<\/h3>\n\n\n\n<ul>\n<li>2 au 10 septembre<\/li>\n\n\n\n<li>7 au 15 octobre<\/li>\n\n\n\n<li>11 au 19 novembre<\/li>\n\n\n\n<li>17 au 26 mars<\/li>\n<\/ul>\n","protected":false},"excerpt":{"rendered":"<p>La saison 2024-2025 de l\u2019AS Monaco promet d\u2019\u00eatre intense. Entre c\u00e9l\u00e9brations de son centenaire qui interviendra le 23 ao\u00fbt, retour en Ligue des champions, et bien s\u00fbr comp\u00e9titions domestiques, les rendez-vous seront nombreux pour les Rouge et Blanc. Au minimum, il y aura 44 matches \u00e0 disputer et ce chiffre pourrait grimper jusqu\u2019\u00e0 58 si [&#8230;]\n","protected":false},"author":2,"featured_media":0,"comment_status":"open","ping_status":"open","sticky":false,"template":"","format":"standard","meta":[],"categories":[6],"tags":[86,585,232,94,287,831],"yoast_head":"<!-- This site is optimized with the Yoast SEO plugin v19.8 - https:\/\/yoast.com\/wordpress\/plugins\/seo\/ -->\n<title>Les dates cl\u00e9s de la saison 2024-2025 - La Diagonale<\/title>\n<meta name=\"robots\" content=\"index, follow, max-snippet:-1, max-image-preview:large, max-video-preview:-1\" \/>\n<link rel=\"canonical\" href=\"https:\/\/www.ladiagonale.net\/index.php\/2024\/06\/01\/les-dates-cles-de-la-saison-2024-2025\/\" \/>\n<meta property=\"og:locale\" content=\"fr_FR\" \/>\n<meta property=\"og:type\" content=\"article\" \/>\n<meta property=\"og:title\" content=\"Les dates cl\u00e9s de la saison 2024-2025 - La Diagonale\" \/>\n<meta property=\"og:description\" content=\"La saison 2024-2025 de l\u2019AS Monaco promet d\u2019\u00eatre intense. Entre c\u00e9l\u00e9brations de son centenaire qui interviendra le 23 ao\u00fbt, retour en Ligue des champions, et bien s\u00fbr comp\u00e9titions domestiques, les rendez-vous seront nombreux pour les Rouge et Blanc. Au minimum, il y aura 44 matches \u00e0 disputer et ce chiffre pourrait grimper jusqu\u2019\u00e0 58 si [...]\" \/>\n<meta property=\"og:url\" content=\"https:\/\/www.ladiagonale.net\/index.php\/2024\/06\/01\/les-dates-cles-de-la-saison-2024-2025\/\" \/>\n<meta property=\"og:site_name\" content=\"La Diagonale\" \/>\n<meta property=\"article:published_time\" content=\"2024-06-01T10:21:47+00:00\" \/>\n<meta property=\"article:modified_time\" content=\"2024-06-01T20:41:48+00:00\" \/>\n<meta property=\"og:image\" content=\"https:\/\/www.ladiagonale.net\/wp-content\/uploads\/2023\/07\/groupe-training.png\" \/>\n\t<meta property=\"og:image:width\" content=\"1160\" \/>\n\t<meta property=\"og:image:height\" content=\"650\" \/>\n\t<meta property=\"og:image:type\" content=\"image\/png\" \/>\n<meta name=\"author\" content=\"Damien Dellerba\" \/>\n<meta name=\"twitter:card\" content=\"summary_large_image\" \/>\n<meta name=\"twitter:image\" content=\"https:\/\/www.ladiagonale.net\/wp-content\/uploads\/2023\/07\/groupe-training.png\" \/>\n<meta name=\"twitter:label1\" content=\"\u00c9crit par\" \/>\n\t<meta name=\"twitter:data1\" content=\"Damien Dellerba\" \/>\n\t<meta name=\"twitter:label2\" content=\"Dur\u00e9e de lecture estim\u00e9e\" \/>\n\t<meta name=\"twitter:data2\" content=\"3 minutes\" \/>\n<script type=\"application\/ld+json\" class=\"yoast-schema-graph\">{\"@context\":\"https:\/\/schema.org\",\"@graph\":[{\"@type\":\"WebPage\",\"@id\":\"https:\/\/www.ladiagonale.net\/index.php\/2024\/06\/01\/les-dates-cles-de-la-saison-2024-2025\/\",\"url\":\"https:\/\/www.ladiagonale.net\/index.php\/2024\/06\/01\/les-dates-cles-de-la-saison-2024-2025\/\",\"name\":\"Les dates cl\u00e9s de la saison 2024-2025 - La Diagonale\",\"isPartOf\":{\"@id\":\"https:\/\/www.ladiagonale.net\/#website\"},\"datePublished\":\"2024-06-01T10:21:47+00:00\",\"dateModified\":\"2024-06-01T20:41:48+00:00\",\"author\":{\"@id\":\"https:\/\/www.ladiagonale.net\/#\/schema\/person\/79ff1e7b0853ed01b2aa26e64ad300bf\"},\"breadcrumb\":{\"@id\":\"https:\/\/www.ladiagonale.net\/index.php\/2024\/06\/01\/les-dates-cles-de-la-saison-2024-2025\/#breadcrumb\"},\"inLanguage\":\"fr-FR\",\"potentialAction\":[{\"@type\":\"ReadAction\",\"target\":[\"https:\/\/www.ladiagonale.net\/index.php\/2024\/06\/01\/les-dates-cles-de-la-saison-2024-2025\/\"]}]},{\"@type\":\"BreadcrumbList\",\"@id\":\"https:\/\/www.ladiagonale.net\/index.php\/2024\/06\/01\/les-dates-cles-de-la-saison-2024-2025\/#breadcrumb\",\"itemListElement\":[{\"@type\":\"ListItem\",\"position\":1,\"name\":\"Accueil\",\"item\":\"https:\/\/www.ladiagonale.net\/\"},{\"@type\":\"ListItem\",\"position\":2,\"name\":\"Les dates cl\u00e9s de la saison 2024-2025\"}]},{\"@type\":\"WebSite\",\"@id\":\"https:\/\/www.ladiagonale.net\/#website\",\"url\":\"https:\/\/www.ladiagonale.net\/\",\"name\":\"La Diagonale\",\"description\":\"Le site des supporters de l&#039;AS Monaco FC\",\"potentialAction\":[{\"@type\":\"SearchAction\",\"target\":{\"@type\":\"EntryPoint\",\"urlTemplate\":\"https:\/\/www.ladiagonale.net\/?s={search_term_string}\"},\"query-input\":\"required name=search_term_string\"}],\"inLanguage\":\"fr-FR\"},{\"@type\":\"Person\",\"@id\":\"https:\/\/www.ladiagonale.net\/#\/schema\/person\/79ff1e7b0853ed01b2aa26e64ad300bf\",\"name\":\"Damien Dellerba\",\"image\":{\"@type\":\"ImageObject\",\"inLanguage\":\"fr-FR\",\"@id\":\"https:\/\/www.ladiagonale.net\/#\/schema\/person\/image\/\",\"url\":\"https:\/\/secure.gravatar.com\/avatar\/c7850e06d3ff63cdbaee88b7fc16e2f0?s=96&d=mm&r=g\",\"contentUrl\":\"https:\/\/secure.gravatar.com\/avatar\/c7850e06d3ff63cdbaee88b7fc16e2f0?s=96&d=mm&r=g\",\"caption\":\"Damien Dellerba\"},\"url\":\"https:\/\/www.ladiagonale.net\/index.php\/author\/damien\/\"}]}<\/script>\n<!-- \/ Yoast SEO plugin. -->","yoast_head_json":{"title":"Les dates cl\u00e9s de la saison 2024-2025 - La Diagonale","robots":{"index":"index","follow":"follow","max-snippet":"max-snippet:-1","max-image-preview":"max-image-preview:large","max-video-preview":"max-video-preview:-1"},"canonical":"https:\/\/www.ladiagonale.net\/index.php\/2024\/06\/01\/les-dates-cles-de-la-saison-2024-2025\/","og_locale":"fr_FR","og_type":"article","og_title":"Les dates cl\u00e9s de la saison 2024-2025 - La Diagonale","og_description":"La saison 2024-2025 de l\u2019AS Monaco promet d\u2019\u00eatre intense. Entre c\u00e9l\u00e9brations de son centenaire qui interviendra le 23 ao\u00fbt, retour en Ligue des champions, et bien s\u00fbr comp\u00e9titions domestiques, les rendez-vous seront nombreux pour les Rouge et Blanc. Au minimum, il y aura 44 matches \u00e0 disputer et ce chiffre pourrait grimper jusqu\u2019\u00e0 58 si [...]","og_url":"https:\/\/www.ladiagonale.net\/index.php\/2024\/06\/01\/les-dates-cles-de-la-saison-2024-2025\/","og_site_name":"La Diagonale","article_published_time":"2024-06-01T10:21:47+00:00","article_modified_time":"2024-06-01T20:41:48+00:00","og_image":[{"width":1160,"height":650,"url":"https:\/\/www.ladiagonale.net\/wp-content\/uploads\/2023\/07\/groupe-training.png","type":"image\/png"}],"author":"Damien Dellerba","twitter_card":"summary_large_image","twitter_image":"https:\/\/www.ladiagonale.net\/wp-content\/uploads\/2023\/07\/groupe-training.png","twitter_misc":{"\u00c9crit par":"Damien Dellerba","Dur\u00e9e de lecture estim\u00e9e":"3 minutes"},"schema":{"@context":"https:\/\/schema.org","@graph":[{"@type":"WebPage","@id":"https:\/\/www.ladiagonale.net\/index.php\/2024\/06\/01\/les-dates-cles-de-la-saison-2024-2025\/","url":"https:\/\/www.ladiagonale.net\/index.php\/2024\/06\/01\/les-dates-cles-de-la-saison-2024-2025\/","name":"Les dates cl\u00e9s de la saison 2024-2025 - La Diagonale","isPartOf":{"@id":"https:\/\/www.ladiagonale.net\/#website"},"datePublished":"2024-06-01T10:21:47+00:00","dateModified":"2024-06-01T20:41:48+00:00","author":{"@id":"https:\/\/www.ladiagonale.net\/#\/schema\/person\/79ff1e7b0853ed01b2aa26e64ad300bf"},"breadcrumb":{"@id":"https:\/\/www.ladiagonale.net\/index.php\/2024\/06\/01\/les-dates-cles-de-la-saison-2024-2025\/#breadcrumb"},"inLanguage":"fr-FR","potentialAction":[{"@type":"ReadAction","target":["https:\/\/www.ladiagonale.net\/index.php\/2024\/06\/01\/les-dates-cles-de-la-saison-2024-2025\/"]}]},{"@type":"BreadcrumbList","@id":"https:\/\/www.ladiagonale.net\/index.php\/2024\/06\/01\/les-dates-cles-de-la-saison-2024-2025\/#breadcrumb","itemListElement":[{"@type":"ListItem","position":1,"name":"Accueil","item":"https:\/\/www.ladiagonale.net\/"},{"@type":"ListItem","position":2,"name":"Les dates cl\u00e9s de la saison 2024-2025"}]},{"@type":"WebSite","@id":"https:\/\/www.ladiagonale.net\/#website","url":"https:\/\/www.ladiagonale.net\/","name":"La Diagonale","description":"Le site des supporters de l&#039;AS Monaco FC","potentialAction":[{"@type":"SearchAction","target":{"@type":"EntryPoint","urlTemplate":"https:\/\/www.ladiagonale.net\/?s={search_term_string}"},"query-input":"required name=search_term_string"}],"inLanguage":"fr-FR"},{"@type":"Person","@id":"https:\/\/www.ladiagonale.net\/#\/schema\/person\/79ff1e7b0853ed01b2aa26e64ad300bf","name":"Damien Dellerba","image":{"@type":"ImageObject","inLanguage":"fr-FR","@id":"https:\/\/www.ladiagonale.net\/#\/schema\/person\/image\/","url":"https:\/\/secure.gravatar.com\/avatar\/c7850e06d3ff63cdbaee88b7fc16e2f0?s=96&d=mm&r=g","contentUrl":"https:\/\/secure.gravatar.com\/avatar\/c7850e06d3ff63cdbaee88b7fc16e2f0?s=96&d=mm&r=g","caption":"Damien Dellerba"},"url":"https:\/\/www.ladiagonale.net\/index.php\/author\/damien\/"}]}},"_links":{"self":[{"href":"https:\/\/www.ladiagonale.net\/index.php\/wp-json\/wp\/v2\/posts\/23644"}],"collection":[{"href":"https:\/\/www.ladiagonale.net\/index.php\/wp-json\/wp\/v2\/posts"}],"about":[{"href":"https:\/\/www.ladiagonale.net\/index.php\/wp-json\/wp\/v2\/types\/post"}],"author":[{"embeddable":true,"href":"https:\/\/www.ladiagonale.net\/index.php\/wp-json\/wp\/v2\/users\/2"}],"replies":[{"embeddable":true,"href":"https:\/\/www.ladiagonale.net\/index.php\/wp-json\/wp\/v2\/comments?post=23644"}],"version-history":[{"count":10,"href":"https:\/\/www.ladiagonale.net\/index.php\/wp-json\/wp\/v2\/posts\/23644\/revisions"}],"predecessor-version":[{"id":23657,"href":"https:\/\/www.ladiagonale.net\/index.php\/wp-json\/wp\/v2\/posts\/23644\/revisions\/23657"}],"wp:attachment":[{"href":"https:\/\/www.ladiagonale.net\/index.php\/wp-json\/wp\/v2\/media?parent=23644"}],"wp:term":[{"taxonomy":"category","embeddable":true,"href":"https:\/\/www.ladiagonale.net\/index.php\/wp-json\/wp\/v2\/categories?post=23644"},{"taxonomy":"post_tag","embeddable":true,"href":"https:\/\/www.ladiagonale.net\/index.php\/wp-json\/wp\/v2\/tags?post=23644"}],"curies":[{"name":"wp","href":"https:\/\/api.w.org\/{rel}","templated":true}]}}