{"id":23685,"date":"2024-06-03T13:00:44","date_gmt":"2024-06-03T11:00:44","guid":{"rendered":"https:\/\/www.ladiagonale.net\/?p=23685"},"modified":"2024-06-03T14:48:47","modified_gmt":"2024-06-03T12:48:47","slug":"diop-voudrait-simposer-en-equipe-premiere","status":"publish","type":"post","link":"https:\/\/www.ladiagonale.net\/index.php\/2024\/06\/03\/diop-voudrait-simposer-en-equipe-premiere\/","title":{"rendered":"Diop pr\u00e9f\u00e9rerait rester pour s&rsquo;imposer"},"content":{"rendered":"\n\n\n<p>Le milieu de terrain de l\u2019AS Monaco risque bien de conna\u00eetre de grands chambardements pendant l&rsquo;\u00e9t\u00e9. Si <a href=\"https:\/\/www.ladiagonale.net\/index.php\/2024\/05\/30\/fofana-a-propos-dun-transfert-tout-le-monde-devrait-etre-gagnant\/\" target=\"_blank\" rel=\"noreferrer noopener\">le d\u00e9part de Youssouf Fofana est attendu<\/a> et <a href=\"https:\/\/www.ladiagonale.net\/index.php\/2024\/06\/02\/monaco-serait-ouvert-a-un-depart-de-camara\/\">celui de Mohamed Camara pas exclu<\/a>, cela pourrait ouvrir des opportunit\u00e9s pour les plus jeunes joueurs, m\u00eame si des recrues seront forc\u00e9ment attendues \u00e0 ce poste. Edan Diop (19 ans) souhaiteraient notamment s\u2019imposer au sein du groupe mon\u00e9gasque, r\u00e9v\u00e8le <em>Nice-Matin<\/em>, plut\u00f4t que d\u2019envisager un pr\u00eat <a href=\"https:\/\/www.ladiagonale.net\/index.php\/2024\/06\/03\/valme-et-benama-reflechiraient-a-un-pret\/\" target=\"_blank\" rel=\"noreferrer noopener\">comme Mayssam Benama et Ritchy Valme<\/a>. Il ne serait pourtant pas r\u00e9fractaire \u00e0 cette seconde option mais cela pourrait d\u00e9pendre des offres dont il dispose et de son temps de jeu durant la pr\u00e9paration.<\/p>\n\n\n\n<p>Lors de la saison qui vient de s\u2019achever, Edan Diop n\u2019a pas vraiment confirm\u00e9 lorsque Adi H\u00fctter lui a donn\u00e9 sa chance. M\u00eame si le technicien autrichien l\u2019appr\u00e9cie, Diop n\u2019a disput\u00e9 que 12 matches, pour une seule titularisation, et il a pass\u00e9 moins de temps sur le terrain en 2023-2024 que sous Philippe Clement la saison pr\u00e9c\u00e9dente (221 minutes contre 278 minutes). Le jeune fr\u00e8re de Sofiane Diop est sous contrat avec le club du Rocher jusqu&rsquo;en 2028. Il avait notamment \u00e9t\u00e9 <a href=\"https:\/\/www.ladiagonale.net\/index.php\/2023\/08\/10\/officiel-trois-ans-de-plus-pour-diop\/\" target=\"_blank\" rel=\"noreferrer noopener\">prolong\u00e9 de trois saisons<\/a> en ao\u00fbt 2023.<\/p>\n","protected":false},"excerpt":{"rendered":"<p>Le milieu de terrain de l\u2019AS Monaco risque bien de conna\u00eetre de grands chambardements pendant l&rsquo;\u00e9t\u00e9. Si le d\u00e9part de Youssouf Fofana est attendu et celui de Mohamed Camara pas exclu, cela pourrait ouvrir des opportunit\u00e9s pour les plus jeunes joueurs, m\u00eame si des recrues seront forc\u00e9ment attendues \u00e0 ce poste. Edan Diop (19 ans) [&#8230;]\n","protected":false},"author":2,"featured_media":0,"comment_status":"open","ping_status":"open","sticky":false,"template":"","format":"standard","meta":[],"categories":[6],"tags":[86,80,111,110],"yoast_head":"<!-- This site is optimized with the Yoast SEO plugin v19.8 - https:\/\/yoast.com\/wordpress\/plugins\/seo\/ -->\n<title>Diop pr\u00e9f\u00e9rerait rester pour s&#039;imposer - La Diagonale<\/title>\n<meta name=\"robots\" content=\"index, follow, max-snippet:-1, max-image-preview:large, max-video-preview:-1\" \/>\n<link rel=\"canonical\" href=\"https:\/\/www.ladiagonale.net\/index.php\/2024\/06\/03\/diop-voudrait-simposer-en-equipe-premiere\/\" \/>\n<meta property=\"og:locale\" content=\"fr_FR\" \/>\n<meta property=\"og:type\" content=\"article\" \/>\n<meta property=\"og:title\" content=\"Diop pr\u00e9f\u00e9rerait rester pour s&#039;imposer - La Diagonale\" \/>\n<meta property=\"og:description\" content=\"Le milieu de terrain de l\u2019AS Monaco risque bien de conna\u00eetre de grands chambardements pendant l&rsquo;\u00e9t\u00e9. Si le d\u00e9part de Youssouf Fofana est attendu et celui de Mohamed Camara pas exclu, cela pourrait ouvrir des opportunit\u00e9s pour les plus jeunes joueurs, m\u00eame si des recrues seront forc\u00e9ment attendues \u00e0 ce poste. Edan Diop (19 ans) [...]\" \/>\n<meta property=\"og:url\" content=\"https:\/\/www.ladiagonale.net\/index.php\/2024\/06\/03\/diop-voudrait-simposer-en-equipe-premiere\/\" \/>\n<meta property=\"og:site_name\" content=\"La Diagonale\" \/>\n<meta property=\"article:published_time\" content=\"2024-06-03T11:00:44+00:00\" \/>\n<meta property=\"article:modified_time\" content=\"2024-06-03T12:48:47+00:00\" \/>\n<meta property=\"og:image\" content=\"https:\/\/www.ladiagonale.net\/wp-content\/uploads\/2024\/06\/ediop.png\" \/>\n\t<meta property=\"og:image:width\" content=\"1160\" \/>\n\t<meta property=\"og:image:height\" content=\"650\" \/>\n\t<meta property=\"og:image:type\" content=\"image\/png\" \/>\n<meta name=\"author\" content=\"Damien Dellerba\" \/>\n<meta name=\"twitter:card\" content=\"summary_large_image\" \/>\n<meta name=\"twitter:image\" content=\"https:\/\/www.ladiagonale.net\/wp-content\/uploads\/2024\/06\/ediop.png\" \/>\n<meta name=\"twitter:label1\" content=\"\u00c9crit par\" \/>\n\t<meta name=\"twitter:data1\" content=\"Damien Dellerba\" \/>\n\t<meta name=\"twitter:label2\" content=\"Dur\u00e9e de lecture estim\u00e9e\" \/>\n\t<meta name=\"twitter:data2\" content=\"1 minute\" \/>\n<script type=\"application\/ld+json\" class=\"yoast-schema-graph\">{\"@context\":\"https:\/\/schema.org\",\"@graph\":[{\"@type\":\"WebPage\",\"@id\":\"https:\/\/www.ladiagonale.net\/index.php\/2024\/06\/03\/diop-voudrait-simposer-en-equipe-premiere\/\",\"url\":\"https:\/\/www.ladiagonale.net\/index.php\/2024\/06\/03\/diop-voudrait-simposer-en-equipe-premiere\/\",\"name\":\"Diop pr\u00e9f\u00e9rerait rester pour s'imposer - La Diagonale\",\"isPartOf\":{\"@id\":\"https:\/\/www.ladiagonale.net\/#website\"},\"datePublished\":\"2024-06-03T11:00:44+00:00\",\"dateModified\":\"2024-06-03T12:48:47+00:00\",\"author\":{\"@id\":\"https:\/\/www.ladiagonale.net\/#\/schema\/person\/79ff1e7b0853ed01b2aa26e64ad300bf\"},\"breadcrumb\":{\"@id\":\"https:\/\/www.ladiagonale.net\/index.php\/2024\/06\/03\/diop-voudrait-simposer-en-equipe-premiere\/#breadcrumb\"},\"inLanguage\":\"fr-FR\",\"potentialAction\":[{\"@type\":\"ReadAction\",\"target\":[\"https:\/\/www.ladiagonale.net\/index.php\/2024\/06\/03\/diop-voudrait-simposer-en-equipe-premiere\/\"]}]},{\"@type\":\"BreadcrumbList\",\"@id\":\"https:\/\/www.ladiagonale.net\/index.php\/2024\/06\/03\/diop-voudrait-simposer-en-equipe-premiere\/#breadcrumb\",\"itemListElement\":[{\"@type\":\"ListItem\",\"position\":1,\"name\":\"Accueil\",\"item\":\"https:\/\/www.ladiagonale.net\/\"},{\"@type\":\"ListItem\",\"position\":2,\"name\":\"Diop pr\u00e9f\u00e9rerait rester pour s&rsquo;imposer\"}]},{\"@type\":\"WebSite\",\"@id\":\"https:\/\/www.ladiagonale.net\/#website\",\"url\":\"https:\/\/www.ladiagonale.net\/\",\"name\":\"La Diagonale\",\"description\":\"Le site des supporters de l&#039;AS Monaco FC\",\"potentialAction\":[{\"@type\":\"SearchAction\",\"target\":{\"@type\":\"EntryPoint\",\"urlTemplate\":\"https:\/\/www.ladiagonale.net\/?s={search_term_string}\"},\"query-input\":\"required name=search_term_string\"}],\"inLanguage\":\"fr-FR\"},{\"@type\":\"Person\",\"@id\":\"https:\/\/www.ladiagonale.net\/#\/schema\/person\/79ff1e7b0853ed01b2aa26e64ad300bf\",\"name\":\"Damien Dellerba\",\"image\":{\"@type\":\"ImageObject\",\"inLanguage\":\"fr-FR\",\"@id\":\"https:\/\/www.ladiagonale.net\/#\/schema\/person\/image\/\",\"url\":\"https:\/\/secure.gravatar.com\/avatar\/c7850e06d3ff63cdbaee88b7fc16e2f0?s=96&d=mm&r=g\",\"contentUrl\":\"https:\/\/secure.gravatar.com\/avatar\/c7850e06d3ff63cdbaee88b7fc16e2f0?s=96&d=mm&r=g\",\"caption\":\"Damien Dellerba\"},\"url\":\"https:\/\/www.ladiagonale.net\/index.php\/author\/damien\/\"}]}<\/script>\n<!-- \/ Yoast SEO plugin. -->","yoast_head_json":{"title":"Diop pr\u00e9f\u00e9rerait rester pour s'imposer - La Diagonale","robots":{"index":"index","follow":"follow","max-snippet":"max-snippet:-1","max-image-preview":"max-image-preview:large","max-video-preview":"max-video-preview:-1"},"canonical":"https:\/\/www.ladiagonale.net\/index.php\/2024\/06\/03\/diop-voudrait-simposer-en-equipe-premiere\/","og_locale":"fr_FR","og_type":"article","og_title":"Diop pr\u00e9f\u00e9rerait rester pour s'imposer - La Diagonale","og_description":"Le milieu de terrain de l\u2019AS Monaco risque bien de conna\u00eetre de grands chambardements pendant l&rsquo;\u00e9t\u00e9. Si le d\u00e9part de Youssouf Fofana est attendu et celui de Mohamed Camara pas exclu, cela pourrait ouvrir des opportunit\u00e9s pour les plus jeunes joueurs, m\u00eame si des recrues seront forc\u00e9ment attendues \u00e0 ce poste. Edan Diop (19 ans) [...]","og_url":"https:\/\/www.ladiagonale.net\/index.php\/2024\/06\/03\/diop-voudrait-simposer-en-equipe-premiere\/","og_site_name":"La Diagonale","article_published_time":"2024-06-03T11:00:44+00:00","article_modified_time":"2024-06-03T12:48:47+00:00","og_image":[{"width":1160,"height":650,"url":"https:\/\/www.ladiagonale.net\/wp-content\/uploads\/2024\/06\/ediop.png","type":"image\/png"}],"author":"Damien Dellerba","twitter_card":"summary_large_image","twitter_image":"https:\/\/www.ladiagonale.net\/wp-content\/uploads\/2024\/06\/ediop.png","twitter_misc":{"\u00c9crit par":"Damien Dellerba","Dur\u00e9e de lecture estim\u00e9e":"1 minute"},"schema":{"@context":"https:\/\/schema.org","@graph":[{"@type":"WebPage","@id":"https:\/\/www.ladiagonale.net\/index.php\/2024\/06\/03\/diop-voudrait-simposer-en-equipe-premiere\/","url":"https:\/\/www.ladiagonale.net\/index.php\/2024\/06\/03\/diop-voudrait-simposer-en-equipe-premiere\/","name":"Diop pr\u00e9f\u00e9rerait rester pour s'imposer - La Diagonale","isPartOf":{"@id":"https:\/\/www.ladiagonale.net\/#website"},"datePublished":"2024-06-03T11:00:44+00:00","dateModified":"2024-06-03T12:48:47+00:00","author":{"@id":"https:\/\/www.ladiagonale.net\/#\/schema\/person\/79ff1e7b0853ed01b2aa26e64ad300bf"},"breadcrumb":{"@id":"https:\/\/www.ladiagonale.net\/index.php\/2024\/06\/03\/diop-voudrait-simposer-en-equipe-premiere\/#breadcrumb"},"inLanguage":"fr-FR","potentialAction":[{"@type":"ReadAction","target":["https:\/\/www.ladiagonale.net\/index.php\/2024\/06\/03\/diop-voudrait-simposer-en-equipe-premiere\/"]}]},{"@type":"BreadcrumbList","@id":"https:\/\/www.ladiagonale.net\/index.php\/2024\/06\/03\/diop-voudrait-simposer-en-equipe-premiere\/#breadcrumb","itemListElement":[{"@type":"ListItem","position":1,"name":"Accueil","item":"https:\/\/www.ladiagonale.net\/"},{"@type":"ListItem","position":2,"name":"Diop pr\u00e9f\u00e9rerait rester pour s&rsquo;imposer"}]},{"@type":"WebSite","@id":"https:\/\/www.ladiagonale.net\/#website","url":"https:\/\/www.ladiagonale.net\/","name":"La Diagonale","description":"Le site des supporters de l&#039;AS Monaco FC","potentialAction":[{"@type":"SearchAction","target":{"@type":"EntryPoint","urlTemplate":"https:\/\/www.ladiagonale.net\/?s={search_term_string}"},"query-input":"required name=search_term_string"}],"inLanguage":"fr-FR"},{"@type":"Person","@id":"https:\/\/www.ladiagonale.net\/#\/schema\/person\/79ff1e7b0853ed01b2aa26e64ad300bf","name":"Damien Dellerba","image":{"@type":"ImageObject","inLanguage":"fr-FR","@id":"https:\/\/www.ladiagonale.net\/#\/schema\/person\/image\/","url":"https:\/\/secure.gravatar.com\/avatar\/c7850e06d3ff63cdbaee88b7fc16e2f0?s=96&d=mm&r=g","contentUrl":"https:\/\/secure.gravatar.com\/avatar\/c7850e06d3ff63cdbaee88b7fc16e2f0?s=96&d=mm&r=g","caption":"Damien Dellerba"},"url":"https:\/\/www.ladiagonale.net\/index.php\/author\/damien\/"}]}},"_links":{"self":[{"href":"https:\/\/www.ladiagonale.net\/index.php\/wp-json\/wp\/v2\/posts\/23685"}],"collection":[{"href":"https:\/\/www.ladiagonale.net\/index.php\/wp-json\/wp\/v2\/posts"}],"about":[{"href":"https:\/\/www.ladiagonale.net\/index.php\/wp-json\/wp\/v2\/types\/post"}],"author":[{"embeddable":true,"href":"https:\/\/www.ladiagonale.net\/index.php\/wp-json\/wp\/v2\/users\/2"}],"replies":[{"embeddable":true,"href":"https:\/\/www.ladiagonale.net\/index.php\/wp-json\/wp\/v2\/comments?post=23685"}],"version-history":[{"count":4,"href":"https:\/\/www.ladiagonale.net\/index.php\/wp-json\/wp\/v2\/posts\/23685\/revisions"}],"predecessor-version":[{"id":23701,"href":"https:\/\/www.ladiagonale.net\/index.php\/wp-json\/wp\/v2\/posts\/23685\/revisions\/23701"}],"wp:attachment":[{"href":"https:\/\/www.ladiagonale.net\/index.php\/wp-json\/wp\/v2\/media?parent=23685"}],"wp:term":[{"taxonomy":"category","embeddable":true,"href":"https:\/\/www.ladiagonale.net\/index.php\/wp-json\/wp\/v2\/categories?post=23685"},{"taxonomy":"post_tag","embeddable":true,"href":"https:\/\/www.ladiagonale.net\/index.php\/wp-json\/wp\/v2\/tags?post=23685"}],"curies":[{"name":"wp","href":"https:\/\/api.w.org\/{rel}","templated":true}]}}