{"id":23702,"date":"2024-06-03T17:44:00","date_gmt":"2024-06-03T15:44:00","guid":{"rendered":"https:\/\/www.ladiagonale.net\/?p=23702"},"modified":"2024-06-04T10:18:35","modified_gmt":"2024-06-04T08:18:35","slug":"monaco-annonce-un-nouveau-partenariat","status":"publish","type":"post","link":"https:\/\/www.ladiagonale.net\/index.php\/2024\/06\/03\/monaco-annonce-un-nouveau-partenariat\/","title":{"rendered":"Monaco annonce un nouveau partenariat"},"content":{"rendered":"\n<p>L\u2019AS Monaco vient d\u2019annoncer un partenariat pour trois ans avec <em>ComAve<\/em>, une plateforme mondiale de commerce \u00e9lectronique. Cette derni\u00e8re deviendra&nbsp;\u00ab&nbsp;<em>la plateforme officielle de commerce \u00e9lectronique&nbsp;de l\u2019AS Monaco et proposera aux tr\u00e8s nombreux fans de l\u2019AS Monaco des solutions novatrices et des contenus engageants<\/em>&nbsp;\u00bb, peut-on lire sur le site officiel du club.<\/p>\n\n\n\n<p><em>\u00ab&nbsp;Nous sommes impatients d\u2019entamer cette collaboration et de proposer des exp\u00e9riences nouvelles et uniques \u00e0 nos supporters<\/em>&nbsp;\u00bb, a d\u00e9clar\u00e9 Thibaut Chatelard, le directeur marketing et revenus de l\u2019ASM. Si rien de tr\u00e8s pr\u00e9cis ne transpara\u00eet du communiqu\u00e9, les deux parties veulent accro\u00eetre l\u2019engagement des supporters mon\u00e9gasques et les interactions entre eux et le club, mais promettent \u00e9galement \u00ab&nbsp;<em>des exp\u00e9riences in\u00e9gal\u00e9es et des r\u00e9compenses exclusives<\/em>&nbsp;\u00bb, a fait savoir Jassim Sulaiti le <em>regional managing partner <\/em>de <em>ComAve<\/em>.<\/p>\n\n\n\n<p>La semaine derni\u00e8re, le club de la Principaut\u00e9 avait d\u00e9j\u00e0 annonc\u00e9 la prolongation de ses partenariats avec <em>Triangle Int\u00e9rim<\/em>, jusqu\u2019en 2027, et <em>Bang &amp; Olufsen<\/em>, jusqu\u2019en 2026, deux sponsors qui figurent sur le maillot.<\/p>\n","protected":false},"excerpt":{"rendered":"<p>L\u2019AS Monaco vient d\u2019annoncer un partenariat pour trois ans avec ComAve, une plateforme mondiale de commerce \u00e9lectronique. Cette derni\u00e8re deviendra&nbsp;\u00ab&nbsp;la plateforme officielle de commerce \u00e9lectronique&nbsp;de l\u2019AS Monaco et proposera aux tr\u00e8s nombreux fans de l\u2019AS Monaco des solutions novatrices et des contenus engageants&nbsp;\u00bb, peut-on lire sur le site officiel du club. \u00ab&nbsp;Nous sommes impatients d\u2019entamer [&#8230;]\n","protected":false},"author":2,"featured_media":0,"comment_status":"open","ping_status":"open","sticky":false,"template":"","format":"standard","meta":[],"categories":[6],"tags":[86,465,659],"yoast_head":"<!-- This site is optimized with the Yoast SEO plugin v19.8 - https:\/\/yoast.com\/wordpress\/plugins\/seo\/ -->\n<title>Monaco annonce un nouveau partenariat - La Diagonale<\/title>\n<meta name=\"robots\" content=\"index, follow, max-snippet:-1, max-image-preview:large, max-video-preview:-1\" \/>\n<link rel=\"canonical\" href=\"https:\/\/www.ladiagonale.net\/index.php\/2024\/06\/03\/monaco-annonce-un-nouveau-partenariat\/\" \/>\n<meta property=\"og:locale\" content=\"fr_FR\" \/>\n<meta property=\"og:type\" content=\"article\" \/>\n<meta property=\"og:title\" content=\"Monaco annonce un nouveau partenariat - La Diagonale\" \/>\n<meta property=\"og:description\" content=\"L\u2019AS Monaco vient d\u2019annoncer un partenariat pour trois ans avec ComAve, une plateforme mondiale de commerce \u00e9lectronique. Cette derni\u00e8re deviendra&nbsp;\u00ab&nbsp;la plateforme officielle de commerce \u00e9lectronique&nbsp;de l\u2019AS Monaco et proposera aux tr\u00e8s nombreux fans de l\u2019AS Monaco des solutions novatrices et des contenus engageants&nbsp;\u00bb, peut-on lire sur le site officiel du club. \u00ab&nbsp;Nous sommes impatients d\u2019entamer [...]\" \/>\n<meta property=\"og:url\" content=\"https:\/\/www.ladiagonale.net\/index.php\/2024\/06\/03\/monaco-annonce-un-nouveau-partenariat\/\" \/>\n<meta property=\"og:site_name\" content=\"La Diagonale\" \/>\n<meta property=\"article:published_time\" content=\"2024-06-03T15:44:00+00:00\" \/>\n<meta property=\"article:modified_time\" content=\"2024-06-04T08:18:35+00:00\" \/>\n<meta property=\"og:image\" content=\"https:\/\/www.ladiagonale.net\/wp-content\/uploads\/2024\/06\/IMG_4461.jpeg\" \/>\n\t<meta property=\"og:image:width\" content=\"1160\" \/>\n\t<meta property=\"og:image:height\" content=\"650\" \/>\n\t<meta property=\"og:image:type\" content=\"image\/jpeg\" \/>\n<meta name=\"author\" content=\"Damien Dellerba\" \/>\n<meta name=\"twitter:card\" content=\"summary_large_image\" \/>\n<meta name=\"twitter:image\" content=\"https:\/\/www.ladiagonale.net\/wp-content\/uploads\/2024\/06\/IMG_4461.jpeg\" \/>\n<meta name=\"twitter:label1\" content=\"\u00c9crit par\" \/>\n\t<meta name=\"twitter:data1\" content=\"Damien Dellerba\" \/>\n\t<meta name=\"twitter:label2\" content=\"Dur\u00e9e de lecture estim\u00e9e\" \/>\n\t<meta name=\"twitter:data2\" content=\"1 minute\" \/>\n<script type=\"application\/ld+json\" class=\"yoast-schema-graph\">{\"@context\":\"https:\/\/schema.org\",\"@graph\":[{\"@type\":\"WebPage\",\"@id\":\"https:\/\/www.ladiagonale.net\/index.php\/2024\/06\/03\/monaco-annonce-un-nouveau-partenariat\/\",\"url\":\"https:\/\/www.ladiagonale.net\/index.php\/2024\/06\/03\/monaco-annonce-un-nouveau-partenariat\/\",\"name\":\"Monaco annonce un nouveau partenariat - La Diagonale\",\"isPartOf\":{\"@id\":\"https:\/\/www.ladiagonale.net\/#website\"},\"datePublished\":\"2024-06-03T15:44:00+00:00\",\"dateModified\":\"2024-06-04T08:18:35+00:00\",\"author\":{\"@id\":\"https:\/\/www.ladiagonale.net\/#\/schema\/person\/79ff1e7b0853ed01b2aa26e64ad300bf\"},\"breadcrumb\":{\"@id\":\"https:\/\/www.ladiagonale.net\/index.php\/2024\/06\/03\/monaco-annonce-un-nouveau-partenariat\/#breadcrumb\"},\"inLanguage\":\"fr-FR\",\"potentialAction\":[{\"@type\":\"ReadAction\",\"target\":[\"https:\/\/www.ladiagonale.net\/index.php\/2024\/06\/03\/monaco-annonce-un-nouveau-partenariat\/\"]}]},{\"@type\":\"BreadcrumbList\",\"@id\":\"https:\/\/www.ladiagonale.net\/index.php\/2024\/06\/03\/monaco-annonce-un-nouveau-partenariat\/#breadcrumb\",\"itemListElement\":[{\"@type\":\"ListItem\",\"position\":1,\"name\":\"Accueil\",\"item\":\"https:\/\/www.ladiagonale.net\/\"},{\"@type\":\"ListItem\",\"position\":2,\"name\":\"Monaco annonce un nouveau partenariat\"}]},{\"@type\":\"WebSite\",\"@id\":\"https:\/\/www.ladiagonale.net\/#website\",\"url\":\"https:\/\/www.ladiagonale.net\/\",\"name\":\"La Diagonale\",\"description\":\"Le site des supporters de l&#039;AS Monaco FC\",\"potentialAction\":[{\"@type\":\"SearchAction\",\"target\":{\"@type\":\"EntryPoint\",\"urlTemplate\":\"https:\/\/www.ladiagonale.net\/?s={search_term_string}\"},\"query-input\":\"required name=search_term_string\"}],\"inLanguage\":\"fr-FR\"},{\"@type\":\"Person\",\"@id\":\"https:\/\/www.ladiagonale.net\/#\/schema\/person\/79ff1e7b0853ed01b2aa26e64ad300bf\",\"name\":\"Damien Dellerba\",\"image\":{\"@type\":\"ImageObject\",\"inLanguage\":\"fr-FR\",\"@id\":\"https:\/\/www.ladiagonale.net\/#\/schema\/person\/image\/\",\"url\":\"https:\/\/secure.gravatar.com\/avatar\/c7850e06d3ff63cdbaee88b7fc16e2f0?s=96&d=mm&r=g\",\"contentUrl\":\"https:\/\/secure.gravatar.com\/avatar\/c7850e06d3ff63cdbaee88b7fc16e2f0?s=96&d=mm&r=g\",\"caption\":\"Damien Dellerba\"},\"url\":\"https:\/\/www.ladiagonale.net\/index.php\/author\/damien\/\"}]}<\/script>\n<!-- \/ Yoast SEO plugin. -->","yoast_head_json":{"title":"Monaco annonce un nouveau partenariat - La Diagonale","robots":{"index":"index","follow":"follow","max-snippet":"max-snippet:-1","max-image-preview":"max-image-preview:large","max-video-preview":"max-video-preview:-1"},"canonical":"https:\/\/www.ladiagonale.net\/index.php\/2024\/06\/03\/monaco-annonce-un-nouveau-partenariat\/","og_locale":"fr_FR","og_type":"article","og_title":"Monaco annonce un nouveau partenariat - La Diagonale","og_description":"L\u2019AS Monaco vient d\u2019annoncer un partenariat pour trois ans avec ComAve, une plateforme mondiale de commerce \u00e9lectronique. Cette derni\u00e8re deviendra&nbsp;\u00ab&nbsp;la plateforme officielle de commerce \u00e9lectronique&nbsp;de l\u2019AS Monaco et proposera aux tr\u00e8s nombreux fans de l\u2019AS Monaco des solutions novatrices et des contenus engageants&nbsp;\u00bb, peut-on lire sur le site officiel du club. \u00ab&nbsp;Nous sommes impatients d\u2019entamer [...]","og_url":"https:\/\/www.ladiagonale.net\/index.php\/2024\/06\/03\/monaco-annonce-un-nouveau-partenariat\/","og_site_name":"La Diagonale","article_published_time":"2024-06-03T15:44:00+00:00","article_modified_time":"2024-06-04T08:18:35+00:00","og_image":[{"width":1160,"height":650,"url":"https:\/\/www.ladiagonale.net\/wp-content\/uploads\/2024\/06\/IMG_4461.jpeg","type":"image\/jpeg"}],"author":"Damien Dellerba","twitter_card":"summary_large_image","twitter_image":"https:\/\/www.ladiagonale.net\/wp-content\/uploads\/2024\/06\/IMG_4461.jpeg","twitter_misc":{"\u00c9crit par":"Damien Dellerba","Dur\u00e9e de lecture estim\u00e9e":"1 minute"},"schema":{"@context":"https:\/\/schema.org","@graph":[{"@type":"WebPage","@id":"https:\/\/www.ladiagonale.net\/index.php\/2024\/06\/03\/monaco-annonce-un-nouveau-partenariat\/","url":"https:\/\/www.ladiagonale.net\/index.php\/2024\/06\/03\/monaco-annonce-un-nouveau-partenariat\/","name":"Monaco annonce un nouveau partenariat - La Diagonale","isPartOf":{"@id":"https:\/\/www.ladiagonale.net\/#website"},"datePublished":"2024-06-03T15:44:00+00:00","dateModified":"2024-06-04T08:18:35+00:00","author":{"@id":"https:\/\/www.ladiagonale.net\/#\/schema\/person\/79ff1e7b0853ed01b2aa26e64ad300bf"},"breadcrumb":{"@id":"https:\/\/www.ladiagonale.net\/index.php\/2024\/06\/03\/monaco-annonce-un-nouveau-partenariat\/#breadcrumb"},"inLanguage":"fr-FR","potentialAction":[{"@type":"ReadAction","target":["https:\/\/www.ladiagonale.net\/index.php\/2024\/06\/03\/monaco-annonce-un-nouveau-partenariat\/"]}]},{"@type":"BreadcrumbList","@id":"https:\/\/www.ladiagonale.net\/index.php\/2024\/06\/03\/monaco-annonce-un-nouveau-partenariat\/#breadcrumb","itemListElement":[{"@type":"ListItem","position":1,"name":"Accueil","item":"https:\/\/www.ladiagonale.net\/"},{"@type":"ListItem","position":2,"name":"Monaco annonce un nouveau partenariat"}]},{"@type":"WebSite","@id":"https:\/\/www.ladiagonale.net\/#website","url":"https:\/\/www.ladiagonale.net\/","name":"La Diagonale","description":"Le site des supporters de l&#039;AS Monaco FC","potentialAction":[{"@type":"SearchAction","target":{"@type":"EntryPoint","urlTemplate":"https:\/\/www.ladiagonale.net\/?s={search_term_string}"},"query-input":"required name=search_term_string"}],"inLanguage":"fr-FR"},{"@type":"Person","@id":"https:\/\/www.ladiagonale.net\/#\/schema\/person\/79ff1e7b0853ed01b2aa26e64ad300bf","name":"Damien Dellerba","image":{"@type":"ImageObject","inLanguage":"fr-FR","@id":"https:\/\/www.ladiagonale.net\/#\/schema\/person\/image\/","url":"https:\/\/secure.gravatar.com\/avatar\/c7850e06d3ff63cdbaee88b7fc16e2f0?s=96&d=mm&r=g","contentUrl":"https:\/\/secure.gravatar.com\/avatar\/c7850e06d3ff63cdbaee88b7fc16e2f0?s=96&d=mm&r=g","caption":"Damien Dellerba"},"url":"https:\/\/www.ladiagonale.net\/index.php\/author\/damien\/"}]}},"_links":{"self":[{"href":"https:\/\/www.ladiagonale.net\/index.php\/wp-json\/wp\/v2\/posts\/23702"}],"collection":[{"href":"https:\/\/www.ladiagonale.net\/index.php\/wp-json\/wp\/v2\/posts"}],"about":[{"href":"https:\/\/www.ladiagonale.net\/index.php\/wp-json\/wp\/v2\/types\/post"}],"author":[{"embeddable":true,"href":"https:\/\/www.ladiagonale.net\/index.php\/wp-json\/wp\/v2\/users\/2"}],"replies":[{"embeddable":true,"href":"https:\/\/www.ladiagonale.net\/index.php\/wp-json\/wp\/v2\/comments?post=23702"}],"version-history":[{"count":3,"href":"https:\/\/www.ladiagonale.net\/index.php\/wp-json\/wp\/v2\/posts\/23702\/revisions"}],"predecessor-version":[{"id":23711,"href":"https:\/\/www.ladiagonale.net\/index.php\/wp-json\/wp\/v2\/posts\/23702\/revisions\/23711"}],"wp:attachment":[{"href":"https:\/\/www.ladiagonale.net\/index.php\/wp-json\/wp\/v2\/media?parent=23702"}],"wp:term":[{"taxonomy":"category","embeddable":true,"href":"https:\/\/www.ladiagonale.net\/index.php\/wp-json\/wp\/v2\/categories?post=23702"},{"taxonomy":"post_tag","embeddable":true,"href":"https:\/\/www.ladiagonale.net\/index.php\/wp-json\/wp\/v2\/tags?post=23702"}],"curies":[{"name":"wp","href":"https:\/\/api.w.org\/{rel}","templated":true}]}}