{"id":23747,"date":"2024-06-05T17:15:06","date_gmt":"2024-06-05T15:15:06","guid":{"rendered":"https:\/\/www.ladiagonale.net\/?p=23747"},"modified":"2024-06-05T17:53:10","modified_gmt":"2024-06-05T15:53:10","slug":"lasm-lance-sa-campagne-dabonnement-pour-sa-saison-du-centenaire","status":"publish","type":"post","link":"https:\/\/www.ladiagonale.net\/index.php\/2024\/06\/05\/lasm-lance-sa-campagne-dabonnement-pour-sa-saison-du-centenaire\/","title":{"rendered":"L\u2019ASM lance sa campagne d\u2019abonnement pour sa saison du centenaire"},"content":{"rendered":"\n\n\n<p>L\u2019AS Monaco se pr\u00e9pare \u00e0 vivre une saison historique avec les c\u00e9l\u00e9brations de son centenaire tout du long. \u00c0 ces festivit\u00e9s s\u2019ajoutera le tant attendu retour en Ligue des champions du club de la Principaut\u00e9 avec au minimum quatre matches lors de la phase de ligue. Autant d\u2019occasions de garnir le stade Louis-II et quoi de mieux que de le faire en s\u2019abonnant. Le club de la Principaut\u00e9 a lanc\u00e9 ce mercredi <a href=\"https:\/\/www.asmonaco.com\/abonnez-vous-pour-la-saison-2024-2025-avec-loffre-ligue-1-ligue-des-champions\/\" target=\"_blank\" rel=\"noreferrer noopener\">sa campagne d\u2019abonnement pour 2024-2025<\/a> et r\u00e9v\u00e9l\u00e9 les nouveaux tarifs.<\/p>\n\n\n\n<p>Avec une comp\u00e9tition prestigieuse en plus, c\u2019est fort logiquement que les prix ont \u00e9t\u00e9 revus \u00e0 la hausse pour la saison \u00e0 venir. Les supporters mon\u00e9gasques auront l&rsquo;assurance de voir au minimum 21 matches \u00e0 domicile (17 en Ligue 1 et 4 en C1), et ce chiffre pourra \u00e9ventuellement augmenter en fonction du parcours des Rouge et Blanc en Europe et en Coupe de France. Pour toutes ces comp\u00e9titions, le club assure que la m\u00eame place sera garantie.<\/p>\n\n\n\n<p>L\u2019abonnement le moins cher de la saison se trouvera en tribune \u00ab&nbsp;Pesage&nbsp;\u00bb, \u00e0 240 euros (contre 220 euros la saison derni\u00e8re). Le plus cher sera en \u00ab&nbsp;Honneur B\/A2\/B2&nbsp;\u00bb, o\u00f9 il faudra d\u00e9bourser 1699 euros en plein tarif (contre 1300 euros l\u2019an dernier). Entre les deux, il y aura les tribunes \u00ab Premi\u00e8res centrales E\/F \u00bb \u00e0 1095 euros et \u00ab Premi\u00e8re lat\u00e9rale E \u00bb \u00e0 805 euros (contre respectivement 800 et 550 euros en 2023-2024). Pour les membres du CSM (Club des Supporters de Monaco) et des UM94 (Ultras Monaco), une d\u00e9duction de 30 euros sera faite sur le prix de l\u2019abonnement.<\/p>\n\n\n<div class=\"wp-block-image\">\n<figure class=\"aligncenter size-full\"><img loading=\"lazy\" width=\"2154\" height=\"580\" src=\"https:\/\/www.ladiagonale.net\/wp-content\/uploads\/2024\/06\/Capture-de\u0301cran-2024-06-05-a\u0300-16.34.55.png\" alt=\"\" class=\"wp-image-23748\"\/><figcaption class=\"wp-element-caption\">La grille tarifaire des abonnements pour la saison 2024-2025. Cr\u00e9dit : AS Monaco<\/figcaption><\/figure><\/div>\n\n\n<p>La tribune \u00ab Seconde B \u00bb sera toujours celle de la \u00ab Munegu Family \u00bb mais plus de fa\u00e7on exclusive puisqu&rsquo;il sera d\u00e9sormais possible cette ann\u00e9e de s&rsquo;y abonner seul pour 539 euros, alors que les \u00ab Seconde E\/F \u00bb ne sont toujours pas ouvertes aux abonnements.<\/p>\n\n\n\n<h3 class=\"wp-block-heading\">Un paiement en dix mensualit\u00e9s<\/h3>\n\n\n\n<p>Pour convaincre les supporters qui souhaiteraient s&rsquo;abonner mais qui pourraient \u00eatre refroidis par ces tarifs quelque peu on\u00e9reux, le club a mis pour la premi\u00e8re fois en place un \u00e9chelonnement de paiement en dix mensualit\u00e9s, sans frais suppl\u00e9mentaires. Mais pour pouvoir en b\u00e9n\u00e9ficier, il faudra souscrire avant le 31 juillet.<\/p>\n\n\n\n<p>Parmi les autres avantages apport\u00e9s par l&rsquo;abonnement, il y aura 10% de r\u00e9duction \u00e0 la boutique du club, une priorit\u00e9 d&rsquo;achat sur les matches de Ligue des champions et des tarifs pr\u00e9f\u00e9rentiels pour l&rsquo;achat de places en L1. Il sera \u00e9galement possible d&rsquo;assister aux matches du Groupe \u00c9lite au Centre de performance de La Turbie.<\/p>\n\n\n<div class=\"wp-block-image\">\n<figure class=\"aligncenter size-full\"><img loading=\"lazy\" width=\"1372\" height=\"680\" src=\"https:\/\/www.ladiagonale.net\/wp-content\/uploads\/2024\/06\/Capture-de\u0301cran-2024-06-05-a\u0300-17.11.18.png\" alt=\"\" class=\"wp-image-23749\"\/><figcaption class=\"wp-element-caption\">La liste des avantages. Cr\u00e9dit : AS Monaco<\/figcaption><\/figure><\/div>","protected":false},"excerpt":{"rendered":"<p>L\u2019AS Monaco se pr\u00e9pare \u00e0 vivre une saison historique avec les c\u00e9l\u00e9brations de son centenaire tout du long. \u00c0 ces festivit\u00e9s s\u2019ajoutera le tant attendu retour en Ligue des champions du club de la Principaut\u00e9 avec au minimum quatre matches lors de la phase de ligue. Autant d\u2019occasions de garnir le stade Louis-II et quoi [&#8230;]\n","protected":false},"author":2,"featured_media":0,"comment_status":"open","ping_status":"open","sticky":false,"template":"","format":"standard","meta":[],"categories":[6],"tags":[602,86],"yoast_head":"<!-- This site is optimized with the Yoast SEO plugin v19.8 - https:\/\/yoast.com\/wordpress\/plugins\/seo\/ -->\n<title>L\u2019ASM lance sa campagne d\u2019abonnement pour sa saison du centenaire - La Diagonale<\/title>\n<meta name=\"robots\" content=\"index, follow, max-snippet:-1, max-image-preview:large, max-video-preview:-1\" \/>\n<link rel=\"canonical\" href=\"https:\/\/www.ladiagonale.net\/index.php\/2024\/06\/05\/lasm-lance-sa-campagne-dabonnement-pour-sa-saison-du-centenaire\/\" \/>\n<meta property=\"og:locale\" content=\"fr_FR\" \/>\n<meta property=\"og:type\" content=\"article\" \/>\n<meta property=\"og:title\" content=\"L\u2019ASM lance sa campagne d\u2019abonnement pour sa saison du centenaire - La Diagonale\" \/>\n<meta property=\"og:description\" content=\"L\u2019AS Monaco se pr\u00e9pare \u00e0 vivre une saison historique avec les c\u00e9l\u00e9brations de son centenaire tout du long. \u00c0 ces festivit\u00e9s s\u2019ajoutera le tant attendu retour en Ligue des champions du club de la Principaut\u00e9 avec au minimum quatre matches lors de la phase de ligue. Autant d\u2019occasions de garnir le stade Louis-II et quoi [...]\" \/>\n<meta property=\"og:url\" content=\"https:\/\/www.ladiagonale.net\/index.php\/2024\/06\/05\/lasm-lance-sa-campagne-dabonnement-pour-sa-saison-du-centenaire\/\" \/>\n<meta property=\"og:site_name\" content=\"La Diagonale\" \/>\n<meta property=\"article:published_time\" content=\"2024-06-05T15:15:06+00:00\" \/>\n<meta property=\"article:modified_time\" content=\"2024-06-05T15:53:10+00:00\" \/>\n<meta property=\"og:image\" content=\"https:\/\/www.ladiagonale.net\/wp-content\/uploads\/2024\/05\/Ultras-30-ans.png\" \/>\n\t<meta property=\"og:image:width\" content=\"1160\" \/>\n\t<meta property=\"og:image:height\" content=\"650\" \/>\n\t<meta property=\"og:image:type\" content=\"image\/png\" \/>\n<meta name=\"author\" content=\"Damien Dellerba\" \/>\n<meta name=\"twitter:card\" content=\"summary_large_image\" \/>\n<meta name=\"twitter:image\" content=\"https:\/\/www.ladiagonale.net\/wp-content\/uploads\/2024\/05\/Ultras-30-ans.png\" \/>\n<meta name=\"twitter:label1\" content=\"\u00c9crit par\" \/>\n\t<meta name=\"twitter:data1\" content=\"Damien Dellerba\" \/>\n\t<meta name=\"twitter:label2\" content=\"Dur\u00e9e de lecture estim\u00e9e\" \/>\n\t<meta name=\"twitter:data2\" content=\"3 minutes\" \/>\n<script type=\"application\/ld+json\" class=\"yoast-schema-graph\">{\"@context\":\"https:\/\/schema.org\",\"@graph\":[{\"@type\":\"WebPage\",\"@id\":\"https:\/\/www.ladiagonale.net\/index.php\/2024\/06\/05\/lasm-lance-sa-campagne-dabonnement-pour-sa-saison-du-centenaire\/\",\"url\":\"https:\/\/www.ladiagonale.net\/index.php\/2024\/06\/05\/lasm-lance-sa-campagne-dabonnement-pour-sa-saison-du-centenaire\/\",\"name\":\"L\u2019ASM lance sa campagne d\u2019abonnement pour sa saison du centenaire - La Diagonale\",\"isPartOf\":{\"@id\":\"https:\/\/www.ladiagonale.net\/#website\"},\"datePublished\":\"2024-06-05T15:15:06+00:00\",\"dateModified\":\"2024-06-05T15:53:10+00:00\",\"author\":{\"@id\":\"https:\/\/www.ladiagonale.net\/#\/schema\/person\/79ff1e7b0853ed01b2aa26e64ad300bf\"},\"breadcrumb\":{\"@id\":\"https:\/\/www.ladiagonale.net\/index.php\/2024\/06\/05\/lasm-lance-sa-campagne-dabonnement-pour-sa-saison-du-centenaire\/#breadcrumb\"},\"inLanguage\":\"fr-FR\",\"potentialAction\":[{\"@type\":\"ReadAction\",\"target\":[\"https:\/\/www.ladiagonale.net\/index.php\/2024\/06\/05\/lasm-lance-sa-campagne-dabonnement-pour-sa-saison-du-centenaire\/\"]}]},{\"@type\":\"BreadcrumbList\",\"@id\":\"https:\/\/www.ladiagonale.net\/index.php\/2024\/06\/05\/lasm-lance-sa-campagne-dabonnement-pour-sa-saison-du-centenaire\/#breadcrumb\",\"itemListElement\":[{\"@type\":\"ListItem\",\"position\":1,\"name\":\"Accueil\",\"item\":\"https:\/\/www.ladiagonale.net\/\"},{\"@type\":\"ListItem\",\"position\":2,\"name\":\"L\u2019ASM lance sa campagne d\u2019abonnement pour sa saison du centenaire\"}]},{\"@type\":\"WebSite\",\"@id\":\"https:\/\/www.ladiagonale.net\/#website\",\"url\":\"https:\/\/www.ladiagonale.net\/\",\"name\":\"La Diagonale\",\"description\":\"Le site des supporters de l&#039;AS Monaco FC\",\"potentialAction\":[{\"@type\":\"SearchAction\",\"target\":{\"@type\":\"EntryPoint\",\"urlTemplate\":\"https:\/\/www.ladiagonale.net\/?s={search_term_string}\"},\"query-input\":\"required name=search_term_string\"}],\"inLanguage\":\"fr-FR\"},{\"@type\":\"Person\",\"@id\":\"https:\/\/www.ladiagonale.net\/#\/schema\/person\/79ff1e7b0853ed01b2aa26e64ad300bf\",\"name\":\"Damien Dellerba\",\"image\":{\"@type\":\"ImageObject\",\"inLanguage\":\"fr-FR\",\"@id\":\"https:\/\/www.ladiagonale.net\/#\/schema\/person\/image\/\",\"url\":\"https:\/\/secure.gravatar.com\/avatar\/c7850e06d3ff63cdbaee88b7fc16e2f0?s=96&d=mm&r=g\",\"contentUrl\":\"https:\/\/secure.gravatar.com\/avatar\/c7850e06d3ff63cdbaee88b7fc16e2f0?s=96&d=mm&r=g\",\"caption\":\"Damien Dellerba\"},\"url\":\"https:\/\/www.ladiagonale.net\/index.php\/author\/damien\/\"}]}<\/script>\n<!-- \/ Yoast SEO plugin. -->","yoast_head_json":{"title":"L\u2019ASM lance sa campagne d\u2019abonnement pour sa saison du centenaire - La Diagonale","robots":{"index":"index","follow":"follow","max-snippet":"max-snippet:-1","max-image-preview":"max-image-preview:large","max-video-preview":"max-video-preview:-1"},"canonical":"https:\/\/www.ladiagonale.net\/index.php\/2024\/06\/05\/lasm-lance-sa-campagne-dabonnement-pour-sa-saison-du-centenaire\/","og_locale":"fr_FR","og_type":"article","og_title":"L\u2019ASM lance sa campagne d\u2019abonnement pour sa saison du centenaire - La Diagonale","og_description":"L\u2019AS Monaco se pr\u00e9pare \u00e0 vivre une saison historique avec les c\u00e9l\u00e9brations de son centenaire tout du long. \u00c0 ces festivit\u00e9s s\u2019ajoutera le tant attendu retour en Ligue des champions du club de la Principaut\u00e9 avec au minimum quatre matches lors de la phase de ligue. Autant d\u2019occasions de garnir le stade Louis-II et quoi [...]","og_url":"https:\/\/www.ladiagonale.net\/index.php\/2024\/06\/05\/lasm-lance-sa-campagne-dabonnement-pour-sa-saison-du-centenaire\/","og_site_name":"La Diagonale","article_published_time":"2024-06-05T15:15:06+00:00","article_modified_time":"2024-06-05T15:53:10+00:00","og_image":[{"width":1160,"height":650,"url":"https:\/\/www.ladiagonale.net\/wp-content\/uploads\/2024\/05\/Ultras-30-ans.png","type":"image\/png"}],"author":"Damien Dellerba","twitter_card":"summary_large_image","twitter_image":"https:\/\/www.ladiagonale.net\/wp-content\/uploads\/2024\/05\/Ultras-30-ans.png","twitter_misc":{"\u00c9crit par":"Damien Dellerba","Dur\u00e9e de lecture estim\u00e9e":"3 minutes"},"schema":{"@context":"https:\/\/schema.org","@graph":[{"@type":"WebPage","@id":"https:\/\/www.ladiagonale.net\/index.php\/2024\/06\/05\/lasm-lance-sa-campagne-dabonnement-pour-sa-saison-du-centenaire\/","url":"https:\/\/www.ladiagonale.net\/index.php\/2024\/06\/05\/lasm-lance-sa-campagne-dabonnement-pour-sa-saison-du-centenaire\/","name":"L\u2019ASM lance sa campagne d\u2019abonnement pour sa saison du centenaire - La Diagonale","isPartOf":{"@id":"https:\/\/www.ladiagonale.net\/#website"},"datePublished":"2024-06-05T15:15:06+00:00","dateModified":"2024-06-05T15:53:10+00:00","author":{"@id":"https:\/\/www.ladiagonale.net\/#\/schema\/person\/79ff1e7b0853ed01b2aa26e64ad300bf"},"breadcrumb":{"@id":"https:\/\/www.ladiagonale.net\/index.php\/2024\/06\/05\/lasm-lance-sa-campagne-dabonnement-pour-sa-saison-du-centenaire\/#breadcrumb"},"inLanguage":"fr-FR","potentialAction":[{"@type":"ReadAction","target":["https:\/\/www.ladiagonale.net\/index.php\/2024\/06\/05\/lasm-lance-sa-campagne-dabonnement-pour-sa-saison-du-centenaire\/"]}]},{"@type":"BreadcrumbList","@id":"https:\/\/www.ladiagonale.net\/index.php\/2024\/06\/05\/lasm-lance-sa-campagne-dabonnement-pour-sa-saison-du-centenaire\/#breadcrumb","itemListElement":[{"@type":"ListItem","position":1,"name":"Accueil","item":"https:\/\/www.ladiagonale.net\/"},{"@type":"ListItem","position":2,"name":"L\u2019ASM lance sa campagne d\u2019abonnement pour sa saison du centenaire"}]},{"@type":"WebSite","@id":"https:\/\/www.ladiagonale.net\/#website","url":"https:\/\/www.ladiagonale.net\/","name":"La Diagonale","description":"Le site des supporters de l&#039;AS Monaco FC","potentialAction":[{"@type":"SearchAction","target":{"@type":"EntryPoint","urlTemplate":"https:\/\/www.ladiagonale.net\/?s={search_term_string}"},"query-input":"required name=search_term_string"}],"inLanguage":"fr-FR"},{"@type":"Person","@id":"https:\/\/www.ladiagonale.net\/#\/schema\/person\/79ff1e7b0853ed01b2aa26e64ad300bf","name":"Damien Dellerba","image":{"@type":"ImageObject","inLanguage":"fr-FR","@id":"https:\/\/www.ladiagonale.net\/#\/schema\/person\/image\/","url":"https:\/\/secure.gravatar.com\/avatar\/c7850e06d3ff63cdbaee88b7fc16e2f0?s=96&d=mm&r=g","contentUrl":"https:\/\/secure.gravatar.com\/avatar\/c7850e06d3ff63cdbaee88b7fc16e2f0?s=96&d=mm&r=g","caption":"Damien Dellerba"},"url":"https:\/\/www.ladiagonale.net\/index.php\/author\/damien\/"}]}},"_links":{"self":[{"href":"https:\/\/www.ladiagonale.net\/index.php\/wp-json\/wp\/v2\/posts\/23747"}],"collection":[{"href":"https:\/\/www.ladiagonale.net\/index.php\/wp-json\/wp\/v2\/posts"}],"about":[{"href":"https:\/\/www.ladiagonale.net\/index.php\/wp-json\/wp\/v2\/types\/post"}],"author":[{"embeddable":true,"href":"https:\/\/www.ladiagonale.net\/index.php\/wp-json\/wp\/v2\/users\/2"}],"replies":[{"embeddable":true,"href":"https:\/\/www.ladiagonale.net\/index.php\/wp-json\/wp\/v2\/comments?post=23747"}],"version-history":[{"count":5,"href":"https:\/\/www.ladiagonale.net\/index.php\/wp-json\/wp\/v2\/posts\/23747\/revisions"}],"predecessor-version":[{"id":23754,"href":"https:\/\/www.ladiagonale.net\/index.php\/wp-json\/wp\/v2\/posts\/23747\/revisions\/23754"}],"wp:attachment":[{"href":"https:\/\/www.ladiagonale.net\/index.php\/wp-json\/wp\/v2\/media?parent=23747"}],"wp:term":[{"taxonomy":"category","embeddable":true,"href":"https:\/\/www.ladiagonale.net\/index.php\/wp-json\/wp\/v2\/categories?post=23747"},{"taxonomy":"post_tag","embeddable":true,"href":"https:\/\/www.ladiagonale.net\/index.php\/wp-json\/wp\/v2\/tags?post=23747"}],"curies":[{"name":"wp","href":"https:\/\/api.w.org\/{rel}","templated":true}]}}