{"id":23758,"date":"2024-06-06T07:37:00","date_gmt":"2024-06-06T05:37:00","guid":{"rendered":"https:\/\/www.ladiagonale.net\/?p=23758"},"modified":"2024-06-06T02:55:27","modified_gmt":"2024-06-06T00:55:27","slug":"malgre-un-bon-lienard-la-france-u20-cede-face-au-mexique","status":"publish","type":"post","link":"https:\/\/www.ladiagonale.net\/index.php\/2024\/06\/06\/malgre-un-bon-lienard-la-france-u20-cede-face-au-mexique\/","title":{"rendered":"Malgr\u00e9 un bon Lienard, la France U20 c\u00e8de face au Mexique"},"content":{"rendered":"\n\n\n<p>Apr\u00e8s un revers contre la C\u00f4te d\u2019Ivoire (0-2) pour son match inaugural au tournoi Maurice-Revello, la France U20 a r\u00e9alis\u00e9 une nouvelle contreperformance face au Mexique mercredi (2-2, 3-4 aux t.a.b.). Le gardien de l&rsquo;AS Monaco Yann Lienard a jou\u00e9 l&rsquo;int\u00e9gralit\u00e9 de la rencontre et a notamment repouss\u00e9 le quatri\u00e8me tir au but mexicain, apr\u00e8s \u00eatre pass\u00e9 tout pr\u00e8s de sortir les deux premiers. Auteur d&rsquo;un bon match, il n&rsquo;a rien pu faire sur les deux buts inscrits par l&rsquo;\u00e9quipe adverse dans le temps r\u00e9glementaire.<\/p>\n\n\n\n<p>Kassoum Ouattara est quant \u00e0 lui rest\u00e9 sur le banc pour cette rencontre. Il avait disput\u00e9 le premier match d&rsquo;ouverture sans convaincre, comme bon nombre de ses co\u00e9quipiers, ce qui a pouss\u00e9 le s\u00e9lectionneur Landry Chauvin \u00e0 totalement remanier son onze de d\u00e9part.<\/p>\n\n\n\n<p>Avec ce nul sans point bonus, les Bleuets sont d\u00e9sormais \u00e0 cinq points de la C\u00f4te d&rsquo;Ivoire avec deux matches de groupe encore \u00e0 disputer. Seule la premi\u00e8re place permettra de jouer la finale du tournoi et la France devra imp\u00e9rativement battre la Cor\u00e9e du Sud vendredi (17h30) pour conserver un mince espoir de terminer en t\u00eate de son groupe. Sinon, ce sera un match de classement qui l&rsquo;attendra.<\/p>\n","protected":false},"excerpt":{"rendered":"<p>Apr\u00e8s un revers contre la C\u00f4te d\u2019Ivoire (0-2) pour son match inaugural au tournoi Maurice-Revello, la France U20 a r\u00e9alis\u00e9 une nouvelle contreperformance face au Mexique mercredi (2-2, 3-4 aux t.a.b.). Le gardien de l&rsquo;AS Monaco Yann Lienard a jou\u00e9 l&rsquo;int\u00e9gralit\u00e9 de la rencontre et a notamment repouss\u00e9 le quatri\u00e8me tir au but mexicain, apr\u00e8s [&#8230;]\n","protected":false},"author":2,"featured_media":0,"comment_status":"open","ping_status":"open","sticky":false,"template":"","format":"standard","meta":[],"categories":[6],"tags":[76,86,71,722,551,146],"yoast_head":"<!-- This site is optimized with the Yoast SEO plugin v19.8 - https:\/\/yoast.com\/wordpress\/plugins\/seo\/ -->\n<title>Malgr\u00e9 un bon Lienard, la France U20 c\u00e8de face au Mexique - La Diagonale<\/title>\n<meta name=\"robots\" content=\"index, follow, max-snippet:-1, max-image-preview:large, max-video-preview:-1\" \/>\n<link rel=\"canonical\" href=\"https:\/\/www.ladiagonale.net\/index.php\/2024\/06\/06\/malgre-un-bon-lienard-la-france-u20-cede-face-au-mexique\/\" \/>\n<meta property=\"og:locale\" content=\"fr_FR\" \/>\n<meta property=\"og:type\" content=\"article\" \/>\n<meta property=\"og:title\" content=\"Malgr\u00e9 un bon Lienard, la France U20 c\u00e8de face au Mexique - La Diagonale\" \/>\n<meta property=\"og:description\" content=\"Apr\u00e8s un revers contre la C\u00f4te d\u2019Ivoire (0-2) pour son match inaugural au tournoi Maurice-Revello, la France U20 a r\u00e9alis\u00e9 une nouvelle contreperformance face au Mexique mercredi (2-2, 3-4 aux t.a.b.). Le gardien de l&rsquo;AS Monaco Yann Lienard a jou\u00e9 l&rsquo;int\u00e9gralit\u00e9 de la rencontre et a notamment repouss\u00e9 le quatri\u00e8me tir au but mexicain, apr\u00e8s [...]\" \/>\n<meta property=\"og:url\" content=\"https:\/\/www.ladiagonale.net\/index.php\/2024\/06\/06\/malgre-un-bon-lienard-la-france-u20-cede-face-au-mexique\/\" \/>\n<meta property=\"og:site_name\" content=\"La Diagonale\" \/>\n<meta property=\"article:published_time\" content=\"2024-06-06T05:37:00+00:00\" \/>\n<meta property=\"article:modified_time\" content=\"2024-06-06T00:55:27+00:00\" \/>\n<meta property=\"og:image\" content=\"https:\/\/www.ladiagonale.net\/wp-content\/uploads\/2023\/03\/lienard-france.png\" \/>\n\t<meta property=\"og:image:width\" content=\"1160\" \/>\n\t<meta property=\"og:image:height\" content=\"650\" \/>\n\t<meta property=\"og:image:type\" content=\"image\/png\" \/>\n<meta name=\"author\" content=\"Damien Dellerba\" \/>\n<meta name=\"twitter:card\" content=\"summary_large_image\" \/>\n<meta name=\"twitter:image\" content=\"https:\/\/www.ladiagonale.net\/wp-content\/uploads\/2023\/03\/lienard-france.png\" \/>\n<meta name=\"twitter:label1\" content=\"\u00c9crit par\" \/>\n\t<meta name=\"twitter:data1\" content=\"Damien Dellerba\" \/>\n\t<meta name=\"twitter:label2\" content=\"Dur\u00e9e de lecture estim\u00e9e\" \/>\n\t<meta name=\"twitter:data2\" content=\"2 minutes\" \/>\n<script type=\"application\/ld+json\" class=\"yoast-schema-graph\">{\"@context\":\"https:\/\/schema.org\",\"@graph\":[{\"@type\":\"WebPage\",\"@id\":\"https:\/\/www.ladiagonale.net\/index.php\/2024\/06\/06\/malgre-un-bon-lienard-la-france-u20-cede-face-au-mexique\/\",\"url\":\"https:\/\/www.ladiagonale.net\/index.php\/2024\/06\/06\/malgre-un-bon-lienard-la-france-u20-cede-face-au-mexique\/\",\"name\":\"Malgr\u00e9 un bon Lienard, la France U20 c\u00e8de face au Mexique - La Diagonale\",\"isPartOf\":{\"@id\":\"https:\/\/www.ladiagonale.net\/#website\"},\"datePublished\":\"2024-06-06T05:37:00+00:00\",\"dateModified\":\"2024-06-06T00:55:27+00:00\",\"author\":{\"@id\":\"https:\/\/www.ladiagonale.net\/#\/schema\/person\/79ff1e7b0853ed01b2aa26e64ad300bf\"},\"breadcrumb\":{\"@id\":\"https:\/\/www.ladiagonale.net\/index.php\/2024\/06\/06\/malgre-un-bon-lienard-la-france-u20-cede-face-au-mexique\/#breadcrumb\"},\"inLanguage\":\"fr-FR\",\"potentialAction\":[{\"@type\":\"ReadAction\",\"target\":[\"https:\/\/www.ladiagonale.net\/index.php\/2024\/06\/06\/malgre-un-bon-lienard-la-france-u20-cede-face-au-mexique\/\"]}]},{\"@type\":\"BreadcrumbList\",\"@id\":\"https:\/\/www.ladiagonale.net\/index.php\/2024\/06\/06\/malgre-un-bon-lienard-la-france-u20-cede-face-au-mexique\/#breadcrumb\",\"itemListElement\":[{\"@type\":\"ListItem\",\"position\":1,\"name\":\"Accueil\",\"item\":\"https:\/\/www.ladiagonale.net\/\"},{\"@type\":\"ListItem\",\"position\":2,\"name\":\"Malgr\u00e9 un bon Lienard, la France U20 c\u00e8de face au Mexique\"}]},{\"@type\":\"WebSite\",\"@id\":\"https:\/\/www.ladiagonale.net\/#website\",\"url\":\"https:\/\/www.ladiagonale.net\/\",\"name\":\"La Diagonale\",\"description\":\"Le site des supporters de l&#039;AS Monaco FC\",\"potentialAction\":[{\"@type\":\"SearchAction\",\"target\":{\"@type\":\"EntryPoint\",\"urlTemplate\":\"https:\/\/www.ladiagonale.net\/?s={search_term_string}\"},\"query-input\":\"required name=search_term_string\"}],\"inLanguage\":\"fr-FR\"},{\"@type\":\"Person\",\"@id\":\"https:\/\/www.ladiagonale.net\/#\/schema\/person\/79ff1e7b0853ed01b2aa26e64ad300bf\",\"name\":\"Damien Dellerba\",\"image\":{\"@type\":\"ImageObject\",\"inLanguage\":\"fr-FR\",\"@id\":\"https:\/\/www.ladiagonale.net\/#\/schema\/person\/image\/\",\"url\":\"https:\/\/secure.gravatar.com\/avatar\/c7850e06d3ff63cdbaee88b7fc16e2f0?s=96&d=mm&r=g\",\"contentUrl\":\"https:\/\/secure.gravatar.com\/avatar\/c7850e06d3ff63cdbaee88b7fc16e2f0?s=96&d=mm&r=g\",\"caption\":\"Damien Dellerba\"},\"url\":\"https:\/\/www.ladiagonale.net\/index.php\/author\/damien\/\"}]}<\/script>\n<!-- \/ Yoast SEO plugin. -->","yoast_head_json":{"title":"Malgr\u00e9 un bon Lienard, la France U20 c\u00e8de face au Mexique - La Diagonale","robots":{"index":"index","follow":"follow","max-snippet":"max-snippet:-1","max-image-preview":"max-image-preview:large","max-video-preview":"max-video-preview:-1"},"canonical":"https:\/\/www.ladiagonale.net\/index.php\/2024\/06\/06\/malgre-un-bon-lienard-la-france-u20-cede-face-au-mexique\/","og_locale":"fr_FR","og_type":"article","og_title":"Malgr\u00e9 un bon Lienard, la France U20 c\u00e8de face au Mexique - La Diagonale","og_description":"Apr\u00e8s un revers contre la C\u00f4te d\u2019Ivoire (0-2) pour son match inaugural au tournoi Maurice-Revello, la France U20 a r\u00e9alis\u00e9 une nouvelle contreperformance face au Mexique mercredi (2-2, 3-4 aux t.a.b.). Le gardien de l&rsquo;AS Monaco Yann Lienard a jou\u00e9 l&rsquo;int\u00e9gralit\u00e9 de la rencontre et a notamment repouss\u00e9 le quatri\u00e8me tir au but mexicain, apr\u00e8s [...]","og_url":"https:\/\/www.ladiagonale.net\/index.php\/2024\/06\/06\/malgre-un-bon-lienard-la-france-u20-cede-face-au-mexique\/","og_site_name":"La Diagonale","article_published_time":"2024-06-06T05:37:00+00:00","article_modified_time":"2024-06-06T00:55:27+00:00","og_image":[{"width":1160,"height":650,"url":"https:\/\/www.ladiagonale.net\/wp-content\/uploads\/2023\/03\/lienard-france.png","type":"image\/png"}],"author":"Damien Dellerba","twitter_card":"summary_large_image","twitter_image":"https:\/\/www.ladiagonale.net\/wp-content\/uploads\/2023\/03\/lienard-france.png","twitter_misc":{"\u00c9crit par":"Damien Dellerba","Dur\u00e9e de lecture estim\u00e9e":"2 minutes"},"schema":{"@context":"https:\/\/schema.org","@graph":[{"@type":"WebPage","@id":"https:\/\/www.ladiagonale.net\/index.php\/2024\/06\/06\/malgre-un-bon-lienard-la-france-u20-cede-face-au-mexique\/","url":"https:\/\/www.ladiagonale.net\/index.php\/2024\/06\/06\/malgre-un-bon-lienard-la-france-u20-cede-face-au-mexique\/","name":"Malgr\u00e9 un bon Lienard, la France U20 c\u00e8de face au Mexique - La Diagonale","isPartOf":{"@id":"https:\/\/www.ladiagonale.net\/#website"},"datePublished":"2024-06-06T05:37:00+00:00","dateModified":"2024-06-06T00:55:27+00:00","author":{"@id":"https:\/\/www.ladiagonale.net\/#\/schema\/person\/79ff1e7b0853ed01b2aa26e64ad300bf"},"breadcrumb":{"@id":"https:\/\/www.ladiagonale.net\/index.php\/2024\/06\/06\/malgre-un-bon-lienard-la-france-u20-cede-face-au-mexique\/#breadcrumb"},"inLanguage":"fr-FR","potentialAction":[{"@type":"ReadAction","target":["https:\/\/www.ladiagonale.net\/index.php\/2024\/06\/06\/malgre-un-bon-lienard-la-france-u20-cede-face-au-mexique\/"]}]},{"@type":"BreadcrumbList","@id":"https:\/\/www.ladiagonale.net\/index.php\/2024\/06\/06\/malgre-un-bon-lienard-la-france-u20-cede-face-au-mexique\/#breadcrumb","itemListElement":[{"@type":"ListItem","position":1,"name":"Accueil","item":"https:\/\/www.ladiagonale.net\/"},{"@type":"ListItem","position":2,"name":"Malgr\u00e9 un bon Lienard, la France U20 c\u00e8de face au Mexique"}]},{"@type":"WebSite","@id":"https:\/\/www.ladiagonale.net\/#website","url":"https:\/\/www.ladiagonale.net\/","name":"La Diagonale","description":"Le site des supporters de l&#039;AS Monaco FC","potentialAction":[{"@type":"SearchAction","target":{"@type":"EntryPoint","urlTemplate":"https:\/\/www.ladiagonale.net\/?s={search_term_string}"},"query-input":"required name=search_term_string"}],"inLanguage":"fr-FR"},{"@type":"Person","@id":"https:\/\/www.ladiagonale.net\/#\/schema\/person\/79ff1e7b0853ed01b2aa26e64ad300bf","name":"Damien Dellerba","image":{"@type":"ImageObject","inLanguage":"fr-FR","@id":"https:\/\/www.ladiagonale.net\/#\/schema\/person\/image\/","url":"https:\/\/secure.gravatar.com\/avatar\/c7850e06d3ff63cdbaee88b7fc16e2f0?s=96&d=mm&r=g","contentUrl":"https:\/\/secure.gravatar.com\/avatar\/c7850e06d3ff63cdbaee88b7fc16e2f0?s=96&d=mm&r=g","caption":"Damien Dellerba"},"url":"https:\/\/www.ladiagonale.net\/index.php\/author\/damien\/"}]}},"_links":{"self":[{"href":"https:\/\/www.ladiagonale.net\/index.php\/wp-json\/wp\/v2\/posts\/23758"}],"collection":[{"href":"https:\/\/www.ladiagonale.net\/index.php\/wp-json\/wp\/v2\/posts"}],"about":[{"href":"https:\/\/www.ladiagonale.net\/index.php\/wp-json\/wp\/v2\/types\/post"}],"author":[{"embeddable":true,"href":"https:\/\/www.ladiagonale.net\/index.php\/wp-json\/wp\/v2\/users\/2"}],"replies":[{"embeddable":true,"href":"https:\/\/www.ladiagonale.net\/index.php\/wp-json\/wp\/v2\/comments?post=23758"}],"version-history":[{"count":3,"href":"https:\/\/www.ladiagonale.net\/index.php\/wp-json\/wp\/v2\/posts\/23758\/revisions"}],"predecessor-version":[{"id":23778,"href":"https:\/\/www.ladiagonale.net\/index.php\/wp-json\/wp\/v2\/posts\/23758\/revisions\/23778"}],"wp:attachment":[{"href":"https:\/\/www.ladiagonale.net\/index.php\/wp-json\/wp\/v2\/media?parent=23758"}],"wp:term":[{"taxonomy":"category","embeddable":true,"href":"https:\/\/www.ladiagonale.net\/index.php\/wp-json\/wp\/v2\/categories?post=23758"},{"taxonomy":"post_tag","embeddable":true,"href":"https:\/\/www.ladiagonale.net\/index.php\/wp-json\/wp\/v2\/tags?post=23758"}],"curies":[{"name":"wp","href":"https:\/\/api.w.org\/{rel}","templated":true}]}}