{"id":23981,"date":"2024-06-17T20:10:42","date_gmt":"2024-06-17T18:10:42","guid":{"rendered":"https:\/\/www.ladiagonale.net\/?p=23981"},"modified":"2024-06-18T13:16:02","modified_gmt":"2024-06-18T11:16:02","slug":"kalimuendo-en-plan-b-de-mikautadze","status":"publish","type":"post","link":"https:\/\/www.ladiagonale.net\/index.php\/2024\/06\/17\/kalimuendo-en-plan-b-de-mikautadze\/","title":{"rendered":"Kalimuendo en plan B de Mikautadze ?"},"content":{"rendered":"\n<p>L\u2019AS Monaco compte bien recruter un attaquant en vue de la saison prochaine pour compenser le d\u00e9part de son capitaine Wissam Ben Yedder. Si le club du Rocher a plac\u00e9 le Messin Georges Mikautadze tout en haut de sa <em>short list<\/em>, le dossier patinerait depuis plusieurs jours jours selon <em>Foot Mercato<\/em>. Bien qu\u2019il ait d\u00e9menti avoir fait son choix sur ses r\u00e9seaux sociaux, le G\u00e9orgien resterait sensible aux sir\u00e8nes mon\u00e9gasques, mais les n\u00e9gociations entre le club de la Principaut\u00e9 et l\u2019entourage du joueur seraient d\u00e9sormais au point mort. <\/p>\n\n\n\n<p>Si le transfert de Mikautadze, qui aurait \u00e9galement une grosse proposition de Lyon en cas de d\u00e9part de Lacazette, venait \u00e0 ne pas se concr\u00e9tiser, l\u2019ASM plancherait d\u00e9j\u00e0 sur d\u2019autres pistes. Toujours selon le site de transferts, Monaco serait s\u00e9duit par le profil du Rennais Arnaud Kalimuendo. L\u2019attaquant de 22 ans a r\u00e9alis\u00e9 une deuxi\u00e8me moiti\u00e9 de saison de bon niveau et a inscrit au total 15 buts en 41 matches avec le club breton.<\/p>\n\n\n\n<p>Sous contrat jusqu\u2019en 2027, il serait \u00e9valu\u00e9 \u00e0 environ 20 millions d\u2019euros, prix auquel il avait \u00e9t\u00e9 achet\u00e9 au Paris Saint-Germain \u00e0 l\u2019\u00e9t\u00e9 2022, et int\u00e9resserait \u00e9galement en Allemagne. L\u2019international Espoirs ne serait toutefois pas disponible tout de suite puisqu\u2019il est actuellement dans la liste \u00e9largie de la s\u00e9lection olympique fran\u00e7aise et pourrait disputer les JO de Paris entre le 24 juillet et le 11 ao\u00fbt. <\/p>\n","protected":false},"excerpt":{"rendered":"<p>L\u2019AS Monaco compte bien recruter un attaquant en vue de la saison prochaine pour compenser le d\u00e9part de son capitaine Wissam Ben Yedder. Si le club du Rocher a plac\u00e9 le Messin Georges Mikautadze tout en haut de sa short list, le dossier patinerait depuis plusieurs jours jours selon Foot Mercato. Bien qu\u2019il ait d\u00e9menti [&#8230;]\n","protected":false},"author":2,"featured_media":0,"comment_status":"closed","ping_status":"open","sticky":false,"template":"","format":"standard","meta":[],"categories":[6],"tags":[869,86,111,110],"yoast_head":"<!-- This site is optimized with the Yoast SEO plugin v19.8 - https:\/\/yoast.com\/wordpress\/plugins\/seo\/ -->\n<title>Kalimuendo en plan B de Mikautadze ? - La Diagonale<\/title>\n<meta name=\"robots\" content=\"index, follow, max-snippet:-1, max-image-preview:large, max-video-preview:-1\" \/>\n<link rel=\"canonical\" href=\"https:\/\/www.ladiagonale.net\/index.php\/2024\/06\/17\/kalimuendo-en-plan-b-de-mikautadze\/\" \/>\n<meta property=\"og:locale\" content=\"fr_FR\" \/>\n<meta property=\"og:type\" content=\"article\" \/>\n<meta property=\"og:title\" content=\"Kalimuendo en plan B de Mikautadze ? - La Diagonale\" \/>\n<meta property=\"og:description\" content=\"L\u2019AS Monaco compte bien recruter un attaquant en vue de la saison prochaine pour compenser le d\u00e9part de son capitaine Wissam Ben Yedder. Si le club du Rocher a plac\u00e9 le Messin Georges Mikautadze tout en haut de sa short list, le dossier patinerait depuis plusieurs jours jours selon Foot Mercato. Bien qu\u2019il ait d\u00e9menti [...]\" \/>\n<meta property=\"og:url\" content=\"https:\/\/www.ladiagonale.net\/index.php\/2024\/06\/17\/kalimuendo-en-plan-b-de-mikautadze\/\" \/>\n<meta property=\"og:site_name\" content=\"La Diagonale\" \/>\n<meta property=\"article:published_time\" content=\"2024-06-17T18:10:42+00:00\" \/>\n<meta property=\"article:modified_time\" content=\"2024-06-18T11:16:02+00:00\" \/>\n<meta property=\"og:image\" content=\"https:\/\/www.ladiagonale.net\/wp-content\/uploads\/2024\/06\/kalimuendo.png\" \/>\n\t<meta property=\"og:image:width\" content=\"1160\" \/>\n\t<meta property=\"og:image:height\" content=\"650\" \/>\n\t<meta property=\"og:image:type\" content=\"image\/png\" \/>\n<meta name=\"author\" content=\"Damien Dellerba\" \/>\n<meta name=\"twitter:card\" content=\"summary_large_image\" \/>\n<meta name=\"twitter:image\" content=\"https:\/\/www.ladiagonale.net\/wp-content\/uploads\/2024\/06\/kalimuendo.png\" \/>\n<meta name=\"twitter:label1\" content=\"\u00c9crit par\" \/>\n\t<meta name=\"twitter:data1\" content=\"Damien Dellerba\" \/>\n\t<meta name=\"twitter:label2\" content=\"Dur\u00e9e de lecture estim\u00e9e\" \/>\n\t<meta name=\"twitter:data2\" content=\"2 minutes\" \/>\n<script type=\"application\/ld+json\" class=\"yoast-schema-graph\">{\"@context\":\"https:\/\/schema.org\",\"@graph\":[{\"@type\":\"WebPage\",\"@id\":\"https:\/\/www.ladiagonale.net\/index.php\/2024\/06\/17\/kalimuendo-en-plan-b-de-mikautadze\/\",\"url\":\"https:\/\/www.ladiagonale.net\/index.php\/2024\/06\/17\/kalimuendo-en-plan-b-de-mikautadze\/\",\"name\":\"Kalimuendo en plan B de Mikautadze ? - La Diagonale\",\"isPartOf\":{\"@id\":\"https:\/\/www.ladiagonale.net\/#website\"},\"datePublished\":\"2024-06-17T18:10:42+00:00\",\"dateModified\":\"2024-06-18T11:16:02+00:00\",\"author\":{\"@id\":\"https:\/\/www.ladiagonale.net\/#\/schema\/person\/79ff1e7b0853ed01b2aa26e64ad300bf\"},\"breadcrumb\":{\"@id\":\"https:\/\/www.ladiagonale.net\/index.php\/2024\/06\/17\/kalimuendo-en-plan-b-de-mikautadze\/#breadcrumb\"},\"inLanguage\":\"fr-FR\",\"potentialAction\":[{\"@type\":\"ReadAction\",\"target\":[\"https:\/\/www.ladiagonale.net\/index.php\/2024\/06\/17\/kalimuendo-en-plan-b-de-mikautadze\/\"]}]},{\"@type\":\"BreadcrumbList\",\"@id\":\"https:\/\/www.ladiagonale.net\/index.php\/2024\/06\/17\/kalimuendo-en-plan-b-de-mikautadze\/#breadcrumb\",\"itemListElement\":[{\"@type\":\"ListItem\",\"position\":1,\"name\":\"Accueil\",\"item\":\"https:\/\/www.ladiagonale.net\/\"},{\"@type\":\"ListItem\",\"position\":2,\"name\":\"Kalimuendo en plan B de Mikautadze ?\"}]},{\"@type\":\"WebSite\",\"@id\":\"https:\/\/www.ladiagonale.net\/#website\",\"url\":\"https:\/\/www.ladiagonale.net\/\",\"name\":\"La Diagonale\",\"description\":\"Le site des supporters de l&#039;AS Monaco FC\",\"potentialAction\":[{\"@type\":\"SearchAction\",\"target\":{\"@type\":\"EntryPoint\",\"urlTemplate\":\"https:\/\/www.ladiagonale.net\/?s={search_term_string}\"},\"query-input\":\"required name=search_term_string\"}],\"inLanguage\":\"fr-FR\"},{\"@type\":\"Person\",\"@id\":\"https:\/\/www.ladiagonale.net\/#\/schema\/person\/79ff1e7b0853ed01b2aa26e64ad300bf\",\"name\":\"Damien Dellerba\",\"image\":{\"@type\":\"ImageObject\",\"inLanguage\":\"fr-FR\",\"@id\":\"https:\/\/www.ladiagonale.net\/#\/schema\/person\/image\/\",\"url\":\"https:\/\/secure.gravatar.com\/avatar\/c7850e06d3ff63cdbaee88b7fc16e2f0?s=96&d=mm&r=g\",\"contentUrl\":\"https:\/\/secure.gravatar.com\/avatar\/c7850e06d3ff63cdbaee88b7fc16e2f0?s=96&d=mm&r=g\",\"caption\":\"Damien Dellerba\"},\"url\":\"https:\/\/www.ladiagonale.net\/index.php\/author\/damien\/\"}]}<\/script>\n<!-- \/ Yoast SEO plugin. -->","yoast_head_json":{"title":"Kalimuendo en plan B de Mikautadze ? - La Diagonale","robots":{"index":"index","follow":"follow","max-snippet":"max-snippet:-1","max-image-preview":"max-image-preview:large","max-video-preview":"max-video-preview:-1"},"canonical":"https:\/\/www.ladiagonale.net\/index.php\/2024\/06\/17\/kalimuendo-en-plan-b-de-mikautadze\/","og_locale":"fr_FR","og_type":"article","og_title":"Kalimuendo en plan B de Mikautadze ? - La Diagonale","og_description":"L\u2019AS Monaco compte bien recruter un attaquant en vue de la saison prochaine pour compenser le d\u00e9part de son capitaine Wissam Ben Yedder. Si le club du Rocher a plac\u00e9 le Messin Georges Mikautadze tout en haut de sa short list, le dossier patinerait depuis plusieurs jours jours selon Foot Mercato. Bien qu\u2019il ait d\u00e9menti [...]","og_url":"https:\/\/www.ladiagonale.net\/index.php\/2024\/06\/17\/kalimuendo-en-plan-b-de-mikautadze\/","og_site_name":"La Diagonale","article_published_time":"2024-06-17T18:10:42+00:00","article_modified_time":"2024-06-18T11:16:02+00:00","og_image":[{"width":1160,"height":650,"url":"https:\/\/www.ladiagonale.net\/wp-content\/uploads\/2024\/06\/kalimuendo.png","type":"image\/png"}],"author":"Damien Dellerba","twitter_card":"summary_large_image","twitter_image":"https:\/\/www.ladiagonale.net\/wp-content\/uploads\/2024\/06\/kalimuendo.png","twitter_misc":{"\u00c9crit par":"Damien Dellerba","Dur\u00e9e de lecture estim\u00e9e":"2 minutes"},"schema":{"@context":"https:\/\/schema.org","@graph":[{"@type":"WebPage","@id":"https:\/\/www.ladiagonale.net\/index.php\/2024\/06\/17\/kalimuendo-en-plan-b-de-mikautadze\/","url":"https:\/\/www.ladiagonale.net\/index.php\/2024\/06\/17\/kalimuendo-en-plan-b-de-mikautadze\/","name":"Kalimuendo en plan B de Mikautadze ? - La Diagonale","isPartOf":{"@id":"https:\/\/www.ladiagonale.net\/#website"},"datePublished":"2024-06-17T18:10:42+00:00","dateModified":"2024-06-18T11:16:02+00:00","author":{"@id":"https:\/\/www.ladiagonale.net\/#\/schema\/person\/79ff1e7b0853ed01b2aa26e64ad300bf"},"breadcrumb":{"@id":"https:\/\/www.ladiagonale.net\/index.php\/2024\/06\/17\/kalimuendo-en-plan-b-de-mikautadze\/#breadcrumb"},"inLanguage":"fr-FR","potentialAction":[{"@type":"ReadAction","target":["https:\/\/www.ladiagonale.net\/index.php\/2024\/06\/17\/kalimuendo-en-plan-b-de-mikautadze\/"]}]},{"@type":"BreadcrumbList","@id":"https:\/\/www.ladiagonale.net\/index.php\/2024\/06\/17\/kalimuendo-en-plan-b-de-mikautadze\/#breadcrumb","itemListElement":[{"@type":"ListItem","position":1,"name":"Accueil","item":"https:\/\/www.ladiagonale.net\/"},{"@type":"ListItem","position":2,"name":"Kalimuendo en plan B de Mikautadze ?"}]},{"@type":"WebSite","@id":"https:\/\/www.ladiagonale.net\/#website","url":"https:\/\/www.ladiagonale.net\/","name":"La Diagonale","description":"Le site des supporters de l&#039;AS Monaco FC","potentialAction":[{"@type":"SearchAction","target":{"@type":"EntryPoint","urlTemplate":"https:\/\/www.ladiagonale.net\/?s={search_term_string}"},"query-input":"required name=search_term_string"}],"inLanguage":"fr-FR"},{"@type":"Person","@id":"https:\/\/www.ladiagonale.net\/#\/schema\/person\/79ff1e7b0853ed01b2aa26e64ad300bf","name":"Damien Dellerba","image":{"@type":"ImageObject","inLanguage":"fr-FR","@id":"https:\/\/www.ladiagonale.net\/#\/schema\/person\/image\/","url":"https:\/\/secure.gravatar.com\/avatar\/c7850e06d3ff63cdbaee88b7fc16e2f0?s=96&d=mm&r=g","contentUrl":"https:\/\/secure.gravatar.com\/avatar\/c7850e06d3ff63cdbaee88b7fc16e2f0?s=96&d=mm&r=g","caption":"Damien Dellerba"},"url":"https:\/\/www.ladiagonale.net\/index.php\/author\/damien\/"}]}},"_links":{"self":[{"href":"https:\/\/www.ladiagonale.net\/index.php\/wp-json\/wp\/v2\/posts\/23981"}],"collection":[{"href":"https:\/\/www.ladiagonale.net\/index.php\/wp-json\/wp\/v2\/posts"}],"about":[{"href":"https:\/\/www.ladiagonale.net\/index.php\/wp-json\/wp\/v2\/types\/post"}],"author":[{"embeddable":true,"href":"https:\/\/www.ladiagonale.net\/index.php\/wp-json\/wp\/v2\/users\/2"}],"replies":[{"embeddable":true,"href":"https:\/\/www.ladiagonale.net\/index.php\/wp-json\/wp\/v2\/comments?post=23981"}],"version-history":[{"count":3,"href":"https:\/\/www.ladiagonale.net\/index.php\/wp-json\/wp\/v2\/posts\/23981\/revisions"}],"predecessor-version":[{"id":23990,"href":"https:\/\/www.ladiagonale.net\/index.php\/wp-json\/wp\/v2\/posts\/23981\/revisions\/23990"}],"wp:attachment":[{"href":"https:\/\/www.ladiagonale.net\/index.php\/wp-json\/wp\/v2\/media?parent=23981"}],"wp:term":[{"taxonomy":"category","embeddable":true,"href":"https:\/\/www.ladiagonale.net\/index.php\/wp-json\/wp\/v2\/categories?post=23981"},{"taxonomy":"post_tag","embeddable":true,"href":"https:\/\/www.ladiagonale.net\/index.php\/wp-json\/wp\/v2\/tags?post=23981"}],"curies":[{"name":"wp","href":"https:\/\/api.w.org\/{rel}","templated":true}]}}