{"id":23986,"date":"2024-06-18T03:14:12","date_gmt":"2024-06-18T01:14:12","guid":{"rendered":"https:\/\/www.ladiagonale.net\/?p=23986"},"modified":"2024-06-18T03:15:20","modified_gmt":"2024-06-18T01:15:20","slug":"fofana-est-entre-en-jeu-avec-les-bleus-a-leuro","status":"publish","type":"post","link":"https:\/\/www.ladiagonale.net\/index.php\/2024\/06\/18\/fofana-est-entre-en-jeu-avec-les-bleus-a-leuro\/","title":{"rendered":"Fofana est entr\u00e9 en jeu avec les Bleus \u00e0 l&rsquo;Euro"},"content":{"rendered":"\n\n\n<p>Youssouf Fofana semble bien \u00eatre pass\u00e9 derri\u00e8re le revenant N&rsquo;Golo Kant\u00e9 dans la hi\u00e9rarchie des milieux de terrain de l&rsquo;\u00e9quipe de France. Le joueur de l&rsquo;AS Monaco n&rsquo;est entr\u00e9 en jeu que dans le temps additionnel de la rencontre face \u00e0 l&rsquo;Autriche, o\u00f9 les Bleus se sont impos\u00e9s (1-0) pour leurs d\u00e9buts \u00e0 l&rsquo;Euro. Pour sa 19<sup>e<\/sup> s\u00e9lection, Fofana a jou\u00e9 pr\u00e8s de dix minutes d&rsquo;un temps additionnel qui s&rsquo;est allong\u00e9 en raison de la blessure au nez de l&rsquo;ancien mon\u00e9gasque Kylian Mbapp\u00e9. Il a remplac\u00e9 Antoine Griezmann, qui a compos\u00e9 le milieu \u00e0 trois avec Kant\u00e9 et Adrien Rabiot.<\/p>\n\n\n\n<p>Malgr\u00e9 une entr\u00e9e en mati\u00e8re peu convaincante, les hommes de Didier Deschamps prennent trois points et se placent \u00e0 la 2e place du groupe D, \u00e0 \u00e9galit\u00e9 de points des Pays-Bas, vainqueurs de la Pologne dimanche (2-1). Les deux \u00e9quipes se retrouveront vendredi (21h) pour ce qui devrait s&rsquo;apparenter \u00e0 un duel au sommet dans ce groupe.<\/p>\n","protected":false},"excerpt":{"rendered":"<p>Youssouf Fofana semble bien \u00eatre pass\u00e9 derri\u00e8re le revenant N&rsquo;Golo Kant\u00e9 dans la hi\u00e9rarchie des milieux de terrain de l&rsquo;\u00e9quipe de France. Le joueur de l&rsquo;AS Monaco n&rsquo;est entr\u00e9 en jeu que dans le temps additionnel de la rencontre face \u00e0 l&rsquo;Autriche, o\u00f9 les Bleus se sont impos\u00e9s (1-0) pour leurs d\u00e9buts \u00e0 l&rsquo;Euro. Pour [&#8230;]\n","protected":false},"author":2,"featured_media":0,"comment_status":"open","ping_status":"open","sticky":false,"template":"","format":"standard","meta":[],"categories":[6],"tags":[86,834,83,116,176],"yoast_head":"<!-- This site is optimized with the Yoast SEO plugin v19.8 - https:\/\/yoast.com\/wordpress\/plugins\/seo\/ -->\n<title>Fofana est entr\u00e9 en jeu avec les Bleus \u00e0 l&#039;Euro - La Diagonale<\/title>\n<meta name=\"robots\" content=\"index, follow, max-snippet:-1, max-image-preview:large, max-video-preview:-1\" \/>\n<link rel=\"canonical\" href=\"https:\/\/www.ladiagonale.net\/index.php\/2024\/06\/18\/fofana-est-entre-en-jeu-avec-les-bleus-a-leuro\/\" \/>\n<meta property=\"og:locale\" content=\"fr_FR\" \/>\n<meta property=\"og:type\" content=\"article\" \/>\n<meta property=\"og:title\" content=\"Fofana est entr\u00e9 en jeu avec les Bleus \u00e0 l&#039;Euro - La Diagonale\" \/>\n<meta property=\"og:description\" content=\"Youssouf Fofana semble bien \u00eatre pass\u00e9 derri\u00e8re le revenant N&rsquo;Golo Kant\u00e9 dans la hi\u00e9rarchie des milieux de terrain de l&rsquo;\u00e9quipe de France. Le joueur de l&rsquo;AS Monaco n&rsquo;est entr\u00e9 en jeu que dans le temps additionnel de la rencontre face \u00e0 l&rsquo;Autriche, o\u00f9 les Bleus se sont impos\u00e9s (1-0) pour leurs d\u00e9buts \u00e0 l&rsquo;Euro. Pour [...]\" \/>\n<meta property=\"og:url\" content=\"https:\/\/www.ladiagonale.net\/index.php\/2024\/06\/18\/fofana-est-entre-en-jeu-avec-les-bleus-a-leuro\/\" \/>\n<meta property=\"og:site_name\" content=\"La Diagonale\" \/>\n<meta property=\"article:published_time\" content=\"2024-06-18T01:14:12+00:00\" \/>\n<meta property=\"article:modified_time\" content=\"2024-06-18T01:15:20+00:00\" \/>\n<meta property=\"og:image\" content=\"https:\/\/www.ladiagonale.net\/wp-content\/uploads\/2024\/05\/fofana-bleus.png\" \/>\n\t<meta property=\"og:image:width\" content=\"1160\" \/>\n\t<meta property=\"og:image:height\" content=\"650\" \/>\n\t<meta property=\"og:image:type\" content=\"image\/png\" \/>\n<meta name=\"author\" content=\"Damien Dellerba\" \/>\n<meta name=\"twitter:card\" content=\"summary_large_image\" \/>\n<meta name=\"twitter:image\" content=\"https:\/\/www.ladiagonale.net\/wp-content\/uploads\/2024\/05\/fofana-bleus.png\" \/>\n<meta name=\"twitter:label1\" content=\"\u00c9crit par\" \/>\n\t<meta name=\"twitter:data1\" content=\"Damien Dellerba\" \/>\n\t<meta name=\"twitter:label2\" content=\"Dur\u00e9e de lecture estim\u00e9e\" \/>\n\t<meta name=\"twitter:data2\" content=\"1 minute\" \/>\n<script type=\"application\/ld+json\" class=\"yoast-schema-graph\">{\"@context\":\"https:\/\/schema.org\",\"@graph\":[{\"@type\":\"WebPage\",\"@id\":\"https:\/\/www.ladiagonale.net\/index.php\/2024\/06\/18\/fofana-est-entre-en-jeu-avec-les-bleus-a-leuro\/\",\"url\":\"https:\/\/www.ladiagonale.net\/index.php\/2024\/06\/18\/fofana-est-entre-en-jeu-avec-les-bleus-a-leuro\/\",\"name\":\"Fofana est entr\u00e9 en jeu avec les Bleus \u00e0 l'Euro - La Diagonale\",\"isPartOf\":{\"@id\":\"https:\/\/www.ladiagonale.net\/#website\"},\"datePublished\":\"2024-06-18T01:14:12+00:00\",\"dateModified\":\"2024-06-18T01:15:20+00:00\",\"author\":{\"@id\":\"https:\/\/www.ladiagonale.net\/#\/schema\/person\/79ff1e7b0853ed01b2aa26e64ad300bf\"},\"breadcrumb\":{\"@id\":\"https:\/\/www.ladiagonale.net\/index.php\/2024\/06\/18\/fofana-est-entre-en-jeu-avec-les-bleus-a-leuro\/#breadcrumb\"},\"inLanguage\":\"fr-FR\",\"potentialAction\":[{\"@type\":\"ReadAction\",\"target\":[\"https:\/\/www.ladiagonale.net\/index.php\/2024\/06\/18\/fofana-est-entre-en-jeu-avec-les-bleus-a-leuro\/\"]}]},{\"@type\":\"BreadcrumbList\",\"@id\":\"https:\/\/www.ladiagonale.net\/index.php\/2024\/06\/18\/fofana-est-entre-en-jeu-avec-les-bleus-a-leuro\/#breadcrumb\",\"itemListElement\":[{\"@type\":\"ListItem\",\"position\":1,\"name\":\"Accueil\",\"item\":\"https:\/\/www.ladiagonale.net\/\"},{\"@type\":\"ListItem\",\"position\":2,\"name\":\"Fofana est entr\u00e9 en jeu avec les Bleus \u00e0 l&rsquo;Euro\"}]},{\"@type\":\"WebSite\",\"@id\":\"https:\/\/www.ladiagonale.net\/#website\",\"url\":\"https:\/\/www.ladiagonale.net\/\",\"name\":\"La Diagonale\",\"description\":\"Le site des supporters de l&#039;AS Monaco FC\",\"potentialAction\":[{\"@type\":\"SearchAction\",\"target\":{\"@type\":\"EntryPoint\",\"urlTemplate\":\"https:\/\/www.ladiagonale.net\/?s={search_term_string}\"},\"query-input\":\"required name=search_term_string\"}],\"inLanguage\":\"fr-FR\"},{\"@type\":\"Person\",\"@id\":\"https:\/\/www.ladiagonale.net\/#\/schema\/person\/79ff1e7b0853ed01b2aa26e64ad300bf\",\"name\":\"Damien Dellerba\",\"image\":{\"@type\":\"ImageObject\",\"inLanguage\":\"fr-FR\",\"@id\":\"https:\/\/www.ladiagonale.net\/#\/schema\/person\/image\/\",\"url\":\"https:\/\/secure.gravatar.com\/avatar\/c7850e06d3ff63cdbaee88b7fc16e2f0?s=96&d=mm&r=g\",\"contentUrl\":\"https:\/\/secure.gravatar.com\/avatar\/c7850e06d3ff63cdbaee88b7fc16e2f0?s=96&d=mm&r=g\",\"caption\":\"Damien Dellerba\"},\"url\":\"https:\/\/www.ladiagonale.net\/index.php\/author\/damien\/\"}]}<\/script>\n<!-- \/ Yoast SEO plugin. -->","yoast_head_json":{"title":"Fofana est entr\u00e9 en jeu avec les Bleus \u00e0 l'Euro - La Diagonale","robots":{"index":"index","follow":"follow","max-snippet":"max-snippet:-1","max-image-preview":"max-image-preview:large","max-video-preview":"max-video-preview:-1"},"canonical":"https:\/\/www.ladiagonale.net\/index.php\/2024\/06\/18\/fofana-est-entre-en-jeu-avec-les-bleus-a-leuro\/","og_locale":"fr_FR","og_type":"article","og_title":"Fofana est entr\u00e9 en jeu avec les Bleus \u00e0 l'Euro - La Diagonale","og_description":"Youssouf Fofana semble bien \u00eatre pass\u00e9 derri\u00e8re le revenant N&rsquo;Golo Kant\u00e9 dans la hi\u00e9rarchie des milieux de terrain de l&rsquo;\u00e9quipe de France. Le joueur de l&rsquo;AS Monaco n&rsquo;est entr\u00e9 en jeu que dans le temps additionnel de la rencontre face \u00e0 l&rsquo;Autriche, o\u00f9 les Bleus se sont impos\u00e9s (1-0) pour leurs d\u00e9buts \u00e0 l&rsquo;Euro. Pour [...]","og_url":"https:\/\/www.ladiagonale.net\/index.php\/2024\/06\/18\/fofana-est-entre-en-jeu-avec-les-bleus-a-leuro\/","og_site_name":"La Diagonale","article_published_time":"2024-06-18T01:14:12+00:00","article_modified_time":"2024-06-18T01:15:20+00:00","og_image":[{"width":1160,"height":650,"url":"https:\/\/www.ladiagonale.net\/wp-content\/uploads\/2024\/05\/fofana-bleus.png","type":"image\/png"}],"author":"Damien Dellerba","twitter_card":"summary_large_image","twitter_image":"https:\/\/www.ladiagonale.net\/wp-content\/uploads\/2024\/05\/fofana-bleus.png","twitter_misc":{"\u00c9crit par":"Damien Dellerba","Dur\u00e9e de lecture estim\u00e9e":"1 minute"},"schema":{"@context":"https:\/\/schema.org","@graph":[{"@type":"WebPage","@id":"https:\/\/www.ladiagonale.net\/index.php\/2024\/06\/18\/fofana-est-entre-en-jeu-avec-les-bleus-a-leuro\/","url":"https:\/\/www.ladiagonale.net\/index.php\/2024\/06\/18\/fofana-est-entre-en-jeu-avec-les-bleus-a-leuro\/","name":"Fofana est entr\u00e9 en jeu avec les Bleus \u00e0 l'Euro - La Diagonale","isPartOf":{"@id":"https:\/\/www.ladiagonale.net\/#website"},"datePublished":"2024-06-18T01:14:12+00:00","dateModified":"2024-06-18T01:15:20+00:00","author":{"@id":"https:\/\/www.ladiagonale.net\/#\/schema\/person\/79ff1e7b0853ed01b2aa26e64ad300bf"},"breadcrumb":{"@id":"https:\/\/www.ladiagonale.net\/index.php\/2024\/06\/18\/fofana-est-entre-en-jeu-avec-les-bleus-a-leuro\/#breadcrumb"},"inLanguage":"fr-FR","potentialAction":[{"@type":"ReadAction","target":["https:\/\/www.ladiagonale.net\/index.php\/2024\/06\/18\/fofana-est-entre-en-jeu-avec-les-bleus-a-leuro\/"]}]},{"@type":"BreadcrumbList","@id":"https:\/\/www.ladiagonale.net\/index.php\/2024\/06\/18\/fofana-est-entre-en-jeu-avec-les-bleus-a-leuro\/#breadcrumb","itemListElement":[{"@type":"ListItem","position":1,"name":"Accueil","item":"https:\/\/www.ladiagonale.net\/"},{"@type":"ListItem","position":2,"name":"Fofana est entr\u00e9 en jeu avec les Bleus \u00e0 l&rsquo;Euro"}]},{"@type":"WebSite","@id":"https:\/\/www.ladiagonale.net\/#website","url":"https:\/\/www.ladiagonale.net\/","name":"La Diagonale","description":"Le site des supporters de l&#039;AS Monaco FC","potentialAction":[{"@type":"SearchAction","target":{"@type":"EntryPoint","urlTemplate":"https:\/\/www.ladiagonale.net\/?s={search_term_string}"},"query-input":"required name=search_term_string"}],"inLanguage":"fr-FR"},{"@type":"Person","@id":"https:\/\/www.ladiagonale.net\/#\/schema\/person\/79ff1e7b0853ed01b2aa26e64ad300bf","name":"Damien Dellerba","image":{"@type":"ImageObject","inLanguage":"fr-FR","@id":"https:\/\/www.ladiagonale.net\/#\/schema\/person\/image\/","url":"https:\/\/secure.gravatar.com\/avatar\/c7850e06d3ff63cdbaee88b7fc16e2f0?s=96&d=mm&r=g","contentUrl":"https:\/\/secure.gravatar.com\/avatar\/c7850e06d3ff63cdbaee88b7fc16e2f0?s=96&d=mm&r=g","caption":"Damien Dellerba"},"url":"https:\/\/www.ladiagonale.net\/index.php\/author\/damien\/"}]}},"_links":{"self":[{"href":"https:\/\/www.ladiagonale.net\/index.php\/wp-json\/wp\/v2\/posts\/23986"}],"collection":[{"href":"https:\/\/www.ladiagonale.net\/index.php\/wp-json\/wp\/v2\/posts"}],"about":[{"href":"https:\/\/www.ladiagonale.net\/index.php\/wp-json\/wp\/v2\/types\/post"}],"author":[{"embeddable":true,"href":"https:\/\/www.ladiagonale.net\/index.php\/wp-json\/wp\/v2\/users\/2"}],"replies":[{"embeddable":true,"href":"https:\/\/www.ladiagonale.net\/index.php\/wp-json\/wp\/v2\/comments?post=23986"}],"version-history":[{"count":3,"href":"https:\/\/www.ladiagonale.net\/index.php\/wp-json\/wp\/v2\/posts\/23986\/revisions"}],"predecessor-version":[{"id":23989,"href":"https:\/\/www.ladiagonale.net\/index.php\/wp-json\/wp\/v2\/posts\/23986\/revisions\/23989"}],"wp:attachment":[{"href":"https:\/\/www.ladiagonale.net\/index.php\/wp-json\/wp\/v2\/media?parent=23986"}],"wp:term":[{"taxonomy":"category","embeddable":true,"href":"https:\/\/www.ladiagonale.net\/index.php\/wp-json\/wp\/v2\/categories?post=23986"},{"taxonomy":"post_tag","embeddable":true,"href":"https:\/\/www.ladiagonale.net\/index.php\/wp-json\/wp\/v2\/tags?post=23986"}],"curies":[{"name":"wp","href":"https:\/\/api.w.org\/{rel}","templated":true}]}}