{"id":24031,"date":"2024-06-21T13:49:08","date_gmt":"2024-06-21T11:49:08","guid":{"rendered":"https:\/\/www.ladiagonale.net\/?p=24031"},"modified":"2024-06-21T15:15:38","modified_gmt":"2024-06-21T13:15:38","slug":"un-choc-contre-lyon-des-la-2e-journee-paris-pour-commencer-2025","status":"publish","type":"post","link":"https:\/\/www.ladiagonale.net\/index.php\/2024\/06\/21\/un-choc-contre-lyon-des-la-2e-journee-paris-pour-commencer-2025\/","title":{"rendered":"Un choc contre Lyon d\u00e8s la J2, Paris pour commencer 2025"},"content":{"rendered":"\n\n\n<p>Pour d\u00e9buter la prochaine saison, l&rsquo;AS Monaco devra \u00eatre rapidement pr\u00eate. D\u00e8s le 8 ao\u00fbt, elle se frottera au Paris Saint-Germain dans le cadre du Troph\u00e9e des champions et son championnat d\u00e9butera <a href=\"https:\/\/www.ladiagonale.net\/index.php\/2024\/06\/21\/monaco-recevra-saint-etienne-pour-la-1re-journee-de-l1\/\" target=\"_blank\" rel=\"noreferrer noopener\">par la r\u00e9ception de l&rsquo;AS Saint-\u00c9tienne<\/a>, promu de Ligue 2. Mais d\u00e8s la 2<sup>e<\/sup> journ\u00e9e, la difficult\u00e9 devrait monter d&rsquo;un cran pour l&rsquo;ASM, puisque les hommes d&rsquo;Adi H\u00fctter se rendront \u00e0 Lyon, qui a termin\u00e9 le dernier exercice \u00e0 la 6<sup>e<\/sup> place apr\u00e8s une phase retour de tr\u00e8s haut vol. Les As\u00e9mistes avaient d&rsquo;ailleurs \u00e9t\u00e9 coup\u00e9s dans leur \u00e9lan en fin de saison, battus (2-3) sur la pelouse de l&rsquo;OL apr\u00e8s quatre victoires de rang.<\/p>\n\n\n<div class=\"wp-block-image\">\n<figure class=\"aligncenter size-full\"><img loading=\"lazy\" width=\"540\" height=\"98\" src=\"https:\/\/www.ladiagonale.net\/wp-content\/uploads\/2024\/06\/Capture-de\u0301cran-2024-06-21-a\u0300-13.28.34.png\" alt=\"\" class=\"wp-image-24032\"\/><figcaption>Les 5 premi\u00e8res journ\u00e9es de l&rsquo;ASM. Cr\u00e9dit : LFP<\/figcaption><\/figure><\/div>\n\n\n<p>L&rsquo;ann\u00e9e 2025 d\u00e9butera par une r\u00e9ception du Paris Saint-Germain au stade Louis-II, le week-end du 5 janvier. Il s&rsquo;agira de la 16e journ\u00e9e de championnat et encore de la phase aller. Celle-ci se conclura la semaine suivante par un d\u00e9placement \u00e0 Nantes. Monaco retrouvera Paris en seulement un mois d&rsquo;intervalle puisque le match retour aura lieu le 9 f\u00e9vrier pour la 21<sup>e<\/sup> journ\u00e9e. Cette opposition face au PSG sera de nouveau suivie par celle face \u00e0 Nantes. La phase retour, avec la 18<sup>e<\/sup> journ\u00e9e verra Monaco se rendre \u00e0 Montpellier courant janvier.<\/p>\n\n\n\n<p>Les rencontres face \u00e0 l&rsquo;OM seront davantage espac\u00e9es. Le match aller se jouera le 1er d\u00e9cembre, \u00e0 l&rsquo;occasion de la 13e journ\u00e9e, et la manche retour, \u00e0 domicile, se tiendra le 13 avril, pour la 29<sup>e<\/sup> journ\u00e9e. Le mois d&rsquo;octobre promet d&rsquo;\u00eatre particuli\u00e8rement relev\u00e9 pour le club mon\u00e9gasque, qui se d\u00e9placera \u00e0 deux reprises, sur les pelouses de Rennes et de Nice. Entre les deux, les Rouge et Blanc recevront Lille, d\u00e9sormais entra\u00een\u00e9 par Bruno Genesio.<\/p>\n\n\n<div class=\"wp-block-image\">\n<figure class=\"aligncenter size-full is-resized\"><img loading=\"lazy\" src=\"https:\/\/www.ladiagonale.net\/wp-content\/uploads\/2024\/06\/Image-JPEG-4C78-8225-E1-0.jpeg\" alt=\"\" class=\"wp-image-24033\" width=\"540\" height=\"960\"\/><figcaption>Le calendrier complet. Cr\u00e9dit : LFP<\/figcaption><\/figure><\/div>\n\n\n<p><\/p>\n","protected":false},"excerpt":{"rendered":"<p>Pour d\u00e9buter la prochaine saison, l&rsquo;AS Monaco devra \u00eatre rapidement pr\u00eate. D\u00e8s le 8 ao\u00fbt, elle se frottera au Paris Saint-Germain dans le cadre du Troph\u00e9e des champions et son championnat d\u00e9butera par la r\u00e9ception de l&rsquo;AS Saint-\u00c9tienne, promu de Ligue 2. Mais d\u00e8s la 2e journ\u00e9e, la difficult\u00e9 devrait monter d&rsquo;un cran pour l&rsquo;ASM, [&#8230;]\n","protected":false},"author":2,"featured_media":24034,"comment_status":"open","ping_status":"open","sticky":false,"template":"","format":"standard","meta":[],"categories":[5,6],"tags":[86,585,94],"yoast_head":"<!-- This site is optimized with the Yoast SEO plugin v19.8 - https:\/\/yoast.com\/wordpress\/plugins\/seo\/ -->\n<title>Un choc contre Lyon d\u00e8s la J2, Paris pour commencer 2025 - La Diagonale<\/title>\n<meta name=\"robots\" content=\"index, follow, max-snippet:-1, max-image-preview:large, max-video-preview:-1\" \/>\n<link rel=\"canonical\" href=\"https:\/\/www.ladiagonale.net\/index.php\/2024\/06\/21\/un-choc-contre-lyon-des-la-2e-journee-paris-pour-commencer-2025\/\" \/>\n<meta property=\"og:locale\" content=\"fr_FR\" \/>\n<meta property=\"og:type\" content=\"article\" \/>\n<meta property=\"og:title\" content=\"Un choc contre Lyon d\u00e8s la J2, Paris pour commencer 2025 - La Diagonale\" \/>\n<meta property=\"og:description\" content=\"Pour d\u00e9buter la prochaine saison, l&rsquo;AS Monaco devra \u00eatre rapidement pr\u00eate. D\u00e8s le 8 ao\u00fbt, elle se frottera au Paris Saint-Germain dans le cadre du Troph\u00e9e des champions et son championnat d\u00e9butera par la r\u00e9ception de l&rsquo;AS Saint-\u00c9tienne, promu de Ligue 2. Mais d\u00e8s la 2e journ\u00e9e, la difficult\u00e9 devrait monter d&rsquo;un cran pour l&rsquo;ASM, [...]\" \/>\n<meta property=\"og:url\" content=\"https:\/\/www.ladiagonale.net\/index.php\/2024\/06\/21\/un-choc-contre-lyon-des-la-2e-journee-paris-pour-commencer-2025\/\" \/>\n<meta property=\"og:site_name\" content=\"La Diagonale\" \/>\n<meta property=\"article:published_time\" content=\"2024-06-21T11:49:08+00:00\" \/>\n<meta property=\"article:modified_time\" content=\"2024-06-21T13:15:38+00:00\" \/>\n<meta property=\"og:image\" content=\"https:\/\/www.ladiagonale.net\/wp-content\/uploads\/2024\/06\/OL23.png\" \/>\n\t<meta property=\"og:image:width\" content=\"1160\" \/>\n\t<meta property=\"og:image:height\" content=\"650\" \/>\n\t<meta property=\"og:image:type\" content=\"image\/png\" \/>\n<meta name=\"author\" content=\"Damien Dellerba\" \/>\n<meta name=\"twitter:card\" content=\"summary_large_image\" \/>\n<meta name=\"twitter:image\" content=\"https:\/\/www.ladiagonale.net\/wp-content\/uploads\/2024\/06\/OL23.png\" \/>\n<meta name=\"twitter:label1\" content=\"\u00c9crit par\" \/>\n\t<meta name=\"twitter:data1\" content=\"Damien Dellerba\" \/>\n\t<meta name=\"twitter:label2\" content=\"Dur\u00e9e de lecture estim\u00e9e\" \/>\n\t<meta name=\"twitter:data2\" content=\"2 minutes\" \/>\n<script type=\"application\/ld+json\" class=\"yoast-schema-graph\">{\"@context\":\"https:\/\/schema.org\",\"@graph\":[{\"@type\":\"WebPage\",\"@id\":\"https:\/\/www.ladiagonale.net\/index.php\/2024\/06\/21\/un-choc-contre-lyon-des-la-2e-journee-paris-pour-commencer-2025\/\",\"url\":\"https:\/\/www.ladiagonale.net\/index.php\/2024\/06\/21\/un-choc-contre-lyon-des-la-2e-journee-paris-pour-commencer-2025\/\",\"name\":\"Un choc contre Lyon d\u00e8s la J2, Paris pour commencer 2025 - La Diagonale\",\"isPartOf\":{\"@id\":\"https:\/\/www.ladiagonale.net\/#website\"},\"datePublished\":\"2024-06-21T11:49:08+00:00\",\"dateModified\":\"2024-06-21T13:15:38+00:00\",\"author\":{\"@id\":\"https:\/\/www.ladiagonale.net\/#\/schema\/person\/79ff1e7b0853ed01b2aa26e64ad300bf\"},\"breadcrumb\":{\"@id\":\"https:\/\/www.ladiagonale.net\/index.php\/2024\/06\/21\/un-choc-contre-lyon-des-la-2e-journee-paris-pour-commencer-2025\/#breadcrumb\"},\"inLanguage\":\"fr-FR\",\"potentialAction\":[{\"@type\":\"ReadAction\",\"target\":[\"https:\/\/www.ladiagonale.net\/index.php\/2024\/06\/21\/un-choc-contre-lyon-des-la-2e-journee-paris-pour-commencer-2025\/\"]}]},{\"@type\":\"BreadcrumbList\",\"@id\":\"https:\/\/www.ladiagonale.net\/index.php\/2024\/06\/21\/un-choc-contre-lyon-des-la-2e-journee-paris-pour-commencer-2025\/#breadcrumb\",\"itemListElement\":[{\"@type\":\"ListItem\",\"position\":1,\"name\":\"Accueil\",\"item\":\"https:\/\/www.ladiagonale.net\/\"},{\"@type\":\"ListItem\",\"position\":2,\"name\":\"Un choc contre Lyon d\u00e8s la J2, Paris pour commencer 2025\"}]},{\"@type\":\"WebSite\",\"@id\":\"https:\/\/www.ladiagonale.net\/#website\",\"url\":\"https:\/\/www.ladiagonale.net\/\",\"name\":\"La Diagonale\",\"description\":\"Le site des supporters de l&#039;AS Monaco FC\",\"potentialAction\":[{\"@type\":\"SearchAction\",\"target\":{\"@type\":\"EntryPoint\",\"urlTemplate\":\"https:\/\/www.ladiagonale.net\/?s={search_term_string}\"},\"query-input\":\"required name=search_term_string\"}],\"inLanguage\":\"fr-FR\"},{\"@type\":\"Person\",\"@id\":\"https:\/\/www.ladiagonale.net\/#\/schema\/person\/79ff1e7b0853ed01b2aa26e64ad300bf\",\"name\":\"Damien Dellerba\",\"image\":{\"@type\":\"ImageObject\",\"inLanguage\":\"fr-FR\",\"@id\":\"https:\/\/www.ladiagonale.net\/#\/schema\/person\/image\/\",\"url\":\"https:\/\/secure.gravatar.com\/avatar\/c7850e06d3ff63cdbaee88b7fc16e2f0?s=96&d=mm&r=g\",\"contentUrl\":\"https:\/\/secure.gravatar.com\/avatar\/c7850e06d3ff63cdbaee88b7fc16e2f0?s=96&d=mm&r=g\",\"caption\":\"Damien Dellerba\"},\"url\":\"https:\/\/www.ladiagonale.net\/index.php\/author\/damien\/\"}]}<\/script>\n<!-- \/ Yoast SEO plugin. -->","yoast_head_json":{"title":"Un choc contre Lyon d\u00e8s la J2, Paris pour commencer 2025 - La Diagonale","robots":{"index":"index","follow":"follow","max-snippet":"max-snippet:-1","max-image-preview":"max-image-preview:large","max-video-preview":"max-video-preview:-1"},"canonical":"https:\/\/www.ladiagonale.net\/index.php\/2024\/06\/21\/un-choc-contre-lyon-des-la-2e-journee-paris-pour-commencer-2025\/","og_locale":"fr_FR","og_type":"article","og_title":"Un choc contre Lyon d\u00e8s la J2, Paris pour commencer 2025 - La Diagonale","og_description":"Pour d\u00e9buter la prochaine saison, l&rsquo;AS Monaco devra \u00eatre rapidement pr\u00eate. D\u00e8s le 8 ao\u00fbt, elle se frottera au Paris Saint-Germain dans le cadre du Troph\u00e9e des champions et son championnat d\u00e9butera par la r\u00e9ception de l&rsquo;AS Saint-\u00c9tienne, promu de Ligue 2. Mais d\u00e8s la 2e journ\u00e9e, la difficult\u00e9 devrait monter d&rsquo;un cran pour l&rsquo;ASM, [...]","og_url":"https:\/\/www.ladiagonale.net\/index.php\/2024\/06\/21\/un-choc-contre-lyon-des-la-2e-journee-paris-pour-commencer-2025\/","og_site_name":"La Diagonale","article_published_time":"2024-06-21T11:49:08+00:00","article_modified_time":"2024-06-21T13:15:38+00:00","og_image":[{"width":1160,"height":650,"url":"https:\/\/www.ladiagonale.net\/wp-content\/uploads\/2024\/06\/OL23.png","type":"image\/png"}],"author":"Damien Dellerba","twitter_card":"summary_large_image","twitter_image":"https:\/\/www.ladiagonale.net\/wp-content\/uploads\/2024\/06\/OL23.png","twitter_misc":{"\u00c9crit par":"Damien Dellerba","Dur\u00e9e de lecture estim\u00e9e":"2 minutes"},"schema":{"@context":"https:\/\/schema.org","@graph":[{"@type":"WebPage","@id":"https:\/\/www.ladiagonale.net\/index.php\/2024\/06\/21\/un-choc-contre-lyon-des-la-2e-journee-paris-pour-commencer-2025\/","url":"https:\/\/www.ladiagonale.net\/index.php\/2024\/06\/21\/un-choc-contre-lyon-des-la-2e-journee-paris-pour-commencer-2025\/","name":"Un choc contre Lyon d\u00e8s la J2, Paris pour commencer 2025 - La Diagonale","isPartOf":{"@id":"https:\/\/www.ladiagonale.net\/#website"},"datePublished":"2024-06-21T11:49:08+00:00","dateModified":"2024-06-21T13:15:38+00:00","author":{"@id":"https:\/\/www.ladiagonale.net\/#\/schema\/person\/79ff1e7b0853ed01b2aa26e64ad300bf"},"breadcrumb":{"@id":"https:\/\/www.ladiagonale.net\/index.php\/2024\/06\/21\/un-choc-contre-lyon-des-la-2e-journee-paris-pour-commencer-2025\/#breadcrumb"},"inLanguage":"fr-FR","potentialAction":[{"@type":"ReadAction","target":["https:\/\/www.ladiagonale.net\/index.php\/2024\/06\/21\/un-choc-contre-lyon-des-la-2e-journee-paris-pour-commencer-2025\/"]}]},{"@type":"BreadcrumbList","@id":"https:\/\/www.ladiagonale.net\/index.php\/2024\/06\/21\/un-choc-contre-lyon-des-la-2e-journee-paris-pour-commencer-2025\/#breadcrumb","itemListElement":[{"@type":"ListItem","position":1,"name":"Accueil","item":"https:\/\/www.ladiagonale.net\/"},{"@type":"ListItem","position":2,"name":"Un choc contre Lyon d\u00e8s la J2, Paris pour commencer 2025"}]},{"@type":"WebSite","@id":"https:\/\/www.ladiagonale.net\/#website","url":"https:\/\/www.ladiagonale.net\/","name":"La Diagonale","description":"Le site des supporters de l&#039;AS Monaco FC","potentialAction":[{"@type":"SearchAction","target":{"@type":"EntryPoint","urlTemplate":"https:\/\/www.ladiagonale.net\/?s={search_term_string}"},"query-input":"required name=search_term_string"}],"inLanguage":"fr-FR"},{"@type":"Person","@id":"https:\/\/www.ladiagonale.net\/#\/schema\/person\/79ff1e7b0853ed01b2aa26e64ad300bf","name":"Damien Dellerba","image":{"@type":"ImageObject","inLanguage":"fr-FR","@id":"https:\/\/www.ladiagonale.net\/#\/schema\/person\/image\/","url":"https:\/\/secure.gravatar.com\/avatar\/c7850e06d3ff63cdbaee88b7fc16e2f0?s=96&d=mm&r=g","contentUrl":"https:\/\/secure.gravatar.com\/avatar\/c7850e06d3ff63cdbaee88b7fc16e2f0?s=96&d=mm&r=g","caption":"Damien Dellerba"},"url":"https:\/\/www.ladiagonale.net\/index.php\/author\/damien\/"}]}},"_links":{"self":[{"href":"https:\/\/www.ladiagonale.net\/index.php\/wp-json\/wp\/v2\/posts\/24031"}],"collection":[{"href":"https:\/\/www.ladiagonale.net\/index.php\/wp-json\/wp\/v2\/posts"}],"about":[{"href":"https:\/\/www.ladiagonale.net\/index.php\/wp-json\/wp\/v2\/types\/post"}],"author":[{"embeddable":true,"href":"https:\/\/www.ladiagonale.net\/index.php\/wp-json\/wp\/v2\/users\/2"}],"replies":[{"embeddable":true,"href":"https:\/\/www.ladiagonale.net\/index.php\/wp-json\/wp\/v2\/comments?post=24031"}],"version-history":[{"count":9,"href":"https:\/\/www.ladiagonale.net\/index.php\/wp-json\/wp\/v2\/posts\/24031\/revisions"}],"predecessor-version":[{"id":24083,"href":"https:\/\/www.ladiagonale.net\/index.php\/wp-json\/wp\/v2\/posts\/24031\/revisions\/24083"}],"wp:featuredmedia":[{"embeddable":true,"href":"https:\/\/www.ladiagonale.net\/index.php\/wp-json\/wp\/v2\/media\/24034"}],"wp:attachment":[{"href":"https:\/\/www.ladiagonale.net\/index.php\/wp-json\/wp\/v2\/media?parent=24031"}],"wp:term":[{"taxonomy":"category","embeddable":true,"href":"https:\/\/www.ladiagonale.net\/index.php\/wp-json\/wp\/v2\/categories?post=24031"},{"taxonomy":"post_tag","embeddable":true,"href":"https:\/\/www.ladiagonale.net\/index.php\/wp-json\/wp\/v2\/tags?post=24031"}],"curies":[{"name":"wp","href":"https:\/\/api.w.org\/{rel}","templated":true}]}}