{"id":24084,"date":"2024-06-22T01:30:07","date_gmt":"2024-06-21T23:30:07","guid":{"rendered":"https:\/\/www.ladiagonale.net\/?p=24084"},"modified":"2024-06-22T01:30:08","modified_gmt":"2024-06-21T23:30:08","slug":"fofana-est-reste-sur-le-banc-contre-les-pays-bas","status":"publish","type":"post","link":"https:\/\/www.ladiagonale.net\/index.php\/2024\/06\/22\/fofana-est-reste-sur-le-banc-contre-les-pays-bas\/","title":{"rendered":"Fofana est rest\u00e9 sur le banc contre les Pays-Bas"},"content":{"rendered":"\n<p>Le temps de jeu de Youssouf Fofana \u00e0 l\u2019Euro n\u2019a pas \u00e9volu\u00e9 depuis la rencontre contre l\u2019Autriche. Le milieu de terrain de l\u2019AS Monaco a assist\u00e9 au match nul entre la France et les Pays-Bas (0-0) depuis le banc de touche. Didier Deschamps a reconduit N\u2019Golo Kant\u00e9 et Adrien Rabiot, et ajout\u00e9 Aur\u00e9lien Tchouameni dans l\u2019entrejeu, cette fois dans un 4-4-2 asym\u00e9trique et non plus un 4-3-3. <\/p>\n\n\n\n<p>Le match nul de l\u2019\u00e9quipe de France rapproche potentiellement les Bleus d\u2019une qualification pour les huiti\u00e8mes de finale, avec quatre points, \u00e0 condition de ne pas se rater contre la Pologne mardi (18h). Mais il ne fait pas les affaires de Fofana, puisque le troisi\u00e8me match de groupe, g\u00e9n\u00e9ralement consid\u00e9r\u00e9 comme le match \u00ab&nbsp;des coiffeurs&nbsp;\u00bb pour une \u00e9quipe d\u00e9j\u00e0 qualifi\u00e9e, aurait pu donner une chance de titularisation au Mon\u00e9gasque. En l\u2019\u00e9tat, Fofana a d\u00e9sormais peu de chances de l\u2019\u00eatre.<\/p>\n","protected":false},"excerpt":{"rendered":"<p>Le temps de jeu de Youssouf Fofana \u00e0 l\u2019Euro n\u2019a pas \u00e9volu\u00e9 depuis la rencontre contre l\u2019Autriche. Le milieu de terrain de l\u2019AS Monaco a assist\u00e9 au match nul entre la France et les Pays-Bas (0-0) depuis le banc de touche. Didier Deschamps a reconduit N\u2019Golo Kant\u00e9 et Adrien Rabiot, et ajout\u00e9 Aur\u00e9lien Tchouameni dans [&#8230;]\n","protected":false},"author":2,"featured_media":0,"comment_status":"closed","ping_status":"open","sticky":false,"template":"","format":"standard","meta":[],"categories":[6],"tags":[86,834,83,116,176],"yoast_head":"<!-- This site is optimized with the Yoast SEO plugin v19.8 - https:\/\/yoast.com\/wordpress\/plugins\/seo\/ -->\n<title>Fofana est rest\u00e9 sur le banc contre les Pays-Bas - La Diagonale<\/title>\n<meta name=\"robots\" content=\"index, follow, max-snippet:-1, max-image-preview:large, max-video-preview:-1\" \/>\n<link rel=\"canonical\" href=\"https:\/\/www.ladiagonale.net\/index.php\/2024\/06\/22\/fofana-est-reste-sur-le-banc-contre-les-pays-bas\/\" \/>\n<meta property=\"og:locale\" content=\"fr_FR\" \/>\n<meta property=\"og:type\" content=\"article\" \/>\n<meta property=\"og:title\" content=\"Fofana est rest\u00e9 sur le banc contre les Pays-Bas - La Diagonale\" \/>\n<meta property=\"og:description\" content=\"Le temps de jeu de Youssouf Fofana \u00e0 l\u2019Euro n\u2019a pas \u00e9volu\u00e9 depuis la rencontre contre l\u2019Autriche. Le milieu de terrain de l\u2019AS Monaco a assist\u00e9 au match nul entre la France et les Pays-Bas (0-0) depuis le banc de touche. Didier Deschamps a reconduit N\u2019Golo Kant\u00e9 et Adrien Rabiot, et ajout\u00e9 Aur\u00e9lien Tchouameni dans [...]\" \/>\n<meta property=\"og:url\" content=\"https:\/\/www.ladiagonale.net\/index.php\/2024\/06\/22\/fofana-est-reste-sur-le-banc-contre-les-pays-bas\/\" \/>\n<meta property=\"og:site_name\" content=\"La Diagonale\" \/>\n<meta property=\"article:published_time\" content=\"2024-06-21T23:30:07+00:00\" \/>\n<meta property=\"article:modified_time\" content=\"2024-06-21T23:30:08+00:00\" \/>\n<meta property=\"og:image\" content=\"https:\/\/www.ladiagonale.net\/wp-content\/uploads\/2024\/05\/fofana-bleus.png\" \/>\n\t<meta property=\"og:image:width\" content=\"1160\" \/>\n\t<meta property=\"og:image:height\" content=\"650\" \/>\n\t<meta property=\"og:image:type\" content=\"image\/png\" \/>\n<meta name=\"author\" content=\"Damien Dellerba\" \/>\n<meta name=\"twitter:card\" content=\"summary_large_image\" \/>\n<meta name=\"twitter:image\" content=\"https:\/\/www.ladiagonale.net\/wp-content\/uploads\/2024\/05\/fofana-bleus.png\" \/>\n<meta name=\"twitter:label1\" content=\"\u00c9crit par\" \/>\n\t<meta name=\"twitter:data1\" content=\"Damien Dellerba\" \/>\n\t<meta name=\"twitter:label2\" content=\"Dur\u00e9e de lecture estim\u00e9e\" \/>\n\t<meta name=\"twitter:data2\" content=\"1 minute\" \/>\n<script type=\"application\/ld+json\" class=\"yoast-schema-graph\">{\"@context\":\"https:\/\/schema.org\",\"@graph\":[{\"@type\":\"WebPage\",\"@id\":\"https:\/\/www.ladiagonale.net\/index.php\/2024\/06\/22\/fofana-est-reste-sur-le-banc-contre-les-pays-bas\/\",\"url\":\"https:\/\/www.ladiagonale.net\/index.php\/2024\/06\/22\/fofana-est-reste-sur-le-banc-contre-les-pays-bas\/\",\"name\":\"Fofana est rest\u00e9 sur le banc contre les Pays-Bas - La Diagonale\",\"isPartOf\":{\"@id\":\"https:\/\/www.ladiagonale.net\/#website\"},\"datePublished\":\"2024-06-21T23:30:07+00:00\",\"dateModified\":\"2024-06-21T23:30:08+00:00\",\"author\":{\"@id\":\"https:\/\/www.ladiagonale.net\/#\/schema\/person\/79ff1e7b0853ed01b2aa26e64ad300bf\"},\"breadcrumb\":{\"@id\":\"https:\/\/www.ladiagonale.net\/index.php\/2024\/06\/22\/fofana-est-reste-sur-le-banc-contre-les-pays-bas\/#breadcrumb\"},\"inLanguage\":\"fr-FR\",\"potentialAction\":[{\"@type\":\"ReadAction\",\"target\":[\"https:\/\/www.ladiagonale.net\/index.php\/2024\/06\/22\/fofana-est-reste-sur-le-banc-contre-les-pays-bas\/\"]}]},{\"@type\":\"BreadcrumbList\",\"@id\":\"https:\/\/www.ladiagonale.net\/index.php\/2024\/06\/22\/fofana-est-reste-sur-le-banc-contre-les-pays-bas\/#breadcrumb\",\"itemListElement\":[{\"@type\":\"ListItem\",\"position\":1,\"name\":\"Accueil\",\"item\":\"https:\/\/www.ladiagonale.net\/\"},{\"@type\":\"ListItem\",\"position\":2,\"name\":\"Fofana est rest\u00e9 sur le banc contre les Pays-Bas\"}]},{\"@type\":\"WebSite\",\"@id\":\"https:\/\/www.ladiagonale.net\/#website\",\"url\":\"https:\/\/www.ladiagonale.net\/\",\"name\":\"La Diagonale\",\"description\":\"Le site des supporters de l&#039;AS Monaco FC\",\"potentialAction\":[{\"@type\":\"SearchAction\",\"target\":{\"@type\":\"EntryPoint\",\"urlTemplate\":\"https:\/\/www.ladiagonale.net\/?s={search_term_string}\"},\"query-input\":\"required name=search_term_string\"}],\"inLanguage\":\"fr-FR\"},{\"@type\":\"Person\",\"@id\":\"https:\/\/www.ladiagonale.net\/#\/schema\/person\/79ff1e7b0853ed01b2aa26e64ad300bf\",\"name\":\"Damien Dellerba\",\"image\":{\"@type\":\"ImageObject\",\"inLanguage\":\"fr-FR\",\"@id\":\"https:\/\/www.ladiagonale.net\/#\/schema\/person\/image\/\",\"url\":\"https:\/\/secure.gravatar.com\/avatar\/c7850e06d3ff63cdbaee88b7fc16e2f0?s=96&d=mm&r=g\",\"contentUrl\":\"https:\/\/secure.gravatar.com\/avatar\/c7850e06d3ff63cdbaee88b7fc16e2f0?s=96&d=mm&r=g\",\"caption\":\"Damien Dellerba\"},\"url\":\"https:\/\/www.ladiagonale.net\/index.php\/author\/damien\/\"}]}<\/script>\n<!-- \/ Yoast SEO plugin. -->","yoast_head_json":{"title":"Fofana est rest\u00e9 sur le banc contre les Pays-Bas - La Diagonale","robots":{"index":"index","follow":"follow","max-snippet":"max-snippet:-1","max-image-preview":"max-image-preview:large","max-video-preview":"max-video-preview:-1"},"canonical":"https:\/\/www.ladiagonale.net\/index.php\/2024\/06\/22\/fofana-est-reste-sur-le-banc-contre-les-pays-bas\/","og_locale":"fr_FR","og_type":"article","og_title":"Fofana est rest\u00e9 sur le banc contre les Pays-Bas - La Diagonale","og_description":"Le temps de jeu de Youssouf Fofana \u00e0 l\u2019Euro n\u2019a pas \u00e9volu\u00e9 depuis la rencontre contre l\u2019Autriche. Le milieu de terrain de l\u2019AS Monaco a assist\u00e9 au match nul entre la France et les Pays-Bas (0-0) depuis le banc de touche. Didier Deschamps a reconduit N\u2019Golo Kant\u00e9 et Adrien Rabiot, et ajout\u00e9 Aur\u00e9lien Tchouameni dans [...]","og_url":"https:\/\/www.ladiagonale.net\/index.php\/2024\/06\/22\/fofana-est-reste-sur-le-banc-contre-les-pays-bas\/","og_site_name":"La Diagonale","article_published_time":"2024-06-21T23:30:07+00:00","article_modified_time":"2024-06-21T23:30:08+00:00","og_image":[{"width":1160,"height":650,"url":"https:\/\/www.ladiagonale.net\/wp-content\/uploads\/2024\/05\/fofana-bleus.png","type":"image\/png"}],"author":"Damien Dellerba","twitter_card":"summary_large_image","twitter_image":"https:\/\/www.ladiagonale.net\/wp-content\/uploads\/2024\/05\/fofana-bleus.png","twitter_misc":{"\u00c9crit par":"Damien Dellerba","Dur\u00e9e de lecture estim\u00e9e":"1 minute"},"schema":{"@context":"https:\/\/schema.org","@graph":[{"@type":"WebPage","@id":"https:\/\/www.ladiagonale.net\/index.php\/2024\/06\/22\/fofana-est-reste-sur-le-banc-contre-les-pays-bas\/","url":"https:\/\/www.ladiagonale.net\/index.php\/2024\/06\/22\/fofana-est-reste-sur-le-banc-contre-les-pays-bas\/","name":"Fofana est rest\u00e9 sur le banc contre les Pays-Bas - La Diagonale","isPartOf":{"@id":"https:\/\/www.ladiagonale.net\/#website"},"datePublished":"2024-06-21T23:30:07+00:00","dateModified":"2024-06-21T23:30:08+00:00","author":{"@id":"https:\/\/www.ladiagonale.net\/#\/schema\/person\/79ff1e7b0853ed01b2aa26e64ad300bf"},"breadcrumb":{"@id":"https:\/\/www.ladiagonale.net\/index.php\/2024\/06\/22\/fofana-est-reste-sur-le-banc-contre-les-pays-bas\/#breadcrumb"},"inLanguage":"fr-FR","potentialAction":[{"@type":"ReadAction","target":["https:\/\/www.ladiagonale.net\/index.php\/2024\/06\/22\/fofana-est-reste-sur-le-banc-contre-les-pays-bas\/"]}]},{"@type":"BreadcrumbList","@id":"https:\/\/www.ladiagonale.net\/index.php\/2024\/06\/22\/fofana-est-reste-sur-le-banc-contre-les-pays-bas\/#breadcrumb","itemListElement":[{"@type":"ListItem","position":1,"name":"Accueil","item":"https:\/\/www.ladiagonale.net\/"},{"@type":"ListItem","position":2,"name":"Fofana est rest\u00e9 sur le banc contre les Pays-Bas"}]},{"@type":"WebSite","@id":"https:\/\/www.ladiagonale.net\/#website","url":"https:\/\/www.ladiagonale.net\/","name":"La Diagonale","description":"Le site des supporters de l&#039;AS Monaco FC","potentialAction":[{"@type":"SearchAction","target":{"@type":"EntryPoint","urlTemplate":"https:\/\/www.ladiagonale.net\/?s={search_term_string}"},"query-input":"required name=search_term_string"}],"inLanguage":"fr-FR"},{"@type":"Person","@id":"https:\/\/www.ladiagonale.net\/#\/schema\/person\/79ff1e7b0853ed01b2aa26e64ad300bf","name":"Damien Dellerba","image":{"@type":"ImageObject","inLanguage":"fr-FR","@id":"https:\/\/www.ladiagonale.net\/#\/schema\/person\/image\/","url":"https:\/\/secure.gravatar.com\/avatar\/c7850e06d3ff63cdbaee88b7fc16e2f0?s=96&d=mm&r=g","contentUrl":"https:\/\/secure.gravatar.com\/avatar\/c7850e06d3ff63cdbaee88b7fc16e2f0?s=96&d=mm&r=g","caption":"Damien Dellerba"},"url":"https:\/\/www.ladiagonale.net\/index.php\/author\/damien\/"}]}},"_links":{"self":[{"href":"https:\/\/www.ladiagonale.net\/index.php\/wp-json\/wp\/v2\/posts\/24084"}],"collection":[{"href":"https:\/\/www.ladiagonale.net\/index.php\/wp-json\/wp\/v2\/posts"}],"about":[{"href":"https:\/\/www.ladiagonale.net\/index.php\/wp-json\/wp\/v2\/types\/post"}],"author":[{"embeddable":true,"href":"https:\/\/www.ladiagonale.net\/index.php\/wp-json\/wp\/v2\/users\/2"}],"replies":[{"embeddable":true,"href":"https:\/\/www.ladiagonale.net\/index.php\/wp-json\/wp\/v2\/comments?post=24084"}],"version-history":[{"count":2,"href":"https:\/\/www.ladiagonale.net\/index.php\/wp-json\/wp\/v2\/posts\/24084\/revisions"}],"predecessor-version":[{"id":24086,"href":"https:\/\/www.ladiagonale.net\/index.php\/wp-json\/wp\/v2\/posts\/24084\/revisions\/24086"}],"wp:attachment":[{"href":"https:\/\/www.ladiagonale.net\/index.php\/wp-json\/wp\/v2\/media?parent=24084"}],"wp:term":[{"taxonomy":"category","embeddable":true,"href":"https:\/\/www.ladiagonale.net\/index.php\/wp-json\/wp\/v2\/categories?post=24084"},{"taxonomy":"post_tag","embeddable":true,"href":"https:\/\/www.ladiagonale.net\/index.php\/wp-json\/wp\/v2\/tags?post=24084"}],"curies":[{"name":"wp","href":"https:\/\/api.w.org\/{rel}","templated":true}]}}