{"id":24087,"date":"2024-06-22T12:00:21","date_gmt":"2024-06-22T10:00:21","guid":{"rendered":"https:\/\/www.ladiagonale.net\/?p=24087"},"modified":"2024-06-22T12:14:02","modified_gmt":"2024-06-22T10:14:02","slug":"monaco-tombe-du-podium-des-meilleurs-centres-de-formation","status":"publish","type":"post","link":"https:\/\/www.ladiagonale.net\/index.php\/2024\/06\/22\/monaco-tombe-du-podium-des-meilleurs-centres-de-formation\/","title":{"rendered":"Monaco tombe du podium des meilleurs centres de formation"},"content":{"rendered":"\n\n\n<p>La F\u00e9d\u00e9ration Fran\u00e7aise de Football a publi\u00e9 son classement des performances des centres de formation des clubs professionnels fran\u00e7ais et \u00e9valu\u00e9 leur efficacit\u00e9. Apr\u00e8s avoir occup\u00e9 la cinqui\u00e8me place en 2021-2022, l\u2019ASM avait atteint la troisi\u00e8me marche du podium la saison derni\u00e8re, devant le Paris Saint-Germain. <\/p>\n\n\n\n<p>Mais le club de la capitale est d\u00e9sormais pass\u00e9 devant Monaco, qui tombe du podium et occupe la quatri\u00e8me place \u00e0 l&rsquo;issue de la saison 2023-2024, avec un score de 3,8 \u00e9toiles sur cinq. Rennes et Lyon continuent de dominer ce classement, tandis que Lille compl\u00e8te le top 5. Revue de d\u00e9tail des cinq crit\u00e8res qui servent \u00e0 l\u2019\u00e9valuation des structures de formation dans l&rsquo;Hexagone.<\/p>\n\n\n\n<figure class=\"wp-block-image size-full\"><img loading=\"lazy\" width=\"875\" height=\"182\" src=\"https:\/\/www.ladiagonale.net\/wp-content\/uploads\/2024\/06\/Capture-de\u0301cran-2024-06-22-a\u0300-11.40.54.png\" alt=\"\" class=\"wp-image-24088\"\/><figcaption>Le classement du top 5. Cr\u00e9dit : FFF<\/figcaption><\/figure>\n\n\n\n<h3><strong>Professionnalisation<\/strong><\/h3>\n\n\n\n<p>Ce crit\u00e8re comprend les joueurs U16 \u00e0 U23 sous contrat professionnel dans les deux premi\u00e8res divisions des dix premiers pays au classement UEFA ainsi que le National. Sur cette premi\u00e8re condition, l\u2019ASM empoche le maximum d\u2019\u00e9toiles (5), comme lors des trois pr\u00e9c\u00e9dents exercices.<\/p>\n\n\n\n<h3><strong>Temps de jeu en \u00e9quipe premi\u00e8re du club formateur<\/strong><\/h3>\n\n\n\n<p>Ce crit\u00e8re comptabilise le temps de jeu par minute avec le club formateur et pour toutes les comp\u00e9titions officielles auquel il prend part. Le nombre de minutes est multipli\u00e9 par un coefficient qui va d\u00e9croissant \u00e0 mesure que le joueur avance en \u00e2ge. Le score de l&rsquo;ASM est en l\u00e9g\u00e8re hausse, passant de 1,5 \u00e9toile \u00e0 2, mais par rapport \u00e0 Rennes (4,5\/5) ou Lille (3,5\/5), l&rsquo;\u00e9cart reste cons\u00e9quent.<\/p>\n\n\n\n<p>L&rsquo;utilisation importante de Maghnes Akliouche (1762 minutes) et de Soungoutou Magassa en d\u00e9but de saison (1432 minutes) constitue une augmentation assez nette de ce temps de jeu par rapport \u00e0 la saison pr\u00e9c\u00e9dente. On pourra \u00e9galement regretter les longues blessures d&rsquo;Eliesse Ben Seghir qui ne lui ont pas permis de jouer davantage dans la saison (452 minutes) et ainsi potentiellement augmenter la note mon\u00e9gasque.<\/p>\n\n\n\n<h3><strong>S\u00e9lections nationales<\/strong><\/h3>\n\n\n\n<p>Ce troisi\u00e8me crit\u00e8re, qui recense le nombre de rencontres internationales, indiff\u00e9remment de la nation repr\u00e9sent\u00e9e, voit l\u2019ASM se maintenir \u00e0 un niveau stable. Comme la saison derni\u00e8re, le club de la Principaut\u00e9 est \u00e9valu\u00e9 \u00e0 4,5\/5. Cela reste toutefois un ton en dessous des trois premiers qui font le plein d&rsquo;\u00e9toiles, mais aussi de son score d&rsquo;il y a deux ans, o\u00f9 le centre de formation mon\u00e9gasque avait obtenu la note maximale.<\/p>\n\n\n\n<h3><strong>Scolarit\u00e9<\/strong><\/h3>\n\n\n\n<p>Il s\u2019agit du nombre de dipl\u00f4mes obtenus au sein des centres sur l&rsquo;ann\u00e9e. M\u00eame s\u2019il s\u2019agit d\u2019un crit\u00e8re hors football, il est \u00e9videmment essentiel dans le cadre d\u2019une formation qui s\u2019\u00e9tend sur une grande partie de l\u2019adolescence jusqu\u2019au d\u00e9but de l\u2019\u00e2ge adulte, et l&rsquo;ASM y attache une importance toute particuli\u00e8re. <\/p>\n\n\n\n<p>Le niveau des dipl\u00f4mes sert \u00e0 \u00e9laborer le bar\u00e8me de points. Les dipl\u00f4mes de Niveau 3 (CAP, BEP) rapportent 5 points. Les dipl\u00f4mes de niveau 4 (Baccalaur\u00e9at) rapportent 20 points, ceux de niveau 5 (BTS, DUT) rapportent 25 points et enfin les dipl\u00f4mes de niveau 6 (Licence, Master 1) permettent d\u2019empocher 40 points. Monaco affiche la m\u00eame note de 4\/5 que l&rsquo;an pass\u00e9. \u00c0 titre de comparaison, Rennes, Nantes, Montpellier ou encore Nice font le plein de points.<\/p>\n\n\n\n<h3><strong>Repr\u00e9sentation europ\u00e9enne<\/strong><\/h3>\n\n\n\n<p>Ce dernier crit\u00e8re est un peu plus englobant puisqu\u2019il permet notamment de consid\u00e9rer les joueurs qui ont eu une convention de formation d\u2019un an minimum mais qui n\u2019\u00e9voluent plus n\u00e9cessairement au club. Sur ce point, l\u2019ASM voit sa notation abaiss\u00e9e \u00e0 3,5 \u00e9toiles cette ann\u00e9e.<\/p>\n\n\n\n<p>N.B. : <em>Toutes les donn\u00e9es ont \u00e9t\u00e9 arr\u00eat\u00e9es au 31 mai de l\u2019ann\u00e9e en cours<\/em><\/p>\n","protected":false},"excerpt":{"rendered":"<p>La F\u00e9d\u00e9ration Fran\u00e7aise de Football a publi\u00e9 son classement des performances des centres de formation des clubs professionnels fran\u00e7ais et \u00e9valu\u00e9 leur efficacit\u00e9. Apr\u00e8s avoir occup\u00e9 la cinqui\u00e8me place en 2021-2022, l\u2019ASM avait atteint la troisi\u00e8me marche du podium la saison derni\u00e8re, devant le Paris Saint-Germain. Mais le club de la capitale est d\u00e9sormais pass\u00e9 [&#8230;]\n","protected":false},"author":2,"featured_media":0,"comment_status":"open","ping_status":"open","sticky":false,"template":"","format":"standard","meta":[],"categories":[6],"tags":[76,86,580,780],"yoast_head":"<!-- This site is optimized with the Yoast SEO plugin v19.8 - https:\/\/yoast.com\/wordpress\/plugins\/seo\/ -->\n<title>Monaco tombe du podium des meilleurs centres de formation - La Diagonale<\/title>\n<meta name=\"robots\" content=\"index, follow, max-snippet:-1, max-image-preview:large, max-video-preview:-1\" \/>\n<link rel=\"canonical\" href=\"https:\/\/www.ladiagonale.net\/index.php\/2024\/06\/22\/monaco-tombe-du-podium-des-meilleurs-centres-de-formation\/\" \/>\n<meta property=\"og:locale\" content=\"fr_FR\" \/>\n<meta property=\"og:type\" content=\"article\" \/>\n<meta property=\"og:title\" content=\"Monaco tombe du podium des meilleurs centres de formation - La Diagonale\" \/>\n<meta property=\"og:description\" content=\"La F\u00e9d\u00e9ration Fran\u00e7aise de Football a publi\u00e9 son classement des performances des centres de formation des clubs professionnels fran\u00e7ais et \u00e9valu\u00e9 leur efficacit\u00e9. Apr\u00e8s avoir occup\u00e9 la cinqui\u00e8me place en 2021-2022, l\u2019ASM avait atteint la troisi\u00e8me marche du podium la saison derni\u00e8re, devant le Paris Saint-Germain. Mais le club de la capitale est d\u00e9sormais pass\u00e9 [...]\" \/>\n<meta property=\"og:url\" content=\"https:\/\/www.ladiagonale.net\/index.php\/2024\/06\/22\/monaco-tombe-du-podium-des-meilleurs-centres-de-formation\/\" \/>\n<meta property=\"og:site_name\" content=\"La Diagonale\" \/>\n<meta property=\"article:published_time\" content=\"2024-06-22T10:00:21+00:00\" \/>\n<meta property=\"article:modified_time\" content=\"2024-06-22T10:14:02+00:00\" \/>\n<meta property=\"og:image\" content=\"https:\/\/www.ladiagonale.net\/wp-content\/uploads\/2024\/06\/ladiagonale.png\" \/>\n\t<meta property=\"og:image:width\" content=\"1160\" \/>\n\t<meta property=\"og:image:height\" content=\"650\" \/>\n\t<meta property=\"og:image:type\" content=\"image\/png\" \/>\n<meta name=\"author\" content=\"Damien Dellerba\" \/>\n<meta name=\"twitter:card\" content=\"summary_large_image\" \/>\n<meta name=\"twitter:image\" content=\"https:\/\/www.ladiagonale.net\/wp-content\/uploads\/2024\/06\/ladiagonale.png\" \/>\n<meta name=\"twitter:label1\" content=\"\u00c9crit par\" \/>\n\t<meta name=\"twitter:data1\" content=\"Damien Dellerba\" \/>\n\t<meta name=\"twitter:label2\" content=\"Dur\u00e9e de lecture estim\u00e9e\" \/>\n\t<meta name=\"twitter:data2\" content=\"4 minutes\" \/>\n<script type=\"application\/ld+json\" class=\"yoast-schema-graph\">{\"@context\":\"https:\/\/schema.org\",\"@graph\":[{\"@type\":\"WebPage\",\"@id\":\"https:\/\/www.ladiagonale.net\/index.php\/2024\/06\/22\/monaco-tombe-du-podium-des-meilleurs-centres-de-formation\/\",\"url\":\"https:\/\/www.ladiagonale.net\/index.php\/2024\/06\/22\/monaco-tombe-du-podium-des-meilleurs-centres-de-formation\/\",\"name\":\"Monaco tombe du podium des meilleurs centres de formation - La Diagonale\",\"isPartOf\":{\"@id\":\"https:\/\/www.ladiagonale.net\/#website\"},\"datePublished\":\"2024-06-22T10:00:21+00:00\",\"dateModified\":\"2024-06-22T10:14:02+00:00\",\"author\":{\"@id\":\"https:\/\/www.ladiagonale.net\/#\/schema\/person\/79ff1e7b0853ed01b2aa26e64ad300bf\"},\"breadcrumb\":{\"@id\":\"https:\/\/www.ladiagonale.net\/index.php\/2024\/06\/22\/monaco-tombe-du-podium-des-meilleurs-centres-de-formation\/#breadcrumb\"},\"inLanguage\":\"fr-FR\",\"potentialAction\":[{\"@type\":\"ReadAction\",\"target\":[\"https:\/\/www.ladiagonale.net\/index.php\/2024\/06\/22\/monaco-tombe-du-podium-des-meilleurs-centres-de-formation\/\"]}]},{\"@type\":\"BreadcrumbList\",\"@id\":\"https:\/\/www.ladiagonale.net\/index.php\/2024\/06\/22\/monaco-tombe-du-podium-des-meilleurs-centres-de-formation\/#breadcrumb\",\"itemListElement\":[{\"@type\":\"ListItem\",\"position\":1,\"name\":\"Accueil\",\"item\":\"https:\/\/www.ladiagonale.net\/\"},{\"@type\":\"ListItem\",\"position\":2,\"name\":\"Monaco tombe du podium des meilleurs centres de formation\"}]},{\"@type\":\"WebSite\",\"@id\":\"https:\/\/www.ladiagonale.net\/#website\",\"url\":\"https:\/\/www.ladiagonale.net\/\",\"name\":\"La Diagonale\",\"description\":\"Le site des supporters de l&#039;AS Monaco FC\",\"potentialAction\":[{\"@type\":\"SearchAction\",\"target\":{\"@type\":\"EntryPoint\",\"urlTemplate\":\"https:\/\/www.ladiagonale.net\/?s={search_term_string}\"},\"query-input\":\"required name=search_term_string\"}],\"inLanguage\":\"fr-FR\"},{\"@type\":\"Person\",\"@id\":\"https:\/\/www.ladiagonale.net\/#\/schema\/person\/79ff1e7b0853ed01b2aa26e64ad300bf\",\"name\":\"Damien Dellerba\",\"image\":{\"@type\":\"ImageObject\",\"inLanguage\":\"fr-FR\",\"@id\":\"https:\/\/www.ladiagonale.net\/#\/schema\/person\/image\/\",\"url\":\"https:\/\/secure.gravatar.com\/avatar\/c7850e06d3ff63cdbaee88b7fc16e2f0?s=96&d=mm&r=g\",\"contentUrl\":\"https:\/\/secure.gravatar.com\/avatar\/c7850e06d3ff63cdbaee88b7fc16e2f0?s=96&d=mm&r=g\",\"caption\":\"Damien Dellerba\"},\"url\":\"https:\/\/www.ladiagonale.net\/index.php\/author\/damien\/\"}]}<\/script>\n<!-- \/ Yoast SEO plugin. -->","yoast_head_json":{"title":"Monaco tombe du podium des meilleurs centres de formation - La Diagonale","robots":{"index":"index","follow":"follow","max-snippet":"max-snippet:-1","max-image-preview":"max-image-preview:large","max-video-preview":"max-video-preview:-1"},"canonical":"https:\/\/www.ladiagonale.net\/index.php\/2024\/06\/22\/monaco-tombe-du-podium-des-meilleurs-centres-de-formation\/","og_locale":"fr_FR","og_type":"article","og_title":"Monaco tombe du podium des meilleurs centres de formation - La Diagonale","og_description":"La F\u00e9d\u00e9ration Fran\u00e7aise de Football a publi\u00e9 son classement des performances des centres de formation des clubs professionnels fran\u00e7ais et \u00e9valu\u00e9 leur efficacit\u00e9. Apr\u00e8s avoir occup\u00e9 la cinqui\u00e8me place en 2021-2022, l\u2019ASM avait atteint la troisi\u00e8me marche du podium la saison derni\u00e8re, devant le Paris Saint-Germain. Mais le club de la capitale est d\u00e9sormais pass\u00e9 [...]","og_url":"https:\/\/www.ladiagonale.net\/index.php\/2024\/06\/22\/monaco-tombe-du-podium-des-meilleurs-centres-de-formation\/","og_site_name":"La Diagonale","article_published_time":"2024-06-22T10:00:21+00:00","article_modified_time":"2024-06-22T10:14:02+00:00","og_image":[{"width":1160,"height":650,"url":"https:\/\/www.ladiagonale.net\/wp-content\/uploads\/2024\/06\/ladiagonale.png","type":"image\/png"}],"author":"Damien Dellerba","twitter_card":"summary_large_image","twitter_image":"https:\/\/www.ladiagonale.net\/wp-content\/uploads\/2024\/06\/ladiagonale.png","twitter_misc":{"\u00c9crit par":"Damien Dellerba","Dur\u00e9e de lecture estim\u00e9e":"4 minutes"},"schema":{"@context":"https:\/\/schema.org","@graph":[{"@type":"WebPage","@id":"https:\/\/www.ladiagonale.net\/index.php\/2024\/06\/22\/monaco-tombe-du-podium-des-meilleurs-centres-de-formation\/","url":"https:\/\/www.ladiagonale.net\/index.php\/2024\/06\/22\/monaco-tombe-du-podium-des-meilleurs-centres-de-formation\/","name":"Monaco tombe du podium des meilleurs centres de formation - La Diagonale","isPartOf":{"@id":"https:\/\/www.ladiagonale.net\/#website"},"datePublished":"2024-06-22T10:00:21+00:00","dateModified":"2024-06-22T10:14:02+00:00","author":{"@id":"https:\/\/www.ladiagonale.net\/#\/schema\/person\/79ff1e7b0853ed01b2aa26e64ad300bf"},"breadcrumb":{"@id":"https:\/\/www.ladiagonale.net\/index.php\/2024\/06\/22\/monaco-tombe-du-podium-des-meilleurs-centres-de-formation\/#breadcrumb"},"inLanguage":"fr-FR","potentialAction":[{"@type":"ReadAction","target":["https:\/\/www.ladiagonale.net\/index.php\/2024\/06\/22\/monaco-tombe-du-podium-des-meilleurs-centres-de-formation\/"]}]},{"@type":"BreadcrumbList","@id":"https:\/\/www.ladiagonale.net\/index.php\/2024\/06\/22\/monaco-tombe-du-podium-des-meilleurs-centres-de-formation\/#breadcrumb","itemListElement":[{"@type":"ListItem","position":1,"name":"Accueil","item":"https:\/\/www.ladiagonale.net\/"},{"@type":"ListItem","position":2,"name":"Monaco tombe du podium des meilleurs centres de formation"}]},{"@type":"WebSite","@id":"https:\/\/www.ladiagonale.net\/#website","url":"https:\/\/www.ladiagonale.net\/","name":"La Diagonale","description":"Le site des supporters de l&#039;AS Monaco FC","potentialAction":[{"@type":"SearchAction","target":{"@type":"EntryPoint","urlTemplate":"https:\/\/www.ladiagonale.net\/?s={search_term_string}"},"query-input":"required name=search_term_string"}],"inLanguage":"fr-FR"},{"@type":"Person","@id":"https:\/\/www.ladiagonale.net\/#\/schema\/person\/79ff1e7b0853ed01b2aa26e64ad300bf","name":"Damien Dellerba","image":{"@type":"ImageObject","inLanguage":"fr-FR","@id":"https:\/\/www.ladiagonale.net\/#\/schema\/person\/image\/","url":"https:\/\/secure.gravatar.com\/avatar\/c7850e06d3ff63cdbaee88b7fc16e2f0?s=96&d=mm&r=g","contentUrl":"https:\/\/secure.gravatar.com\/avatar\/c7850e06d3ff63cdbaee88b7fc16e2f0?s=96&d=mm&r=g","caption":"Damien Dellerba"},"url":"https:\/\/www.ladiagonale.net\/index.php\/author\/damien\/"}]}},"_links":{"self":[{"href":"https:\/\/www.ladiagonale.net\/index.php\/wp-json\/wp\/v2\/posts\/24087"}],"collection":[{"href":"https:\/\/www.ladiagonale.net\/index.php\/wp-json\/wp\/v2\/posts"}],"about":[{"href":"https:\/\/www.ladiagonale.net\/index.php\/wp-json\/wp\/v2\/types\/post"}],"author":[{"embeddable":true,"href":"https:\/\/www.ladiagonale.net\/index.php\/wp-json\/wp\/v2\/users\/2"}],"replies":[{"embeddable":true,"href":"https:\/\/www.ladiagonale.net\/index.php\/wp-json\/wp\/v2\/comments?post=24087"}],"version-history":[{"count":2,"href":"https:\/\/www.ladiagonale.net\/index.php\/wp-json\/wp\/v2\/posts\/24087\/revisions"}],"predecessor-version":[{"id":24091,"href":"https:\/\/www.ladiagonale.net\/index.php\/wp-json\/wp\/v2\/posts\/24087\/revisions\/24091"}],"wp:attachment":[{"href":"https:\/\/www.ladiagonale.net\/index.php\/wp-json\/wp\/v2\/media?parent=24087"}],"wp:term":[{"taxonomy":"category","embeddable":true,"href":"https:\/\/www.ladiagonale.net\/index.php\/wp-json\/wp\/v2\/categories?post=24087"},{"taxonomy":"post_tag","embeddable":true,"href":"https:\/\/www.ladiagonale.net\/index.php\/wp-json\/wp\/v2\/tags?post=24087"}],"curies":[{"name":"wp","href":"https:\/\/api.w.org\/{rel}","templated":true}]}}