{"id":24092,"date":"2024-06-22T12:59:38","date_gmt":"2024-06-22T10:59:38","guid":{"rendered":"https:\/\/www.ladiagonale.net\/?p=24092"},"modified":"2024-06-22T15:55:10","modified_gmt":"2024-06-22T13:55:10","slug":"un-tres-jeune-defenseur-italien-plairait-a-lasm","status":"publish","type":"post","link":"https:\/\/www.ladiagonale.net\/index.php\/2024\/06\/22\/un-tres-jeune-defenseur-italien-plairait-a-lasm\/","title":{"rendered":"Un tr\u00e8s jeune d\u00e9fenseur italien plairait \u00e0 l&rsquo;ASM"},"content":{"rendered":"\n\n\n<p>Les prospections de la cellule de recrutement de l&rsquo;AS Monaco ne s&rsquo;arr\u00eatent pas, tout comme les rumeurs en cette p\u00e9riode de mercato. Selon le journaliste italien Fabrizio Romano, le club de la Principaut\u00e9 suivrait Giovanni Leoni, d\u00e9fenseur central de 17 ans. Pr\u00eat\u00e9 par Padoue \u00e0 la Sampdoria en f\u00e9vrier, Leoni devrait \u00eatre d\u00e9finitivement achet\u00e9 par le club g\u00e9nois pour une somme d&rsquo;environ 1,5 million d&rsquo;euros et s&rsquo;engager jusqu&rsquo;en juin 2027.<\/p>\n\n\n\n<p>Mais le pensionnaire de Serie B pourrait le vendre dans la foul\u00e9e contre quatre millions, \u00e0 la condition de pouvoir le conserver une saison suppl\u00e9mentaire sous forme de pr\u00eat. L&rsquo;Inter Milan et Tottenham seraient \u00e9galement sur les rangs pour le d\u00e9fenseur d&rsquo;1m93.<\/p>\n\n\n\n<p>En Serie B, Leoni a jou\u00e9 12 rencontres en quatre mois et a inscrit un but. Il compte \u00e9galement une s\u00e9lection avec les U18 de l&rsquo;Italie, obtenue en mars dernier. <\/p>\n","protected":false},"excerpt":{"rendered":"<p>Les prospections de la cellule de recrutement de l&rsquo;AS Monaco ne s&rsquo;arr\u00eatent pas, tout comme les rumeurs en cette p\u00e9riode de mercato. Selon le journaliste italien Fabrizio Romano, le club de la Principaut\u00e9 suivrait Giovanni Leoni, d\u00e9fenseur central de 17 ans. Pr\u00eat\u00e9 par Padoue \u00e0 la Sampdoria en f\u00e9vrier, Leoni devrait \u00eatre d\u00e9finitivement achet\u00e9 par [&#8230;]\n","protected":false},"author":2,"featured_media":0,"comment_status":"open","ping_status":"open","sticky":false,"template":"","format":"standard","meta":[],"categories":[6],"tags":[86,872,111,110],"yoast_head":"<!-- This site is optimized with the Yoast SEO plugin v19.8 - https:\/\/yoast.com\/wordpress\/plugins\/seo\/ -->\n<title>Un tr\u00e8s jeune d\u00e9fenseur italien plairait \u00e0 l&#039;ASM - La Diagonale<\/title>\n<meta name=\"robots\" content=\"index, follow, max-snippet:-1, max-image-preview:large, max-video-preview:-1\" \/>\n<link rel=\"canonical\" href=\"https:\/\/www.ladiagonale.net\/index.php\/2024\/06\/22\/un-tres-jeune-defenseur-italien-plairait-a-lasm\/\" \/>\n<meta property=\"og:locale\" content=\"fr_FR\" \/>\n<meta property=\"og:type\" content=\"article\" \/>\n<meta property=\"og:title\" content=\"Un tr\u00e8s jeune d\u00e9fenseur italien plairait \u00e0 l&#039;ASM - La Diagonale\" \/>\n<meta property=\"og:description\" content=\"Les prospections de la cellule de recrutement de l&rsquo;AS Monaco ne s&rsquo;arr\u00eatent pas, tout comme les rumeurs en cette p\u00e9riode de mercato. Selon le journaliste italien Fabrizio Romano, le club de la Principaut\u00e9 suivrait Giovanni Leoni, d\u00e9fenseur central de 17 ans. Pr\u00eat\u00e9 par Padoue \u00e0 la Sampdoria en f\u00e9vrier, Leoni devrait \u00eatre d\u00e9finitivement achet\u00e9 par [...]\" \/>\n<meta property=\"og:url\" content=\"https:\/\/www.ladiagonale.net\/index.php\/2024\/06\/22\/un-tres-jeune-defenseur-italien-plairait-a-lasm\/\" \/>\n<meta property=\"og:site_name\" content=\"La Diagonale\" \/>\n<meta property=\"article:published_time\" content=\"2024-06-22T10:59:38+00:00\" \/>\n<meta property=\"article:modified_time\" content=\"2024-06-22T13:55:10+00:00\" \/>\n<meta property=\"og:image\" content=\"https:\/\/www.ladiagonale.net\/wp-content\/uploads\/2024\/06\/leoni.png\" \/>\n\t<meta property=\"og:image:width\" content=\"1160\" \/>\n\t<meta property=\"og:image:height\" content=\"650\" \/>\n\t<meta property=\"og:image:type\" content=\"image\/png\" \/>\n<meta name=\"author\" content=\"Damien Dellerba\" \/>\n<meta name=\"twitter:card\" content=\"summary_large_image\" \/>\n<meta name=\"twitter:image\" content=\"https:\/\/www.ladiagonale.net\/wp-content\/uploads\/2024\/06\/leoni.png\" \/>\n<meta name=\"twitter:label1\" content=\"\u00c9crit par\" \/>\n\t<meta name=\"twitter:data1\" content=\"Damien Dellerba\" \/>\n\t<meta name=\"twitter:label2\" content=\"Dur\u00e9e de lecture estim\u00e9e\" \/>\n\t<meta name=\"twitter:data2\" content=\"1 minute\" \/>\n<script type=\"application\/ld+json\" class=\"yoast-schema-graph\">{\"@context\":\"https:\/\/schema.org\",\"@graph\":[{\"@type\":\"WebPage\",\"@id\":\"https:\/\/www.ladiagonale.net\/index.php\/2024\/06\/22\/un-tres-jeune-defenseur-italien-plairait-a-lasm\/\",\"url\":\"https:\/\/www.ladiagonale.net\/index.php\/2024\/06\/22\/un-tres-jeune-defenseur-italien-plairait-a-lasm\/\",\"name\":\"Un tr\u00e8s jeune d\u00e9fenseur italien plairait \u00e0 l'ASM - La Diagonale\",\"isPartOf\":{\"@id\":\"https:\/\/www.ladiagonale.net\/#website\"},\"datePublished\":\"2024-06-22T10:59:38+00:00\",\"dateModified\":\"2024-06-22T13:55:10+00:00\",\"author\":{\"@id\":\"https:\/\/www.ladiagonale.net\/#\/schema\/person\/79ff1e7b0853ed01b2aa26e64ad300bf\"},\"breadcrumb\":{\"@id\":\"https:\/\/www.ladiagonale.net\/index.php\/2024\/06\/22\/un-tres-jeune-defenseur-italien-plairait-a-lasm\/#breadcrumb\"},\"inLanguage\":\"fr-FR\",\"potentialAction\":[{\"@type\":\"ReadAction\",\"target\":[\"https:\/\/www.ladiagonale.net\/index.php\/2024\/06\/22\/un-tres-jeune-defenseur-italien-plairait-a-lasm\/\"]}]},{\"@type\":\"BreadcrumbList\",\"@id\":\"https:\/\/www.ladiagonale.net\/index.php\/2024\/06\/22\/un-tres-jeune-defenseur-italien-plairait-a-lasm\/#breadcrumb\",\"itemListElement\":[{\"@type\":\"ListItem\",\"position\":1,\"name\":\"Accueil\",\"item\":\"https:\/\/www.ladiagonale.net\/\"},{\"@type\":\"ListItem\",\"position\":2,\"name\":\"Un tr\u00e8s jeune d\u00e9fenseur italien plairait \u00e0 l&rsquo;ASM\"}]},{\"@type\":\"WebSite\",\"@id\":\"https:\/\/www.ladiagonale.net\/#website\",\"url\":\"https:\/\/www.ladiagonale.net\/\",\"name\":\"La Diagonale\",\"description\":\"Le site des supporters de l&#039;AS Monaco FC\",\"potentialAction\":[{\"@type\":\"SearchAction\",\"target\":{\"@type\":\"EntryPoint\",\"urlTemplate\":\"https:\/\/www.ladiagonale.net\/?s={search_term_string}\"},\"query-input\":\"required name=search_term_string\"}],\"inLanguage\":\"fr-FR\"},{\"@type\":\"Person\",\"@id\":\"https:\/\/www.ladiagonale.net\/#\/schema\/person\/79ff1e7b0853ed01b2aa26e64ad300bf\",\"name\":\"Damien Dellerba\",\"image\":{\"@type\":\"ImageObject\",\"inLanguage\":\"fr-FR\",\"@id\":\"https:\/\/www.ladiagonale.net\/#\/schema\/person\/image\/\",\"url\":\"https:\/\/secure.gravatar.com\/avatar\/c7850e06d3ff63cdbaee88b7fc16e2f0?s=96&d=mm&r=g\",\"contentUrl\":\"https:\/\/secure.gravatar.com\/avatar\/c7850e06d3ff63cdbaee88b7fc16e2f0?s=96&d=mm&r=g\",\"caption\":\"Damien Dellerba\"},\"url\":\"https:\/\/www.ladiagonale.net\/index.php\/author\/damien\/\"}]}<\/script>\n<!-- \/ Yoast SEO plugin. -->","yoast_head_json":{"title":"Un tr\u00e8s jeune d\u00e9fenseur italien plairait \u00e0 l'ASM - La Diagonale","robots":{"index":"index","follow":"follow","max-snippet":"max-snippet:-1","max-image-preview":"max-image-preview:large","max-video-preview":"max-video-preview:-1"},"canonical":"https:\/\/www.ladiagonale.net\/index.php\/2024\/06\/22\/un-tres-jeune-defenseur-italien-plairait-a-lasm\/","og_locale":"fr_FR","og_type":"article","og_title":"Un tr\u00e8s jeune d\u00e9fenseur italien plairait \u00e0 l'ASM - La Diagonale","og_description":"Les prospections de la cellule de recrutement de l&rsquo;AS Monaco ne s&rsquo;arr\u00eatent pas, tout comme les rumeurs en cette p\u00e9riode de mercato. Selon le journaliste italien Fabrizio Romano, le club de la Principaut\u00e9 suivrait Giovanni Leoni, d\u00e9fenseur central de 17 ans. Pr\u00eat\u00e9 par Padoue \u00e0 la Sampdoria en f\u00e9vrier, Leoni devrait \u00eatre d\u00e9finitivement achet\u00e9 par [...]","og_url":"https:\/\/www.ladiagonale.net\/index.php\/2024\/06\/22\/un-tres-jeune-defenseur-italien-plairait-a-lasm\/","og_site_name":"La Diagonale","article_published_time":"2024-06-22T10:59:38+00:00","article_modified_time":"2024-06-22T13:55:10+00:00","og_image":[{"width":1160,"height":650,"url":"https:\/\/www.ladiagonale.net\/wp-content\/uploads\/2024\/06\/leoni.png","type":"image\/png"}],"author":"Damien Dellerba","twitter_card":"summary_large_image","twitter_image":"https:\/\/www.ladiagonale.net\/wp-content\/uploads\/2024\/06\/leoni.png","twitter_misc":{"\u00c9crit par":"Damien Dellerba","Dur\u00e9e de lecture estim\u00e9e":"1 minute"},"schema":{"@context":"https:\/\/schema.org","@graph":[{"@type":"WebPage","@id":"https:\/\/www.ladiagonale.net\/index.php\/2024\/06\/22\/un-tres-jeune-defenseur-italien-plairait-a-lasm\/","url":"https:\/\/www.ladiagonale.net\/index.php\/2024\/06\/22\/un-tres-jeune-defenseur-italien-plairait-a-lasm\/","name":"Un tr\u00e8s jeune d\u00e9fenseur italien plairait \u00e0 l'ASM - La Diagonale","isPartOf":{"@id":"https:\/\/www.ladiagonale.net\/#website"},"datePublished":"2024-06-22T10:59:38+00:00","dateModified":"2024-06-22T13:55:10+00:00","author":{"@id":"https:\/\/www.ladiagonale.net\/#\/schema\/person\/79ff1e7b0853ed01b2aa26e64ad300bf"},"breadcrumb":{"@id":"https:\/\/www.ladiagonale.net\/index.php\/2024\/06\/22\/un-tres-jeune-defenseur-italien-plairait-a-lasm\/#breadcrumb"},"inLanguage":"fr-FR","potentialAction":[{"@type":"ReadAction","target":["https:\/\/www.ladiagonale.net\/index.php\/2024\/06\/22\/un-tres-jeune-defenseur-italien-plairait-a-lasm\/"]}]},{"@type":"BreadcrumbList","@id":"https:\/\/www.ladiagonale.net\/index.php\/2024\/06\/22\/un-tres-jeune-defenseur-italien-plairait-a-lasm\/#breadcrumb","itemListElement":[{"@type":"ListItem","position":1,"name":"Accueil","item":"https:\/\/www.ladiagonale.net\/"},{"@type":"ListItem","position":2,"name":"Un tr\u00e8s jeune d\u00e9fenseur italien plairait \u00e0 l&rsquo;ASM"}]},{"@type":"WebSite","@id":"https:\/\/www.ladiagonale.net\/#website","url":"https:\/\/www.ladiagonale.net\/","name":"La Diagonale","description":"Le site des supporters de l&#039;AS Monaco FC","potentialAction":[{"@type":"SearchAction","target":{"@type":"EntryPoint","urlTemplate":"https:\/\/www.ladiagonale.net\/?s={search_term_string}"},"query-input":"required name=search_term_string"}],"inLanguage":"fr-FR"},{"@type":"Person","@id":"https:\/\/www.ladiagonale.net\/#\/schema\/person\/79ff1e7b0853ed01b2aa26e64ad300bf","name":"Damien Dellerba","image":{"@type":"ImageObject","inLanguage":"fr-FR","@id":"https:\/\/www.ladiagonale.net\/#\/schema\/person\/image\/","url":"https:\/\/secure.gravatar.com\/avatar\/c7850e06d3ff63cdbaee88b7fc16e2f0?s=96&d=mm&r=g","contentUrl":"https:\/\/secure.gravatar.com\/avatar\/c7850e06d3ff63cdbaee88b7fc16e2f0?s=96&d=mm&r=g","caption":"Damien Dellerba"},"url":"https:\/\/www.ladiagonale.net\/index.php\/author\/damien\/"}]}},"_links":{"self":[{"href":"https:\/\/www.ladiagonale.net\/index.php\/wp-json\/wp\/v2\/posts\/24092"}],"collection":[{"href":"https:\/\/www.ladiagonale.net\/index.php\/wp-json\/wp\/v2\/posts"}],"about":[{"href":"https:\/\/www.ladiagonale.net\/index.php\/wp-json\/wp\/v2\/types\/post"}],"author":[{"embeddable":true,"href":"https:\/\/www.ladiagonale.net\/index.php\/wp-json\/wp\/v2\/users\/2"}],"replies":[{"embeddable":true,"href":"https:\/\/www.ladiagonale.net\/index.php\/wp-json\/wp\/v2\/comments?post=24092"}],"version-history":[{"count":3,"href":"https:\/\/www.ladiagonale.net\/index.php\/wp-json\/wp\/v2\/posts\/24092\/revisions"}],"predecessor-version":[{"id":24098,"href":"https:\/\/www.ladiagonale.net\/index.php\/wp-json\/wp\/v2\/posts\/24092\/revisions\/24098"}],"wp:attachment":[{"href":"https:\/\/www.ladiagonale.net\/index.php\/wp-json\/wp\/v2\/media?parent=24092"}],"wp:term":[{"taxonomy":"category","embeddable":true,"href":"https:\/\/www.ladiagonale.net\/index.php\/wp-json\/wp\/v2\/categories?post=24092"},{"taxonomy":"post_tag","embeddable":true,"href":"https:\/\/www.ladiagonale.net\/index.php\/wp-json\/wp\/v2\/tags?post=24092"}],"curies":[{"name":"wp","href":"https:\/\/api.w.org\/{rel}","templated":true}]}}