{"id":24101,"date":"2024-06-23T12:46:51","date_gmt":"2024-06-23T10:46:51","guid":{"rendered":"https:\/\/www.ladiagonale.net\/?p=24101"},"modified":"2024-06-23T12:46:52","modified_gmt":"2024-06-23T10:46:52","slug":"camara-et-ses-coequipiers-menacent-de-boycotter-la-selection","status":"publish","type":"post","link":"https:\/\/www.ladiagonale.net\/index.php\/2024\/06\/23\/camara-et-ses-coequipiers-menacent-de-boycotter-la-selection\/","title":{"rendered":"Camara et ses co\u00e9quipiers menacent de boycotter la s\u00e9lection"},"content":{"rendered":"\n\n\n<p>Mohamed Camara et ses co\u00e9quipiers en s\u00e9lection nationale ont fait parler d\u2019eux ces derniers jours. Sur son compte <em>Instagram<\/em>, le joueur de l&rsquo;AS Monaco a partag\u00e9 un communiqu\u00e9 collectif, brandissant la menace d\u2019un boycott de la s\u00e9lection pour les deux premi\u00e8res journ\u00e9es des \u00e9liminatoires de la CAN 2025, qui doivent se tenir en septembre. Les joueurs maliens se sont notamment plaints de \u00ab\u00a0<em>la mauvaise gestion<\/em>\u00a0\u00bb des dirigeants de la F\u00e9d\u00e9ration malienne de football et du minist\u00e8re des Sports.<\/p>\n\n\n\n<p>\u00ab\u00a0<em>C&rsquo;est pourquoi, aujourd&rsquo;hui, nous prenons nos responsabilit\u00e9s. Si la situation reste inchang\u00e9e, nous nous r\u00e9servons le droit de ne pas honorer la s\u00e9lection et de ne pas participer aux prochains matchs de qualification, <\/em>pouvait-on lire sur le communiqu\u00e9.<em> Par amour pour le Mali et pour notre pays, nous prenons cette d\u00e9cision d\u00e9licate, mais n\u00e9cessaire pour les prochaines g\u00e9n\u00e9rations. Cela doit cesser.<\/em>\u00a0\u00bb<\/p>\n\n\n\n<p>Les r\u00e9centes contre-performances du Mali, seulement quatri\u00e8me de son groupe des \u00e9liminatoires de la Coupe du monde 2026 et \u00e0 quatre points de la premi\u00e8re place qualificative, ont donn\u00e9 lieu \u00e0 plusieurs \u00e9pisodes qui ont oppos\u00e9 les joueurs maliens aux instances dirigeantes. En point d\u2019orgue le limogeage du s\u00e9lectionneur \u00c9ric Chelle qui aurait \u00e9t\u00e9 tr\u00e8s mal per\u00e7u par le vestiaire.<\/p>\n","protected":false},"excerpt":{"rendered":"<p>Mohamed Camara et ses co\u00e9quipiers en s\u00e9lection nationale ont fait parler d\u2019eux ces derniers jours. Sur son compte Instagram, le joueur de l&rsquo;AS Monaco a partag\u00e9 un communiqu\u00e9 collectif, brandissant la menace d\u2019un boycott de la s\u00e9lection pour les deux premi\u00e8res journ\u00e9es des \u00e9liminatoires de la CAN 2025, qui doivent se tenir en septembre. Les [&#8230;]\n","protected":false},"author":2,"featured_media":0,"comment_status":"open","ping_status":"open","sticky":false,"template":"","format":"standard","meta":[],"categories":[6],"tags":[86,144,143,116],"yoast_head":"<!-- This site is optimized with the Yoast SEO plugin v19.8 - https:\/\/yoast.com\/wordpress\/plugins\/seo\/ -->\n<title>Camara et ses co\u00e9quipiers menacent de boycotter la s\u00e9lection - La Diagonale<\/title>\n<meta name=\"robots\" content=\"index, follow, max-snippet:-1, max-image-preview:large, max-video-preview:-1\" \/>\n<link rel=\"canonical\" href=\"https:\/\/www.ladiagonale.net\/index.php\/2024\/06\/23\/camara-et-ses-coequipiers-menacent-de-boycotter-la-selection\/\" \/>\n<meta property=\"og:locale\" content=\"fr_FR\" \/>\n<meta property=\"og:type\" content=\"article\" \/>\n<meta property=\"og:title\" content=\"Camara et ses co\u00e9quipiers menacent de boycotter la s\u00e9lection - La Diagonale\" \/>\n<meta property=\"og:description\" content=\"Mohamed Camara et ses co\u00e9quipiers en s\u00e9lection nationale ont fait parler d\u2019eux ces derniers jours. Sur son compte Instagram, le joueur de l&rsquo;AS Monaco a partag\u00e9 un communiqu\u00e9 collectif, brandissant la menace d\u2019un boycott de la s\u00e9lection pour les deux premi\u00e8res journ\u00e9es des \u00e9liminatoires de la CAN 2025, qui doivent se tenir en septembre. Les [...]\" \/>\n<meta property=\"og:url\" content=\"https:\/\/www.ladiagonale.net\/index.php\/2024\/06\/23\/camara-et-ses-coequipiers-menacent-de-boycotter-la-selection\/\" \/>\n<meta property=\"og:site_name\" content=\"La Diagonale\" \/>\n<meta property=\"article:published_time\" content=\"2024-06-23T10:46:51+00:00\" \/>\n<meta property=\"article:modified_time\" content=\"2024-06-23T10:46:52+00:00\" \/>\n<meta property=\"og:image\" content=\"https:\/\/www.ladiagonale.net\/wp-content\/uploads\/2023\/03\/camara-mali.png\" \/>\n\t<meta property=\"og:image:width\" content=\"1160\" \/>\n\t<meta property=\"og:image:height\" content=\"650\" \/>\n\t<meta property=\"og:image:type\" content=\"image\/png\" \/>\n<meta name=\"author\" content=\"Damien Dellerba\" \/>\n<meta name=\"twitter:card\" content=\"summary_large_image\" \/>\n<meta name=\"twitter:image\" content=\"https:\/\/www.ladiagonale.net\/wp-content\/uploads\/2023\/03\/camara-mali.png\" \/>\n<meta name=\"twitter:label1\" content=\"\u00c9crit par\" \/>\n\t<meta name=\"twitter:data1\" content=\"Damien Dellerba\" \/>\n\t<meta name=\"twitter:label2\" content=\"Dur\u00e9e de lecture estim\u00e9e\" \/>\n\t<meta name=\"twitter:data2\" content=\"2 minutes\" \/>\n<script type=\"application\/ld+json\" class=\"yoast-schema-graph\">{\"@context\":\"https:\/\/schema.org\",\"@graph\":[{\"@type\":\"WebPage\",\"@id\":\"https:\/\/www.ladiagonale.net\/index.php\/2024\/06\/23\/camara-et-ses-coequipiers-menacent-de-boycotter-la-selection\/\",\"url\":\"https:\/\/www.ladiagonale.net\/index.php\/2024\/06\/23\/camara-et-ses-coequipiers-menacent-de-boycotter-la-selection\/\",\"name\":\"Camara et ses co\u00e9quipiers menacent de boycotter la s\u00e9lection - La Diagonale\",\"isPartOf\":{\"@id\":\"https:\/\/www.ladiagonale.net\/#website\"},\"datePublished\":\"2024-06-23T10:46:51+00:00\",\"dateModified\":\"2024-06-23T10:46:52+00:00\",\"author\":{\"@id\":\"https:\/\/www.ladiagonale.net\/#\/schema\/person\/79ff1e7b0853ed01b2aa26e64ad300bf\"},\"breadcrumb\":{\"@id\":\"https:\/\/www.ladiagonale.net\/index.php\/2024\/06\/23\/camara-et-ses-coequipiers-menacent-de-boycotter-la-selection\/#breadcrumb\"},\"inLanguage\":\"fr-FR\",\"potentialAction\":[{\"@type\":\"ReadAction\",\"target\":[\"https:\/\/www.ladiagonale.net\/index.php\/2024\/06\/23\/camara-et-ses-coequipiers-menacent-de-boycotter-la-selection\/\"]}]},{\"@type\":\"BreadcrumbList\",\"@id\":\"https:\/\/www.ladiagonale.net\/index.php\/2024\/06\/23\/camara-et-ses-coequipiers-menacent-de-boycotter-la-selection\/#breadcrumb\",\"itemListElement\":[{\"@type\":\"ListItem\",\"position\":1,\"name\":\"Accueil\",\"item\":\"https:\/\/www.ladiagonale.net\/\"},{\"@type\":\"ListItem\",\"position\":2,\"name\":\"Camara et ses co\u00e9quipiers menacent de boycotter la s\u00e9lection\"}]},{\"@type\":\"WebSite\",\"@id\":\"https:\/\/www.ladiagonale.net\/#website\",\"url\":\"https:\/\/www.ladiagonale.net\/\",\"name\":\"La Diagonale\",\"description\":\"Le site des supporters de l&#039;AS Monaco FC\",\"potentialAction\":[{\"@type\":\"SearchAction\",\"target\":{\"@type\":\"EntryPoint\",\"urlTemplate\":\"https:\/\/www.ladiagonale.net\/?s={search_term_string}\"},\"query-input\":\"required name=search_term_string\"}],\"inLanguage\":\"fr-FR\"},{\"@type\":\"Person\",\"@id\":\"https:\/\/www.ladiagonale.net\/#\/schema\/person\/79ff1e7b0853ed01b2aa26e64ad300bf\",\"name\":\"Damien Dellerba\",\"image\":{\"@type\":\"ImageObject\",\"inLanguage\":\"fr-FR\",\"@id\":\"https:\/\/www.ladiagonale.net\/#\/schema\/person\/image\/\",\"url\":\"https:\/\/secure.gravatar.com\/avatar\/c7850e06d3ff63cdbaee88b7fc16e2f0?s=96&d=mm&r=g\",\"contentUrl\":\"https:\/\/secure.gravatar.com\/avatar\/c7850e06d3ff63cdbaee88b7fc16e2f0?s=96&d=mm&r=g\",\"caption\":\"Damien Dellerba\"},\"url\":\"https:\/\/www.ladiagonale.net\/index.php\/author\/damien\/\"}]}<\/script>\n<!-- \/ Yoast SEO plugin. -->","yoast_head_json":{"title":"Camara et ses co\u00e9quipiers menacent de boycotter la s\u00e9lection - La Diagonale","robots":{"index":"index","follow":"follow","max-snippet":"max-snippet:-1","max-image-preview":"max-image-preview:large","max-video-preview":"max-video-preview:-1"},"canonical":"https:\/\/www.ladiagonale.net\/index.php\/2024\/06\/23\/camara-et-ses-coequipiers-menacent-de-boycotter-la-selection\/","og_locale":"fr_FR","og_type":"article","og_title":"Camara et ses co\u00e9quipiers menacent de boycotter la s\u00e9lection - La Diagonale","og_description":"Mohamed Camara et ses co\u00e9quipiers en s\u00e9lection nationale ont fait parler d\u2019eux ces derniers jours. Sur son compte Instagram, le joueur de l&rsquo;AS Monaco a partag\u00e9 un communiqu\u00e9 collectif, brandissant la menace d\u2019un boycott de la s\u00e9lection pour les deux premi\u00e8res journ\u00e9es des \u00e9liminatoires de la CAN 2025, qui doivent se tenir en septembre. Les [...]","og_url":"https:\/\/www.ladiagonale.net\/index.php\/2024\/06\/23\/camara-et-ses-coequipiers-menacent-de-boycotter-la-selection\/","og_site_name":"La Diagonale","article_published_time":"2024-06-23T10:46:51+00:00","article_modified_time":"2024-06-23T10:46:52+00:00","og_image":[{"width":1160,"height":650,"url":"https:\/\/www.ladiagonale.net\/wp-content\/uploads\/2023\/03\/camara-mali.png","type":"image\/png"}],"author":"Damien Dellerba","twitter_card":"summary_large_image","twitter_image":"https:\/\/www.ladiagonale.net\/wp-content\/uploads\/2023\/03\/camara-mali.png","twitter_misc":{"\u00c9crit par":"Damien Dellerba","Dur\u00e9e de lecture estim\u00e9e":"2 minutes"},"schema":{"@context":"https:\/\/schema.org","@graph":[{"@type":"WebPage","@id":"https:\/\/www.ladiagonale.net\/index.php\/2024\/06\/23\/camara-et-ses-coequipiers-menacent-de-boycotter-la-selection\/","url":"https:\/\/www.ladiagonale.net\/index.php\/2024\/06\/23\/camara-et-ses-coequipiers-menacent-de-boycotter-la-selection\/","name":"Camara et ses co\u00e9quipiers menacent de boycotter la s\u00e9lection - La Diagonale","isPartOf":{"@id":"https:\/\/www.ladiagonale.net\/#website"},"datePublished":"2024-06-23T10:46:51+00:00","dateModified":"2024-06-23T10:46:52+00:00","author":{"@id":"https:\/\/www.ladiagonale.net\/#\/schema\/person\/79ff1e7b0853ed01b2aa26e64ad300bf"},"breadcrumb":{"@id":"https:\/\/www.ladiagonale.net\/index.php\/2024\/06\/23\/camara-et-ses-coequipiers-menacent-de-boycotter-la-selection\/#breadcrumb"},"inLanguage":"fr-FR","potentialAction":[{"@type":"ReadAction","target":["https:\/\/www.ladiagonale.net\/index.php\/2024\/06\/23\/camara-et-ses-coequipiers-menacent-de-boycotter-la-selection\/"]}]},{"@type":"BreadcrumbList","@id":"https:\/\/www.ladiagonale.net\/index.php\/2024\/06\/23\/camara-et-ses-coequipiers-menacent-de-boycotter-la-selection\/#breadcrumb","itemListElement":[{"@type":"ListItem","position":1,"name":"Accueil","item":"https:\/\/www.ladiagonale.net\/"},{"@type":"ListItem","position":2,"name":"Camara et ses co\u00e9quipiers menacent de boycotter la s\u00e9lection"}]},{"@type":"WebSite","@id":"https:\/\/www.ladiagonale.net\/#website","url":"https:\/\/www.ladiagonale.net\/","name":"La Diagonale","description":"Le site des supporters de l&#039;AS Monaco FC","potentialAction":[{"@type":"SearchAction","target":{"@type":"EntryPoint","urlTemplate":"https:\/\/www.ladiagonale.net\/?s={search_term_string}"},"query-input":"required name=search_term_string"}],"inLanguage":"fr-FR"},{"@type":"Person","@id":"https:\/\/www.ladiagonale.net\/#\/schema\/person\/79ff1e7b0853ed01b2aa26e64ad300bf","name":"Damien Dellerba","image":{"@type":"ImageObject","inLanguage":"fr-FR","@id":"https:\/\/www.ladiagonale.net\/#\/schema\/person\/image\/","url":"https:\/\/secure.gravatar.com\/avatar\/c7850e06d3ff63cdbaee88b7fc16e2f0?s=96&d=mm&r=g","contentUrl":"https:\/\/secure.gravatar.com\/avatar\/c7850e06d3ff63cdbaee88b7fc16e2f0?s=96&d=mm&r=g","caption":"Damien Dellerba"},"url":"https:\/\/www.ladiagonale.net\/index.php\/author\/damien\/"}]}},"_links":{"self":[{"href":"https:\/\/www.ladiagonale.net\/index.php\/wp-json\/wp\/v2\/posts\/24101"}],"collection":[{"href":"https:\/\/www.ladiagonale.net\/index.php\/wp-json\/wp\/v2\/posts"}],"about":[{"href":"https:\/\/www.ladiagonale.net\/index.php\/wp-json\/wp\/v2\/types\/post"}],"author":[{"embeddable":true,"href":"https:\/\/www.ladiagonale.net\/index.php\/wp-json\/wp\/v2\/users\/2"}],"replies":[{"embeddable":true,"href":"https:\/\/www.ladiagonale.net\/index.php\/wp-json\/wp\/v2\/comments?post=24101"}],"version-history":[{"count":2,"href":"https:\/\/www.ladiagonale.net\/index.php\/wp-json\/wp\/v2\/posts\/24101\/revisions"}],"predecessor-version":[{"id":24103,"href":"https:\/\/www.ladiagonale.net\/index.php\/wp-json\/wp\/v2\/posts\/24101\/revisions\/24103"}],"wp:attachment":[{"href":"https:\/\/www.ladiagonale.net\/index.php\/wp-json\/wp\/v2\/media?parent=24101"}],"wp:term":[{"taxonomy":"category","embeddable":true,"href":"https:\/\/www.ladiagonale.net\/index.php\/wp-json\/wp\/v2\/categories?post=24101"},{"taxonomy":"post_tag","embeddable":true,"href":"https:\/\/www.ladiagonale.net\/index.php\/wp-json\/wp\/v2\/tags?post=24101"}],"curies":[{"name":"wp","href":"https:\/\/api.w.org\/{rel}","templated":true}]}}