{"id":24117,"date":"2024-06-24T02:05:40","date_gmt":"2024-06-24T00:05:40","guid":{"rendered":"https:\/\/www.ladiagonale.net\/?p=24117"},"modified":"2024-06-24T02:23:43","modified_gmt":"2024-06-24T00:23:43","slug":"embolo-et-zakaria-poursuivent-leur-route-a-leuro","status":"publish","type":"post","link":"https:\/\/www.ladiagonale.net\/index.php\/2024\/06\/24\/embolo-et-zakaria-poursuivent-leur-route-a-leuro\/","title":{"rendered":"Embolo et Zakaria poursuivent leur route \u00e0 l\u2019Euro"},"content":{"rendered":"\n<p>Comme on pouvait s\u2019y attendre, la Suisse a pass\u00e9 la premi\u00e8re phase de l\u2019Euro. Avec son match nul contre l\u2019Allemagne (1-1) dimanche, la <em>Nati<\/em> de Breel Embolo et Denis Zakaria s&rsquo;est qualifi\u00e9e pour les huiti\u00e8mes de finale de la comp\u00e9tition. Embolo a \u00e9t\u00e9 titularis\u00e9 par Murat Yakin et a jou\u00e9 65 minutes. Il n&rsquo;a quasiment eu aucune munition \u00e0 se mettre sous la dent mais il a \u00e9norm\u00e9ment pes\u00e9 sur la d\u00e9fense allemande et notamment fait passer un moment difficile \u00e0 Jonathan Tah. Pour Denis Zakaria, le retour se pr\u00e9cise puisqu&rsquo;il \u00e9tait pour la premi\u00e8re fois sur la feuille de match.<\/p>\n\n\n\n<p>Les Suisses peuvent cependant nourrir quelques regrets sur cette rencontre, puisqu&rsquo;ils ont men\u00e9 au score jusqu&rsquo;\u00e0 la 92<sup>e<\/sup> minute de jeu. Le but \u00e9galisateur allemand de Niclas F\u00fcllkrug leur a co\u00fbt\u00e9 la premi\u00e8re place du groupe A. Deuxi\u00e8me avec 5 points, la Suisse affrontera donc le 29 juin (18h) \u00e0 Berlin le deuxi\u00e8me du groupe B au tour suivant. Les deux Mon\u00e9gasques et leurs compatriotes conna\u00eetront leur adversaire ce lundi soir. L&rsquo;Italie est en ballottage favorable mais la Croatie et l&rsquo;Albanie peuvent encore esp\u00e9rer se qualifier. <\/p>\n","protected":false},"excerpt":{"rendered":"<p>Comme on pouvait s\u2019y attendre, la Suisse a pass\u00e9 la premi\u00e8re phase de l\u2019Euro. Avec son match nul contre l\u2019Allemagne (1-1) dimanche, la Nati de Breel Embolo et Denis Zakaria s&rsquo;est qualifi\u00e9e pour les huiti\u00e8mes de finale de la comp\u00e9tition. Embolo a \u00e9t\u00e9 titularis\u00e9 par Murat Yakin et a jou\u00e9 65 minutes. Il n&rsquo;a quasiment [&#8230;]\n","protected":false},"author":2,"featured_media":0,"comment_status":"closed","ping_status":"open","sticky":false,"template":"","format":"standard","meta":[],"categories":[4,6],"tags":[86,161,631,834,116,117],"yoast_head":"<!-- This site is optimized with the Yoast SEO plugin v19.8 - https:\/\/yoast.com\/wordpress\/plugins\/seo\/ -->\n<title>Embolo et Zakaria poursuivent leur route \u00e0 l\u2019Euro - La Diagonale<\/title>\n<meta name=\"robots\" content=\"index, follow, max-snippet:-1, max-image-preview:large, max-video-preview:-1\" \/>\n<link rel=\"canonical\" href=\"https:\/\/www.ladiagonale.net\/index.php\/2024\/06\/24\/embolo-et-zakaria-poursuivent-leur-route-a-leuro\/\" \/>\n<meta property=\"og:locale\" content=\"fr_FR\" \/>\n<meta property=\"og:type\" content=\"article\" \/>\n<meta property=\"og:title\" content=\"Embolo et Zakaria poursuivent leur route \u00e0 l\u2019Euro - La Diagonale\" \/>\n<meta property=\"og:description\" content=\"Comme on pouvait s\u2019y attendre, la Suisse a pass\u00e9 la premi\u00e8re phase de l\u2019Euro. Avec son match nul contre l\u2019Allemagne (1-1) dimanche, la Nati de Breel Embolo et Denis Zakaria s&rsquo;est qualifi\u00e9e pour les huiti\u00e8mes de finale de la comp\u00e9tition. Embolo a \u00e9t\u00e9 titularis\u00e9 par Murat Yakin et a jou\u00e9 65 minutes. Il n&rsquo;a quasiment [...]\" \/>\n<meta property=\"og:url\" content=\"https:\/\/www.ladiagonale.net\/index.php\/2024\/06\/24\/embolo-et-zakaria-poursuivent-leur-route-a-leuro\/\" \/>\n<meta property=\"og:site_name\" content=\"La Diagonale\" \/>\n<meta property=\"article:published_time\" content=\"2024-06-24T00:05:40+00:00\" \/>\n<meta property=\"article:modified_time\" content=\"2024-06-24T00:23:43+00:00\" \/>\n<meta property=\"og:image\" content=\"https:\/\/www.ladiagonale.net\/wp-content\/uploads\/2024\/06\/embolo-suisse.png\" \/>\n\t<meta property=\"og:image:width\" content=\"1160\" \/>\n\t<meta property=\"og:image:height\" content=\"650\" \/>\n\t<meta property=\"og:image:type\" content=\"image\/png\" \/>\n<meta name=\"author\" content=\"Damien Dellerba\" \/>\n<meta name=\"twitter:card\" content=\"summary_large_image\" \/>\n<meta name=\"twitter:image\" content=\"https:\/\/www.ladiagonale.net\/wp-content\/uploads\/2024\/06\/embolo-suisse.png\" \/>\n<meta name=\"twitter:label1\" content=\"\u00c9crit par\" \/>\n\t<meta name=\"twitter:data1\" content=\"Damien Dellerba\" \/>\n\t<meta name=\"twitter:label2\" content=\"Dur\u00e9e de lecture estim\u00e9e\" \/>\n\t<meta name=\"twitter:data2\" content=\"1 minute\" \/>\n<script type=\"application\/ld+json\" class=\"yoast-schema-graph\">{\"@context\":\"https:\/\/schema.org\",\"@graph\":[{\"@type\":\"WebPage\",\"@id\":\"https:\/\/www.ladiagonale.net\/index.php\/2024\/06\/24\/embolo-et-zakaria-poursuivent-leur-route-a-leuro\/\",\"url\":\"https:\/\/www.ladiagonale.net\/index.php\/2024\/06\/24\/embolo-et-zakaria-poursuivent-leur-route-a-leuro\/\",\"name\":\"Embolo et Zakaria poursuivent leur route \u00e0 l\u2019Euro - La Diagonale\",\"isPartOf\":{\"@id\":\"https:\/\/www.ladiagonale.net\/#website\"},\"datePublished\":\"2024-06-24T00:05:40+00:00\",\"dateModified\":\"2024-06-24T00:23:43+00:00\",\"author\":{\"@id\":\"https:\/\/www.ladiagonale.net\/#\/schema\/person\/79ff1e7b0853ed01b2aa26e64ad300bf\"},\"breadcrumb\":{\"@id\":\"https:\/\/www.ladiagonale.net\/index.php\/2024\/06\/24\/embolo-et-zakaria-poursuivent-leur-route-a-leuro\/#breadcrumb\"},\"inLanguage\":\"fr-FR\",\"potentialAction\":[{\"@type\":\"ReadAction\",\"target\":[\"https:\/\/www.ladiagonale.net\/index.php\/2024\/06\/24\/embolo-et-zakaria-poursuivent-leur-route-a-leuro\/\"]}]},{\"@type\":\"BreadcrumbList\",\"@id\":\"https:\/\/www.ladiagonale.net\/index.php\/2024\/06\/24\/embolo-et-zakaria-poursuivent-leur-route-a-leuro\/#breadcrumb\",\"itemListElement\":[{\"@type\":\"ListItem\",\"position\":1,\"name\":\"Accueil\",\"item\":\"https:\/\/www.ladiagonale.net\/\"},{\"@type\":\"ListItem\",\"position\":2,\"name\":\"Embolo et Zakaria poursuivent leur route \u00e0 l\u2019Euro\"}]},{\"@type\":\"WebSite\",\"@id\":\"https:\/\/www.ladiagonale.net\/#website\",\"url\":\"https:\/\/www.ladiagonale.net\/\",\"name\":\"La Diagonale\",\"description\":\"Le site des supporters de l&#039;AS Monaco FC\",\"potentialAction\":[{\"@type\":\"SearchAction\",\"target\":{\"@type\":\"EntryPoint\",\"urlTemplate\":\"https:\/\/www.ladiagonale.net\/?s={search_term_string}\"},\"query-input\":\"required name=search_term_string\"}],\"inLanguage\":\"fr-FR\"},{\"@type\":\"Person\",\"@id\":\"https:\/\/www.ladiagonale.net\/#\/schema\/person\/79ff1e7b0853ed01b2aa26e64ad300bf\",\"name\":\"Damien Dellerba\",\"image\":{\"@type\":\"ImageObject\",\"inLanguage\":\"fr-FR\",\"@id\":\"https:\/\/www.ladiagonale.net\/#\/schema\/person\/image\/\",\"url\":\"https:\/\/secure.gravatar.com\/avatar\/c7850e06d3ff63cdbaee88b7fc16e2f0?s=96&d=mm&r=g\",\"contentUrl\":\"https:\/\/secure.gravatar.com\/avatar\/c7850e06d3ff63cdbaee88b7fc16e2f0?s=96&d=mm&r=g\",\"caption\":\"Damien Dellerba\"},\"url\":\"https:\/\/www.ladiagonale.net\/index.php\/author\/damien\/\"}]}<\/script>\n<!-- \/ Yoast SEO plugin. -->","yoast_head_json":{"title":"Embolo et Zakaria poursuivent leur route \u00e0 l\u2019Euro - La Diagonale","robots":{"index":"index","follow":"follow","max-snippet":"max-snippet:-1","max-image-preview":"max-image-preview:large","max-video-preview":"max-video-preview:-1"},"canonical":"https:\/\/www.ladiagonale.net\/index.php\/2024\/06\/24\/embolo-et-zakaria-poursuivent-leur-route-a-leuro\/","og_locale":"fr_FR","og_type":"article","og_title":"Embolo et Zakaria poursuivent leur route \u00e0 l\u2019Euro - La Diagonale","og_description":"Comme on pouvait s\u2019y attendre, la Suisse a pass\u00e9 la premi\u00e8re phase de l\u2019Euro. Avec son match nul contre l\u2019Allemagne (1-1) dimanche, la Nati de Breel Embolo et Denis Zakaria s&rsquo;est qualifi\u00e9e pour les huiti\u00e8mes de finale de la comp\u00e9tition. Embolo a \u00e9t\u00e9 titularis\u00e9 par Murat Yakin et a jou\u00e9 65 minutes. Il n&rsquo;a quasiment [...]","og_url":"https:\/\/www.ladiagonale.net\/index.php\/2024\/06\/24\/embolo-et-zakaria-poursuivent-leur-route-a-leuro\/","og_site_name":"La Diagonale","article_published_time":"2024-06-24T00:05:40+00:00","article_modified_time":"2024-06-24T00:23:43+00:00","og_image":[{"width":1160,"height":650,"url":"https:\/\/www.ladiagonale.net\/wp-content\/uploads\/2024\/06\/embolo-suisse.png","type":"image\/png"}],"author":"Damien Dellerba","twitter_card":"summary_large_image","twitter_image":"https:\/\/www.ladiagonale.net\/wp-content\/uploads\/2024\/06\/embolo-suisse.png","twitter_misc":{"\u00c9crit par":"Damien Dellerba","Dur\u00e9e de lecture estim\u00e9e":"1 minute"},"schema":{"@context":"https:\/\/schema.org","@graph":[{"@type":"WebPage","@id":"https:\/\/www.ladiagonale.net\/index.php\/2024\/06\/24\/embolo-et-zakaria-poursuivent-leur-route-a-leuro\/","url":"https:\/\/www.ladiagonale.net\/index.php\/2024\/06\/24\/embolo-et-zakaria-poursuivent-leur-route-a-leuro\/","name":"Embolo et Zakaria poursuivent leur route \u00e0 l\u2019Euro - La Diagonale","isPartOf":{"@id":"https:\/\/www.ladiagonale.net\/#website"},"datePublished":"2024-06-24T00:05:40+00:00","dateModified":"2024-06-24T00:23:43+00:00","author":{"@id":"https:\/\/www.ladiagonale.net\/#\/schema\/person\/79ff1e7b0853ed01b2aa26e64ad300bf"},"breadcrumb":{"@id":"https:\/\/www.ladiagonale.net\/index.php\/2024\/06\/24\/embolo-et-zakaria-poursuivent-leur-route-a-leuro\/#breadcrumb"},"inLanguage":"fr-FR","potentialAction":[{"@type":"ReadAction","target":["https:\/\/www.ladiagonale.net\/index.php\/2024\/06\/24\/embolo-et-zakaria-poursuivent-leur-route-a-leuro\/"]}]},{"@type":"BreadcrumbList","@id":"https:\/\/www.ladiagonale.net\/index.php\/2024\/06\/24\/embolo-et-zakaria-poursuivent-leur-route-a-leuro\/#breadcrumb","itemListElement":[{"@type":"ListItem","position":1,"name":"Accueil","item":"https:\/\/www.ladiagonale.net\/"},{"@type":"ListItem","position":2,"name":"Embolo et Zakaria poursuivent leur route \u00e0 l\u2019Euro"}]},{"@type":"WebSite","@id":"https:\/\/www.ladiagonale.net\/#website","url":"https:\/\/www.ladiagonale.net\/","name":"La Diagonale","description":"Le site des supporters de l&#039;AS Monaco FC","potentialAction":[{"@type":"SearchAction","target":{"@type":"EntryPoint","urlTemplate":"https:\/\/www.ladiagonale.net\/?s={search_term_string}"},"query-input":"required name=search_term_string"}],"inLanguage":"fr-FR"},{"@type":"Person","@id":"https:\/\/www.ladiagonale.net\/#\/schema\/person\/79ff1e7b0853ed01b2aa26e64ad300bf","name":"Damien Dellerba","image":{"@type":"ImageObject","inLanguage":"fr-FR","@id":"https:\/\/www.ladiagonale.net\/#\/schema\/person\/image\/","url":"https:\/\/secure.gravatar.com\/avatar\/c7850e06d3ff63cdbaee88b7fc16e2f0?s=96&d=mm&r=g","contentUrl":"https:\/\/secure.gravatar.com\/avatar\/c7850e06d3ff63cdbaee88b7fc16e2f0?s=96&d=mm&r=g","caption":"Damien Dellerba"},"url":"https:\/\/www.ladiagonale.net\/index.php\/author\/damien\/"}]}},"_links":{"self":[{"href":"https:\/\/www.ladiagonale.net\/index.php\/wp-json\/wp\/v2\/posts\/24117"}],"collection":[{"href":"https:\/\/www.ladiagonale.net\/index.php\/wp-json\/wp\/v2\/posts"}],"about":[{"href":"https:\/\/www.ladiagonale.net\/index.php\/wp-json\/wp\/v2\/types\/post"}],"author":[{"embeddable":true,"href":"https:\/\/www.ladiagonale.net\/index.php\/wp-json\/wp\/v2\/users\/2"}],"replies":[{"embeddable":true,"href":"https:\/\/www.ladiagonale.net\/index.php\/wp-json\/wp\/v2\/comments?post=24117"}],"version-history":[{"count":4,"href":"https:\/\/www.ladiagonale.net\/index.php\/wp-json\/wp\/v2\/posts\/24117\/revisions"}],"predecessor-version":[{"id":24124,"href":"https:\/\/www.ladiagonale.net\/index.php\/wp-json\/wp\/v2\/posts\/24117\/revisions\/24124"}],"wp:attachment":[{"href":"https:\/\/www.ladiagonale.net\/index.php\/wp-json\/wp\/v2\/media?parent=24117"}],"wp:term":[{"taxonomy":"category","embeddable":true,"href":"https:\/\/www.ladiagonale.net\/index.php\/wp-json\/wp\/v2\/categories?post=24117"},{"taxonomy":"post_tag","embeddable":true,"href":"https:\/\/www.ladiagonale.net\/index.php\/wp-json\/wp\/v2\/tags?post=24117"}],"curies":[{"name":"wp","href":"https:\/\/api.w.org\/{rel}","templated":true}]}}