{"id":24125,"date":"2024-06-24T02:37:52","date_gmt":"2024-06-24T00:37:52","guid":{"rendered":"https:\/\/www.ladiagonale.net\/?p=24125"},"modified":"2024-06-24T02:37:53","modified_gmt":"2024-06-24T00:37:53","slug":"balogun-ouvre-son-compteur-a-la-copa-america","status":"publish","type":"post","link":"https:\/\/www.ladiagonale.net\/index.php\/2024\/06\/24\/balogun-ouvre-son-compteur-a-la-copa-america\/","title":{"rendered":"Balogun ouvre son compteur \u00e0 la Copa Am\u00e9rica"},"content":{"rendered":"\n\n\n<p>Les \u00c9tats-Unis et Folarin Balogun ont r\u00e9ussi leur entr\u00e9e en mati\u00e8re pour leur Copa Am\u00e9rica \u00e0 domicile. Face \u00e0 la Bolivie, l&rsquo;attaquant de l&rsquo;AS Monaco a contribu\u00e9 au succ\u00e8s des siens (2-0) avec un but inscrit juste avant la mi-temps. Servi par Pulisic, l&rsquo;international am\u00e9ricain a inscrit d&rsquo;une frappe crois\u00e9e du gauche son quatri\u00e8me but en s\u00e9lection pour sa 13<sup>e<\/sup> apparition. Balogun aurait m\u00eame pu s&rsquo;offrir un doubl\u00e9, \u00e0 la 53<sup>e<\/sup> minute, mais l&rsquo;arbitre de la rencontre a invalid\u00e9 le but pour une position de hors-jeu du passeur Timothy Weah.<\/p>\n\n\n\n<blockquote class=\"twitter-tweet\"><p lang=\"en\" dir=\"ltr\">FOLARIN BALOGUN DOUBLES THE LEAD WITH A GREAT FINISH!!!<br>PULISIC WITH THE ASSIST!!!<a href=\"https:\/\/t.co\/lfc7djIPG7\">pic.twitter.com\/lfc7djIPG7<\/a><\/p>&mdash; Football Report (@FootballReprt) <a href=\"https:\/\/twitter.com\/FootballReprt\/status\/1805009198003921397?ref_src=twsrc%5Etfw\">June 23, 2024<\/a><\/blockquote> <script async src=\"https:\/\/platform.twitter.com\/widgets.js\" charset=\"utf-8\"><\/script> \n\n\n\n<p>Les \u00c9tats-Unis prennent provisoirement la t\u00eate de leur groupe alors que l&rsquo;Uruguay et le Panama doivent encore s&rsquo;affronter dans l&rsquo;autre rencontre. Vendredi, \u00e0 minuit, Balogun et ses co\u00e9quipiers seront oppos\u00e9s au Panama.<\/p>\n","protected":false},"excerpt":{"rendered":"<p>Les \u00c9tats-Unis et Folarin Balogun ont r\u00e9ussi leur entr\u00e9e en mati\u00e8re pour leur Copa Am\u00e9rica \u00e0 domicile. Face \u00e0 la Bolivie, l&rsquo;attaquant de l&rsquo;AS Monaco a contribu\u00e9 au succ\u00e8s des siens (2-0) avec un but inscrit juste avant la mi-temps. Servi par Pulisic, l&rsquo;international am\u00e9ricain a inscrit d&rsquo;une frappe crois\u00e9e du gauche son quatri\u00e8me but [&#8230;]\n","protected":false},"author":2,"featured_media":0,"comment_status":"open","ping_status":"open","sticky":false,"template":"","format":"standard","meta":[],"categories":[4,6],"tags":[86,868,687,483,116],"yoast_head":"<!-- This site is optimized with the Yoast SEO plugin v19.8 - https:\/\/yoast.com\/wordpress\/plugins\/seo\/ -->\n<title>Balogun ouvre son compteur \u00e0 la Copa Am\u00e9rica - La Diagonale<\/title>\n<meta name=\"robots\" content=\"index, follow, max-snippet:-1, max-image-preview:large, max-video-preview:-1\" \/>\n<link rel=\"canonical\" href=\"https:\/\/www.ladiagonale.net\/index.php\/2024\/06\/24\/balogun-ouvre-son-compteur-a-la-copa-america\/\" \/>\n<meta property=\"og:locale\" content=\"fr_FR\" \/>\n<meta property=\"og:type\" content=\"article\" \/>\n<meta property=\"og:title\" content=\"Balogun ouvre son compteur \u00e0 la Copa Am\u00e9rica - La Diagonale\" \/>\n<meta property=\"og:description\" content=\"Les \u00c9tats-Unis et Folarin Balogun ont r\u00e9ussi leur entr\u00e9e en mati\u00e8re pour leur Copa Am\u00e9rica \u00e0 domicile. Face \u00e0 la Bolivie, l&rsquo;attaquant de l&rsquo;AS Monaco a contribu\u00e9 au succ\u00e8s des siens (2-0) avec un but inscrit juste avant la mi-temps. Servi par Pulisic, l&rsquo;international am\u00e9ricain a inscrit d&rsquo;une frappe crois\u00e9e du gauche son quatri\u00e8me but [...]\" \/>\n<meta property=\"og:url\" content=\"https:\/\/www.ladiagonale.net\/index.php\/2024\/06\/24\/balogun-ouvre-son-compteur-a-la-copa-america\/\" \/>\n<meta property=\"og:site_name\" content=\"La Diagonale\" \/>\n<meta property=\"article:published_time\" content=\"2024-06-24T00:37:52+00:00\" \/>\n<meta property=\"article:modified_time\" content=\"2024-06-24T00:37:53+00:00\" \/>\n<meta property=\"og:image\" content=\"https:\/\/www.ladiagonale.net\/wp-content\/uploads\/2024\/06\/balogun-but-usa.png\" \/>\n\t<meta property=\"og:image:width\" content=\"1160\" \/>\n\t<meta property=\"og:image:height\" content=\"650\" \/>\n\t<meta property=\"og:image:type\" content=\"image\/png\" \/>\n<meta name=\"author\" content=\"Damien Dellerba\" \/>\n<meta name=\"twitter:card\" content=\"summary_large_image\" \/>\n<meta name=\"twitter:image\" content=\"https:\/\/www.ladiagonale.net\/wp-content\/uploads\/2024\/06\/balogun-but-usa.png\" \/>\n<meta name=\"twitter:label1\" content=\"\u00c9crit par\" \/>\n\t<meta name=\"twitter:data1\" content=\"Damien Dellerba\" \/>\n\t<meta name=\"twitter:label2\" content=\"Dur\u00e9e de lecture estim\u00e9e\" \/>\n\t<meta name=\"twitter:data2\" content=\"1 minute\" \/>\n<script type=\"application\/ld+json\" class=\"yoast-schema-graph\">{\"@context\":\"https:\/\/schema.org\",\"@graph\":[{\"@type\":\"WebPage\",\"@id\":\"https:\/\/www.ladiagonale.net\/index.php\/2024\/06\/24\/balogun-ouvre-son-compteur-a-la-copa-america\/\",\"url\":\"https:\/\/www.ladiagonale.net\/index.php\/2024\/06\/24\/balogun-ouvre-son-compteur-a-la-copa-america\/\",\"name\":\"Balogun ouvre son compteur \u00e0 la Copa Am\u00e9rica - La Diagonale\",\"isPartOf\":{\"@id\":\"https:\/\/www.ladiagonale.net\/#website\"},\"datePublished\":\"2024-06-24T00:37:52+00:00\",\"dateModified\":\"2024-06-24T00:37:53+00:00\",\"author\":{\"@id\":\"https:\/\/www.ladiagonale.net\/#\/schema\/person\/79ff1e7b0853ed01b2aa26e64ad300bf\"},\"breadcrumb\":{\"@id\":\"https:\/\/www.ladiagonale.net\/index.php\/2024\/06\/24\/balogun-ouvre-son-compteur-a-la-copa-america\/#breadcrumb\"},\"inLanguage\":\"fr-FR\",\"potentialAction\":[{\"@type\":\"ReadAction\",\"target\":[\"https:\/\/www.ladiagonale.net\/index.php\/2024\/06\/24\/balogun-ouvre-son-compteur-a-la-copa-america\/\"]}]},{\"@type\":\"BreadcrumbList\",\"@id\":\"https:\/\/www.ladiagonale.net\/index.php\/2024\/06\/24\/balogun-ouvre-son-compteur-a-la-copa-america\/#breadcrumb\",\"itemListElement\":[{\"@type\":\"ListItem\",\"position\":1,\"name\":\"Accueil\",\"item\":\"https:\/\/www.ladiagonale.net\/\"},{\"@type\":\"ListItem\",\"position\":2,\"name\":\"Balogun ouvre son compteur \u00e0 la Copa Am\u00e9rica\"}]},{\"@type\":\"WebSite\",\"@id\":\"https:\/\/www.ladiagonale.net\/#website\",\"url\":\"https:\/\/www.ladiagonale.net\/\",\"name\":\"La Diagonale\",\"description\":\"Le site des supporters de l&#039;AS Monaco FC\",\"potentialAction\":[{\"@type\":\"SearchAction\",\"target\":{\"@type\":\"EntryPoint\",\"urlTemplate\":\"https:\/\/www.ladiagonale.net\/?s={search_term_string}\"},\"query-input\":\"required name=search_term_string\"}],\"inLanguage\":\"fr-FR\"},{\"@type\":\"Person\",\"@id\":\"https:\/\/www.ladiagonale.net\/#\/schema\/person\/79ff1e7b0853ed01b2aa26e64ad300bf\",\"name\":\"Damien Dellerba\",\"image\":{\"@type\":\"ImageObject\",\"inLanguage\":\"fr-FR\",\"@id\":\"https:\/\/www.ladiagonale.net\/#\/schema\/person\/image\/\",\"url\":\"https:\/\/secure.gravatar.com\/avatar\/c7850e06d3ff63cdbaee88b7fc16e2f0?s=96&d=mm&r=g\",\"contentUrl\":\"https:\/\/secure.gravatar.com\/avatar\/c7850e06d3ff63cdbaee88b7fc16e2f0?s=96&d=mm&r=g\",\"caption\":\"Damien Dellerba\"},\"url\":\"https:\/\/www.ladiagonale.net\/index.php\/author\/damien\/\"}]}<\/script>\n<!-- \/ Yoast SEO plugin. -->","yoast_head_json":{"title":"Balogun ouvre son compteur \u00e0 la Copa Am\u00e9rica - La Diagonale","robots":{"index":"index","follow":"follow","max-snippet":"max-snippet:-1","max-image-preview":"max-image-preview:large","max-video-preview":"max-video-preview:-1"},"canonical":"https:\/\/www.ladiagonale.net\/index.php\/2024\/06\/24\/balogun-ouvre-son-compteur-a-la-copa-america\/","og_locale":"fr_FR","og_type":"article","og_title":"Balogun ouvre son compteur \u00e0 la Copa Am\u00e9rica - La Diagonale","og_description":"Les \u00c9tats-Unis et Folarin Balogun ont r\u00e9ussi leur entr\u00e9e en mati\u00e8re pour leur Copa Am\u00e9rica \u00e0 domicile. Face \u00e0 la Bolivie, l&rsquo;attaquant de l&rsquo;AS Monaco a contribu\u00e9 au succ\u00e8s des siens (2-0) avec un but inscrit juste avant la mi-temps. Servi par Pulisic, l&rsquo;international am\u00e9ricain a inscrit d&rsquo;une frappe crois\u00e9e du gauche son quatri\u00e8me but [...]","og_url":"https:\/\/www.ladiagonale.net\/index.php\/2024\/06\/24\/balogun-ouvre-son-compteur-a-la-copa-america\/","og_site_name":"La Diagonale","article_published_time":"2024-06-24T00:37:52+00:00","article_modified_time":"2024-06-24T00:37:53+00:00","og_image":[{"width":1160,"height":650,"url":"https:\/\/www.ladiagonale.net\/wp-content\/uploads\/2024\/06\/balogun-but-usa.png","type":"image\/png"}],"author":"Damien Dellerba","twitter_card":"summary_large_image","twitter_image":"https:\/\/www.ladiagonale.net\/wp-content\/uploads\/2024\/06\/balogun-but-usa.png","twitter_misc":{"\u00c9crit par":"Damien Dellerba","Dur\u00e9e de lecture estim\u00e9e":"1 minute"},"schema":{"@context":"https:\/\/schema.org","@graph":[{"@type":"WebPage","@id":"https:\/\/www.ladiagonale.net\/index.php\/2024\/06\/24\/balogun-ouvre-son-compteur-a-la-copa-america\/","url":"https:\/\/www.ladiagonale.net\/index.php\/2024\/06\/24\/balogun-ouvre-son-compteur-a-la-copa-america\/","name":"Balogun ouvre son compteur \u00e0 la Copa Am\u00e9rica - La Diagonale","isPartOf":{"@id":"https:\/\/www.ladiagonale.net\/#website"},"datePublished":"2024-06-24T00:37:52+00:00","dateModified":"2024-06-24T00:37:53+00:00","author":{"@id":"https:\/\/www.ladiagonale.net\/#\/schema\/person\/79ff1e7b0853ed01b2aa26e64ad300bf"},"breadcrumb":{"@id":"https:\/\/www.ladiagonale.net\/index.php\/2024\/06\/24\/balogun-ouvre-son-compteur-a-la-copa-america\/#breadcrumb"},"inLanguage":"fr-FR","potentialAction":[{"@type":"ReadAction","target":["https:\/\/www.ladiagonale.net\/index.php\/2024\/06\/24\/balogun-ouvre-son-compteur-a-la-copa-america\/"]}]},{"@type":"BreadcrumbList","@id":"https:\/\/www.ladiagonale.net\/index.php\/2024\/06\/24\/balogun-ouvre-son-compteur-a-la-copa-america\/#breadcrumb","itemListElement":[{"@type":"ListItem","position":1,"name":"Accueil","item":"https:\/\/www.ladiagonale.net\/"},{"@type":"ListItem","position":2,"name":"Balogun ouvre son compteur \u00e0 la Copa Am\u00e9rica"}]},{"@type":"WebSite","@id":"https:\/\/www.ladiagonale.net\/#website","url":"https:\/\/www.ladiagonale.net\/","name":"La Diagonale","description":"Le site des supporters de l&#039;AS Monaco FC","potentialAction":[{"@type":"SearchAction","target":{"@type":"EntryPoint","urlTemplate":"https:\/\/www.ladiagonale.net\/?s={search_term_string}"},"query-input":"required name=search_term_string"}],"inLanguage":"fr-FR"},{"@type":"Person","@id":"https:\/\/www.ladiagonale.net\/#\/schema\/person\/79ff1e7b0853ed01b2aa26e64ad300bf","name":"Damien Dellerba","image":{"@type":"ImageObject","inLanguage":"fr-FR","@id":"https:\/\/www.ladiagonale.net\/#\/schema\/person\/image\/","url":"https:\/\/secure.gravatar.com\/avatar\/c7850e06d3ff63cdbaee88b7fc16e2f0?s=96&d=mm&r=g","contentUrl":"https:\/\/secure.gravatar.com\/avatar\/c7850e06d3ff63cdbaee88b7fc16e2f0?s=96&d=mm&r=g","caption":"Damien Dellerba"},"url":"https:\/\/www.ladiagonale.net\/index.php\/author\/damien\/"}]}},"_links":{"self":[{"href":"https:\/\/www.ladiagonale.net\/index.php\/wp-json\/wp\/v2\/posts\/24125"}],"collection":[{"href":"https:\/\/www.ladiagonale.net\/index.php\/wp-json\/wp\/v2\/posts"}],"about":[{"href":"https:\/\/www.ladiagonale.net\/index.php\/wp-json\/wp\/v2\/types\/post"}],"author":[{"embeddable":true,"href":"https:\/\/www.ladiagonale.net\/index.php\/wp-json\/wp\/v2\/users\/2"}],"replies":[{"embeddable":true,"href":"https:\/\/www.ladiagonale.net\/index.php\/wp-json\/wp\/v2\/comments?post=24125"}],"version-history":[{"count":2,"href":"https:\/\/www.ladiagonale.net\/index.php\/wp-json\/wp\/v2\/posts\/24125\/revisions"}],"predecessor-version":[{"id":24131,"href":"https:\/\/www.ladiagonale.net\/index.php\/wp-json\/wp\/v2\/posts\/24125\/revisions\/24131"}],"wp:attachment":[{"href":"https:\/\/www.ladiagonale.net\/index.php\/wp-json\/wp\/v2\/media?parent=24125"}],"wp:term":[{"taxonomy":"category","embeddable":true,"href":"https:\/\/www.ladiagonale.net\/index.php\/wp-json\/wp\/v2\/categories?post=24125"},{"taxonomy":"post_tag","embeddable":true,"href":"https:\/\/www.ladiagonale.net\/index.php\/wp-json\/wp\/v2\/tags?post=24125"}],"curies":[{"name":"wp","href":"https:\/\/api.w.org\/{rel}","templated":true}]}}