{"id":24132,"date":"2024-06-24T12:37:17","date_gmt":"2024-06-24T10:37:17","guid":{"rendered":"https:\/\/www.ladiagonale.net\/?p=24132"},"modified":"2024-06-24T12:37:19","modified_gmt":"2024-06-24T10:37:19","slug":"de-maesschalck-devrait-rejoindre-strasbourg","status":"publish","type":"post","link":"https:\/\/www.ladiagonale.net\/index.php\/2024\/06\/24\/de-maesschalck-devrait-rejoindre-strasbourg\/","title":{"rendered":"De Maesschalck devrait rejoindre Strasbourg"},"content":{"rendered":"\n<p>L\u2019AS Monaco devrait perdre l\u2019un des hommes forts de son Academy. Selon <em>L\u2019\u00c9quipe<\/em>, le Directeur du d\u00e9veloppement des jeunes joueurs Pascal de Maesschalck devrait quitter le club de la Principaut\u00e9 pour s\u2019envoler pour Strasbourg, o\u00f9 il deviendrait Directeur technique.<\/p>\n\n\n\n<p>Reconnu comme l&rsquo;un des meilleurs formateurs en Europe, le Belge \u00e9tait arriv\u00e9 \u00e0 Monaco en 2021 en provenance du Club Bruges avec pour mission de cr\u00e9er du lien entre le centre de formation et le groupe professionnel. <\/p>\n","protected":false},"excerpt":{"rendered":"<p>L\u2019AS Monaco devrait perdre l\u2019un des hommes forts de son Academy. Selon L\u2019\u00c9quipe, le Directeur du d\u00e9veloppement des jeunes joueurs Pascal de Maesschalck devrait quitter le club de la Principaut\u00e9 pour s\u2019envoler pour Strasbourg, o\u00f9 il deviendrait Directeur technique. Reconnu comme l&rsquo;un des meilleurs formateurs en Europe, le Belge \u00e9tait arriv\u00e9 \u00e0 Monaco en 2021 [&#8230;]\n","protected":false},"author":2,"featured_media":0,"comment_status":"closed","ping_status":"open","sticky":false,"template":"","format":"standard","meta":[],"categories":[6],"tags":[76,86,310],"yoast_head":"<!-- This site is optimized with the Yoast SEO plugin v19.8 - https:\/\/yoast.com\/wordpress\/plugins\/seo\/ -->\n<title>De Maesschalck devrait rejoindre Strasbourg - La Diagonale<\/title>\n<meta name=\"robots\" content=\"index, follow, max-snippet:-1, max-image-preview:large, max-video-preview:-1\" \/>\n<link rel=\"canonical\" href=\"https:\/\/www.ladiagonale.net\/index.php\/2024\/06\/24\/de-maesschalck-devrait-rejoindre-strasbourg\/\" \/>\n<meta property=\"og:locale\" content=\"fr_FR\" \/>\n<meta property=\"og:type\" content=\"article\" \/>\n<meta property=\"og:title\" content=\"De Maesschalck devrait rejoindre Strasbourg - La Diagonale\" \/>\n<meta property=\"og:description\" content=\"L\u2019AS Monaco devrait perdre l\u2019un des hommes forts de son Academy. Selon L\u2019\u00c9quipe, le Directeur du d\u00e9veloppement des jeunes joueurs Pascal de Maesschalck devrait quitter le club de la Principaut\u00e9 pour s\u2019envoler pour Strasbourg, o\u00f9 il deviendrait Directeur technique. Reconnu comme l&rsquo;un des meilleurs formateurs en Europe, le Belge \u00e9tait arriv\u00e9 \u00e0 Monaco en 2021 [...]\" \/>\n<meta property=\"og:url\" content=\"https:\/\/www.ladiagonale.net\/index.php\/2024\/06\/24\/de-maesschalck-devrait-rejoindre-strasbourg\/\" \/>\n<meta property=\"og:site_name\" content=\"La Diagonale\" \/>\n<meta property=\"article:published_time\" content=\"2024-06-24T10:37:17+00:00\" \/>\n<meta property=\"article:modified_time\" content=\"2024-06-24T10:37:19+00:00\" \/>\n<meta property=\"og:image\" content=\"https:\/\/www.ladiagonale.net\/wp-content\/uploads\/2022\/11\/demaesschalck.png\" \/>\n\t<meta property=\"og:image:width\" content=\"1160\" \/>\n\t<meta property=\"og:image:height\" content=\"650\" \/>\n\t<meta property=\"og:image:type\" content=\"image\/png\" \/>\n<meta name=\"author\" content=\"Damien Dellerba\" \/>\n<meta name=\"twitter:card\" content=\"summary_large_image\" \/>\n<meta name=\"twitter:image\" content=\"https:\/\/www.ladiagonale.net\/wp-content\/uploads\/2022\/11\/demaesschalck.png\" \/>\n<meta name=\"twitter:label1\" content=\"\u00c9crit par\" \/>\n\t<meta name=\"twitter:data1\" content=\"Damien Dellerba\" \/>\n\t<meta name=\"twitter:label2\" content=\"Dur\u00e9e de lecture estim\u00e9e\" \/>\n\t<meta name=\"twitter:data2\" content=\"1 minute\" \/>\n<script type=\"application\/ld+json\" class=\"yoast-schema-graph\">{\"@context\":\"https:\/\/schema.org\",\"@graph\":[{\"@type\":\"WebPage\",\"@id\":\"https:\/\/www.ladiagonale.net\/index.php\/2024\/06\/24\/de-maesschalck-devrait-rejoindre-strasbourg\/\",\"url\":\"https:\/\/www.ladiagonale.net\/index.php\/2024\/06\/24\/de-maesschalck-devrait-rejoindre-strasbourg\/\",\"name\":\"De Maesschalck devrait rejoindre Strasbourg - La Diagonale\",\"isPartOf\":{\"@id\":\"https:\/\/www.ladiagonale.net\/#website\"},\"datePublished\":\"2024-06-24T10:37:17+00:00\",\"dateModified\":\"2024-06-24T10:37:19+00:00\",\"author\":{\"@id\":\"https:\/\/www.ladiagonale.net\/#\/schema\/person\/79ff1e7b0853ed01b2aa26e64ad300bf\"},\"breadcrumb\":{\"@id\":\"https:\/\/www.ladiagonale.net\/index.php\/2024\/06\/24\/de-maesschalck-devrait-rejoindre-strasbourg\/#breadcrumb\"},\"inLanguage\":\"fr-FR\",\"potentialAction\":[{\"@type\":\"ReadAction\",\"target\":[\"https:\/\/www.ladiagonale.net\/index.php\/2024\/06\/24\/de-maesschalck-devrait-rejoindre-strasbourg\/\"]}]},{\"@type\":\"BreadcrumbList\",\"@id\":\"https:\/\/www.ladiagonale.net\/index.php\/2024\/06\/24\/de-maesschalck-devrait-rejoindre-strasbourg\/#breadcrumb\",\"itemListElement\":[{\"@type\":\"ListItem\",\"position\":1,\"name\":\"Accueil\",\"item\":\"https:\/\/www.ladiagonale.net\/\"},{\"@type\":\"ListItem\",\"position\":2,\"name\":\"De Maesschalck devrait rejoindre Strasbourg\"}]},{\"@type\":\"WebSite\",\"@id\":\"https:\/\/www.ladiagonale.net\/#website\",\"url\":\"https:\/\/www.ladiagonale.net\/\",\"name\":\"La Diagonale\",\"description\":\"Le site des supporters de l&#039;AS Monaco FC\",\"potentialAction\":[{\"@type\":\"SearchAction\",\"target\":{\"@type\":\"EntryPoint\",\"urlTemplate\":\"https:\/\/www.ladiagonale.net\/?s={search_term_string}\"},\"query-input\":\"required name=search_term_string\"}],\"inLanguage\":\"fr-FR\"},{\"@type\":\"Person\",\"@id\":\"https:\/\/www.ladiagonale.net\/#\/schema\/person\/79ff1e7b0853ed01b2aa26e64ad300bf\",\"name\":\"Damien Dellerba\",\"image\":{\"@type\":\"ImageObject\",\"inLanguage\":\"fr-FR\",\"@id\":\"https:\/\/www.ladiagonale.net\/#\/schema\/person\/image\/\",\"url\":\"https:\/\/secure.gravatar.com\/avatar\/c7850e06d3ff63cdbaee88b7fc16e2f0?s=96&d=mm&r=g\",\"contentUrl\":\"https:\/\/secure.gravatar.com\/avatar\/c7850e06d3ff63cdbaee88b7fc16e2f0?s=96&d=mm&r=g\",\"caption\":\"Damien Dellerba\"},\"url\":\"https:\/\/www.ladiagonale.net\/index.php\/author\/damien\/\"}]}<\/script>\n<!-- \/ Yoast SEO plugin. -->","yoast_head_json":{"title":"De Maesschalck devrait rejoindre Strasbourg - La Diagonale","robots":{"index":"index","follow":"follow","max-snippet":"max-snippet:-1","max-image-preview":"max-image-preview:large","max-video-preview":"max-video-preview:-1"},"canonical":"https:\/\/www.ladiagonale.net\/index.php\/2024\/06\/24\/de-maesschalck-devrait-rejoindre-strasbourg\/","og_locale":"fr_FR","og_type":"article","og_title":"De Maesschalck devrait rejoindre Strasbourg - La Diagonale","og_description":"L\u2019AS Monaco devrait perdre l\u2019un des hommes forts de son Academy. Selon L\u2019\u00c9quipe, le Directeur du d\u00e9veloppement des jeunes joueurs Pascal de Maesschalck devrait quitter le club de la Principaut\u00e9 pour s\u2019envoler pour Strasbourg, o\u00f9 il deviendrait Directeur technique. Reconnu comme l&rsquo;un des meilleurs formateurs en Europe, le Belge \u00e9tait arriv\u00e9 \u00e0 Monaco en 2021 [...]","og_url":"https:\/\/www.ladiagonale.net\/index.php\/2024\/06\/24\/de-maesschalck-devrait-rejoindre-strasbourg\/","og_site_name":"La Diagonale","article_published_time":"2024-06-24T10:37:17+00:00","article_modified_time":"2024-06-24T10:37:19+00:00","og_image":[{"width":1160,"height":650,"url":"https:\/\/www.ladiagonale.net\/wp-content\/uploads\/2022\/11\/demaesschalck.png","type":"image\/png"}],"author":"Damien Dellerba","twitter_card":"summary_large_image","twitter_image":"https:\/\/www.ladiagonale.net\/wp-content\/uploads\/2022\/11\/demaesschalck.png","twitter_misc":{"\u00c9crit par":"Damien Dellerba","Dur\u00e9e de lecture estim\u00e9e":"1 minute"},"schema":{"@context":"https:\/\/schema.org","@graph":[{"@type":"WebPage","@id":"https:\/\/www.ladiagonale.net\/index.php\/2024\/06\/24\/de-maesschalck-devrait-rejoindre-strasbourg\/","url":"https:\/\/www.ladiagonale.net\/index.php\/2024\/06\/24\/de-maesschalck-devrait-rejoindre-strasbourg\/","name":"De Maesschalck devrait rejoindre Strasbourg - La Diagonale","isPartOf":{"@id":"https:\/\/www.ladiagonale.net\/#website"},"datePublished":"2024-06-24T10:37:17+00:00","dateModified":"2024-06-24T10:37:19+00:00","author":{"@id":"https:\/\/www.ladiagonale.net\/#\/schema\/person\/79ff1e7b0853ed01b2aa26e64ad300bf"},"breadcrumb":{"@id":"https:\/\/www.ladiagonale.net\/index.php\/2024\/06\/24\/de-maesschalck-devrait-rejoindre-strasbourg\/#breadcrumb"},"inLanguage":"fr-FR","potentialAction":[{"@type":"ReadAction","target":["https:\/\/www.ladiagonale.net\/index.php\/2024\/06\/24\/de-maesschalck-devrait-rejoindre-strasbourg\/"]}]},{"@type":"BreadcrumbList","@id":"https:\/\/www.ladiagonale.net\/index.php\/2024\/06\/24\/de-maesschalck-devrait-rejoindre-strasbourg\/#breadcrumb","itemListElement":[{"@type":"ListItem","position":1,"name":"Accueil","item":"https:\/\/www.ladiagonale.net\/"},{"@type":"ListItem","position":2,"name":"De Maesschalck devrait rejoindre Strasbourg"}]},{"@type":"WebSite","@id":"https:\/\/www.ladiagonale.net\/#website","url":"https:\/\/www.ladiagonale.net\/","name":"La Diagonale","description":"Le site des supporters de l&#039;AS Monaco FC","potentialAction":[{"@type":"SearchAction","target":{"@type":"EntryPoint","urlTemplate":"https:\/\/www.ladiagonale.net\/?s={search_term_string}"},"query-input":"required name=search_term_string"}],"inLanguage":"fr-FR"},{"@type":"Person","@id":"https:\/\/www.ladiagonale.net\/#\/schema\/person\/79ff1e7b0853ed01b2aa26e64ad300bf","name":"Damien Dellerba","image":{"@type":"ImageObject","inLanguage":"fr-FR","@id":"https:\/\/www.ladiagonale.net\/#\/schema\/person\/image\/","url":"https:\/\/secure.gravatar.com\/avatar\/c7850e06d3ff63cdbaee88b7fc16e2f0?s=96&d=mm&r=g","contentUrl":"https:\/\/secure.gravatar.com\/avatar\/c7850e06d3ff63cdbaee88b7fc16e2f0?s=96&d=mm&r=g","caption":"Damien Dellerba"},"url":"https:\/\/www.ladiagonale.net\/index.php\/author\/damien\/"}]}},"_links":{"self":[{"href":"https:\/\/www.ladiagonale.net\/index.php\/wp-json\/wp\/v2\/posts\/24132"}],"collection":[{"href":"https:\/\/www.ladiagonale.net\/index.php\/wp-json\/wp\/v2\/posts"}],"about":[{"href":"https:\/\/www.ladiagonale.net\/index.php\/wp-json\/wp\/v2\/types\/post"}],"author":[{"embeddable":true,"href":"https:\/\/www.ladiagonale.net\/index.php\/wp-json\/wp\/v2\/users\/2"}],"replies":[{"embeddable":true,"href":"https:\/\/www.ladiagonale.net\/index.php\/wp-json\/wp\/v2\/comments?post=24132"}],"version-history":[{"count":2,"href":"https:\/\/www.ladiagonale.net\/index.php\/wp-json\/wp\/v2\/posts\/24132\/revisions"}],"predecessor-version":[{"id":24134,"href":"https:\/\/www.ladiagonale.net\/index.php\/wp-json\/wp\/v2\/posts\/24132\/revisions\/24134"}],"wp:attachment":[{"href":"https:\/\/www.ladiagonale.net\/index.php\/wp-json\/wp\/v2\/media?parent=24132"}],"wp:term":[{"taxonomy":"category","embeddable":true,"href":"https:\/\/www.ladiagonale.net\/index.php\/wp-json\/wp\/v2\/categories?post=24132"},{"taxonomy":"post_tag","embeddable":true,"href":"https:\/\/www.ladiagonale.net\/index.php\/wp-json\/wp\/v2\/tags?post=24132"}],"curies":[{"name":"wp","href":"https:\/\/api.w.org\/{rel}","templated":true}]}}