{"id":24137,"date":"2024-06-24T15:28:29","date_gmt":"2024-06-24T13:28:29","guid":{"rendered":"https:\/\/www.ladiagonale.net\/?p=24137"},"modified":"2024-06-24T15:30:07","modified_gmt":"2024-06-24T13:30:07","slug":"lentraineur-des-gardiens-de-lacademy-suivrait-de-maesschalck-a-strasbourg","status":"publish","type":"post","link":"https:\/\/www.ladiagonale.net\/index.php\/2024\/06\/24\/lentraineur-des-gardiens-de-lacademy-suivrait-de-maesschalck-a-strasbourg\/","title":{"rendered":"L&rsquo;entra\u00eeneur des gardiens de l&rsquo;Acad\u00e9my suivrait De Maesschalck \u00e0 Strasbourg"},"content":{"rendered":"\n\n\n<p>Lundi matin, <em>L&rsquo;\u00c9quipe<\/em> a r\u00e9v\u00e9l\u00e9<a href=\"https:\/\/www.ladiagonale.net\/index.php\/2024\/06\/24\/de-maesschalck-devrait-rejoindre-strasbourg\/\" target=\"_blank\" rel=\"noreferrer noopener\"> le d\u00e9part \u00e0 venir de Pascal De Maesschalck<\/a> pour devenir le nouveau Directeur technique du Racing Club de Strasbourg. Celui qui occupe la fonction de Directeur du d\u00e9veloppement des jeunes joueurs ne rejoindra pas l&rsquo;Alsace seul puisque, toujours selon le quotidien, il emm\u00e8nerait S\u00e9bastien Gimenez, l&rsquo;entra\u00eeneur des gardiens du centre de formation, dans ses valises.<\/p>\n\n\n\n<p>Gimenez avait rejoint l&rsquo;ASM en janvier 2022 et travaill\u00e9 \u00e0 la formation des jeunes portiers as\u00e9mistes en bin\u00f4me avec Christophe Almeras avant le d\u00e9part de celui-ci, puis plus sp\u00e9cifiquement de ceux du Groupe \u00c9lite. En cours d&rsquo;ann\u00e9e, avec <a href=\"https:\/\/www.ladiagonale.net\/index.php\/2024\/02\/22\/perrinelle-devrait-renforcer-le-staff-de-lequipe-premiere\/\" target=\"_blank\" rel=\"noreferrer noopener\">l&rsquo;int\u00e9gration de Damien Perrinelle au staff d&rsquo;Adi H\u00fctter<\/a>, ses pr\u00e9rogatives s&rsquo;\u00e9taient quelque peu \u00e9largies lorsque S\u00e9bastien Muet avait repris la t\u00eate du Groupe \u00c9lite.<\/p>\n","protected":false},"excerpt":{"rendered":"<p>Lundi matin, L&rsquo;\u00c9quipe a r\u00e9v\u00e9l\u00e9 le d\u00e9part \u00e0 venir de Pascal De Maesschalck pour devenir le nouveau Directeur technique du Racing Club de Strasbourg. Celui qui occupe la fonction de Directeur du d\u00e9veloppement des jeunes joueurs ne rejoindra pas l&rsquo;Alsace seul puisque, toujours selon le quotidien, il emm\u00e8nerait S\u00e9bastien Gimenez, l&rsquo;entra\u00eeneur des gardiens du centre [&#8230;]\n","protected":false},"author":2,"featured_media":0,"comment_status":"open","ping_status":"open","sticky":false,"template":"","format":"standard","meta":[],"categories":[6],"tags":[76,86,580,310,876],"yoast_head":"<!-- This site is optimized with the Yoast SEO plugin v19.8 - https:\/\/yoast.com\/wordpress\/plugins\/seo\/ -->\n<title>L&#039;entra\u00eeneur des gardiens de l&#039;Acad\u00e9my suivrait De Maesschalck \u00e0 Strasbourg - La Diagonale<\/title>\n<meta name=\"robots\" content=\"index, follow, max-snippet:-1, max-image-preview:large, max-video-preview:-1\" \/>\n<link rel=\"canonical\" href=\"https:\/\/www.ladiagonale.net\/index.php\/2024\/06\/24\/lentraineur-des-gardiens-de-lacademy-suivrait-de-maesschalck-a-strasbourg\/\" \/>\n<meta property=\"og:locale\" content=\"fr_FR\" \/>\n<meta property=\"og:type\" content=\"article\" \/>\n<meta property=\"og:title\" content=\"L&#039;entra\u00eeneur des gardiens de l&#039;Acad\u00e9my suivrait De Maesschalck \u00e0 Strasbourg - La Diagonale\" \/>\n<meta property=\"og:description\" content=\"Lundi matin, L&rsquo;\u00c9quipe a r\u00e9v\u00e9l\u00e9 le d\u00e9part \u00e0 venir de Pascal De Maesschalck pour devenir le nouveau Directeur technique du Racing Club de Strasbourg. Celui qui occupe la fonction de Directeur du d\u00e9veloppement des jeunes joueurs ne rejoindra pas l&rsquo;Alsace seul puisque, toujours selon le quotidien, il emm\u00e8nerait S\u00e9bastien Gimenez, l&rsquo;entra\u00eeneur des gardiens du centre [...]\" \/>\n<meta property=\"og:url\" content=\"https:\/\/www.ladiagonale.net\/index.php\/2024\/06\/24\/lentraineur-des-gardiens-de-lacademy-suivrait-de-maesschalck-a-strasbourg\/\" \/>\n<meta property=\"og:site_name\" content=\"La Diagonale\" \/>\n<meta property=\"article:published_time\" content=\"2024-06-24T13:28:29+00:00\" \/>\n<meta property=\"article:modified_time\" content=\"2024-06-24T13:30:07+00:00\" \/>\n<meta property=\"og:image\" content=\"https:\/\/www.ladiagonale.net\/wp-content\/uploads\/2024\/06\/Gimenez.png\" \/>\n\t<meta property=\"og:image:width\" content=\"1160\" \/>\n\t<meta property=\"og:image:height\" content=\"650\" \/>\n\t<meta property=\"og:image:type\" content=\"image\/png\" \/>\n<meta name=\"author\" content=\"Damien Dellerba\" \/>\n<meta name=\"twitter:card\" content=\"summary_large_image\" \/>\n<meta name=\"twitter:image\" content=\"https:\/\/www.ladiagonale.net\/wp-content\/uploads\/2024\/06\/Gimenez.png\" \/>\n<meta name=\"twitter:label1\" content=\"\u00c9crit par\" \/>\n\t<meta name=\"twitter:data1\" content=\"Damien Dellerba\" \/>\n\t<meta name=\"twitter:label2\" content=\"Dur\u00e9e de lecture estim\u00e9e\" \/>\n\t<meta name=\"twitter:data2\" content=\"1 minute\" \/>\n<script type=\"application\/ld+json\" class=\"yoast-schema-graph\">{\"@context\":\"https:\/\/schema.org\",\"@graph\":[{\"@type\":\"WebPage\",\"@id\":\"https:\/\/www.ladiagonale.net\/index.php\/2024\/06\/24\/lentraineur-des-gardiens-de-lacademy-suivrait-de-maesschalck-a-strasbourg\/\",\"url\":\"https:\/\/www.ladiagonale.net\/index.php\/2024\/06\/24\/lentraineur-des-gardiens-de-lacademy-suivrait-de-maesschalck-a-strasbourg\/\",\"name\":\"L'entra\u00eeneur des gardiens de l'Acad\u00e9my suivrait De Maesschalck \u00e0 Strasbourg - La Diagonale\",\"isPartOf\":{\"@id\":\"https:\/\/www.ladiagonale.net\/#website\"},\"datePublished\":\"2024-06-24T13:28:29+00:00\",\"dateModified\":\"2024-06-24T13:30:07+00:00\",\"author\":{\"@id\":\"https:\/\/www.ladiagonale.net\/#\/schema\/person\/79ff1e7b0853ed01b2aa26e64ad300bf\"},\"breadcrumb\":{\"@id\":\"https:\/\/www.ladiagonale.net\/index.php\/2024\/06\/24\/lentraineur-des-gardiens-de-lacademy-suivrait-de-maesschalck-a-strasbourg\/#breadcrumb\"},\"inLanguage\":\"fr-FR\",\"potentialAction\":[{\"@type\":\"ReadAction\",\"target\":[\"https:\/\/www.ladiagonale.net\/index.php\/2024\/06\/24\/lentraineur-des-gardiens-de-lacademy-suivrait-de-maesschalck-a-strasbourg\/\"]}]},{\"@type\":\"BreadcrumbList\",\"@id\":\"https:\/\/www.ladiagonale.net\/index.php\/2024\/06\/24\/lentraineur-des-gardiens-de-lacademy-suivrait-de-maesschalck-a-strasbourg\/#breadcrumb\",\"itemListElement\":[{\"@type\":\"ListItem\",\"position\":1,\"name\":\"Accueil\",\"item\":\"https:\/\/www.ladiagonale.net\/\"},{\"@type\":\"ListItem\",\"position\":2,\"name\":\"L&rsquo;entra\u00eeneur des gardiens de l&rsquo;Acad\u00e9my suivrait De Maesschalck \u00e0 Strasbourg\"}]},{\"@type\":\"WebSite\",\"@id\":\"https:\/\/www.ladiagonale.net\/#website\",\"url\":\"https:\/\/www.ladiagonale.net\/\",\"name\":\"La Diagonale\",\"description\":\"Le site des supporters de l&#039;AS Monaco FC\",\"potentialAction\":[{\"@type\":\"SearchAction\",\"target\":{\"@type\":\"EntryPoint\",\"urlTemplate\":\"https:\/\/www.ladiagonale.net\/?s={search_term_string}\"},\"query-input\":\"required name=search_term_string\"}],\"inLanguage\":\"fr-FR\"},{\"@type\":\"Person\",\"@id\":\"https:\/\/www.ladiagonale.net\/#\/schema\/person\/79ff1e7b0853ed01b2aa26e64ad300bf\",\"name\":\"Damien Dellerba\",\"image\":{\"@type\":\"ImageObject\",\"inLanguage\":\"fr-FR\",\"@id\":\"https:\/\/www.ladiagonale.net\/#\/schema\/person\/image\/\",\"url\":\"https:\/\/secure.gravatar.com\/avatar\/c7850e06d3ff63cdbaee88b7fc16e2f0?s=96&d=mm&r=g\",\"contentUrl\":\"https:\/\/secure.gravatar.com\/avatar\/c7850e06d3ff63cdbaee88b7fc16e2f0?s=96&d=mm&r=g\",\"caption\":\"Damien Dellerba\"},\"url\":\"https:\/\/www.ladiagonale.net\/index.php\/author\/damien\/\"}]}<\/script>\n<!-- \/ Yoast SEO plugin. -->","yoast_head_json":{"title":"L'entra\u00eeneur des gardiens de l'Acad\u00e9my suivrait De Maesschalck \u00e0 Strasbourg - La Diagonale","robots":{"index":"index","follow":"follow","max-snippet":"max-snippet:-1","max-image-preview":"max-image-preview:large","max-video-preview":"max-video-preview:-1"},"canonical":"https:\/\/www.ladiagonale.net\/index.php\/2024\/06\/24\/lentraineur-des-gardiens-de-lacademy-suivrait-de-maesschalck-a-strasbourg\/","og_locale":"fr_FR","og_type":"article","og_title":"L'entra\u00eeneur des gardiens de l'Acad\u00e9my suivrait De Maesschalck \u00e0 Strasbourg - La Diagonale","og_description":"Lundi matin, L&rsquo;\u00c9quipe a r\u00e9v\u00e9l\u00e9 le d\u00e9part \u00e0 venir de Pascal De Maesschalck pour devenir le nouveau Directeur technique du Racing Club de Strasbourg. Celui qui occupe la fonction de Directeur du d\u00e9veloppement des jeunes joueurs ne rejoindra pas l&rsquo;Alsace seul puisque, toujours selon le quotidien, il emm\u00e8nerait S\u00e9bastien Gimenez, l&rsquo;entra\u00eeneur des gardiens du centre [...]","og_url":"https:\/\/www.ladiagonale.net\/index.php\/2024\/06\/24\/lentraineur-des-gardiens-de-lacademy-suivrait-de-maesschalck-a-strasbourg\/","og_site_name":"La Diagonale","article_published_time":"2024-06-24T13:28:29+00:00","article_modified_time":"2024-06-24T13:30:07+00:00","og_image":[{"width":1160,"height":650,"url":"https:\/\/www.ladiagonale.net\/wp-content\/uploads\/2024\/06\/Gimenez.png","type":"image\/png"}],"author":"Damien Dellerba","twitter_card":"summary_large_image","twitter_image":"https:\/\/www.ladiagonale.net\/wp-content\/uploads\/2024\/06\/Gimenez.png","twitter_misc":{"\u00c9crit par":"Damien Dellerba","Dur\u00e9e de lecture estim\u00e9e":"1 minute"},"schema":{"@context":"https:\/\/schema.org","@graph":[{"@type":"WebPage","@id":"https:\/\/www.ladiagonale.net\/index.php\/2024\/06\/24\/lentraineur-des-gardiens-de-lacademy-suivrait-de-maesschalck-a-strasbourg\/","url":"https:\/\/www.ladiagonale.net\/index.php\/2024\/06\/24\/lentraineur-des-gardiens-de-lacademy-suivrait-de-maesschalck-a-strasbourg\/","name":"L'entra\u00eeneur des gardiens de l'Acad\u00e9my suivrait De Maesschalck \u00e0 Strasbourg - La Diagonale","isPartOf":{"@id":"https:\/\/www.ladiagonale.net\/#website"},"datePublished":"2024-06-24T13:28:29+00:00","dateModified":"2024-06-24T13:30:07+00:00","author":{"@id":"https:\/\/www.ladiagonale.net\/#\/schema\/person\/79ff1e7b0853ed01b2aa26e64ad300bf"},"breadcrumb":{"@id":"https:\/\/www.ladiagonale.net\/index.php\/2024\/06\/24\/lentraineur-des-gardiens-de-lacademy-suivrait-de-maesschalck-a-strasbourg\/#breadcrumb"},"inLanguage":"fr-FR","potentialAction":[{"@type":"ReadAction","target":["https:\/\/www.ladiagonale.net\/index.php\/2024\/06\/24\/lentraineur-des-gardiens-de-lacademy-suivrait-de-maesschalck-a-strasbourg\/"]}]},{"@type":"BreadcrumbList","@id":"https:\/\/www.ladiagonale.net\/index.php\/2024\/06\/24\/lentraineur-des-gardiens-de-lacademy-suivrait-de-maesschalck-a-strasbourg\/#breadcrumb","itemListElement":[{"@type":"ListItem","position":1,"name":"Accueil","item":"https:\/\/www.ladiagonale.net\/"},{"@type":"ListItem","position":2,"name":"L&rsquo;entra\u00eeneur des gardiens de l&rsquo;Acad\u00e9my suivrait De Maesschalck \u00e0 Strasbourg"}]},{"@type":"WebSite","@id":"https:\/\/www.ladiagonale.net\/#website","url":"https:\/\/www.ladiagonale.net\/","name":"La Diagonale","description":"Le site des supporters de l&#039;AS Monaco FC","potentialAction":[{"@type":"SearchAction","target":{"@type":"EntryPoint","urlTemplate":"https:\/\/www.ladiagonale.net\/?s={search_term_string}"},"query-input":"required name=search_term_string"}],"inLanguage":"fr-FR"},{"@type":"Person","@id":"https:\/\/www.ladiagonale.net\/#\/schema\/person\/79ff1e7b0853ed01b2aa26e64ad300bf","name":"Damien Dellerba","image":{"@type":"ImageObject","inLanguage":"fr-FR","@id":"https:\/\/www.ladiagonale.net\/#\/schema\/person\/image\/","url":"https:\/\/secure.gravatar.com\/avatar\/c7850e06d3ff63cdbaee88b7fc16e2f0?s=96&d=mm&r=g","contentUrl":"https:\/\/secure.gravatar.com\/avatar\/c7850e06d3ff63cdbaee88b7fc16e2f0?s=96&d=mm&r=g","caption":"Damien Dellerba"},"url":"https:\/\/www.ladiagonale.net\/index.php\/author\/damien\/"}]}},"_links":{"self":[{"href":"https:\/\/www.ladiagonale.net\/index.php\/wp-json\/wp\/v2\/posts\/24137"}],"collection":[{"href":"https:\/\/www.ladiagonale.net\/index.php\/wp-json\/wp\/v2\/posts"}],"about":[{"href":"https:\/\/www.ladiagonale.net\/index.php\/wp-json\/wp\/v2\/types\/post"}],"author":[{"embeddable":true,"href":"https:\/\/www.ladiagonale.net\/index.php\/wp-json\/wp\/v2\/users\/2"}],"replies":[{"embeddable":true,"href":"https:\/\/www.ladiagonale.net\/index.php\/wp-json\/wp\/v2\/comments?post=24137"}],"version-history":[{"count":6,"href":"https:\/\/www.ladiagonale.net\/index.php\/wp-json\/wp\/v2\/posts\/24137\/revisions"}],"predecessor-version":[{"id":24144,"href":"https:\/\/www.ladiagonale.net\/index.php\/wp-json\/wp\/v2\/posts\/24137\/revisions\/24144"}],"wp:attachment":[{"href":"https:\/\/www.ladiagonale.net\/index.php\/wp-json\/wp\/v2\/media?parent=24137"}],"wp:term":[{"taxonomy":"category","embeddable":true,"href":"https:\/\/www.ladiagonale.net\/index.php\/wp-json\/wp\/v2\/categories?post=24137"},{"taxonomy":"post_tag","embeddable":true,"href":"https:\/\/www.ladiagonale.net\/index.php\/wp-json\/wp\/v2\/tags?post=24137"}],"curies":[{"name":"wp","href":"https:\/\/api.w.org\/{rel}","templated":true}]}}