{"id":24145,"date":"2024-06-24T17:45:57","date_gmt":"2024-06-24T15:45:57","guid":{"rendered":"https:\/\/www.ladiagonale.net\/?p=24145"},"modified":"2024-06-24T17:49:17","modified_gmt":"2024-06-24T15:49:17","slug":"15-joueurs-pour-la-reprise","status":"publish","type":"post","link":"https:\/\/www.ladiagonale.net\/index.php\/2024\/06\/24\/15-joueurs-pour-la-reprise\/","title":{"rendered":"15 joueurs pour la reprise"},"content":{"rendered":"\n\n\n<p>C&rsquo;est la reprise du c\u00f4t\u00e9 de l&rsquo;AS Monaco ! Ce lundi, 15 Rouge et Blanc ont retrouv\u00e9 le chemin de La Turbie et du Centre de performance. L&rsquo;ASM fait partie des premiers clubs de Ligue 1 \u00e0 reprendre aussi t\u00f4t, avec Montpellier, et cela ne sera sans doute pas de trop pour pr\u00e9parer une saison qui s&rsquo;annonce charg\u00e9e avec le retour de la Ligue des champions. Au programme, des premiers tests m\u00e9dicaux qui vont se poursuivre \u00e9galement sur la journ\u00e9e de mardi, avant un premier entra\u00eenement mercredi.<\/p>\n\n\n\n<p>C&rsquo;est forc\u00e9ment <a href=\"https:\/\/www.ladiagonale.net\/index.php\/2024\/06\/23\/une-reprise-en-petit-comite-ce-lundi\/\" target=\"_blank\" rel=\"noreferrer noopener\">en comit\u00e9 restreint<\/a> que les Mon\u00e9gasques se sont retrouv\u00e9s, \u00e0 cause de nombreux joueurs sollicit\u00e9s dans les diverses s\u00e9lections. Parmi les absences notables de ce premier jour, le Br\u00e9silien Vanderson qui n&rsquo;\u00e9tait pourtant pas retenu par la <em>Sele\u00e7ao<\/em>. Plusieurs jeunes, tels que Nazim Baba\u00ef, <a href=\"https:\/\/www.ladiagonale.net\/index.php\/2024\/06\/04\/officiel-bery-passe-professionnel\/\" target=\"_blank\" rel=\"noreferrer noopener\">le nouveau pro<\/a> Jules Bery ou encore Romaric Etonde, ont \u00e9t\u00e9 int\u00e9gr\u00e9s \u00e0 cette reprise. Des joueurs pr\u00eat\u00e9s la saison derni\u00e8re, seul F\u00e9lix Lemarechal \u00e9tait pr\u00e9sent. Mais d&rsquo;ici le 1<sup>er<\/sup> juillet, les rangs du groupe se verront garnis par plusieurs retours.<\/p>\n\n\n\n<p>Victime d&rsquo;une rupture des ligaments crois\u00e9s au genou gauche lors de la 34<sup>e<\/sup> journ\u00e9e de Ligue 1 contre Nantes, Mamadou Coulibaly \u00e9tait \u00e9galement l\u00e0 pour poursuivre sa convalescence.<\/p>\n\n\n\n<h3>Le groupe pr\u00e9sent \u00e0 la reprise<\/h3>\n\n\n\n<ul><li><strong>Gardiens :<\/strong>&nbsp;K\u00f6hn, Majecki<\/li><li><strong>D\u00e9fenseurs :<\/strong>&nbsp;Baba\u00ef, Bery, C. Henrique, Jakobs, Kehrer, Platret, Valme<\/li><li><strong>Milieux :<\/strong> Coulibaly (convalescence), Diatta, Diop, Golovin, Lemarechal<\/li><li><strong>Attaquant :<\/strong> Etonde<\/li><\/ul>\n","protected":false},"excerpt":{"rendered":"<p>C&rsquo;est la reprise du c\u00f4t\u00e9 de l&rsquo;AS Monaco ! Ce lundi, 15 Rouge et Blanc ont retrouv\u00e9 le chemin de La Turbie et du Centre de performance. L&rsquo;ASM fait partie des premiers clubs de Ligue 1 \u00e0 reprendre aussi t\u00f4t, avec Montpellier, et cela ne sera sans doute pas de trop pour pr\u00e9parer une saison [&#8230;]\n","protected":false},"author":2,"featured_media":0,"comment_status":"open","ping_status":"open","sticky":false,"template":"","format":"standard","meta":[],"categories":[4,6],"tags":[86,503,594,873],"yoast_head":"<!-- This site is optimized with the Yoast SEO plugin v19.8 - https:\/\/yoast.com\/wordpress\/plugins\/seo\/ -->\n<title>15 joueurs pour la reprise - La Diagonale<\/title>\n<meta name=\"robots\" content=\"index, follow, max-snippet:-1, max-image-preview:large, max-video-preview:-1\" \/>\n<link rel=\"canonical\" href=\"https:\/\/www.ladiagonale.net\/index.php\/2024\/06\/24\/15-joueurs-pour-la-reprise\/\" \/>\n<meta property=\"og:locale\" content=\"fr_FR\" \/>\n<meta property=\"og:type\" content=\"article\" \/>\n<meta property=\"og:title\" content=\"15 joueurs pour la reprise - La Diagonale\" \/>\n<meta property=\"og:description\" content=\"C&rsquo;est la reprise du c\u00f4t\u00e9 de l&rsquo;AS Monaco ! Ce lundi, 15 Rouge et Blanc ont retrouv\u00e9 le chemin de La Turbie et du Centre de performance. L&rsquo;ASM fait partie des premiers clubs de Ligue 1 \u00e0 reprendre aussi t\u00f4t, avec Montpellier, et cela ne sera sans doute pas de trop pour pr\u00e9parer une saison [...]\" \/>\n<meta property=\"og:url\" content=\"https:\/\/www.ladiagonale.net\/index.php\/2024\/06\/24\/15-joueurs-pour-la-reprise\/\" \/>\n<meta property=\"og:site_name\" content=\"La Diagonale\" \/>\n<meta property=\"article:published_time\" content=\"2024-06-24T15:45:57+00:00\" \/>\n<meta property=\"article:modified_time\" content=\"2024-06-24T15:49:17+00:00\" \/>\n<meta property=\"og:image\" content=\"https:\/\/www.ladiagonale.net\/wp-content\/uploads\/2024\/06\/reprise24.png\" \/>\n\t<meta property=\"og:image:width\" content=\"1160\" \/>\n\t<meta property=\"og:image:height\" content=\"650\" \/>\n\t<meta property=\"og:image:type\" content=\"image\/png\" \/>\n<meta name=\"author\" content=\"Damien Dellerba\" \/>\n<meta name=\"twitter:card\" content=\"summary_large_image\" \/>\n<meta name=\"twitter:image\" content=\"https:\/\/www.ladiagonale.net\/wp-content\/uploads\/2024\/06\/reprise24.png\" \/>\n<meta name=\"twitter:label1\" content=\"\u00c9crit par\" \/>\n\t<meta name=\"twitter:data1\" content=\"Damien Dellerba\" \/>\n\t<meta name=\"twitter:label2\" content=\"Dur\u00e9e de lecture estim\u00e9e\" \/>\n\t<meta name=\"twitter:data2\" content=\"2 minutes\" \/>\n<script type=\"application\/ld+json\" class=\"yoast-schema-graph\">{\"@context\":\"https:\/\/schema.org\",\"@graph\":[{\"@type\":\"WebPage\",\"@id\":\"https:\/\/www.ladiagonale.net\/index.php\/2024\/06\/24\/15-joueurs-pour-la-reprise\/\",\"url\":\"https:\/\/www.ladiagonale.net\/index.php\/2024\/06\/24\/15-joueurs-pour-la-reprise\/\",\"name\":\"15 joueurs pour la reprise - La Diagonale\",\"isPartOf\":{\"@id\":\"https:\/\/www.ladiagonale.net\/#website\"},\"datePublished\":\"2024-06-24T15:45:57+00:00\",\"dateModified\":\"2024-06-24T15:49:17+00:00\",\"author\":{\"@id\":\"https:\/\/www.ladiagonale.net\/#\/schema\/person\/79ff1e7b0853ed01b2aa26e64ad300bf\"},\"breadcrumb\":{\"@id\":\"https:\/\/www.ladiagonale.net\/index.php\/2024\/06\/24\/15-joueurs-pour-la-reprise\/#breadcrumb\"},\"inLanguage\":\"fr-FR\",\"potentialAction\":[{\"@type\":\"ReadAction\",\"target\":[\"https:\/\/www.ladiagonale.net\/index.php\/2024\/06\/24\/15-joueurs-pour-la-reprise\/\"]}]},{\"@type\":\"BreadcrumbList\",\"@id\":\"https:\/\/www.ladiagonale.net\/index.php\/2024\/06\/24\/15-joueurs-pour-la-reprise\/#breadcrumb\",\"itemListElement\":[{\"@type\":\"ListItem\",\"position\":1,\"name\":\"Accueil\",\"item\":\"https:\/\/www.ladiagonale.net\/\"},{\"@type\":\"ListItem\",\"position\":2,\"name\":\"15 joueurs pour la reprise\"}]},{\"@type\":\"WebSite\",\"@id\":\"https:\/\/www.ladiagonale.net\/#website\",\"url\":\"https:\/\/www.ladiagonale.net\/\",\"name\":\"La Diagonale\",\"description\":\"Le site des supporters de l&#039;AS Monaco FC\",\"potentialAction\":[{\"@type\":\"SearchAction\",\"target\":{\"@type\":\"EntryPoint\",\"urlTemplate\":\"https:\/\/www.ladiagonale.net\/?s={search_term_string}\"},\"query-input\":\"required name=search_term_string\"}],\"inLanguage\":\"fr-FR\"},{\"@type\":\"Person\",\"@id\":\"https:\/\/www.ladiagonale.net\/#\/schema\/person\/79ff1e7b0853ed01b2aa26e64ad300bf\",\"name\":\"Damien Dellerba\",\"image\":{\"@type\":\"ImageObject\",\"inLanguage\":\"fr-FR\",\"@id\":\"https:\/\/www.ladiagonale.net\/#\/schema\/person\/image\/\",\"url\":\"https:\/\/secure.gravatar.com\/avatar\/c7850e06d3ff63cdbaee88b7fc16e2f0?s=96&d=mm&r=g\",\"contentUrl\":\"https:\/\/secure.gravatar.com\/avatar\/c7850e06d3ff63cdbaee88b7fc16e2f0?s=96&d=mm&r=g\",\"caption\":\"Damien Dellerba\"},\"url\":\"https:\/\/www.ladiagonale.net\/index.php\/author\/damien\/\"}]}<\/script>\n<!-- \/ Yoast SEO plugin. -->","yoast_head_json":{"title":"15 joueurs pour la reprise - La Diagonale","robots":{"index":"index","follow":"follow","max-snippet":"max-snippet:-1","max-image-preview":"max-image-preview:large","max-video-preview":"max-video-preview:-1"},"canonical":"https:\/\/www.ladiagonale.net\/index.php\/2024\/06\/24\/15-joueurs-pour-la-reprise\/","og_locale":"fr_FR","og_type":"article","og_title":"15 joueurs pour la reprise - La Diagonale","og_description":"C&rsquo;est la reprise du c\u00f4t\u00e9 de l&rsquo;AS Monaco ! Ce lundi, 15 Rouge et Blanc ont retrouv\u00e9 le chemin de La Turbie et du Centre de performance. L&rsquo;ASM fait partie des premiers clubs de Ligue 1 \u00e0 reprendre aussi t\u00f4t, avec Montpellier, et cela ne sera sans doute pas de trop pour pr\u00e9parer une saison [...]","og_url":"https:\/\/www.ladiagonale.net\/index.php\/2024\/06\/24\/15-joueurs-pour-la-reprise\/","og_site_name":"La Diagonale","article_published_time":"2024-06-24T15:45:57+00:00","article_modified_time":"2024-06-24T15:49:17+00:00","og_image":[{"width":1160,"height":650,"url":"https:\/\/www.ladiagonale.net\/wp-content\/uploads\/2024\/06\/reprise24.png","type":"image\/png"}],"author":"Damien Dellerba","twitter_card":"summary_large_image","twitter_image":"https:\/\/www.ladiagonale.net\/wp-content\/uploads\/2024\/06\/reprise24.png","twitter_misc":{"\u00c9crit par":"Damien Dellerba","Dur\u00e9e de lecture estim\u00e9e":"2 minutes"},"schema":{"@context":"https:\/\/schema.org","@graph":[{"@type":"WebPage","@id":"https:\/\/www.ladiagonale.net\/index.php\/2024\/06\/24\/15-joueurs-pour-la-reprise\/","url":"https:\/\/www.ladiagonale.net\/index.php\/2024\/06\/24\/15-joueurs-pour-la-reprise\/","name":"15 joueurs pour la reprise - La Diagonale","isPartOf":{"@id":"https:\/\/www.ladiagonale.net\/#website"},"datePublished":"2024-06-24T15:45:57+00:00","dateModified":"2024-06-24T15:49:17+00:00","author":{"@id":"https:\/\/www.ladiagonale.net\/#\/schema\/person\/79ff1e7b0853ed01b2aa26e64ad300bf"},"breadcrumb":{"@id":"https:\/\/www.ladiagonale.net\/index.php\/2024\/06\/24\/15-joueurs-pour-la-reprise\/#breadcrumb"},"inLanguage":"fr-FR","potentialAction":[{"@type":"ReadAction","target":["https:\/\/www.ladiagonale.net\/index.php\/2024\/06\/24\/15-joueurs-pour-la-reprise\/"]}]},{"@type":"BreadcrumbList","@id":"https:\/\/www.ladiagonale.net\/index.php\/2024\/06\/24\/15-joueurs-pour-la-reprise\/#breadcrumb","itemListElement":[{"@type":"ListItem","position":1,"name":"Accueil","item":"https:\/\/www.ladiagonale.net\/"},{"@type":"ListItem","position":2,"name":"15 joueurs pour la reprise"}]},{"@type":"WebSite","@id":"https:\/\/www.ladiagonale.net\/#website","url":"https:\/\/www.ladiagonale.net\/","name":"La Diagonale","description":"Le site des supporters de l&#039;AS Monaco FC","potentialAction":[{"@type":"SearchAction","target":{"@type":"EntryPoint","urlTemplate":"https:\/\/www.ladiagonale.net\/?s={search_term_string}"},"query-input":"required name=search_term_string"}],"inLanguage":"fr-FR"},{"@type":"Person","@id":"https:\/\/www.ladiagonale.net\/#\/schema\/person\/79ff1e7b0853ed01b2aa26e64ad300bf","name":"Damien Dellerba","image":{"@type":"ImageObject","inLanguage":"fr-FR","@id":"https:\/\/www.ladiagonale.net\/#\/schema\/person\/image\/","url":"https:\/\/secure.gravatar.com\/avatar\/c7850e06d3ff63cdbaee88b7fc16e2f0?s=96&d=mm&r=g","contentUrl":"https:\/\/secure.gravatar.com\/avatar\/c7850e06d3ff63cdbaee88b7fc16e2f0?s=96&d=mm&r=g","caption":"Damien Dellerba"},"url":"https:\/\/www.ladiagonale.net\/index.php\/author\/damien\/"}]}},"_links":{"self":[{"href":"https:\/\/www.ladiagonale.net\/index.php\/wp-json\/wp\/v2\/posts\/24145"}],"collection":[{"href":"https:\/\/www.ladiagonale.net\/index.php\/wp-json\/wp\/v2\/posts"}],"about":[{"href":"https:\/\/www.ladiagonale.net\/index.php\/wp-json\/wp\/v2\/types\/post"}],"author":[{"embeddable":true,"href":"https:\/\/www.ladiagonale.net\/index.php\/wp-json\/wp\/v2\/users\/2"}],"replies":[{"embeddable":true,"href":"https:\/\/www.ladiagonale.net\/index.php\/wp-json\/wp\/v2\/comments?post=24145"}],"version-history":[{"count":4,"href":"https:\/\/www.ladiagonale.net\/index.php\/wp-json\/wp\/v2\/posts\/24145\/revisions"}],"predecessor-version":[{"id":24151,"href":"https:\/\/www.ladiagonale.net\/index.php\/wp-json\/wp\/v2\/posts\/24145\/revisions\/24151"}],"wp:attachment":[{"href":"https:\/\/www.ladiagonale.net\/index.php\/wp-json\/wp\/v2\/media?parent=24145"}],"wp:term":[{"taxonomy":"category","embeddable":true,"href":"https:\/\/www.ladiagonale.net\/index.php\/wp-json\/wp\/v2\/categories?post=24145"},{"taxonomy":"post_tag","embeddable":true,"href":"https:\/\/www.ladiagonale.net\/index.php\/wp-json\/wp\/v2\/tags?post=24145"}],"curies":[{"name":"wp","href":"https:\/\/api.w.org\/{rel}","templated":true}]}}