{"id":24211,"date":"2024-06-28T13:26:03","date_gmt":"2024-06-28T11:26:03","guid":{"rendered":"https:\/\/www.ladiagonale.net\/?p=24211"},"modified":"2024-06-29T10:23:00","modified_gmt":"2024-06-29T08:23:00","slug":"officiel-kiwa-signe-a-monaco","status":"publish","type":"post","link":"https:\/\/www.ladiagonale.net\/index.php\/2024\/06\/28\/officiel-kiwa-signe-a-monaco\/","title":{"rendered":"Officiel : Kiwa signe \u00e0 Monaco"},"content":{"rendered":"\n<p>En ce mercato estival, l\u2019AS Monaco accueille son deuxi\u00e8me d\u00e9fenseur central. Apr\u00e8s Thilo Kehrer, le club de la Principaut\u00e9 a sign\u00e9 Bradel Kiwa pour trois saisons et devra verser des indemnit\u00e9s de formation \u00e0 Strasbourg d\u2019o\u00f9 le joueur \u00e2g\u00e9 de 18 ans arrive pour signer son premier contrat professionnel. Il n\u2019\u00e9voluera pas avec les pros dans l\u2019imm\u00e9diat, puisqu\u2019il rejoindra le Groupe \u00c9lite dirig\u00e9 par son nouvel entra\u00eeneur Djimi Traor\u00e9, mais il pourra aussi participer \u00e0 la Youth Leage avec les U19.<\/p>\n\n\n\n<p>\u00ab&nbsp;<em>C\u2019est une grande fiert\u00e9 de signer dans ce tr\u00e8s grand club qu\u2019est l\u2019AS Monaco<\/em>, a r\u00e9agi Kiwa sur les r\u00e9seaux du club. <em>Je suis tr\u00e8s heureux, c\u2019est un accomplissement de tout ce que j\u2019ai pu faire depuis mon plus jeune \u00e2ge. J\u2019ai h\u00e2te de d\u00e9couvrir mes nouveaux co\u00e9quipiers et de jouer sous mes nouvelles couleurs.<\/em>&nbsp;\u00bb<\/p>\n\n\n\n<p>La saison derni\u00e8re, Kiwa a jou\u00e9 deux rencontres avec les U19 du Racing et neuf avec son \u00e9quipe r\u00e9serve en National 3. Mais le gaucher avait \u00e9galement pris part \u00e0 la rencontre amicale contre le Groupe \u00c9lite de l\u2019ASM.<\/p>\n","protected":false},"excerpt":{"rendered":"<p>En ce mercato estival, l\u2019AS Monaco accueille son deuxi\u00e8me d\u00e9fenseur central. Apr\u00e8s Thilo Kehrer, le club de la Principaut\u00e9 a sign\u00e9 Bradel Kiwa pour trois saisons et devra verser des indemnit\u00e9s de formation \u00e0 Strasbourg d\u2019o\u00f9 le joueur \u00e2g\u00e9 de 18 ans arrive pour signer son premier contrat professionnel. Il n\u2019\u00e9voluera pas avec les pros [&#8230;]\n","protected":false},"author":2,"featured_media":0,"comment_status":"closed","ping_status":"open","sticky":false,"template":"","format":"standard","meta":[],"categories":[4,6],"tags":[76,86,825,228,111,110],"yoast_head":"<!-- This site is optimized with the Yoast SEO plugin v19.8 - https:\/\/yoast.com\/wordpress\/plugins\/seo\/ -->\n<title>Officiel : Kiwa signe \u00e0 Monaco - La Diagonale<\/title>\n<meta name=\"robots\" content=\"index, follow, max-snippet:-1, max-image-preview:large, max-video-preview:-1\" \/>\n<link rel=\"canonical\" href=\"https:\/\/www.ladiagonale.net\/index.php\/2024\/06\/28\/officiel-kiwa-signe-a-monaco\/\" \/>\n<meta property=\"og:locale\" content=\"fr_FR\" \/>\n<meta property=\"og:type\" content=\"article\" \/>\n<meta property=\"og:title\" content=\"Officiel : Kiwa signe \u00e0 Monaco - La Diagonale\" \/>\n<meta property=\"og:description\" content=\"En ce mercato estival, l\u2019AS Monaco accueille son deuxi\u00e8me d\u00e9fenseur central. Apr\u00e8s Thilo Kehrer, le club de la Principaut\u00e9 a sign\u00e9 Bradel Kiwa pour trois saisons et devra verser des indemnit\u00e9s de formation \u00e0 Strasbourg d\u2019o\u00f9 le joueur \u00e2g\u00e9 de 18 ans arrive pour signer son premier contrat professionnel. Il n\u2019\u00e9voluera pas avec les pros [...]\" \/>\n<meta property=\"og:url\" content=\"https:\/\/www.ladiagonale.net\/index.php\/2024\/06\/28\/officiel-kiwa-signe-a-monaco\/\" \/>\n<meta property=\"og:site_name\" content=\"La Diagonale\" \/>\n<meta property=\"article:published_time\" content=\"2024-06-28T11:26:03+00:00\" \/>\n<meta property=\"article:modified_time\" content=\"2024-06-29T08:23:00+00:00\" \/>\n<meta property=\"og:image\" content=\"https:\/\/www.ladiagonale.net\/wp-content\/uploads\/2024\/06\/IMG_4906.jpeg\" \/>\n\t<meta property=\"og:image:width\" content=\"1160\" \/>\n\t<meta property=\"og:image:height\" content=\"650\" \/>\n\t<meta property=\"og:image:type\" content=\"image\/jpeg\" \/>\n<meta name=\"author\" content=\"Damien Dellerba\" \/>\n<meta name=\"twitter:card\" content=\"summary_large_image\" \/>\n<meta name=\"twitter:image\" content=\"https:\/\/www.ladiagonale.net\/wp-content\/uploads\/2024\/06\/IMG_4906.jpeg\" \/>\n<meta name=\"twitter:label1\" content=\"\u00c9crit par\" \/>\n\t<meta name=\"twitter:data1\" content=\"Damien Dellerba\" \/>\n\t<meta name=\"twitter:label2\" content=\"Dur\u00e9e de lecture estim\u00e9e\" \/>\n\t<meta name=\"twitter:data2\" content=\"1 minute\" \/>\n<script type=\"application\/ld+json\" class=\"yoast-schema-graph\">{\"@context\":\"https:\/\/schema.org\",\"@graph\":[{\"@type\":\"WebPage\",\"@id\":\"https:\/\/www.ladiagonale.net\/index.php\/2024\/06\/28\/officiel-kiwa-signe-a-monaco\/\",\"url\":\"https:\/\/www.ladiagonale.net\/index.php\/2024\/06\/28\/officiel-kiwa-signe-a-monaco\/\",\"name\":\"Officiel : Kiwa signe \u00e0 Monaco - La Diagonale\",\"isPartOf\":{\"@id\":\"https:\/\/www.ladiagonale.net\/#website\"},\"datePublished\":\"2024-06-28T11:26:03+00:00\",\"dateModified\":\"2024-06-29T08:23:00+00:00\",\"author\":{\"@id\":\"https:\/\/www.ladiagonale.net\/#\/schema\/person\/79ff1e7b0853ed01b2aa26e64ad300bf\"},\"breadcrumb\":{\"@id\":\"https:\/\/www.ladiagonale.net\/index.php\/2024\/06\/28\/officiel-kiwa-signe-a-monaco\/#breadcrumb\"},\"inLanguage\":\"fr-FR\",\"potentialAction\":[{\"@type\":\"ReadAction\",\"target\":[\"https:\/\/www.ladiagonale.net\/index.php\/2024\/06\/28\/officiel-kiwa-signe-a-monaco\/\"]}]},{\"@type\":\"BreadcrumbList\",\"@id\":\"https:\/\/www.ladiagonale.net\/index.php\/2024\/06\/28\/officiel-kiwa-signe-a-monaco\/#breadcrumb\",\"itemListElement\":[{\"@type\":\"ListItem\",\"position\":1,\"name\":\"Accueil\",\"item\":\"https:\/\/www.ladiagonale.net\/\"},{\"@type\":\"ListItem\",\"position\":2,\"name\":\"Officiel : Kiwa signe \u00e0 Monaco\"}]},{\"@type\":\"WebSite\",\"@id\":\"https:\/\/www.ladiagonale.net\/#website\",\"url\":\"https:\/\/www.ladiagonale.net\/\",\"name\":\"La Diagonale\",\"description\":\"Le site des supporters de l&#039;AS Monaco FC\",\"potentialAction\":[{\"@type\":\"SearchAction\",\"target\":{\"@type\":\"EntryPoint\",\"urlTemplate\":\"https:\/\/www.ladiagonale.net\/?s={search_term_string}\"},\"query-input\":\"required name=search_term_string\"}],\"inLanguage\":\"fr-FR\"},{\"@type\":\"Person\",\"@id\":\"https:\/\/www.ladiagonale.net\/#\/schema\/person\/79ff1e7b0853ed01b2aa26e64ad300bf\",\"name\":\"Damien Dellerba\",\"image\":{\"@type\":\"ImageObject\",\"inLanguage\":\"fr-FR\",\"@id\":\"https:\/\/www.ladiagonale.net\/#\/schema\/person\/image\/\",\"url\":\"https:\/\/secure.gravatar.com\/avatar\/c7850e06d3ff63cdbaee88b7fc16e2f0?s=96&d=mm&r=g\",\"contentUrl\":\"https:\/\/secure.gravatar.com\/avatar\/c7850e06d3ff63cdbaee88b7fc16e2f0?s=96&d=mm&r=g\",\"caption\":\"Damien Dellerba\"},\"url\":\"https:\/\/www.ladiagonale.net\/index.php\/author\/damien\/\"}]}<\/script>\n<!-- \/ Yoast SEO plugin. -->","yoast_head_json":{"title":"Officiel : Kiwa signe \u00e0 Monaco - La Diagonale","robots":{"index":"index","follow":"follow","max-snippet":"max-snippet:-1","max-image-preview":"max-image-preview:large","max-video-preview":"max-video-preview:-1"},"canonical":"https:\/\/www.ladiagonale.net\/index.php\/2024\/06\/28\/officiel-kiwa-signe-a-monaco\/","og_locale":"fr_FR","og_type":"article","og_title":"Officiel : Kiwa signe \u00e0 Monaco - La Diagonale","og_description":"En ce mercato estival, l\u2019AS Monaco accueille son deuxi\u00e8me d\u00e9fenseur central. Apr\u00e8s Thilo Kehrer, le club de la Principaut\u00e9 a sign\u00e9 Bradel Kiwa pour trois saisons et devra verser des indemnit\u00e9s de formation \u00e0 Strasbourg d\u2019o\u00f9 le joueur \u00e2g\u00e9 de 18 ans arrive pour signer son premier contrat professionnel. Il n\u2019\u00e9voluera pas avec les pros [...]","og_url":"https:\/\/www.ladiagonale.net\/index.php\/2024\/06\/28\/officiel-kiwa-signe-a-monaco\/","og_site_name":"La Diagonale","article_published_time":"2024-06-28T11:26:03+00:00","article_modified_time":"2024-06-29T08:23:00+00:00","og_image":[{"width":1160,"height":650,"url":"https:\/\/www.ladiagonale.net\/wp-content\/uploads\/2024\/06\/IMG_4906.jpeg","type":"image\/jpeg"}],"author":"Damien Dellerba","twitter_card":"summary_large_image","twitter_image":"https:\/\/www.ladiagonale.net\/wp-content\/uploads\/2024\/06\/IMG_4906.jpeg","twitter_misc":{"\u00c9crit par":"Damien Dellerba","Dur\u00e9e de lecture estim\u00e9e":"1 minute"},"schema":{"@context":"https:\/\/schema.org","@graph":[{"@type":"WebPage","@id":"https:\/\/www.ladiagonale.net\/index.php\/2024\/06\/28\/officiel-kiwa-signe-a-monaco\/","url":"https:\/\/www.ladiagonale.net\/index.php\/2024\/06\/28\/officiel-kiwa-signe-a-monaco\/","name":"Officiel : Kiwa signe \u00e0 Monaco - La Diagonale","isPartOf":{"@id":"https:\/\/www.ladiagonale.net\/#website"},"datePublished":"2024-06-28T11:26:03+00:00","dateModified":"2024-06-29T08:23:00+00:00","author":{"@id":"https:\/\/www.ladiagonale.net\/#\/schema\/person\/79ff1e7b0853ed01b2aa26e64ad300bf"},"breadcrumb":{"@id":"https:\/\/www.ladiagonale.net\/index.php\/2024\/06\/28\/officiel-kiwa-signe-a-monaco\/#breadcrumb"},"inLanguage":"fr-FR","potentialAction":[{"@type":"ReadAction","target":["https:\/\/www.ladiagonale.net\/index.php\/2024\/06\/28\/officiel-kiwa-signe-a-monaco\/"]}]},{"@type":"BreadcrumbList","@id":"https:\/\/www.ladiagonale.net\/index.php\/2024\/06\/28\/officiel-kiwa-signe-a-monaco\/#breadcrumb","itemListElement":[{"@type":"ListItem","position":1,"name":"Accueil","item":"https:\/\/www.ladiagonale.net\/"},{"@type":"ListItem","position":2,"name":"Officiel : Kiwa signe \u00e0 Monaco"}]},{"@type":"WebSite","@id":"https:\/\/www.ladiagonale.net\/#website","url":"https:\/\/www.ladiagonale.net\/","name":"La Diagonale","description":"Le site des supporters de l&#039;AS Monaco FC","potentialAction":[{"@type":"SearchAction","target":{"@type":"EntryPoint","urlTemplate":"https:\/\/www.ladiagonale.net\/?s={search_term_string}"},"query-input":"required name=search_term_string"}],"inLanguage":"fr-FR"},{"@type":"Person","@id":"https:\/\/www.ladiagonale.net\/#\/schema\/person\/79ff1e7b0853ed01b2aa26e64ad300bf","name":"Damien Dellerba","image":{"@type":"ImageObject","inLanguage":"fr-FR","@id":"https:\/\/www.ladiagonale.net\/#\/schema\/person\/image\/","url":"https:\/\/secure.gravatar.com\/avatar\/c7850e06d3ff63cdbaee88b7fc16e2f0?s=96&d=mm&r=g","contentUrl":"https:\/\/secure.gravatar.com\/avatar\/c7850e06d3ff63cdbaee88b7fc16e2f0?s=96&d=mm&r=g","caption":"Damien Dellerba"},"url":"https:\/\/www.ladiagonale.net\/index.php\/author\/damien\/"}]}},"_links":{"self":[{"href":"https:\/\/www.ladiagonale.net\/index.php\/wp-json\/wp\/v2\/posts\/24211"}],"collection":[{"href":"https:\/\/www.ladiagonale.net\/index.php\/wp-json\/wp\/v2\/posts"}],"about":[{"href":"https:\/\/www.ladiagonale.net\/index.php\/wp-json\/wp\/v2\/types\/post"}],"author":[{"embeddable":true,"href":"https:\/\/www.ladiagonale.net\/index.php\/wp-json\/wp\/v2\/users\/2"}],"replies":[{"embeddable":true,"href":"https:\/\/www.ladiagonale.net\/index.php\/wp-json\/wp\/v2\/comments?post=24211"}],"version-history":[{"count":4,"href":"https:\/\/www.ladiagonale.net\/index.php\/wp-json\/wp\/v2\/posts\/24211\/revisions"}],"predecessor-version":[{"id":24236,"href":"https:\/\/www.ladiagonale.net\/index.php\/wp-json\/wp\/v2\/posts\/24211\/revisions\/24236"}],"wp:attachment":[{"href":"https:\/\/www.ladiagonale.net\/index.php\/wp-json\/wp\/v2\/media?parent=24211"}],"wp:term":[{"taxonomy":"category","embeddable":true,"href":"https:\/\/www.ladiagonale.net\/index.php\/wp-json\/wp\/v2\/categories?post=24211"},{"taxonomy":"post_tag","embeddable":true,"href":"https:\/\/www.ladiagonale.net\/index.php\/wp-json\/wp\/v2\/tags?post=24211"}],"curies":[{"name":"wp","href":"https:\/\/api.w.org\/{rel}","templated":true}]}}