{"id":24261,"date":"2024-07-02T15:08:24","date_gmt":"2024-07-02T13:08:24","guid":{"rendered":"https:\/\/www.ladiagonale.net\/?p=24261"},"modified":"2024-07-02T16:10:55","modified_gmt":"2024-07-02T14:10:55","slug":"monaco-prolonge-son-partenariat-avec-apm-monaco","status":"publish","type":"post","link":"https:\/\/www.ladiagonale.net\/index.php\/2024\/07\/02\/monaco-prolonge-son-partenariat-avec-apm-monaco\/","title":{"rendered":"Monaco prolonge son partenariat avec APM Monaco"},"content":{"rendered":"\n\n\n<p>L&rsquo;AS Monaco continuera d&rsquo;afficher la marque <em>APM Monaco<\/em> sur son maillot cette saison. Le club de la Principaut\u00e9 a \u00e9tendu son partenariat avec l&rsquo;enseigne de bijouterie \u00ab\u00a0<em>chic et fashion<\/em>\u00a0\u00bb pour deux saisons suppl\u00e9mentaires, jusqu&rsquo;en 2026. L&rsquo;annonce a \u00e9t\u00e9 faite ce mardi sur le site officiel du club et pr\u00e9cise que la marque sera visible \u00e0 l&rsquo;avant du maillot en Ligue 1, ce qui laisse entendre qu&rsquo;un autre sponsor pourrait prendre la palce pour les matches de Ligue des champions.<\/p>\n\n\n\n<p><em>\u00ab&nbsp;Nous sommes tr\u00e8s heureux de poursuivre notre collaboration avec APM Monaco, <\/em>a d\u00e9clar\u00e9 Thibaut Chatelard, le Directeur Marketing &amp; Revenus de l\u2019AS Monaco<em>. Apr\u00e8s cette premi\u00e8re ann\u00e9e r\u00e9ussie, la prolongation de notre aventure commune sonnait comme une \u00e9vidence. De grands d\u00e9fis nous attendent cette saison, marqu\u00e9e notamment par la c\u00e9l\u00e9bration du Centenaire du Club, et nous nous r\u00e9jouissons de pouvoir compter sur le soutien d\u2019APM Monaco pour les relever.&nbsp;\u00bb<\/em><\/p>\n","protected":false},"excerpt":{"rendered":"<p>L&rsquo;AS Monaco continuera d&rsquo;afficher la marque APM Monaco sur son maillot cette saison. Le club de la Principaut\u00e9 a \u00e9tendu son partenariat avec l&rsquo;enseigne de bijouterie \u00ab\u00a0chic et fashion\u00a0\u00bb pour deux saisons suppl\u00e9mentaires, jusqu&rsquo;en 2026. L&rsquo;annonce a \u00e9t\u00e9 faite ce mardi sur le site officiel du club et pr\u00e9cise que la marque sera visible \u00e0 [&#8230;]\n","protected":false},"author":2,"featured_media":0,"comment_status":"open","ping_status":"open","sticky":false,"template":"","format":"standard","meta":[],"categories":[4,6],"tags":[723,86,386],"yoast_head":"<!-- This site is optimized with the Yoast SEO plugin v19.8 - https:\/\/yoast.com\/wordpress\/plugins\/seo\/ -->\n<title>Monaco prolonge son partenariat avec APM Monaco - La Diagonale<\/title>\n<meta name=\"robots\" content=\"index, follow, max-snippet:-1, max-image-preview:large, max-video-preview:-1\" \/>\n<link rel=\"canonical\" href=\"https:\/\/www.ladiagonale.net\/index.php\/2024\/07\/02\/monaco-prolonge-son-partenariat-avec-apm-monaco\/\" \/>\n<meta property=\"og:locale\" content=\"fr_FR\" \/>\n<meta property=\"og:type\" content=\"article\" \/>\n<meta property=\"og:title\" content=\"Monaco prolonge son partenariat avec APM Monaco - La Diagonale\" \/>\n<meta property=\"og:description\" content=\"L&rsquo;AS Monaco continuera d&rsquo;afficher la marque APM Monaco sur son maillot cette saison. Le club de la Principaut\u00e9 a \u00e9tendu son partenariat avec l&rsquo;enseigne de bijouterie \u00ab\u00a0chic et fashion\u00a0\u00bb pour deux saisons suppl\u00e9mentaires, jusqu&rsquo;en 2026. L&rsquo;annonce a \u00e9t\u00e9 faite ce mardi sur le site officiel du club et pr\u00e9cise que la marque sera visible \u00e0 [...]\" \/>\n<meta property=\"og:url\" content=\"https:\/\/www.ladiagonale.net\/index.php\/2024\/07\/02\/monaco-prolonge-son-partenariat-avec-apm-monaco\/\" \/>\n<meta property=\"og:site_name\" content=\"La Diagonale\" \/>\n<meta property=\"article:published_time\" content=\"2024-07-02T13:08:24+00:00\" \/>\n<meta property=\"article:modified_time\" content=\"2024-07-02T14:10:55+00:00\" \/>\n<meta property=\"og:image\" content=\"https:\/\/www.ladiagonale.net\/wp-content\/uploads\/2023\/11\/apm-key-visual-article-fr-1160x650-1.jpg\" \/>\n\t<meta property=\"og:image:width\" content=\"1160\" \/>\n\t<meta property=\"og:image:height\" content=\"650\" \/>\n\t<meta property=\"og:image:type\" content=\"image\/jpeg\" \/>\n<meta name=\"author\" content=\"Damien Dellerba\" \/>\n<meta name=\"twitter:card\" content=\"summary_large_image\" \/>\n<meta name=\"twitter:image\" content=\"https:\/\/www.ladiagonale.net\/wp-content\/uploads\/2023\/11\/apm-key-visual-article-fr-1160x650-1.jpg\" \/>\n<meta name=\"twitter:label1\" content=\"\u00c9crit par\" \/>\n\t<meta name=\"twitter:data1\" content=\"Damien Dellerba\" \/>\n\t<meta name=\"twitter:label2\" content=\"Dur\u00e9e de lecture estim\u00e9e\" \/>\n\t<meta name=\"twitter:data2\" content=\"1 minute\" \/>\n<script type=\"application\/ld+json\" class=\"yoast-schema-graph\">{\"@context\":\"https:\/\/schema.org\",\"@graph\":[{\"@type\":\"WebPage\",\"@id\":\"https:\/\/www.ladiagonale.net\/index.php\/2024\/07\/02\/monaco-prolonge-son-partenariat-avec-apm-monaco\/\",\"url\":\"https:\/\/www.ladiagonale.net\/index.php\/2024\/07\/02\/monaco-prolonge-son-partenariat-avec-apm-monaco\/\",\"name\":\"Monaco prolonge son partenariat avec APM Monaco - La Diagonale\",\"isPartOf\":{\"@id\":\"https:\/\/www.ladiagonale.net\/#website\"},\"datePublished\":\"2024-07-02T13:08:24+00:00\",\"dateModified\":\"2024-07-02T14:10:55+00:00\",\"author\":{\"@id\":\"https:\/\/www.ladiagonale.net\/#\/schema\/person\/79ff1e7b0853ed01b2aa26e64ad300bf\"},\"breadcrumb\":{\"@id\":\"https:\/\/www.ladiagonale.net\/index.php\/2024\/07\/02\/monaco-prolonge-son-partenariat-avec-apm-monaco\/#breadcrumb\"},\"inLanguage\":\"fr-FR\",\"potentialAction\":[{\"@type\":\"ReadAction\",\"target\":[\"https:\/\/www.ladiagonale.net\/index.php\/2024\/07\/02\/monaco-prolonge-son-partenariat-avec-apm-monaco\/\"]}]},{\"@type\":\"BreadcrumbList\",\"@id\":\"https:\/\/www.ladiagonale.net\/index.php\/2024\/07\/02\/monaco-prolonge-son-partenariat-avec-apm-monaco\/#breadcrumb\",\"itemListElement\":[{\"@type\":\"ListItem\",\"position\":1,\"name\":\"Accueil\",\"item\":\"https:\/\/www.ladiagonale.net\/\"},{\"@type\":\"ListItem\",\"position\":2,\"name\":\"Monaco prolonge son partenariat avec APM Monaco\"}]},{\"@type\":\"WebSite\",\"@id\":\"https:\/\/www.ladiagonale.net\/#website\",\"url\":\"https:\/\/www.ladiagonale.net\/\",\"name\":\"La Diagonale\",\"description\":\"Le site des supporters de l&#039;AS Monaco FC\",\"potentialAction\":[{\"@type\":\"SearchAction\",\"target\":{\"@type\":\"EntryPoint\",\"urlTemplate\":\"https:\/\/www.ladiagonale.net\/?s={search_term_string}\"},\"query-input\":\"required name=search_term_string\"}],\"inLanguage\":\"fr-FR\"},{\"@type\":\"Person\",\"@id\":\"https:\/\/www.ladiagonale.net\/#\/schema\/person\/79ff1e7b0853ed01b2aa26e64ad300bf\",\"name\":\"Damien Dellerba\",\"image\":{\"@type\":\"ImageObject\",\"inLanguage\":\"fr-FR\",\"@id\":\"https:\/\/www.ladiagonale.net\/#\/schema\/person\/image\/\",\"url\":\"https:\/\/secure.gravatar.com\/avatar\/c7850e06d3ff63cdbaee88b7fc16e2f0?s=96&d=mm&r=g\",\"contentUrl\":\"https:\/\/secure.gravatar.com\/avatar\/c7850e06d3ff63cdbaee88b7fc16e2f0?s=96&d=mm&r=g\",\"caption\":\"Damien Dellerba\"},\"url\":\"https:\/\/www.ladiagonale.net\/index.php\/author\/damien\/\"}]}<\/script>\n<!-- \/ Yoast SEO plugin. -->","yoast_head_json":{"title":"Monaco prolonge son partenariat avec APM Monaco - La Diagonale","robots":{"index":"index","follow":"follow","max-snippet":"max-snippet:-1","max-image-preview":"max-image-preview:large","max-video-preview":"max-video-preview:-1"},"canonical":"https:\/\/www.ladiagonale.net\/index.php\/2024\/07\/02\/monaco-prolonge-son-partenariat-avec-apm-monaco\/","og_locale":"fr_FR","og_type":"article","og_title":"Monaco prolonge son partenariat avec APM Monaco - La Diagonale","og_description":"L&rsquo;AS Monaco continuera d&rsquo;afficher la marque APM Monaco sur son maillot cette saison. Le club de la Principaut\u00e9 a \u00e9tendu son partenariat avec l&rsquo;enseigne de bijouterie \u00ab\u00a0chic et fashion\u00a0\u00bb pour deux saisons suppl\u00e9mentaires, jusqu&rsquo;en 2026. L&rsquo;annonce a \u00e9t\u00e9 faite ce mardi sur le site officiel du club et pr\u00e9cise que la marque sera visible \u00e0 [...]","og_url":"https:\/\/www.ladiagonale.net\/index.php\/2024\/07\/02\/monaco-prolonge-son-partenariat-avec-apm-monaco\/","og_site_name":"La Diagonale","article_published_time":"2024-07-02T13:08:24+00:00","article_modified_time":"2024-07-02T14:10:55+00:00","og_image":[{"width":1160,"height":650,"url":"https:\/\/www.ladiagonale.net\/wp-content\/uploads\/2023\/11\/apm-key-visual-article-fr-1160x650-1.jpg","type":"image\/jpeg"}],"author":"Damien Dellerba","twitter_card":"summary_large_image","twitter_image":"https:\/\/www.ladiagonale.net\/wp-content\/uploads\/2023\/11\/apm-key-visual-article-fr-1160x650-1.jpg","twitter_misc":{"\u00c9crit par":"Damien Dellerba","Dur\u00e9e de lecture estim\u00e9e":"1 minute"},"schema":{"@context":"https:\/\/schema.org","@graph":[{"@type":"WebPage","@id":"https:\/\/www.ladiagonale.net\/index.php\/2024\/07\/02\/monaco-prolonge-son-partenariat-avec-apm-monaco\/","url":"https:\/\/www.ladiagonale.net\/index.php\/2024\/07\/02\/monaco-prolonge-son-partenariat-avec-apm-monaco\/","name":"Monaco prolonge son partenariat avec APM Monaco - La Diagonale","isPartOf":{"@id":"https:\/\/www.ladiagonale.net\/#website"},"datePublished":"2024-07-02T13:08:24+00:00","dateModified":"2024-07-02T14:10:55+00:00","author":{"@id":"https:\/\/www.ladiagonale.net\/#\/schema\/person\/79ff1e7b0853ed01b2aa26e64ad300bf"},"breadcrumb":{"@id":"https:\/\/www.ladiagonale.net\/index.php\/2024\/07\/02\/monaco-prolonge-son-partenariat-avec-apm-monaco\/#breadcrumb"},"inLanguage":"fr-FR","potentialAction":[{"@type":"ReadAction","target":["https:\/\/www.ladiagonale.net\/index.php\/2024\/07\/02\/monaco-prolonge-son-partenariat-avec-apm-monaco\/"]}]},{"@type":"BreadcrumbList","@id":"https:\/\/www.ladiagonale.net\/index.php\/2024\/07\/02\/monaco-prolonge-son-partenariat-avec-apm-monaco\/#breadcrumb","itemListElement":[{"@type":"ListItem","position":1,"name":"Accueil","item":"https:\/\/www.ladiagonale.net\/"},{"@type":"ListItem","position":2,"name":"Monaco prolonge son partenariat avec APM Monaco"}]},{"@type":"WebSite","@id":"https:\/\/www.ladiagonale.net\/#website","url":"https:\/\/www.ladiagonale.net\/","name":"La Diagonale","description":"Le site des supporters de l&#039;AS Monaco FC","potentialAction":[{"@type":"SearchAction","target":{"@type":"EntryPoint","urlTemplate":"https:\/\/www.ladiagonale.net\/?s={search_term_string}"},"query-input":"required name=search_term_string"}],"inLanguage":"fr-FR"},{"@type":"Person","@id":"https:\/\/www.ladiagonale.net\/#\/schema\/person\/79ff1e7b0853ed01b2aa26e64ad300bf","name":"Damien Dellerba","image":{"@type":"ImageObject","inLanguage":"fr-FR","@id":"https:\/\/www.ladiagonale.net\/#\/schema\/person\/image\/","url":"https:\/\/secure.gravatar.com\/avatar\/c7850e06d3ff63cdbaee88b7fc16e2f0?s=96&d=mm&r=g","contentUrl":"https:\/\/secure.gravatar.com\/avatar\/c7850e06d3ff63cdbaee88b7fc16e2f0?s=96&d=mm&r=g","caption":"Damien Dellerba"},"url":"https:\/\/www.ladiagonale.net\/index.php\/author\/damien\/"}]}},"_links":{"self":[{"href":"https:\/\/www.ladiagonale.net\/index.php\/wp-json\/wp\/v2\/posts\/24261"}],"collection":[{"href":"https:\/\/www.ladiagonale.net\/index.php\/wp-json\/wp\/v2\/posts"}],"about":[{"href":"https:\/\/www.ladiagonale.net\/index.php\/wp-json\/wp\/v2\/types\/post"}],"author":[{"embeddable":true,"href":"https:\/\/www.ladiagonale.net\/index.php\/wp-json\/wp\/v2\/users\/2"}],"replies":[{"embeddable":true,"href":"https:\/\/www.ladiagonale.net\/index.php\/wp-json\/wp\/v2\/comments?post=24261"}],"version-history":[{"count":3,"href":"https:\/\/www.ladiagonale.net\/index.php\/wp-json\/wp\/v2\/posts\/24261\/revisions"}],"predecessor-version":[{"id":24268,"href":"https:\/\/www.ladiagonale.net\/index.php\/wp-json\/wp\/v2\/posts\/24261\/revisions\/24268"}],"wp:attachment":[{"href":"https:\/\/www.ladiagonale.net\/index.php\/wp-json\/wp\/v2\/media?parent=24261"}],"wp:term":[{"taxonomy":"category","embeddable":true,"href":"https:\/\/www.ladiagonale.net\/index.php\/wp-json\/wp\/v2\/categories?post=24261"},{"taxonomy":"post_tag","embeddable":true,"href":"https:\/\/www.ladiagonale.net\/index.php\/wp-json\/wp\/v2\/tags?post=24261"}],"curies":[{"name":"wp","href":"https:\/\/api.w.org\/{rel}","templated":true}]}}