{"id":24321,"date":"2024-07-08T14:28:51","date_gmt":"2024-07-08T12:28:51","guid":{"rendered":"https:\/\/www.ladiagonale.net\/?p=24321"},"modified":"2024-07-08T14:28:53","modified_gmt":"2024-07-08T12:28:53","slug":"akliouche-et-magassa-aux-jo","status":"publish","type":"post","link":"https:\/\/www.ladiagonale.net\/index.php\/2024\/07\/08\/akliouche-et-magassa-aux-jo\/","title":{"rendered":"Akliouche et Magassa aux JO"},"content":{"rendered":"\n<p>\u00c0 l\u2019instar d\u2019Eliesse Ben Seghir avec le Maroc, Maghnes Akliouche et Soungoutou Magassa participeront aux Jeux Olympiques de Paris qui doivent d\u00e9buter le 24 juillet pour les \u00e9preuves de football. Thierry Henry a d\u00e9voil\u00e9 sa liste de 18 noms ce lundi et comme cela avait \u00e9t\u00e9 r\u00e9v\u00e9l\u00e9 par plusieurs m\u00e9dias,  Chrislain Matsima figure bien quant \u00e0 lui parmi les r\u00e9servistes. Si la France venait \u00e0 aller au bout, les trois As\u00e9mistes seraient sur le pont jusqu\u2019au 9 ao\u00fbt et ne devraient pas \u00eatre op\u00e9rationnels pour le club avant le mois de septembre.<\/p>\n\n\n\n<p>Les Bleuets seront oppos\u00e9s aux Etats-Unis le 24 juillet (21h), \u00e0 Marseille, puis affronteront la Guin\u00e9e le 27 (21h) \u00e0 Nice. Le 30, ils retourneront au Stade V\u00e9lodrome pour affronter la Nouvelle-Z\u00e9lande (19h) lors de leur dernier match de groupe. Mais avant de d\u00e9buter la comp\u00e9tition, Magassa et Akliouche auront encore deux matches de pr\u00e9paration \u00e0 disputer. Contre la R\u00e9publique dominicaine jeudi (21h15) puis contre le Japon mercredi prochain (21h05). Face au Paraguay, la s\u00e9lection olympique s\u2019\u00e9tait impos\u00e9e et Matsima et Magassa avaient jou\u00e9.<\/p>\n","protected":false},"excerpt":{"rendered":"<p>\u00c0 l\u2019instar d\u2019Eliesse Ben Seghir avec le Maroc, Maghnes Akliouche et Soungoutou Magassa participeront aux Jeux Olympiques de Paris qui doivent d\u00e9buter le 24 juillet pour les \u00e9preuves de football. Thierry Henry a d\u00e9voil\u00e9 sa liste de 18 noms ce lundi et comme cela avait \u00e9t\u00e9 r\u00e9v\u00e9l\u00e9 par plusieurs m\u00e9dias, Chrislain Matsima figure bien quant [&#8230;]\n","protected":false},"author":2,"featured_media":0,"comment_status":"closed","ping_status":"open","sticky":false,"template":"","format":"standard","meta":[],"categories":[4,6],"tags":[86,392,882,801,802,190,116,147],"yoast_head":"<!-- This site is optimized with the Yoast SEO plugin v19.8 - https:\/\/yoast.com\/wordpress\/plugins\/seo\/ -->\n<title>Akliouche et Magassa aux JO - La Diagonale<\/title>\n<meta name=\"robots\" content=\"index, follow, max-snippet:-1, max-image-preview:large, max-video-preview:-1\" \/>\n<link rel=\"canonical\" href=\"https:\/\/www.ladiagonale.net\/index.php\/2024\/07\/08\/akliouche-et-magassa-aux-jo\/\" \/>\n<meta property=\"og:locale\" content=\"fr_FR\" \/>\n<meta property=\"og:type\" content=\"article\" \/>\n<meta property=\"og:title\" content=\"Akliouche et Magassa aux JO - La Diagonale\" \/>\n<meta property=\"og:description\" content=\"\u00c0 l\u2019instar d\u2019Eliesse Ben Seghir avec le Maroc, Maghnes Akliouche et Soungoutou Magassa participeront aux Jeux Olympiques de Paris qui doivent d\u00e9buter le 24 juillet pour les \u00e9preuves de football. Thierry Henry a d\u00e9voil\u00e9 sa liste de 18 noms ce lundi et comme cela avait \u00e9t\u00e9 r\u00e9v\u00e9l\u00e9 par plusieurs m\u00e9dias, Chrislain Matsima figure bien quant [...]\" \/>\n<meta property=\"og:url\" content=\"https:\/\/www.ladiagonale.net\/index.php\/2024\/07\/08\/akliouche-et-magassa-aux-jo\/\" \/>\n<meta property=\"og:site_name\" content=\"La Diagonale\" \/>\n<meta property=\"article:published_time\" content=\"2024-07-08T12:28:51+00:00\" \/>\n<meta property=\"article:modified_time\" content=\"2024-07-08T12:28:53+00:00\" \/>\n<meta property=\"og:image\" content=\"https:\/\/www.ladiagonale.net\/wp-content\/uploads\/2024\/03\/akliouche-france.png\" \/>\n\t<meta property=\"og:image:width\" content=\"1160\" \/>\n\t<meta property=\"og:image:height\" content=\"650\" \/>\n\t<meta property=\"og:image:type\" content=\"image\/png\" \/>\n<meta name=\"author\" content=\"Damien Dellerba\" \/>\n<meta name=\"twitter:card\" content=\"summary_large_image\" \/>\n<meta name=\"twitter:image\" content=\"https:\/\/www.ladiagonale.net\/wp-content\/uploads\/2024\/03\/akliouche-france.png\" \/>\n<meta name=\"twitter:label1\" content=\"\u00c9crit par\" \/>\n\t<meta name=\"twitter:data1\" content=\"Damien Dellerba\" \/>\n\t<meta name=\"twitter:label2\" content=\"Dur\u00e9e de lecture estim\u00e9e\" \/>\n\t<meta name=\"twitter:data2\" content=\"1 minute\" \/>\n<script type=\"application\/ld+json\" class=\"yoast-schema-graph\">{\"@context\":\"https:\/\/schema.org\",\"@graph\":[{\"@type\":\"WebPage\",\"@id\":\"https:\/\/www.ladiagonale.net\/index.php\/2024\/07\/08\/akliouche-et-magassa-aux-jo\/\",\"url\":\"https:\/\/www.ladiagonale.net\/index.php\/2024\/07\/08\/akliouche-et-magassa-aux-jo\/\",\"name\":\"Akliouche et Magassa aux JO - La Diagonale\",\"isPartOf\":{\"@id\":\"https:\/\/www.ladiagonale.net\/#website\"},\"datePublished\":\"2024-07-08T12:28:51+00:00\",\"dateModified\":\"2024-07-08T12:28:53+00:00\",\"author\":{\"@id\":\"https:\/\/www.ladiagonale.net\/#\/schema\/person\/79ff1e7b0853ed01b2aa26e64ad300bf\"},\"breadcrumb\":{\"@id\":\"https:\/\/www.ladiagonale.net\/index.php\/2024\/07\/08\/akliouche-et-magassa-aux-jo\/#breadcrumb\"},\"inLanguage\":\"fr-FR\",\"potentialAction\":[{\"@type\":\"ReadAction\",\"target\":[\"https:\/\/www.ladiagonale.net\/index.php\/2024\/07\/08\/akliouche-et-magassa-aux-jo\/\"]}]},{\"@type\":\"BreadcrumbList\",\"@id\":\"https:\/\/www.ladiagonale.net\/index.php\/2024\/07\/08\/akliouche-et-magassa-aux-jo\/#breadcrumb\",\"itemListElement\":[{\"@type\":\"ListItem\",\"position\":1,\"name\":\"Accueil\",\"item\":\"https:\/\/www.ladiagonale.net\/\"},{\"@type\":\"ListItem\",\"position\":2,\"name\":\"Akliouche et Magassa aux JO\"}]},{\"@type\":\"WebSite\",\"@id\":\"https:\/\/www.ladiagonale.net\/#website\",\"url\":\"https:\/\/www.ladiagonale.net\/\",\"name\":\"La Diagonale\",\"description\":\"Le site des supporters de l&#039;AS Monaco FC\",\"potentialAction\":[{\"@type\":\"SearchAction\",\"target\":{\"@type\":\"EntryPoint\",\"urlTemplate\":\"https:\/\/www.ladiagonale.net\/?s={search_term_string}\"},\"query-input\":\"required name=search_term_string\"}],\"inLanguage\":\"fr-FR\"},{\"@type\":\"Person\",\"@id\":\"https:\/\/www.ladiagonale.net\/#\/schema\/person\/79ff1e7b0853ed01b2aa26e64ad300bf\",\"name\":\"Damien Dellerba\",\"image\":{\"@type\":\"ImageObject\",\"inLanguage\":\"fr-FR\",\"@id\":\"https:\/\/www.ladiagonale.net\/#\/schema\/person\/image\/\",\"url\":\"https:\/\/secure.gravatar.com\/avatar\/c7850e06d3ff63cdbaee88b7fc16e2f0?s=96&d=mm&r=g\",\"contentUrl\":\"https:\/\/secure.gravatar.com\/avatar\/c7850e06d3ff63cdbaee88b7fc16e2f0?s=96&d=mm&r=g\",\"caption\":\"Damien Dellerba\"},\"url\":\"https:\/\/www.ladiagonale.net\/index.php\/author\/damien\/\"}]}<\/script>\n<!-- \/ Yoast SEO plugin. -->","yoast_head_json":{"title":"Akliouche et Magassa aux JO - La Diagonale","robots":{"index":"index","follow":"follow","max-snippet":"max-snippet:-1","max-image-preview":"max-image-preview:large","max-video-preview":"max-video-preview:-1"},"canonical":"https:\/\/www.ladiagonale.net\/index.php\/2024\/07\/08\/akliouche-et-magassa-aux-jo\/","og_locale":"fr_FR","og_type":"article","og_title":"Akliouche et Magassa aux JO - La Diagonale","og_description":"\u00c0 l\u2019instar d\u2019Eliesse Ben Seghir avec le Maroc, Maghnes Akliouche et Soungoutou Magassa participeront aux Jeux Olympiques de Paris qui doivent d\u00e9buter le 24 juillet pour les \u00e9preuves de football. Thierry Henry a d\u00e9voil\u00e9 sa liste de 18 noms ce lundi et comme cela avait \u00e9t\u00e9 r\u00e9v\u00e9l\u00e9 par plusieurs m\u00e9dias, Chrislain Matsima figure bien quant [...]","og_url":"https:\/\/www.ladiagonale.net\/index.php\/2024\/07\/08\/akliouche-et-magassa-aux-jo\/","og_site_name":"La Diagonale","article_published_time":"2024-07-08T12:28:51+00:00","article_modified_time":"2024-07-08T12:28:53+00:00","og_image":[{"width":1160,"height":650,"url":"https:\/\/www.ladiagonale.net\/wp-content\/uploads\/2024\/03\/akliouche-france.png","type":"image\/png"}],"author":"Damien Dellerba","twitter_card":"summary_large_image","twitter_image":"https:\/\/www.ladiagonale.net\/wp-content\/uploads\/2024\/03\/akliouche-france.png","twitter_misc":{"\u00c9crit par":"Damien Dellerba","Dur\u00e9e de lecture estim\u00e9e":"1 minute"},"schema":{"@context":"https:\/\/schema.org","@graph":[{"@type":"WebPage","@id":"https:\/\/www.ladiagonale.net\/index.php\/2024\/07\/08\/akliouche-et-magassa-aux-jo\/","url":"https:\/\/www.ladiagonale.net\/index.php\/2024\/07\/08\/akliouche-et-magassa-aux-jo\/","name":"Akliouche et Magassa aux JO - La Diagonale","isPartOf":{"@id":"https:\/\/www.ladiagonale.net\/#website"},"datePublished":"2024-07-08T12:28:51+00:00","dateModified":"2024-07-08T12:28:53+00:00","author":{"@id":"https:\/\/www.ladiagonale.net\/#\/schema\/person\/79ff1e7b0853ed01b2aa26e64ad300bf"},"breadcrumb":{"@id":"https:\/\/www.ladiagonale.net\/index.php\/2024\/07\/08\/akliouche-et-magassa-aux-jo\/#breadcrumb"},"inLanguage":"fr-FR","potentialAction":[{"@type":"ReadAction","target":["https:\/\/www.ladiagonale.net\/index.php\/2024\/07\/08\/akliouche-et-magassa-aux-jo\/"]}]},{"@type":"BreadcrumbList","@id":"https:\/\/www.ladiagonale.net\/index.php\/2024\/07\/08\/akliouche-et-magassa-aux-jo\/#breadcrumb","itemListElement":[{"@type":"ListItem","position":1,"name":"Accueil","item":"https:\/\/www.ladiagonale.net\/"},{"@type":"ListItem","position":2,"name":"Akliouche et Magassa aux JO"}]},{"@type":"WebSite","@id":"https:\/\/www.ladiagonale.net\/#website","url":"https:\/\/www.ladiagonale.net\/","name":"La Diagonale","description":"Le site des supporters de l&#039;AS Monaco FC","potentialAction":[{"@type":"SearchAction","target":{"@type":"EntryPoint","urlTemplate":"https:\/\/www.ladiagonale.net\/?s={search_term_string}"},"query-input":"required name=search_term_string"}],"inLanguage":"fr-FR"},{"@type":"Person","@id":"https:\/\/www.ladiagonale.net\/#\/schema\/person\/79ff1e7b0853ed01b2aa26e64ad300bf","name":"Damien Dellerba","image":{"@type":"ImageObject","inLanguage":"fr-FR","@id":"https:\/\/www.ladiagonale.net\/#\/schema\/person\/image\/","url":"https:\/\/secure.gravatar.com\/avatar\/c7850e06d3ff63cdbaee88b7fc16e2f0?s=96&d=mm&r=g","contentUrl":"https:\/\/secure.gravatar.com\/avatar\/c7850e06d3ff63cdbaee88b7fc16e2f0?s=96&d=mm&r=g","caption":"Damien Dellerba"},"url":"https:\/\/www.ladiagonale.net\/index.php\/author\/damien\/"}]}},"_links":{"self":[{"href":"https:\/\/www.ladiagonale.net\/index.php\/wp-json\/wp\/v2\/posts\/24321"}],"collection":[{"href":"https:\/\/www.ladiagonale.net\/index.php\/wp-json\/wp\/v2\/posts"}],"about":[{"href":"https:\/\/www.ladiagonale.net\/index.php\/wp-json\/wp\/v2\/types\/post"}],"author":[{"embeddable":true,"href":"https:\/\/www.ladiagonale.net\/index.php\/wp-json\/wp\/v2\/users\/2"}],"replies":[{"embeddable":true,"href":"https:\/\/www.ladiagonale.net\/index.php\/wp-json\/wp\/v2\/comments?post=24321"}],"version-history":[{"count":1,"href":"https:\/\/www.ladiagonale.net\/index.php\/wp-json\/wp\/v2\/posts\/24321\/revisions"}],"predecessor-version":[{"id":24322,"href":"https:\/\/www.ladiagonale.net\/index.php\/wp-json\/wp\/v2\/posts\/24321\/revisions\/24322"}],"wp:attachment":[{"href":"https:\/\/www.ladiagonale.net\/index.php\/wp-json\/wp\/v2\/media?parent=24321"}],"wp:term":[{"taxonomy":"category","embeddable":true,"href":"https:\/\/www.ladiagonale.net\/index.php\/wp-json\/wp\/v2\/categories?post=24321"},{"taxonomy":"post_tag","embeddable":true,"href":"https:\/\/www.ladiagonale.net\/index.php\/wp-json\/wp\/v2\/tags?post=24321"}],"curies":[{"name":"wp","href":"https:\/\/api.w.org\/{rel}","templated":true}]}}