{"id":24345,"date":"2024-07-12T23:13:29","date_gmt":"2024-07-12T21:13:29","guid":{"rendered":"https:\/\/www.ladiagonale.net\/?p=24345"},"modified":"2024-07-13T09:45:07","modified_gmt":"2024-07-13T07:45:07","slug":"monaco-aurait-refuse-une-offre-de-linter-pour-akliouche","status":"publish","type":"post","link":"https:\/\/www.ladiagonale.net\/index.php\/2024\/07\/12\/monaco-aurait-refuse-une-offre-de-linter-pour-akliouche\/","title":{"rendered":"Monaco aurait refus\u00e9 une offre de l\u2019Inter pour Akliouche"},"content":{"rendered":"\n\n\n<p>L\u2019AS Monaco ne semble pas d\u00e9cid\u00e9e \u00e0 ouvrir la porte pour Maghnes Akliouche. Le milieu de terrain de 23 ans est fortement d\u00e9sir\u00e9 sur ce march\u00e9 des transferts estival et aux int\u00e9r\u00eats du PSG, de Manchester City et de Leipzig, se serait ajout\u00e9 celui de l\u2019Inter Milan. Selon <em>L\u2019\u00c9quipe<\/em>, le champion d\u2019Italie aurait propos\u00e9 oralement 25 millions d\u2019euros \u00e0 l\u2019ASM, hors bonus, pour tenter de s\u2019offrir l\u2019international Espoirs. Une offre fermement refus\u00e9e par les dirigeants du club de la Principaut\u00e9.<\/p>\n\n\n\n<p>La semaine derni\u00e8re, le Directeur g\u00e9n\u00e9ral du club Thiago Scuro avait r\u00e9affirm\u00e9 la volont\u00e9 de l\u2019ASM de prolonger Akliouche et avait fait part de sa confiance sur ce dossier : \u00ab&nbsp;<em>Sa d\u00e9cision et la n\u00f4tre sont que nous avons pour priorit\u00e9 de le voir rester. On a eu de bonnes discussions avec lui et son agent pour prolonger son contrat. (\u2026) La situation est vraiment sous contr\u00f4le.<\/em>&nbsp;\u00bb<\/p>\n\n\n\n<p>Sous contrat jusqu\u2019en 2026, Akliouche pourrait donc conna\u00eetre une derni\u00e8re saison avec l\u2019ASM avant d\u2019aller voir plus haut \u00e0 l&rsquo;\u00e9t\u00e9 2025. \u00c0 condition de confirmer sa belle derni\u00e8re saison o\u00f9 il avait disput\u00e9 31 rencontres et sign\u00e9 huit buts et quatre passes d\u00e9cisives. Buteur contre la R\u00e9publique dominicaine jeudi soir avec l\u2019\u00e9quipe de France olympique, il aura l&rsquo;occasion de le prouver lors des JO entre juillet et ao\u00fbt.<\/p>\n","protected":false},"excerpt":{"rendered":"<p>L\u2019AS Monaco ne semble pas d\u00e9cid\u00e9e \u00e0 ouvrir la porte pour Maghnes Akliouche. Le milieu de terrain de 23 ans est fortement d\u00e9sir\u00e9 sur ce march\u00e9 des transferts estival et aux int\u00e9r\u00eats du PSG, de Manchester City et de Leipzig, se serait ajout\u00e9 celui de l\u2019Inter Milan. Selon L\u2019\u00c9quipe, le champion d\u2019Italie aurait propos\u00e9 oralement [&#8230;]\n","protected":false},"author":2,"featured_media":0,"comment_status":"open","ping_status":"open","sticky":false,"template":"","format":"standard","meta":[],"categories":[6],"tags":[86,190,111,110],"yoast_head":"<!-- This site is optimized with the Yoast SEO plugin v19.8 - https:\/\/yoast.com\/wordpress\/plugins\/seo\/ -->\n<title>Monaco aurait refus\u00e9 une offre de l\u2019Inter pour Akliouche - La Diagonale<\/title>\n<meta name=\"robots\" content=\"index, follow, max-snippet:-1, max-image-preview:large, max-video-preview:-1\" \/>\n<link rel=\"canonical\" href=\"https:\/\/www.ladiagonale.net\/index.php\/2024\/07\/12\/monaco-aurait-refuse-une-offre-de-linter-pour-akliouche\/\" \/>\n<meta property=\"og:locale\" content=\"fr_FR\" \/>\n<meta property=\"og:type\" content=\"article\" \/>\n<meta property=\"og:title\" content=\"Monaco aurait refus\u00e9 une offre de l\u2019Inter pour Akliouche - La Diagonale\" \/>\n<meta property=\"og:description\" content=\"L\u2019AS Monaco ne semble pas d\u00e9cid\u00e9e \u00e0 ouvrir la porte pour Maghnes Akliouche. Le milieu de terrain de 23 ans est fortement d\u00e9sir\u00e9 sur ce march\u00e9 des transferts estival et aux int\u00e9r\u00eats du PSG, de Manchester City et de Leipzig, se serait ajout\u00e9 celui de l\u2019Inter Milan. Selon L\u2019\u00c9quipe, le champion d\u2019Italie aurait propos\u00e9 oralement [...]\" \/>\n<meta property=\"og:url\" content=\"https:\/\/www.ladiagonale.net\/index.php\/2024\/07\/12\/monaco-aurait-refuse-une-offre-de-linter-pour-akliouche\/\" \/>\n<meta property=\"og:site_name\" content=\"La Diagonale\" \/>\n<meta property=\"article:published_time\" content=\"2024-07-12T21:13:29+00:00\" \/>\n<meta property=\"article:modified_time\" content=\"2024-07-13T07:45:07+00:00\" \/>\n<meta property=\"og:image\" content=\"https:\/\/www.ladiagonale.net\/wp-content\/uploads\/2023\/08\/akliouche.png\" \/>\n\t<meta property=\"og:image:width\" content=\"1160\" \/>\n\t<meta property=\"og:image:height\" content=\"650\" \/>\n\t<meta property=\"og:image:type\" content=\"image\/png\" \/>\n<meta name=\"author\" content=\"Damien Dellerba\" \/>\n<meta name=\"twitter:card\" content=\"summary_large_image\" \/>\n<meta name=\"twitter:image\" content=\"https:\/\/www.ladiagonale.net\/wp-content\/uploads\/2023\/08\/akliouche.png\" \/>\n<meta name=\"twitter:label1\" content=\"\u00c9crit par\" \/>\n\t<meta name=\"twitter:data1\" content=\"Damien Dellerba\" \/>\n\t<meta name=\"twitter:label2\" content=\"Dur\u00e9e de lecture estim\u00e9e\" \/>\n\t<meta name=\"twitter:data2\" content=\"2 minutes\" \/>\n<script type=\"application\/ld+json\" class=\"yoast-schema-graph\">{\"@context\":\"https:\/\/schema.org\",\"@graph\":[{\"@type\":\"WebPage\",\"@id\":\"https:\/\/www.ladiagonale.net\/index.php\/2024\/07\/12\/monaco-aurait-refuse-une-offre-de-linter-pour-akliouche\/\",\"url\":\"https:\/\/www.ladiagonale.net\/index.php\/2024\/07\/12\/monaco-aurait-refuse-une-offre-de-linter-pour-akliouche\/\",\"name\":\"Monaco aurait refus\u00e9 une offre de l\u2019Inter pour Akliouche - La Diagonale\",\"isPartOf\":{\"@id\":\"https:\/\/www.ladiagonale.net\/#website\"},\"datePublished\":\"2024-07-12T21:13:29+00:00\",\"dateModified\":\"2024-07-13T07:45:07+00:00\",\"author\":{\"@id\":\"https:\/\/www.ladiagonale.net\/#\/schema\/person\/79ff1e7b0853ed01b2aa26e64ad300bf\"},\"breadcrumb\":{\"@id\":\"https:\/\/www.ladiagonale.net\/index.php\/2024\/07\/12\/monaco-aurait-refuse-une-offre-de-linter-pour-akliouche\/#breadcrumb\"},\"inLanguage\":\"fr-FR\",\"potentialAction\":[{\"@type\":\"ReadAction\",\"target\":[\"https:\/\/www.ladiagonale.net\/index.php\/2024\/07\/12\/monaco-aurait-refuse-une-offre-de-linter-pour-akliouche\/\"]}]},{\"@type\":\"BreadcrumbList\",\"@id\":\"https:\/\/www.ladiagonale.net\/index.php\/2024\/07\/12\/monaco-aurait-refuse-une-offre-de-linter-pour-akliouche\/#breadcrumb\",\"itemListElement\":[{\"@type\":\"ListItem\",\"position\":1,\"name\":\"Accueil\",\"item\":\"https:\/\/www.ladiagonale.net\/\"},{\"@type\":\"ListItem\",\"position\":2,\"name\":\"Monaco aurait refus\u00e9 une offre de l\u2019Inter pour Akliouche\"}]},{\"@type\":\"WebSite\",\"@id\":\"https:\/\/www.ladiagonale.net\/#website\",\"url\":\"https:\/\/www.ladiagonale.net\/\",\"name\":\"La Diagonale\",\"description\":\"Le site des supporters de l&#039;AS Monaco FC\",\"potentialAction\":[{\"@type\":\"SearchAction\",\"target\":{\"@type\":\"EntryPoint\",\"urlTemplate\":\"https:\/\/www.ladiagonale.net\/?s={search_term_string}\"},\"query-input\":\"required name=search_term_string\"}],\"inLanguage\":\"fr-FR\"},{\"@type\":\"Person\",\"@id\":\"https:\/\/www.ladiagonale.net\/#\/schema\/person\/79ff1e7b0853ed01b2aa26e64ad300bf\",\"name\":\"Damien Dellerba\",\"image\":{\"@type\":\"ImageObject\",\"inLanguage\":\"fr-FR\",\"@id\":\"https:\/\/www.ladiagonale.net\/#\/schema\/person\/image\/\",\"url\":\"https:\/\/secure.gravatar.com\/avatar\/c7850e06d3ff63cdbaee88b7fc16e2f0?s=96&d=mm&r=g\",\"contentUrl\":\"https:\/\/secure.gravatar.com\/avatar\/c7850e06d3ff63cdbaee88b7fc16e2f0?s=96&d=mm&r=g\",\"caption\":\"Damien Dellerba\"},\"url\":\"https:\/\/www.ladiagonale.net\/index.php\/author\/damien\/\"}]}<\/script>\n<!-- \/ Yoast SEO plugin. -->","yoast_head_json":{"title":"Monaco aurait refus\u00e9 une offre de l\u2019Inter pour Akliouche - La Diagonale","robots":{"index":"index","follow":"follow","max-snippet":"max-snippet:-1","max-image-preview":"max-image-preview:large","max-video-preview":"max-video-preview:-1"},"canonical":"https:\/\/www.ladiagonale.net\/index.php\/2024\/07\/12\/monaco-aurait-refuse-une-offre-de-linter-pour-akliouche\/","og_locale":"fr_FR","og_type":"article","og_title":"Monaco aurait refus\u00e9 une offre de l\u2019Inter pour Akliouche - La Diagonale","og_description":"L\u2019AS Monaco ne semble pas d\u00e9cid\u00e9e \u00e0 ouvrir la porte pour Maghnes Akliouche. Le milieu de terrain de 23 ans est fortement d\u00e9sir\u00e9 sur ce march\u00e9 des transferts estival et aux int\u00e9r\u00eats du PSG, de Manchester City et de Leipzig, se serait ajout\u00e9 celui de l\u2019Inter Milan. Selon L\u2019\u00c9quipe, le champion d\u2019Italie aurait propos\u00e9 oralement [...]","og_url":"https:\/\/www.ladiagonale.net\/index.php\/2024\/07\/12\/monaco-aurait-refuse-une-offre-de-linter-pour-akliouche\/","og_site_name":"La Diagonale","article_published_time":"2024-07-12T21:13:29+00:00","article_modified_time":"2024-07-13T07:45:07+00:00","og_image":[{"width":1160,"height":650,"url":"https:\/\/www.ladiagonale.net\/wp-content\/uploads\/2023\/08\/akliouche.png","type":"image\/png"}],"author":"Damien Dellerba","twitter_card":"summary_large_image","twitter_image":"https:\/\/www.ladiagonale.net\/wp-content\/uploads\/2023\/08\/akliouche.png","twitter_misc":{"\u00c9crit par":"Damien Dellerba","Dur\u00e9e de lecture estim\u00e9e":"2 minutes"},"schema":{"@context":"https:\/\/schema.org","@graph":[{"@type":"WebPage","@id":"https:\/\/www.ladiagonale.net\/index.php\/2024\/07\/12\/monaco-aurait-refuse-une-offre-de-linter-pour-akliouche\/","url":"https:\/\/www.ladiagonale.net\/index.php\/2024\/07\/12\/monaco-aurait-refuse-une-offre-de-linter-pour-akliouche\/","name":"Monaco aurait refus\u00e9 une offre de l\u2019Inter pour Akliouche - La Diagonale","isPartOf":{"@id":"https:\/\/www.ladiagonale.net\/#website"},"datePublished":"2024-07-12T21:13:29+00:00","dateModified":"2024-07-13T07:45:07+00:00","author":{"@id":"https:\/\/www.ladiagonale.net\/#\/schema\/person\/79ff1e7b0853ed01b2aa26e64ad300bf"},"breadcrumb":{"@id":"https:\/\/www.ladiagonale.net\/index.php\/2024\/07\/12\/monaco-aurait-refuse-une-offre-de-linter-pour-akliouche\/#breadcrumb"},"inLanguage":"fr-FR","potentialAction":[{"@type":"ReadAction","target":["https:\/\/www.ladiagonale.net\/index.php\/2024\/07\/12\/monaco-aurait-refuse-une-offre-de-linter-pour-akliouche\/"]}]},{"@type":"BreadcrumbList","@id":"https:\/\/www.ladiagonale.net\/index.php\/2024\/07\/12\/monaco-aurait-refuse-une-offre-de-linter-pour-akliouche\/#breadcrumb","itemListElement":[{"@type":"ListItem","position":1,"name":"Accueil","item":"https:\/\/www.ladiagonale.net\/"},{"@type":"ListItem","position":2,"name":"Monaco aurait refus\u00e9 une offre de l\u2019Inter pour Akliouche"}]},{"@type":"WebSite","@id":"https:\/\/www.ladiagonale.net\/#website","url":"https:\/\/www.ladiagonale.net\/","name":"La Diagonale","description":"Le site des supporters de l&#039;AS Monaco FC","potentialAction":[{"@type":"SearchAction","target":{"@type":"EntryPoint","urlTemplate":"https:\/\/www.ladiagonale.net\/?s={search_term_string}"},"query-input":"required name=search_term_string"}],"inLanguage":"fr-FR"},{"@type":"Person","@id":"https:\/\/www.ladiagonale.net\/#\/schema\/person\/79ff1e7b0853ed01b2aa26e64ad300bf","name":"Damien Dellerba","image":{"@type":"ImageObject","inLanguage":"fr-FR","@id":"https:\/\/www.ladiagonale.net\/#\/schema\/person\/image\/","url":"https:\/\/secure.gravatar.com\/avatar\/c7850e06d3ff63cdbaee88b7fc16e2f0?s=96&d=mm&r=g","contentUrl":"https:\/\/secure.gravatar.com\/avatar\/c7850e06d3ff63cdbaee88b7fc16e2f0?s=96&d=mm&r=g","caption":"Damien Dellerba"},"url":"https:\/\/www.ladiagonale.net\/index.php\/author\/damien\/"}]}},"_links":{"self":[{"href":"https:\/\/www.ladiagonale.net\/index.php\/wp-json\/wp\/v2\/posts\/24345"}],"collection":[{"href":"https:\/\/www.ladiagonale.net\/index.php\/wp-json\/wp\/v2\/posts"}],"about":[{"href":"https:\/\/www.ladiagonale.net\/index.php\/wp-json\/wp\/v2\/types\/post"}],"author":[{"embeddable":true,"href":"https:\/\/www.ladiagonale.net\/index.php\/wp-json\/wp\/v2\/users\/2"}],"replies":[{"embeddable":true,"href":"https:\/\/www.ladiagonale.net\/index.php\/wp-json\/wp\/v2\/comments?post=24345"}],"version-history":[{"count":2,"href":"https:\/\/www.ladiagonale.net\/index.php\/wp-json\/wp\/v2\/posts\/24345\/revisions"}],"predecessor-version":[{"id":24351,"href":"https:\/\/www.ladiagonale.net\/index.php\/wp-json\/wp\/v2\/posts\/24345\/revisions\/24351"}],"wp:attachment":[{"href":"https:\/\/www.ladiagonale.net\/index.php\/wp-json\/wp\/v2\/media?parent=24345"}],"wp:term":[{"taxonomy":"category","embeddable":true,"href":"https:\/\/www.ladiagonale.net\/index.php\/wp-json\/wp\/v2\/categories?post=24345"},{"taxonomy":"post_tag","embeddable":true,"href":"https:\/\/www.ladiagonale.net\/index.php\/wp-json\/wp\/v2\/tags?post=24345"}],"curies":[{"name":"wp","href":"https:\/\/api.w.org\/{rel}","templated":true}]}}