{"id":24371,"date":"2024-07-13T13:29:39","date_gmt":"2024-07-13T11:29:39","guid":{"rendered":"https:\/\/www.ladiagonale.net\/?p=24371"},"modified":"2024-07-14T13:18:28","modified_gmt":"2024-07-14T11:18:28","slug":"les-internationaux-de-retour-fin-juillet-fofana-en-aout","status":"publish","type":"post","link":"https:\/\/www.ladiagonale.net\/index.php\/2024\/07\/13\/les-internationaux-de-retour-fin-juillet-fofana-en-aout\/","title":{"rendered":"Les internationaux de retour fin juillet, Fofana en ao\u00fbt"},"content":{"rendered":"\n\n\n<p>La pr\u00e9paration du c\u00f4t\u00e9 de l&rsquo;AS Monaco se poursuit avec le deuxi\u00e8me match amical disput\u00e9 ce samedi face au Cercle Bruges (1-1). Si Takumi Minamino a notamment retrouv\u00e9 les terrains \u00e0 l&rsquo;occasion de cette rencontre, les internationaux engag\u00e9s dans les comp\u00e9titions continentales ne sont pas encore revenus. Les dates de leur retour ont toutefois \u00e9t\u00e9 annonc\u00e9es par le club aux m\u00e9dias pr\u00e9sents \u00e0 La Turbie. <\/p>\n\n\n\n<p>\u00c9limin\u00e9s d\u00e8s la phase de groupes de la Copa Am\u00e9rica avec le Chili et les \u00c9tats-Unis, Guillermo Maripan et Folarin Balogun seront les premiers \u00e0 revenir, le 24 juillet. Les Suisses Breel Embolo et Denis Zakaria, parvenus en quarts de finale de l&rsquo;Euro, reprendront le chemin de l&rsquo;entra\u00eenement le 29 juillet. Quant \u00e0 Youssouf Fofana, qui est celui qui est all\u00e9 le plus loin en atteignant le dernier carr\u00e9 de l&rsquo;Euro avec la France, son retour s&rsquo;effectuera le 1er ao\u00fbt.<\/p>\n\n\n\n<p>De cette liste d&rsquo;internationaux, il manquera toujours Maghnes Akliouche, Eliesse Ben Seghir ou encore Soungoutou Magassa, qui disputeront les Jeux Olympiques \u00e0 partir du 24 juillet. Ils devraient toutefois \u00eatre imm\u00e9diatement de retour en cas d&rsquo;\u00e9limination avant la finale pr\u00e9vue le 9 ao\u00fbt.<\/p>\n\n\n\n<p>Source : <em>Nice-Matin<\/em><\/p>\n","protected":false},"excerpt":{"rendered":"<p>La pr\u00e9paration du c\u00f4t\u00e9 de l&rsquo;AS Monaco se poursuit avec le deuxi\u00e8me match amical disput\u00e9 ce samedi face au Cercle Bruges (1-1). Si Takumi Minamino a notamment retrouv\u00e9 les terrains \u00e0 l&rsquo;occasion de cette rencontre, les internationaux engag\u00e9s dans les comp\u00e9titions continentales ne sont pas encore revenus. Les dates de leur retour ont toutefois \u00e9t\u00e9 [&#8230;]\n","protected":false},"author":2,"featured_media":0,"comment_status":"open","ping_status":"open","sticky":false,"template":"","format":"standard","meta":[],"categories":[6],"tags":[86,161,631,483,183,594,116,176],"yoast_head":"<!-- This site is optimized with the Yoast SEO plugin v19.8 - https:\/\/yoast.com\/wordpress\/plugins\/seo\/ -->\n<title>Les internationaux de retour fin juillet, Fofana en ao\u00fbt - La Diagonale<\/title>\n<meta name=\"robots\" content=\"index, follow, max-snippet:-1, max-image-preview:large, max-video-preview:-1\" \/>\n<link rel=\"canonical\" href=\"https:\/\/www.ladiagonale.net\/index.php\/2024\/07\/13\/les-internationaux-de-retour-fin-juillet-fofana-en-aout\/\" \/>\n<meta property=\"og:locale\" content=\"fr_FR\" \/>\n<meta property=\"og:type\" content=\"article\" \/>\n<meta property=\"og:title\" content=\"Les internationaux de retour fin juillet, Fofana en ao\u00fbt - La Diagonale\" \/>\n<meta property=\"og:description\" content=\"La pr\u00e9paration du c\u00f4t\u00e9 de l&rsquo;AS Monaco se poursuit avec le deuxi\u00e8me match amical disput\u00e9 ce samedi face au Cercle Bruges (1-1). Si Takumi Minamino a notamment retrouv\u00e9 les terrains \u00e0 l&rsquo;occasion de cette rencontre, les internationaux engag\u00e9s dans les comp\u00e9titions continentales ne sont pas encore revenus. Les dates de leur retour ont toutefois \u00e9t\u00e9 [...]\" \/>\n<meta property=\"og:url\" content=\"https:\/\/www.ladiagonale.net\/index.php\/2024\/07\/13\/les-internationaux-de-retour-fin-juillet-fofana-en-aout\/\" \/>\n<meta property=\"og:site_name\" content=\"La Diagonale\" \/>\n<meta property=\"article:published_time\" content=\"2024-07-13T11:29:39+00:00\" \/>\n<meta property=\"article:modified_time\" content=\"2024-07-14T11:18:28+00:00\" \/>\n<meta property=\"og:image\" content=\"https:\/\/www.ladiagonale.net\/wp-content\/uploads\/2024\/06\/zakaria-embolo-suisse.png\" \/>\n\t<meta property=\"og:image:width\" content=\"1160\" \/>\n\t<meta property=\"og:image:height\" content=\"650\" \/>\n\t<meta property=\"og:image:type\" content=\"image\/png\" \/>\n<meta name=\"author\" content=\"Damien Dellerba\" \/>\n<meta name=\"twitter:card\" content=\"summary_large_image\" \/>\n<meta name=\"twitter:image\" content=\"https:\/\/www.ladiagonale.net\/wp-content\/uploads\/2024\/06\/zakaria-embolo-suisse.png\" \/>\n<meta name=\"twitter:label1\" content=\"\u00c9crit par\" \/>\n\t<meta name=\"twitter:data1\" content=\"Damien Dellerba\" \/>\n\t<meta name=\"twitter:label2\" content=\"Dur\u00e9e de lecture estim\u00e9e\" \/>\n\t<meta name=\"twitter:data2\" content=\"1 minute\" \/>\n<script type=\"application\/ld+json\" class=\"yoast-schema-graph\">{\"@context\":\"https:\/\/schema.org\",\"@graph\":[{\"@type\":\"WebPage\",\"@id\":\"https:\/\/www.ladiagonale.net\/index.php\/2024\/07\/13\/les-internationaux-de-retour-fin-juillet-fofana-en-aout\/\",\"url\":\"https:\/\/www.ladiagonale.net\/index.php\/2024\/07\/13\/les-internationaux-de-retour-fin-juillet-fofana-en-aout\/\",\"name\":\"Les internationaux de retour fin juillet, Fofana en ao\u00fbt - La Diagonale\",\"isPartOf\":{\"@id\":\"https:\/\/www.ladiagonale.net\/#website\"},\"datePublished\":\"2024-07-13T11:29:39+00:00\",\"dateModified\":\"2024-07-14T11:18:28+00:00\",\"author\":{\"@id\":\"https:\/\/www.ladiagonale.net\/#\/schema\/person\/79ff1e7b0853ed01b2aa26e64ad300bf\"},\"breadcrumb\":{\"@id\":\"https:\/\/www.ladiagonale.net\/index.php\/2024\/07\/13\/les-internationaux-de-retour-fin-juillet-fofana-en-aout\/#breadcrumb\"},\"inLanguage\":\"fr-FR\",\"potentialAction\":[{\"@type\":\"ReadAction\",\"target\":[\"https:\/\/www.ladiagonale.net\/index.php\/2024\/07\/13\/les-internationaux-de-retour-fin-juillet-fofana-en-aout\/\"]}]},{\"@type\":\"BreadcrumbList\",\"@id\":\"https:\/\/www.ladiagonale.net\/index.php\/2024\/07\/13\/les-internationaux-de-retour-fin-juillet-fofana-en-aout\/#breadcrumb\",\"itemListElement\":[{\"@type\":\"ListItem\",\"position\":1,\"name\":\"Accueil\",\"item\":\"https:\/\/www.ladiagonale.net\/\"},{\"@type\":\"ListItem\",\"position\":2,\"name\":\"Les internationaux de retour fin juillet, Fofana en ao\u00fbt\"}]},{\"@type\":\"WebSite\",\"@id\":\"https:\/\/www.ladiagonale.net\/#website\",\"url\":\"https:\/\/www.ladiagonale.net\/\",\"name\":\"La Diagonale\",\"description\":\"Le site des supporters de l&#039;AS Monaco FC\",\"potentialAction\":[{\"@type\":\"SearchAction\",\"target\":{\"@type\":\"EntryPoint\",\"urlTemplate\":\"https:\/\/www.ladiagonale.net\/?s={search_term_string}\"},\"query-input\":\"required name=search_term_string\"}],\"inLanguage\":\"fr-FR\"},{\"@type\":\"Person\",\"@id\":\"https:\/\/www.ladiagonale.net\/#\/schema\/person\/79ff1e7b0853ed01b2aa26e64ad300bf\",\"name\":\"Damien Dellerba\",\"image\":{\"@type\":\"ImageObject\",\"inLanguage\":\"fr-FR\",\"@id\":\"https:\/\/www.ladiagonale.net\/#\/schema\/person\/image\/\",\"url\":\"https:\/\/secure.gravatar.com\/avatar\/c7850e06d3ff63cdbaee88b7fc16e2f0?s=96&d=mm&r=g\",\"contentUrl\":\"https:\/\/secure.gravatar.com\/avatar\/c7850e06d3ff63cdbaee88b7fc16e2f0?s=96&d=mm&r=g\",\"caption\":\"Damien Dellerba\"},\"url\":\"https:\/\/www.ladiagonale.net\/index.php\/author\/damien\/\"}]}<\/script>\n<!-- \/ Yoast SEO plugin. -->","yoast_head_json":{"title":"Les internationaux de retour fin juillet, Fofana en ao\u00fbt - La Diagonale","robots":{"index":"index","follow":"follow","max-snippet":"max-snippet:-1","max-image-preview":"max-image-preview:large","max-video-preview":"max-video-preview:-1"},"canonical":"https:\/\/www.ladiagonale.net\/index.php\/2024\/07\/13\/les-internationaux-de-retour-fin-juillet-fofana-en-aout\/","og_locale":"fr_FR","og_type":"article","og_title":"Les internationaux de retour fin juillet, Fofana en ao\u00fbt - La Diagonale","og_description":"La pr\u00e9paration du c\u00f4t\u00e9 de l&rsquo;AS Monaco se poursuit avec le deuxi\u00e8me match amical disput\u00e9 ce samedi face au Cercle Bruges (1-1). Si Takumi Minamino a notamment retrouv\u00e9 les terrains \u00e0 l&rsquo;occasion de cette rencontre, les internationaux engag\u00e9s dans les comp\u00e9titions continentales ne sont pas encore revenus. Les dates de leur retour ont toutefois \u00e9t\u00e9 [...]","og_url":"https:\/\/www.ladiagonale.net\/index.php\/2024\/07\/13\/les-internationaux-de-retour-fin-juillet-fofana-en-aout\/","og_site_name":"La Diagonale","article_published_time":"2024-07-13T11:29:39+00:00","article_modified_time":"2024-07-14T11:18:28+00:00","og_image":[{"width":1160,"height":650,"url":"https:\/\/www.ladiagonale.net\/wp-content\/uploads\/2024\/06\/zakaria-embolo-suisse.png","type":"image\/png"}],"author":"Damien Dellerba","twitter_card":"summary_large_image","twitter_image":"https:\/\/www.ladiagonale.net\/wp-content\/uploads\/2024\/06\/zakaria-embolo-suisse.png","twitter_misc":{"\u00c9crit par":"Damien Dellerba","Dur\u00e9e de lecture estim\u00e9e":"1 minute"},"schema":{"@context":"https:\/\/schema.org","@graph":[{"@type":"WebPage","@id":"https:\/\/www.ladiagonale.net\/index.php\/2024\/07\/13\/les-internationaux-de-retour-fin-juillet-fofana-en-aout\/","url":"https:\/\/www.ladiagonale.net\/index.php\/2024\/07\/13\/les-internationaux-de-retour-fin-juillet-fofana-en-aout\/","name":"Les internationaux de retour fin juillet, Fofana en ao\u00fbt - La Diagonale","isPartOf":{"@id":"https:\/\/www.ladiagonale.net\/#website"},"datePublished":"2024-07-13T11:29:39+00:00","dateModified":"2024-07-14T11:18:28+00:00","author":{"@id":"https:\/\/www.ladiagonale.net\/#\/schema\/person\/79ff1e7b0853ed01b2aa26e64ad300bf"},"breadcrumb":{"@id":"https:\/\/www.ladiagonale.net\/index.php\/2024\/07\/13\/les-internationaux-de-retour-fin-juillet-fofana-en-aout\/#breadcrumb"},"inLanguage":"fr-FR","potentialAction":[{"@type":"ReadAction","target":["https:\/\/www.ladiagonale.net\/index.php\/2024\/07\/13\/les-internationaux-de-retour-fin-juillet-fofana-en-aout\/"]}]},{"@type":"BreadcrumbList","@id":"https:\/\/www.ladiagonale.net\/index.php\/2024\/07\/13\/les-internationaux-de-retour-fin-juillet-fofana-en-aout\/#breadcrumb","itemListElement":[{"@type":"ListItem","position":1,"name":"Accueil","item":"https:\/\/www.ladiagonale.net\/"},{"@type":"ListItem","position":2,"name":"Les internationaux de retour fin juillet, Fofana en ao\u00fbt"}]},{"@type":"WebSite","@id":"https:\/\/www.ladiagonale.net\/#website","url":"https:\/\/www.ladiagonale.net\/","name":"La Diagonale","description":"Le site des supporters de l&#039;AS Monaco FC","potentialAction":[{"@type":"SearchAction","target":{"@type":"EntryPoint","urlTemplate":"https:\/\/www.ladiagonale.net\/?s={search_term_string}"},"query-input":"required name=search_term_string"}],"inLanguage":"fr-FR"},{"@type":"Person","@id":"https:\/\/www.ladiagonale.net\/#\/schema\/person\/79ff1e7b0853ed01b2aa26e64ad300bf","name":"Damien Dellerba","image":{"@type":"ImageObject","inLanguage":"fr-FR","@id":"https:\/\/www.ladiagonale.net\/#\/schema\/person\/image\/","url":"https:\/\/secure.gravatar.com\/avatar\/c7850e06d3ff63cdbaee88b7fc16e2f0?s=96&d=mm&r=g","contentUrl":"https:\/\/secure.gravatar.com\/avatar\/c7850e06d3ff63cdbaee88b7fc16e2f0?s=96&d=mm&r=g","caption":"Damien Dellerba"},"url":"https:\/\/www.ladiagonale.net\/index.php\/author\/damien\/"}]}},"_links":{"self":[{"href":"https:\/\/www.ladiagonale.net\/index.php\/wp-json\/wp\/v2\/posts\/24371"}],"collection":[{"href":"https:\/\/www.ladiagonale.net\/index.php\/wp-json\/wp\/v2\/posts"}],"about":[{"href":"https:\/\/www.ladiagonale.net\/index.php\/wp-json\/wp\/v2\/types\/post"}],"author":[{"embeddable":true,"href":"https:\/\/www.ladiagonale.net\/index.php\/wp-json\/wp\/v2\/users\/2"}],"replies":[{"embeddable":true,"href":"https:\/\/www.ladiagonale.net\/index.php\/wp-json\/wp\/v2\/comments?post=24371"}],"version-history":[{"count":2,"href":"https:\/\/www.ladiagonale.net\/index.php\/wp-json\/wp\/v2\/posts\/24371\/revisions"}],"predecessor-version":[{"id":24391,"href":"https:\/\/www.ladiagonale.net\/index.php\/wp-json\/wp\/v2\/posts\/24371\/revisions\/24391"}],"wp:attachment":[{"href":"https:\/\/www.ladiagonale.net\/index.php\/wp-json\/wp\/v2\/media?parent=24371"}],"wp:term":[{"taxonomy":"category","embeddable":true,"href":"https:\/\/www.ladiagonale.net\/index.php\/wp-json\/wp\/v2\/categories?post=24371"},{"taxonomy":"post_tag","embeddable":true,"href":"https:\/\/www.ladiagonale.net\/index.php\/wp-json\/wp\/v2\/tags?post=24371"}],"curies":[{"name":"wp","href":"https:\/\/api.w.org\/{rel}","templated":true}]}}