{"id":24417,"date":"2024-07-16T16:19:29","date_gmt":"2024-07-16T14:19:29","guid":{"rendered":"https:\/\/www.ladiagonale.net\/?p=24417"},"modified":"2024-07-16T16:21:44","modified_gmt":"2024-07-16T14:21:44","slug":"ben-yedder-jaurais-voulu-defendre-las-monaco-en-ligue-des-champions","status":"publish","type":"post","link":"https:\/\/www.ladiagonale.net\/index.php\/2024\/07\/16\/ben-yedder-jaurais-voulu-defendre-las-monaco-en-ligue-des-champions\/","title":{"rendered":"Ben Yedder : \u00ab\u00a0J\u2019aurais voulu d\u00e9fendre l\u2019AS Monaco en Ligue des champions\u00a0\u00bb"},"content":{"rendered":"\n<p>Le 30 juin, les chemins de l\u2019AS Monaco et de Wissam Ben Yedder se sont s\u00e9par\u00e9s apr\u00e8s cinq ann\u00e9es de vie commune. Muet depuis l&rsquo;annonce de son d\u00e9part le 25 mai, le second meilleur buteur de l\u2019histoire du club (118 buts en 201 matches) a pris la parole sur ses r\u00e9seaux sociaux pour saluer les supporters. Dans un court message vid\u00e9o, Ben Yedder a exprim\u00e9 son regret de ne pas avoir pu continuer l&rsquo;aventure pour notamment jouer la Ligue des champions.<\/p>\n\n\n\n<p>\u00ab&nbsp;<em>J\u2019ai mis un peu de temps \u00e0 faire ce message, <\/em>s&rsquo;est-il excus\u00e9 dans un premier temps<em>. J\u2019aurais voulu d\u00e9fendre l\u2019AS Monaco en Ligue des champions, malheureusement, \u00e7a n\u2019a pas pu le faire. L\u2019AS Monaco est un club formidable, les supporters vous \u00eates g\u00e9niaux. Je vous aime et je vous embrasse et on se reverra. \u00c0 tr\u00e8s bient\u00f4t, Daghe Munegu<\/em> !&nbsp;\u00bb<\/p>\n\n\n\n<blockquote class=\"twitter-tweet\"><p lang=\"fr\" dir=\"ltr\">Merci pour ces 5 belles ann\u00e9es ! Daghe Munegu ! \ud83c\uddf2\ud83c\udde8\ud83c\uddf2\ud83c\udde8\ud83c\uddf2\ud83c\udde8 <a href=\"https:\/\/t.co\/2IscTr82mu\">pic.twitter.com\/2IscTr82mu<\/a><\/p>\u2014 Wissam Ben Yedder (@WissBenYedder) <a href=\"https:\/\/twitter.com\/WissBenYedder\/status\/1813203187479761359?ref_src=twsrc%5Etfw\">July 16, 2024<\/a><\/blockquote> <script async=\"\" src=\"https:\/\/platform.twitter.com\/widgets.js\" charset=\"utf-8\"><\/script>\n\n\n\n<p>Auteur de 20 buts en 34 rencontres toutes comp\u00e9titions confondues, Ben Yedder a une nouvelle fois termin\u00e9 meilleur buteur du club sur le pr\u00e9c\u00e9dent exercice. En fin de contrat, il n&rsquo;a pas vu son bail renouvel\u00e9 par le club Rouge et Blanc. Mis en examen pour \u00ab viol, tentative de viol et agression sexuelle \u00bb l&rsquo;\u00e9t\u00e9 dernier, l&rsquo;international fran\u00e7ais a \u00e9galement vu ressurgir, au travers d&rsquo;une enqu\u00eate de <em>L&rsquo;\u00c9quipe<\/em>, une autre histoire de m\u0153urs ant\u00e9rieure peu reluisante. Autant de raisons qui ont probablement pr\u00e9cipit\u00e9 la fin de son aventure en Principaut\u00e9.<\/p>\n","protected":false},"excerpt":{"rendered":"<p>Le 30 juin, les chemins de l\u2019AS Monaco et de Wissam Ben Yedder se sont s\u00e9par\u00e9s apr\u00e8s cinq ann\u00e9es de vie commune. Muet depuis l&rsquo;annonce de son d\u00e9part le 25 mai, le second meilleur buteur de l\u2019histoire du club (118 buts en 201 matches) a pris la parole sur ses r\u00e9seaux sociaux pour saluer les [&#8230;]\n","protected":false},"author":2,"featured_media":0,"comment_status":"open","ping_status":"open","sticky":false,"template":"","format":"standard","meta":[],"categories":[6],"tags":[255,86,175],"yoast_head":"<!-- This site is optimized with the Yoast SEO plugin v19.8 - https:\/\/yoast.com\/wordpress\/plugins\/seo\/ -->\n<title>Ben Yedder : \u00ab\u00a0J\u2019aurais voulu d\u00e9fendre l\u2019AS Monaco en Ligue des champions\u00a0\u00bb - La Diagonale<\/title>\n<meta name=\"robots\" content=\"index, follow, max-snippet:-1, max-image-preview:large, max-video-preview:-1\" \/>\n<link rel=\"canonical\" href=\"https:\/\/www.ladiagonale.net\/index.php\/2024\/07\/16\/ben-yedder-jaurais-voulu-defendre-las-monaco-en-ligue-des-champions\/\" \/>\n<meta property=\"og:locale\" content=\"fr_FR\" \/>\n<meta property=\"og:type\" content=\"article\" \/>\n<meta property=\"og:title\" content=\"Ben Yedder : \u00ab\u00a0J\u2019aurais voulu d\u00e9fendre l\u2019AS Monaco en Ligue des champions\u00a0\u00bb - La Diagonale\" \/>\n<meta property=\"og:description\" content=\"Le 30 juin, les chemins de l\u2019AS Monaco et de Wissam Ben Yedder se sont s\u00e9par\u00e9s apr\u00e8s cinq ann\u00e9es de vie commune. Muet depuis l&rsquo;annonce de son d\u00e9part le 25 mai, le second meilleur buteur de l\u2019histoire du club (118 buts en 201 matches) a pris la parole sur ses r\u00e9seaux sociaux pour saluer les [...]\" \/>\n<meta property=\"og:url\" content=\"https:\/\/www.ladiagonale.net\/index.php\/2024\/07\/16\/ben-yedder-jaurais-voulu-defendre-las-monaco-en-ligue-des-champions\/\" \/>\n<meta property=\"og:site_name\" content=\"La Diagonale\" \/>\n<meta property=\"article:published_time\" content=\"2024-07-16T14:19:29+00:00\" \/>\n<meta property=\"article:modified_time\" content=\"2024-07-16T14:21:44+00:00\" \/>\n<meta property=\"og:image\" content=\"https:\/\/www.ladiagonale.net\/wp-content\/uploads\/2022\/12\/ben-yedder3.png\" \/>\n\t<meta property=\"og:image:width\" content=\"1160\" \/>\n\t<meta property=\"og:image:height\" content=\"650\" \/>\n\t<meta property=\"og:image:type\" content=\"image\/png\" \/>\n<meta name=\"author\" content=\"Damien Dellerba\" \/>\n<meta name=\"twitter:card\" content=\"summary_large_image\" \/>\n<meta name=\"twitter:image\" content=\"https:\/\/www.ladiagonale.net\/wp-content\/uploads\/2022\/12\/ben-yedder3.png\" \/>\n<meta name=\"twitter:label1\" content=\"\u00c9crit par\" \/>\n\t<meta name=\"twitter:data1\" content=\"Damien Dellerba\" \/>\n\t<meta name=\"twitter:label2\" content=\"Dur\u00e9e de lecture estim\u00e9e\" \/>\n\t<meta name=\"twitter:data2\" content=\"2 minutes\" \/>\n<script type=\"application\/ld+json\" class=\"yoast-schema-graph\">{\"@context\":\"https:\/\/schema.org\",\"@graph\":[{\"@type\":\"WebPage\",\"@id\":\"https:\/\/www.ladiagonale.net\/index.php\/2024\/07\/16\/ben-yedder-jaurais-voulu-defendre-las-monaco-en-ligue-des-champions\/\",\"url\":\"https:\/\/www.ladiagonale.net\/index.php\/2024\/07\/16\/ben-yedder-jaurais-voulu-defendre-las-monaco-en-ligue-des-champions\/\",\"name\":\"Ben Yedder : \u00ab\u00a0J\u2019aurais voulu d\u00e9fendre l\u2019AS Monaco en Ligue des champions\u00a0\u00bb - La Diagonale\",\"isPartOf\":{\"@id\":\"https:\/\/www.ladiagonale.net\/#website\"},\"datePublished\":\"2024-07-16T14:19:29+00:00\",\"dateModified\":\"2024-07-16T14:21:44+00:00\",\"author\":{\"@id\":\"https:\/\/www.ladiagonale.net\/#\/schema\/person\/79ff1e7b0853ed01b2aa26e64ad300bf\"},\"breadcrumb\":{\"@id\":\"https:\/\/www.ladiagonale.net\/index.php\/2024\/07\/16\/ben-yedder-jaurais-voulu-defendre-las-monaco-en-ligue-des-champions\/#breadcrumb\"},\"inLanguage\":\"fr-FR\",\"potentialAction\":[{\"@type\":\"ReadAction\",\"target\":[\"https:\/\/www.ladiagonale.net\/index.php\/2024\/07\/16\/ben-yedder-jaurais-voulu-defendre-las-monaco-en-ligue-des-champions\/\"]}]},{\"@type\":\"BreadcrumbList\",\"@id\":\"https:\/\/www.ladiagonale.net\/index.php\/2024\/07\/16\/ben-yedder-jaurais-voulu-defendre-las-monaco-en-ligue-des-champions\/#breadcrumb\",\"itemListElement\":[{\"@type\":\"ListItem\",\"position\":1,\"name\":\"Accueil\",\"item\":\"https:\/\/www.ladiagonale.net\/\"},{\"@type\":\"ListItem\",\"position\":2,\"name\":\"Ben Yedder : \u00ab\u00a0J\u2019aurais voulu d\u00e9fendre l\u2019AS Monaco en Ligue des champions\u00a0\u00bb\"}]},{\"@type\":\"WebSite\",\"@id\":\"https:\/\/www.ladiagonale.net\/#website\",\"url\":\"https:\/\/www.ladiagonale.net\/\",\"name\":\"La Diagonale\",\"description\":\"Le site des supporters de l&#039;AS Monaco FC\",\"potentialAction\":[{\"@type\":\"SearchAction\",\"target\":{\"@type\":\"EntryPoint\",\"urlTemplate\":\"https:\/\/www.ladiagonale.net\/?s={search_term_string}\"},\"query-input\":\"required name=search_term_string\"}],\"inLanguage\":\"fr-FR\"},{\"@type\":\"Person\",\"@id\":\"https:\/\/www.ladiagonale.net\/#\/schema\/person\/79ff1e7b0853ed01b2aa26e64ad300bf\",\"name\":\"Damien Dellerba\",\"image\":{\"@type\":\"ImageObject\",\"inLanguage\":\"fr-FR\",\"@id\":\"https:\/\/www.ladiagonale.net\/#\/schema\/person\/image\/\",\"url\":\"https:\/\/secure.gravatar.com\/avatar\/c7850e06d3ff63cdbaee88b7fc16e2f0?s=96&d=mm&r=g\",\"contentUrl\":\"https:\/\/secure.gravatar.com\/avatar\/c7850e06d3ff63cdbaee88b7fc16e2f0?s=96&d=mm&r=g\",\"caption\":\"Damien Dellerba\"},\"url\":\"https:\/\/www.ladiagonale.net\/index.php\/author\/damien\/\"}]}<\/script>\n<!-- \/ Yoast SEO plugin. -->","yoast_head_json":{"title":"Ben Yedder : \u00ab\u00a0J\u2019aurais voulu d\u00e9fendre l\u2019AS Monaco en Ligue des champions\u00a0\u00bb - La Diagonale","robots":{"index":"index","follow":"follow","max-snippet":"max-snippet:-1","max-image-preview":"max-image-preview:large","max-video-preview":"max-video-preview:-1"},"canonical":"https:\/\/www.ladiagonale.net\/index.php\/2024\/07\/16\/ben-yedder-jaurais-voulu-defendre-las-monaco-en-ligue-des-champions\/","og_locale":"fr_FR","og_type":"article","og_title":"Ben Yedder : \u00ab\u00a0J\u2019aurais voulu d\u00e9fendre l\u2019AS Monaco en Ligue des champions\u00a0\u00bb - La Diagonale","og_description":"Le 30 juin, les chemins de l\u2019AS Monaco et de Wissam Ben Yedder se sont s\u00e9par\u00e9s apr\u00e8s cinq ann\u00e9es de vie commune. Muet depuis l&rsquo;annonce de son d\u00e9part le 25 mai, le second meilleur buteur de l\u2019histoire du club (118 buts en 201 matches) a pris la parole sur ses r\u00e9seaux sociaux pour saluer les [...]","og_url":"https:\/\/www.ladiagonale.net\/index.php\/2024\/07\/16\/ben-yedder-jaurais-voulu-defendre-las-monaco-en-ligue-des-champions\/","og_site_name":"La Diagonale","article_published_time":"2024-07-16T14:19:29+00:00","article_modified_time":"2024-07-16T14:21:44+00:00","og_image":[{"width":1160,"height":650,"url":"https:\/\/www.ladiagonale.net\/wp-content\/uploads\/2022\/12\/ben-yedder3.png","type":"image\/png"}],"author":"Damien Dellerba","twitter_card":"summary_large_image","twitter_image":"https:\/\/www.ladiagonale.net\/wp-content\/uploads\/2022\/12\/ben-yedder3.png","twitter_misc":{"\u00c9crit par":"Damien Dellerba","Dur\u00e9e de lecture estim\u00e9e":"2 minutes"},"schema":{"@context":"https:\/\/schema.org","@graph":[{"@type":"WebPage","@id":"https:\/\/www.ladiagonale.net\/index.php\/2024\/07\/16\/ben-yedder-jaurais-voulu-defendre-las-monaco-en-ligue-des-champions\/","url":"https:\/\/www.ladiagonale.net\/index.php\/2024\/07\/16\/ben-yedder-jaurais-voulu-defendre-las-monaco-en-ligue-des-champions\/","name":"Ben Yedder : \u00ab\u00a0J\u2019aurais voulu d\u00e9fendre l\u2019AS Monaco en Ligue des champions\u00a0\u00bb - La Diagonale","isPartOf":{"@id":"https:\/\/www.ladiagonale.net\/#website"},"datePublished":"2024-07-16T14:19:29+00:00","dateModified":"2024-07-16T14:21:44+00:00","author":{"@id":"https:\/\/www.ladiagonale.net\/#\/schema\/person\/79ff1e7b0853ed01b2aa26e64ad300bf"},"breadcrumb":{"@id":"https:\/\/www.ladiagonale.net\/index.php\/2024\/07\/16\/ben-yedder-jaurais-voulu-defendre-las-monaco-en-ligue-des-champions\/#breadcrumb"},"inLanguage":"fr-FR","potentialAction":[{"@type":"ReadAction","target":["https:\/\/www.ladiagonale.net\/index.php\/2024\/07\/16\/ben-yedder-jaurais-voulu-defendre-las-monaco-en-ligue-des-champions\/"]}]},{"@type":"BreadcrumbList","@id":"https:\/\/www.ladiagonale.net\/index.php\/2024\/07\/16\/ben-yedder-jaurais-voulu-defendre-las-monaco-en-ligue-des-champions\/#breadcrumb","itemListElement":[{"@type":"ListItem","position":1,"name":"Accueil","item":"https:\/\/www.ladiagonale.net\/"},{"@type":"ListItem","position":2,"name":"Ben Yedder : \u00ab\u00a0J\u2019aurais voulu d\u00e9fendre l\u2019AS Monaco en Ligue des champions\u00a0\u00bb"}]},{"@type":"WebSite","@id":"https:\/\/www.ladiagonale.net\/#website","url":"https:\/\/www.ladiagonale.net\/","name":"La Diagonale","description":"Le site des supporters de l&#039;AS Monaco FC","potentialAction":[{"@type":"SearchAction","target":{"@type":"EntryPoint","urlTemplate":"https:\/\/www.ladiagonale.net\/?s={search_term_string}"},"query-input":"required name=search_term_string"}],"inLanguage":"fr-FR"},{"@type":"Person","@id":"https:\/\/www.ladiagonale.net\/#\/schema\/person\/79ff1e7b0853ed01b2aa26e64ad300bf","name":"Damien Dellerba","image":{"@type":"ImageObject","inLanguage":"fr-FR","@id":"https:\/\/www.ladiagonale.net\/#\/schema\/person\/image\/","url":"https:\/\/secure.gravatar.com\/avatar\/c7850e06d3ff63cdbaee88b7fc16e2f0?s=96&d=mm&r=g","contentUrl":"https:\/\/secure.gravatar.com\/avatar\/c7850e06d3ff63cdbaee88b7fc16e2f0?s=96&d=mm&r=g","caption":"Damien Dellerba"},"url":"https:\/\/www.ladiagonale.net\/index.php\/author\/damien\/"}]}},"_links":{"self":[{"href":"https:\/\/www.ladiagonale.net\/index.php\/wp-json\/wp\/v2\/posts\/24417"}],"collection":[{"href":"https:\/\/www.ladiagonale.net\/index.php\/wp-json\/wp\/v2\/posts"}],"about":[{"href":"https:\/\/www.ladiagonale.net\/index.php\/wp-json\/wp\/v2\/types\/post"}],"author":[{"embeddable":true,"href":"https:\/\/www.ladiagonale.net\/index.php\/wp-json\/wp\/v2\/users\/2"}],"replies":[{"embeddable":true,"href":"https:\/\/www.ladiagonale.net\/index.php\/wp-json\/wp\/v2\/comments?post=24417"}],"version-history":[{"count":3,"href":"https:\/\/www.ladiagonale.net\/index.php\/wp-json\/wp\/v2\/posts\/24417\/revisions"}],"predecessor-version":[{"id":24420,"href":"https:\/\/www.ladiagonale.net\/index.php\/wp-json\/wp\/v2\/posts\/24417\/revisions\/24420"}],"wp:attachment":[{"href":"https:\/\/www.ladiagonale.net\/index.php\/wp-json\/wp\/v2\/media?parent=24417"}],"wp:term":[{"taxonomy":"category","embeddable":true,"href":"https:\/\/www.ladiagonale.net\/index.php\/wp-json\/wp\/v2\/categories?post=24417"},{"taxonomy":"post_tag","embeddable":true,"href":"https:\/\/www.ladiagonale.net\/index.php\/wp-json\/wp\/v2\/tags?post=24417"}],"curies":[{"name":"wp","href":"https:\/\/api.w.org\/{rel}","templated":true}]}}