{"id":24463,"date":"2024-07-20T12:48:59","date_gmt":"2024-07-20T10:48:59","guid":{"rendered":"https:\/\/www.ladiagonale.net\/?p=24463"},"modified":"2024-07-20T12:49:00","modified_gmt":"2024-07-20T10:49:00","slug":"des-contacts-pour-obi","status":"publish","type":"post","link":"https:\/\/www.ladiagonale.net\/index.php\/2024\/07\/20\/des-contacts-pour-obi\/","title":{"rendered":"Des contacts pour Obi ?"},"content":{"rendered":"\n<p>L\u2019\u00e9t\u00e9 dernier, l\u2019AS Monaco avait recrut\u00e9 Folarin Balogun \u00e0 Arsenal. Les dirigeants mon\u00e9gasques pourraient de nouveau aller piocher au sein du club londonien, mais pour un profil nettement plus jeune\u00a0cette fois. Selon le journaliste italien Fabrizio Romano, le club de la Principaut\u00e9 aurait approch\u00e9 l\u2019attaquant de 16 ans Chido Obi, qui devrait quitter les <em>Gunners<\/em> malgr\u00e9 une proposition de contrat. Mais les concurrents sont nombreux, puisque Manchester United ferait le forcing pour le Danois, tandis que le Bayern, Newcastle et Francfort sont aussi d\u00e9j\u00e0 venus aux renseignements.<\/p>\n\n\n\n<p>Pour Monaco, un recrutement d\u2019Obi n\u2019aurait pas vocation \u00e0 remplacer Wissam Ben Yedder, alors que <a href=\"https:\/\/www.ladiagonale.net\/index.php\/2024\/07\/15\/mikautadze-aurait-finalement-refuse-monaco\/\" target=\"_blank\" rel=\"noreferrer noopener\">Lyon a dam\u00e9 le pion \u00e0 l\u2019ASM<\/a> dans le dossier Mikautadze. Il s\u2019agirait d\u2019un \u00e9ni\u00e8me recrutement pour l\u2019Academy et d\u2019un renfort qui pourrait jouer la <em>Youth League<\/em>. L\u2019international U17 (14 s\u00e9lections, 10 buts) a notamment disput\u00e9 trois rencontres dans cette comp\u00e9tition la saison derni\u00e8re avec Arsenal.<\/p>\n\n\n","protected":false},"excerpt":{"rendered":"<p>L\u2019\u00e9t\u00e9 dernier, l\u2019AS Monaco avait recrut\u00e9 Folarin Balogun \u00e0 Arsenal. Les dirigeants mon\u00e9gasques pourraient de nouveau aller piocher au sein du club londonien, mais pour un profil nettement plus jeune\u00a0cette fois. Selon le journaliste italien Fabrizio Romano, le club de la Principaut\u00e9 aurait approch\u00e9 l\u2019attaquant de 16 ans Chido Obi, qui devrait quitter les Gunners [&#8230;]\n","protected":false},"author":2,"featured_media":0,"comment_status":"open","ping_status":"open","sticky":false,"template":"","format":"standard","meta":[],"categories":[6],"tags":[86,889,111,110],"yoast_head":"<!-- This site is optimized with the Yoast SEO plugin v19.8 - https:\/\/yoast.com\/wordpress\/plugins\/seo\/ -->\n<title>Des contacts pour Obi ? - La Diagonale<\/title>\n<meta name=\"robots\" content=\"index, follow, max-snippet:-1, max-image-preview:large, max-video-preview:-1\" \/>\n<link rel=\"canonical\" href=\"https:\/\/www.ladiagonale.net\/index.php\/2024\/07\/20\/des-contacts-pour-obi\/\" \/>\n<meta property=\"og:locale\" content=\"fr_FR\" \/>\n<meta property=\"og:type\" content=\"article\" \/>\n<meta property=\"og:title\" content=\"Des contacts pour Obi ? - La Diagonale\" \/>\n<meta property=\"og:description\" content=\"L\u2019\u00e9t\u00e9 dernier, l\u2019AS Monaco avait recrut\u00e9 Folarin Balogun \u00e0 Arsenal. Les dirigeants mon\u00e9gasques pourraient de nouveau aller piocher au sein du club londonien, mais pour un profil nettement plus jeune\u00a0cette fois. Selon le journaliste italien Fabrizio Romano, le club de la Principaut\u00e9 aurait approch\u00e9 l\u2019attaquant de 16 ans Chido Obi, qui devrait quitter les Gunners [...]\" \/>\n<meta property=\"og:url\" content=\"https:\/\/www.ladiagonale.net\/index.php\/2024\/07\/20\/des-contacts-pour-obi\/\" \/>\n<meta property=\"og:site_name\" content=\"La Diagonale\" \/>\n<meta property=\"article:published_time\" content=\"2024-07-20T10:48:59+00:00\" \/>\n<meta property=\"article:modified_time\" content=\"2024-07-20T10:49:00+00:00\" \/>\n<meta property=\"og:image\" content=\"https:\/\/www.ladiagonale.net\/wp-content\/uploads\/2024\/07\/Obi.png\" \/>\n\t<meta property=\"og:image:width\" content=\"1160\" \/>\n\t<meta property=\"og:image:height\" content=\"650\" \/>\n\t<meta property=\"og:image:type\" content=\"image\/png\" \/>\n<meta name=\"author\" content=\"Damien Dellerba\" \/>\n<meta name=\"twitter:card\" content=\"summary_large_image\" \/>\n<meta name=\"twitter:image\" content=\"https:\/\/www.ladiagonale.net\/wp-content\/uploads\/2024\/07\/Obi.png\" \/>\n<meta name=\"twitter:label1\" content=\"\u00c9crit par\" \/>\n\t<meta name=\"twitter:data1\" content=\"Damien Dellerba\" \/>\n\t<meta name=\"twitter:label2\" content=\"Dur\u00e9e de lecture estim\u00e9e\" \/>\n\t<meta name=\"twitter:data2\" content=\"1 minute\" \/>\n<script type=\"application\/ld+json\" class=\"yoast-schema-graph\">{\"@context\":\"https:\/\/schema.org\",\"@graph\":[{\"@type\":\"WebPage\",\"@id\":\"https:\/\/www.ladiagonale.net\/index.php\/2024\/07\/20\/des-contacts-pour-obi\/\",\"url\":\"https:\/\/www.ladiagonale.net\/index.php\/2024\/07\/20\/des-contacts-pour-obi\/\",\"name\":\"Des contacts pour Obi ? - La Diagonale\",\"isPartOf\":{\"@id\":\"https:\/\/www.ladiagonale.net\/#website\"},\"datePublished\":\"2024-07-20T10:48:59+00:00\",\"dateModified\":\"2024-07-20T10:49:00+00:00\",\"author\":{\"@id\":\"https:\/\/www.ladiagonale.net\/#\/schema\/person\/79ff1e7b0853ed01b2aa26e64ad300bf\"},\"breadcrumb\":{\"@id\":\"https:\/\/www.ladiagonale.net\/index.php\/2024\/07\/20\/des-contacts-pour-obi\/#breadcrumb\"},\"inLanguage\":\"fr-FR\",\"potentialAction\":[{\"@type\":\"ReadAction\",\"target\":[\"https:\/\/www.ladiagonale.net\/index.php\/2024\/07\/20\/des-contacts-pour-obi\/\"]}]},{\"@type\":\"BreadcrumbList\",\"@id\":\"https:\/\/www.ladiagonale.net\/index.php\/2024\/07\/20\/des-contacts-pour-obi\/#breadcrumb\",\"itemListElement\":[{\"@type\":\"ListItem\",\"position\":1,\"name\":\"Accueil\",\"item\":\"https:\/\/www.ladiagonale.net\/\"},{\"@type\":\"ListItem\",\"position\":2,\"name\":\"Des contacts pour Obi ?\"}]},{\"@type\":\"WebSite\",\"@id\":\"https:\/\/www.ladiagonale.net\/#website\",\"url\":\"https:\/\/www.ladiagonale.net\/\",\"name\":\"La Diagonale\",\"description\":\"Le site des supporters de l&#039;AS Monaco FC\",\"potentialAction\":[{\"@type\":\"SearchAction\",\"target\":{\"@type\":\"EntryPoint\",\"urlTemplate\":\"https:\/\/www.ladiagonale.net\/?s={search_term_string}\"},\"query-input\":\"required name=search_term_string\"}],\"inLanguage\":\"fr-FR\"},{\"@type\":\"Person\",\"@id\":\"https:\/\/www.ladiagonale.net\/#\/schema\/person\/79ff1e7b0853ed01b2aa26e64ad300bf\",\"name\":\"Damien Dellerba\",\"image\":{\"@type\":\"ImageObject\",\"inLanguage\":\"fr-FR\",\"@id\":\"https:\/\/www.ladiagonale.net\/#\/schema\/person\/image\/\",\"url\":\"https:\/\/secure.gravatar.com\/avatar\/c7850e06d3ff63cdbaee88b7fc16e2f0?s=96&d=mm&r=g\",\"contentUrl\":\"https:\/\/secure.gravatar.com\/avatar\/c7850e06d3ff63cdbaee88b7fc16e2f0?s=96&d=mm&r=g\",\"caption\":\"Damien Dellerba\"},\"url\":\"https:\/\/www.ladiagonale.net\/index.php\/author\/damien\/\"}]}<\/script>\n<!-- \/ Yoast SEO plugin. -->","yoast_head_json":{"title":"Des contacts pour Obi ? - La Diagonale","robots":{"index":"index","follow":"follow","max-snippet":"max-snippet:-1","max-image-preview":"max-image-preview:large","max-video-preview":"max-video-preview:-1"},"canonical":"https:\/\/www.ladiagonale.net\/index.php\/2024\/07\/20\/des-contacts-pour-obi\/","og_locale":"fr_FR","og_type":"article","og_title":"Des contacts pour Obi ? - La Diagonale","og_description":"L\u2019\u00e9t\u00e9 dernier, l\u2019AS Monaco avait recrut\u00e9 Folarin Balogun \u00e0 Arsenal. Les dirigeants mon\u00e9gasques pourraient de nouveau aller piocher au sein du club londonien, mais pour un profil nettement plus jeune\u00a0cette fois. Selon le journaliste italien Fabrizio Romano, le club de la Principaut\u00e9 aurait approch\u00e9 l\u2019attaquant de 16 ans Chido Obi, qui devrait quitter les Gunners [...]","og_url":"https:\/\/www.ladiagonale.net\/index.php\/2024\/07\/20\/des-contacts-pour-obi\/","og_site_name":"La Diagonale","article_published_time":"2024-07-20T10:48:59+00:00","article_modified_time":"2024-07-20T10:49:00+00:00","og_image":[{"width":1160,"height":650,"url":"https:\/\/www.ladiagonale.net\/wp-content\/uploads\/2024\/07\/Obi.png","type":"image\/png"}],"author":"Damien Dellerba","twitter_card":"summary_large_image","twitter_image":"https:\/\/www.ladiagonale.net\/wp-content\/uploads\/2024\/07\/Obi.png","twitter_misc":{"\u00c9crit par":"Damien Dellerba","Dur\u00e9e de lecture estim\u00e9e":"1 minute"},"schema":{"@context":"https:\/\/schema.org","@graph":[{"@type":"WebPage","@id":"https:\/\/www.ladiagonale.net\/index.php\/2024\/07\/20\/des-contacts-pour-obi\/","url":"https:\/\/www.ladiagonale.net\/index.php\/2024\/07\/20\/des-contacts-pour-obi\/","name":"Des contacts pour Obi ? - La Diagonale","isPartOf":{"@id":"https:\/\/www.ladiagonale.net\/#website"},"datePublished":"2024-07-20T10:48:59+00:00","dateModified":"2024-07-20T10:49:00+00:00","author":{"@id":"https:\/\/www.ladiagonale.net\/#\/schema\/person\/79ff1e7b0853ed01b2aa26e64ad300bf"},"breadcrumb":{"@id":"https:\/\/www.ladiagonale.net\/index.php\/2024\/07\/20\/des-contacts-pour-obi\/#breadcrumb"},"inLanguage":"fr-FR","potentialAction":[{"@type":"ReadAction","target":["https:\/\/www.ladiagonale.net\/index.php\/2024\/07\/20\/des-contacts-pour-obi\/"]}]},{"@type":"BreadcrumbList","@id":"https:\/\/www.ladiagonale.net\/index.php\/2024\/07\/20\/des-contacts-pour-obi\/#breadcrumb","itemListElement":[{"@type":"ListItem","position":1,"name":"Accueil","item":"https:\/\/www.ladiagonale.net\/"},{"@type":"ListItem","position":2,"name":"Des contacts pour Obi ?"}]},{"@type":"WebSite","@id":"https:\/\/www.ladiagonale.net\/#website","url":"https:\/\/www.ladiagonale.net\/","name":"La Diagonale","description":"Le site des supporters de l&#039;AS Monaco FC","potentialAction":[{"@type":"SearchAction","target":{"@type":"EntryPoint","urlTemplate":"https:\/\/www.ladiagonale.net\/?s={search_term_string}"},"query-input":"required name=search_term_string"}],"inLanguage":"fr-FR"},{"@type":"Person","@id":"https:\/\/www.ladiagonale.net\/#\/schema\/person\/79ff1e7b0853ed01b2aa26e64ad300bf","name":"Damien Dellerba","image":{"@type":"ImageObject","inLanguage":"fr-FR","@id":"https:\/\/www.ladiagonale.net\/#\/schema\/person\/image\/","url":"https:\/\/secure.gravatar.com\/avatar\/c7850e06d3ff63cdbaee88b7fc16e2f0?s=96&d=mm&r=g","contentUrl":"https:\/\/secure.gravatar.com\/avatar\/c7850e06d3ff63cdbaee88b7fc16e2f0?s=96&d=mm&r=g","caption":"Damien Dellerba"},"url":"https:\/\/www.ladiagonale.net\/index.php\/author\/damien\/"}]}},"_links":{"self":[{"href":"https:\/\/www.ladiagonale.net\/index.php\/wp-json\/wp\/v2\/posts\/24463"}],"collection":[{"href":"https:\/\/www.ladiagonale.net\/index.php\/wp-json\/wp\/v2\/posts"}],"about":[{"href":"https:\/\/www.ladiagonale.net\/index.php\/wp-json\/wp\/v2\/types\/post"}],"author":[{"embeddable":true,"href":"https:\/\/www.ladiagonale.net\/index.php\/wp-json\/wp\/v2\/users\/2"}],"replies":[{"embeddable":true,"href":"https:\/\/www.ladiagonale.net\/index.php\/wp-json\/wp\/v2\/comments?post=24463"}],"version-history":[{"count":1,"href":"https:\/\/www.ladiagonale.net\/index.php\/wp-json\/wp\/v2\/posts\/24463\/revisions"}],"predecessor-version":[{"id":24465,"href":"https:\/\/www.ladiagonale.net\/index.php\/wp-json\/wp\/v2\/posts\/24463\/revisions\/24465"}],"wp:attachment":[{"href":"https:\/\/www.ladiagonale.net\/index.php\/wp-json\/wp\/v2\/media?parent=24463"}],"wp:term":[{"taxonomy":"category","embeddable":true,"href":"https:\/\/www.ladiagonale.net\/index.php\/wp-json\/wp\/v2\/categories?post=24463"},{"taxonomy":"post_tag","embeddable":true,"href":"https:\/\/www.ladiagonale.net\/index.php\/wp-json\/wp\/v2\/tags?post=24463"}],"curies":[{"name":"wp","href":"https:\/\/api.w.org\/{rel}","templated":true}]}}