{"id":24521,"date":"2024-07-25T10:27:48","date_gmt":"2024-07-25T08:27:48","guid":{"rendered":"https:\/\/www.ladiagonale.net\/?p=24521"},"modified":"2024-07-25T14:51:40","modified_gmt":"2024-07-25T12:51:40","slug":"officiel-ilenikhena-est-monegasque","status":"publish","type":"post","link":"https:\/\/www.ladiagonale.net\/index.php\/2024\/07\/25\/officiel-ilenikhena-est-monegasque\/","title":{"rendered":"Officiel : Ilenikhena est Mon\u00e9gasque"},"content":{"rendered":"\n<p>L\u2019AS Monaco tient sa premi\u00e8re recrue dans ce mercato estival. Le club de la Principaut\u00e9 a officiellement annonc\u00e9 la signature de George Ilenikhena en provenance du Royal Antwerp ce jeudi, mais n&rsquo;a pas souhait\u00e9 d\u00e9voiler la dur\u00e9e du contrat. Selon les diff\u00e9rentes sources, l&rsquo;ASM aurait d\u00e9bours\u00e9 20 millions d&rsquo;euros, bonus compris, pour le jeune attaquant de seulement 17 ans. Le natif de Lagos, au Nigeria, portera le num\u00e9ro 21 laiss\u00e9 vacant par Maghnes Akliouche, qui a opt\u00e9 pour le 11.<\/p>\n\n\n\n<p>Le joueur, pr\u00e9coce, \u00e9tait d\u00e9j\u00e0 sur les radars de l\u2019ASM \u00e0 l\u2019\u00e9t\u00e9 2022, alors qu\u2019il venait de se r\u00e9v\u00e9ler \u00e0 Amiens en U17 et en Coupe Gambardella \u00e0 seulement 15 ans. Apr\u00e8s une saison de Ligue 2 en Picardie \u00e0 16 ans, o\u00f9 il a disput\u00e9 17 rencontres et inscrit deux buts, il avait fil\u00e9 \u00e0 Anvers \u00e0 l&rsquo;\u00e9t\u00e9 2023 contre 6 millions d\u2019euros. La saison pass\u00e9e, il a jou\u00e9 50 rencontres, dont 6 de Ligue des champions, et inscrit 14 buts.<\/p>\n","protected":false},"excerpt":{"rendered":"<p>L\u2019AS Monaco tient sa premi\u00e8re recrue dans ce mercato estival. Le club de la Principaut\u00e9 a officiellement annonc\u00e9 la signature de George Ilenikhena en provenance du Royal Antwerp ce jeudi, mais n&rsquo;a pas souhait\u00e9 d\u00e9voiler la dur\u00e9e du contrat. Selon les diff\u00e9rentes sources, l&rsquo;ASM aurait d\u00e9bours\u00e9 20 millions d&rsquo;euros, bonus compris, pour le jeune attaquant [&#8230;]\n","protected":false},"author":2,"featured_media":0,"comment_status":"open","ping_status":"open","sticky":false,"template":"","format":"standard","meta":[],"categories":[4,6],"tags":[86,890,111,110],"yoast_head":"<!-- This site is optimized with the Yoast SEO plugin v19.8 - https:\/\/yoast.com\/wordpress\/plugins\/seo\/ -->\n<title>Officiel : Ilenikhena est Mon\u00e9gasque - La Diagonale<\/title>\n<meta name=\"robots\" content=\"index, follow, max-snippet:-1, max-image-preview:large, max-video-preview:-1\" \/>\n<link rel=\"canonical\" href=\"https:\/\/www.ladiagonale.net\/index.php\/2024\/07\/25\/officiel-ilenikhena-est-monegasque\/\" \/>\n<meta property=\"og:locale\" content=\"fr_FR\" \/>\n<meta property=\"og:type\" content=\"article\" \/>\n<meta property=\"og:title\" content=\"Officiel : Ilenikhena est Mon\u00e9gasque - La Diagonale\" \/>\n<meta property=\"og:description\" content=\"L\u2019AS Monaco tient sa premi\u00e8re recrue dans ce mercato estival. Le club de la Principaut\u00e9 a officiellement annonc\u00e9 la signature de George Ilenikhena en provenance du Royal Antwerp ce jeudi, mais n&rsquo;a pas souhait\u00e9 d\u00e9voiler la dur\u00e9e du contrat. Selon les diff\u00e9rentes sources, l&rsquo;ASM aurait d\u00e9bours\u00e9 20 millions d&rsquo;euros, bonus compris, pour le jeune attaquant [...]\" \/>\n<meta property=\"og:url\" content=\"https:\/\/www.ladiagonale.net\/index.php\/2024\/07\/25\/officiel-ilenikhena-est-monegasque\/\" \/>\n<meta property=\"og:site_name\" content=\"La Diagonale\" \/>\n<meta property=\"article:published_time\" content=\"2024-07-25T08:27:48+00:00\" \/>\n<meta property=\"article:modified_time\" content=\"2024-07-25T12:51:40+00:00\" \/>\n<meta property=\"og:image\" content=\"https:\/\/www.ladiagonale.net\/wp-content\/uploads\/2024\/07\/Ilenikhena.png\" \/>\n\t<meta property=\"og:image:width\" content=\"1160\" \/>\n\t<meta property=\"og:image:height\" content=\"650\" \/>\n\t<meta property=\"og:image:type\" content=\"image\/png\" \/>\n<meta name=\"author\" content=\"Damien Dellerba\" \/>\n<meta name=\"twitter:card\" content=\"summary_large_image\" \/>\n<meta name=\"twitter:image\" content=\"https:\/\/www.ladiagonale.net\/wp-content\/uploads\/2024\/07\/Ilenikhena.png\" \/>\n<meta name=\"twitter:label1\" content=\"\u00c9crit par\" \/>\n\t<meta name=\"twitter:data1\" content=\"Damien Dellerba\" \/>\n\t<meta name=\"twitter:label2\" content=\"Dur\u00e9e de lecture estim\u00e9e\" \/>\n\t<meta name=\"twitter:data2\" content=\"1 minute\" \/>\n<script type=\"application\/ld+json\" class=\"yoast-schema-graph\">{\"@context\":\"https:\/\/schema.org\",\"@graph\":[{\"@type\":\"WebPage\",\"@id\":\"https:\/\/www.ladiagonale.net\/index.php\/2024\/07\/25\/officiel-ilenikhena-est-monegasque\/\",\"url\":\"https:\/\/www.ladiagonale.net\/index.php\/2024\/07\/25\/officiel-ilenikhena-est-monegasque\/\",\"name\":\"Officiel : Ilenikhena est Mon\u00e9gasque - La Diagonale\",\"isPartOf\":{\"@id\":\"https:\/\/www.ladiagonale.net\/#website\"},\"datePublished\":\"2024-07-25T08:27:48+00:00\",\"dateModified\":\"2024-07-25T12:51:40+00:00\",\"author\":{\"@id\":\"https:\/\/www.ladiagonale.net\/#\/schema\/person\/79ff1e7b0853ed01b2aa26e64ad300bf\"},\"breadcrumb\":{\"@id\":\"https:\/\/www.ladiagonale.net\/index.php\/2024\/07\/25\/officiel-ilenikhena-est-monegasque\/#breadcrumb\"},\"inLanguage\":\"fr-FR\",\"potentialAction\":[{\"@type\":\"ReadAction\",\"target\":[\"https:\/\/www.ladiagonale.net\/index.php\/2024\/07\/25\/officiel-ilenikhena-est-monegasque\/\"]}]},{\"@type\":\"BreadcrumbList\",\"@id\":\"https:\/\/www.ladiagonale.net\/index.php\/2024\/07\/25\/officiel-ilenikhena-est-monegasque\/#breadcrumb\",\"itemListElement\":[{\"@type\":\"ListItem\",\"position\":1,\"name\":\"Accueil\",\"item\":\"https:\/\/www.ladiagonale.net\/\"},{\"@type\":\"ListItem\",\"position\":2,\"name\":\"Officiel : Ilenikhena est Mon\u00e9gasque\"}]},{\"@type\":\"WebSite\",\"@id\":\"https:\/\/www.ladiagonale.net\/#website\",\"url\":\"https:\/\/www.ladiagonale.net\/\",\"name\":\"La Diagonale\",\"description\":\"Le site des supporters de l&#039;AS Monaco FC\",\"potentialAction\":[{\"@type\":\"SearchAction\",\"target\":{\"@type\":\"EntryPoint\",\"urlTemplate\":\"https:\/\/www.ladiagonale.net\/?s={search_term_string}\"},\"query-input\":\"required name=search_term_string\"}],\"inLanguage\":\"fr-FR\"},{\"@type\":\"Person\",\"@id\":\"https:\/\/www.ladiagonale.net\/#\/schema\/person\/79ff1e7b0853ed01b2aa26e64ad300bf\",\"name\":\"Damien Dellerba\",\"image\":{\"@type\":\"ImageObject\",\"inLanguage\":\"fr-FR\",\"@id\":\"https:\/\/www.ladiagonale.net\/#\/schema\/person\/image\/\",\"url\":\"https:\/\/secure.gravatar.com\/avatar\/c7850e06d3ff63cdbaee88b7fc16e2f0?s=96&d=mm&r=g\",\"contentUrl\":\"https:\/\/secure.gravatar.com\/avatar\/c7850e06d3ff63cdbaee88b7fc16e2f0?s=96&d=mm&r=g\",\"caption\":\"Damien Dellerba\"},\"url\":\"https:\/\/www.ladiagonale.net\/index.php\/author\/damien\/\"}]}<\/script>\n<!-- \/ Yoast SEO plugin. -->","yoast_head_json":{"title":"Officiel : Ilenikhena est Mon\u00e9gasque - La Diagonale","robots":{"index":"index","follow":"follow","max-snippet":"max-snippet:-1","max-image-preview":"max-image-preview:large","max-video-preview":"max-video-preview:-1"},"canonical":"https:\/\/www.ladiagonale.net\/index.php\/2024\/07\/25\/officiel-ilenikhena-est-monegasque\/","og_locale":"fr_FR","og_type":"article","og_title":"Officiel : Ilenikhena est Mon\u00e9gasque - La Diagonale","og_description":"L\u2019AS Monaco tient sa premi\u00e8re recrue dans ce mercato estival. Le club de la Principaut\u00e9 a officiellement annonc\u00e9 la signature de George Ilenikhena en provenance du Royal Antwerp ce jeudi, mais n&rsquo;a pas souhait\u00e9 d\u00e9voiler la dur\u00e9e du contrat. Selon les diff\u00e9rentes sources, l&rsquo;ASM aurait d\u00e9bours\u00e9 20 millions d&rsquo;euros, bonus compris, pour le jeune attaquant [...]","og_url":"https:\/\/www.ladiagonale.net\/index.php\/2024\/07\/25\/officiel-ilenikhena-est-monegasque\/","og_site_name":"La Diagonale","article_published_time":"2024-07-25T08:27:48+00:00","article_modified_time":"2024-07-25T12:51:40+00:00","og_image":[{"width":1160,"height":650,"url":"https:\/\/www.ladiagonale.net\/wp-content\/uploads\/2024\/07\/Ilenikhena.png","type":"image\/png"}],"author":"Damien Dellerba","twitter_card":"summary_large_image","twitter_image":"https:\/\/www.ladiagonale.net\/wp-content\/uploads\/2024\/07\/Ilenikhena.png","twitter_misc":{"\u00c9crit par":"Damien Dellerba","Dur\u00e9e de lecture estim\u00e9e":"1 minute"},"schema":{"@context":"https:\/\/schema.org","@graph":[{"@type":"WebPage","@id":"https:\/\/www.ladiagonale.net\/index.php\/2024\/07\/25\/officiel-ilenikhena-est-monegasque\/","url":"https:\/\/www.ladiagonale.net\/index.php\/2024\/07\/25\/officiel-ilenikhena-est-monegasque\/","name":"Officiel : Ilenikhena est Mon\u00e9gasque - La Diagonale","isPartOf":{"@id":"https:\/\/www.ladiagonale.net\/#website"},"datePublished":"2024-07-25T08:27:48+00:00","dateModified":"2024-07-25T12:51:40+00:00","author":{"@id":"https:\/\/www.ladiagonale.net\/#\/schema\/person\/79ff1e7b0853ed01b2aa26e64ad300bf"},"breadcrumb":{"@id":"https:\/\/www.ladiagonale.net\/index.php\/2024\/07\/25\/officiel-ilenikhena-est-monegasque\/#breadcrumb"},"inLanguage":"fr-FR","potentialAction":[{"@type":"ReadAction","target":["https:\/\/www.ladiagonale.net\/index.php\/2024\/07\/25\/officiel-ilenikhena-est-monegasque\/"]}]},{"@type":"BreadcrumbList","@id":"https:\/\/www.ladiagonale.net\/index.php\/2024\/07\/25\/officiel-ilenikhena-est-monegasque\/#breadcrumb","itemListElement":[{"@type":"ListItem","position":1,"name":"Accueil","item":"https:\/\/www.ladiagonale.net\/"},{"@type":"ListItem","position":2,"name":"Officiel : Ilenikhena est Mon\u00e9gasque"}]},{"@type":"WebSite","@id":"https:\/\/www.ladiagonale.net\/#website","url":"https:\/\/www.ladiagonale.net\/","name":"La Diagonale","description":"Le site des supporters de l&#039;AS Monaco FC","potentialAction":[{"@type":"SearchAction","target":{"@type":"EntryPoint","urlTemplate":"https:\/\/www.ladiagonale.net\/?s={search_term_string}"},"query-input":"required name=search_term_string"}],"inLanguage":"fr-FR"},{"@type":"Person","@id":"https:\/\/www.ladiagonale.net\/#\/schema\/person\/79ff1e7b0853ed01b2aa26e64ad300bf","name":"Damien Dellerba","image":{"@type":"ImageObject","inLanguage":"fr-FR","@id":"https:\/\/www.ladiagonale.net\/#\/schema\/person\/image\/","url":"https:\/\/secure.gravatar.com\/avatar\/c7850e06d3ff63cdbaee88b7fc16e2f0?s=96&d=mm&r=g","contentUrl":"https:\/\/secure.gravatar.com\/avatar\/c7850e06d3ff63cdbaee88b7fc16e2f0?s=96&d=mm&r=g","caption":"Damien Dellerba"},"url":"https:\/\/www.ladiagonale.net\/index.php\/author\/damien\/"}]}},"_links":{"self":[{"href":"https:\/\/www.ladiagonale.net\/index.php\/wp-json\/wp\/v2\/posts\/24521"}],"collection":[{"href":"https:\/\/www.ladiagonale.net\/index.php\/wp-json\/wp\/v2\/posts"}],"about":[{"href":"https:\/\/www.ladiagonale.net\/index.php\/wp-json\/wp\/v2\/types\/post"}],"author":[{"embeddable":true,"href":"https:\/\/www.ladiagonale.net\/index.php\/wp-json\/wp\/v2\/users\/2"}],"replies":[{"embeddable":true,"href":"https:\/\/www.ladiagonale.net\/index.php\/wp-json\/wp\/v2\/comments?post=24521"}],"version-history":[{"count":6,"href":"https:\/\/www.ladiagonale.net\/index.php\/wp-json\/wp\/v2\/posts\/24521\/revisions"}],"predecessor-version":[{"id":24533,"href":"https:\/\/www.ladiagonale.net\/index.php\/wp-json\/wp\/v2\/posts\/24521\/revisions\/24533"}],"wp:attachment":[{"href":"https:\/\/www.ladiagonale.net\/index.php\/wp-json\/wp\/v2\/media?parent=24521"}],"wp:term":[{"taxonomy":"category","embeddable":true,"href":"https:\/\/www.ladiagonale.net\/index.php\/wp-json\/wp\/v2\/categories?post=24521"},{"taxonomy":"post_tag","embeddable":true,"href":"https:\/\/www.ladiagonale.net\/index.php\/wp-json\/wp\/v2\/tags?post=24521"}],"curies":[{"name":"wp","href":"https:\/\/api.w.org\/{rel}","templated":true}]}}