{"id":24585,"date":"2024-07-30T18:06:17","date_gmt":"2024-07-30T16:06:17","guid":{"rendered":"https:\/\/www.ladiagonale.net\/?p=24585"},"modified":"2024-07-30T18:33:46","modified_gmt":"2024-07-30T16:33:46","slug":"officiel-camara-transfere-a-al-sadd","status":"publish","type":"post","link":"https:\/\/www.ladiagonale.net\/index.php\/2024\/07\/30\/officiel-camara-transfere-a-al-sadd\/","title":{"rendered":"Officiel : Camara transf\u00e9r\u00e9 \u00e0 Al-Sadd"},"content":{"rendered":"\n<p>Mohamed Camara n\u2019est plus un joueur de l\u2019AS Monaco. Le milieu de terrain malien, arriv\u00e9 en provenance de Salzbourg \u00e0 l\u2019\u00e9t\u00e9 2022 pour remplacer Aur\u00e9lien Tchouam\u00e9ni, a \u00e9t\u00e9 vendu au club qatari d\u2019Al-Sadd, comme annonc\u00e9 par l&rsquo;ASM sur son site officiel. Selon les derni\u00e8res informations parues dans la presse, le club de la Principaut\u00e9 aurait r\u00e9ussi \u00e0 toucher pr\u00e8s de 20 millions d\u2019euros, bonus compris, pour le joueur de 24 ans avec un montant fixe de 16,5 millions d\u2019euros. Une clause \u00e0 la revente de 20% aurait \u00e9galement \u00e9t\u00e9 ajout\u00e9e.<\/p>\n\n\n\n<p>L&rsquo;ASM r\u00e9alise donc une bonne affaire et une plus-value sur un joueur achet\u00e9 deux ans plus t\u00f4t contre 15 millions d\u2019euros et qui n\u2019a jamais confirm\u00e9 les bonnes premi\u00e8res prestations apr\u00e8s son arriv\u00e9e. En deux saisons, Camara aura disput\u00e9 57 rencontres sous le maillot \u00e0 la diagonale et inscrit un but, lors de son ultime match contre Nantes, le 19 mai dernier. Une rencontre o\u00f9 le Malien avait suscit\u00e9 la pol\u00e9mique et mis l\u2019ASM dans l\u2019embarras apr\u00e8s avoir refus\u00e9 de participer aux actions de la Ligue dans le cadre de la journ\u00e9e de la lutte contre l\u2019homophobie.<\/p>\n\n\n\n<p>En conf\u00e9rence de presse ce mardi, Thiago Scuro avait toutefois d\u00e9menti que cette affaire avait contribu\u00e9 au d\u00e9part du joueur, pr\u00e9f\u00e9rant invoquer une raison technique : \u00ab&nbsp;<em>Cela fait partie du plan et des changements qui \u00e9taient n\u00e9cessaires pour adapter l\u2019\u00e9quipe \u00e0 notre style de jeu. Nous avons eu une bonne saison sur et en dehors du terrain mais il faut toujours s\u2019am\u00e9liorer et \u00e9lever le niveau pour nos prochaines d\u00e9fis. Donc ce n\u2019est pas exactement pour ces raisons-l\u00e0.&nbsp;<\/em>\u00bb<\/p>\n\n\n\n<p>Pour Monaco, en revanche, il faudra d\u00e9sormais s\u2019activer en urgence pour renforcer le milieu de terrain, puisque le d\u00e9part de Youssouf Fofana est aussi attendu cet \u00e9t\u00e9. Le club as\u00e9miste aurait d\u00fb enregistrer l&rsquo;arriv\u00e9e de Neil el-Aynaoui mais un probl\u00e8me au genou gauche du Lensois \u00e0 la visite m\u00e9dicale avait pouss\u00e9 les dirigeants mon\u00e9gasques \u00e0 annuler le transfert. Lamine Camara devrait rapidement signer en provenance de Metz.<\/p>\n\n\n","protected":false},"excerpt":{"rendered":"<p>Mohamed Camara n\u2019est plus un joueur de l\u2019AS Monaco. Le milieu de terrain malien, arriv\u00e9 en provenance de Salzbourg \u00e0 l\u2019\u00e9t\u00e9 2022 pour remplacer Aur\u00e9lien Tchouam\u00e9ni, a \u00e9t\u00e9 vendu au club qatari d\u2019Al-Sadd, comme annonc\u00e9 par l&rsquo;ASM sur son site officiel. Selon les derni\u00e8res informations parues dans la presse, le club de la Principaut\u00e9 aurait [&#8230;]\n","protected":false},"author":2,"featured_media":0,"comment_status":"open","ping_status":"open","sticky":false,"template":"","format":"standard","meta":[],"categories":[4,6],"tags":[86,111,143,110],"yoast_head":"<!-- This site is optimized with the Yoast SEO plugin v19.8 - https:\/\/yoast.com\/wordpress\/plugins\/seo\/ -->\n<title>Officiel : Camara transf\u00e9r\u00e9 \u00e0 Al-Sadd - La Diagonale<\/title>\n<meta name=\"robots\" content=\"index, follow, max-snippet:-1, max-image-preview:large, max-video-preview:-1\" \/>\n<link rel=\"canonical\" href=\"https:\/\/www.ladiagonale.net\/index.php\/2024\/07\/30\/officiel-camara-transfere-a-al-sadd\/\" \/>\n<meta property=\"og:locale\" content=\"fr_FR\" \/>\n<meta property=\"og:type\" content=\"article\" \/>\n<meta property=\"og:title\" content=\"Officiel : Camara transf\u00e9r\u00e9 \u00e0 Al-Sadd - La Diagonale\" \/>\n<meta property=\"og:description\" content=\"Mohamed Camara n\u2019est plus un joueur de l\u2019AS Monaco. Le milieu de terrain malien, arriv\u00e9 en provenance de Salzbourg \u00e0 l\u2019\u00e9t\u00e9 2022 pour remplacer Aur\u00e9lien Tchouam\u00e9ni, a \u00e9t\u00e9 vendu au club qatari d\u2019Al-Sadd, comme annonc\u00e9 par l&rsquo;ASM sur son site officiel. Selon les derni\u00e8res informations parues dans la presse, le club de la Principaut\u00e9 aurait [...]\" \/>\n<meta property=\"og:url\" content=\"https:\/\/www.ladiagonale.net\/index.php\/2024\/07\/30\/officiel-camara-transfere-a-al-sadd\/\" \/>\n<meta property=\"og:site_name\" content=\"La Diagonale\" \/>\n<meta property=\"article:published_time\" content=\"2024-07-30T16:06:17+00:00\" \/>\n<meta property=\"article:modified_time\" content=\"2024-07-30T16:33:46+00:00\" \/>\n<meta property=\"og:image\" content=\"https:\/\/www.ladiagonale.net\/wp-content\/uploads\/2024\/04\/mocam.png\" \/>\n\t<meta property=\"og:image:width\" content=\"1160\" \/>\n\t<meta property=\"og:image:height\" content=\"650\" \/>\n\t<meta property=\"og:image:type\" content=\"image\/png\" \/>\n<meta name=\"author\" content=\"Damien Dellerba\" \/>\n<meta name=\"twitter:card\" content=\"summary_large_image\" \/>\n<meta name=\"twitter:image\" content=\"https:\/\/www.ladiagonale.net\/wp-content\/uploads\/2024\/04\/mocam.png\" \/>\n<meta name=\"twitter:label1\" content=\"\u00c9crit par\" \/>\n\t<meta name=\"twitter:data1\" content=\"Damien Dellerba\" \/>\n\t<meta name=\"twitter:label2\" content=\"Dur\u00e9e de lecture estim\u00e9e\" \/>\n\t<meta name=\"twitter:data2\" content=\"2 minutes\" \/>\n<script type=\"application\/ld+json\" class=\"yoast-schema-graph\">{\"@context\":\"https:\/\/schema.org\",\"@graph\":[{\"@type\":\"WebPage\",\"@id\":\"https:\/\/www.ladiagonale.net\/index.php\/2024\/07\/30\/officiel-camara-transfere-a-al-sadd\/\",\"url\":\"https:\/\/www.ladiagonale.net\/index.php\/2024\/07\/30\/officiel-camara-transfere-a-al-sadd\/\",\"name\":\"Officiel : Camara transf\u00e9r\u00e9 \u00e0 Al-Sadd - La Diagonale\",\"isPartOf\":{\"@id\":\"https:\/\/www.ladiagonale.net\/#website\"},\"datePublished\":\"2024-07-30T16:06:17+00:00\",\"dateModified\":\"2024-07-30T16:33:46+00:00\",\"author\":{\"@id\":\"https:\/\/www.ladiagonale.net\/#\/schema\/person\/79ff1e7b0853ed01b2aa26e64ad300bf\"},\"breadcrumb\":{\"@id\":\"https:\/\/www.ladiagonale.net\/index.php\/2024\/07\/30\/officiel-camara-transfere-a-al-sadd\/#breadcrumb\"},\"inLanguage\":\"fr-FR\",\"potentialAction\":[{\"@type\":\"ReadAction\",\"target\":[\"https:\/\/www.ladiagonale.net\/index.php\/2024\/07\/30\/officiel-camara-transfere-a-al-sadd\/\"]}]},{\"@type\":\"BreadcrumbList\",\"@id\":\"https:\/\/www.ladiagonale.net\/index.php\/2024\/07\/30\/officiel-camara-transfere-a-al-sadd\/#breadcrumb\",\"itemListElement\":[{\"@type\":\"ListItem\",\"position\":1,\"name\":\"Accueil\",\"item\":\"https:\/\/www.ladiagonale.net\/\"},{\"@type\":\"ListItem\",\"position\":2,\"name\":\"Officiel : Camara transf\u00e9r\u00e9 \u00e0 Al-Sadd\"}]},{\"@type\":\"WebSite\",\"@id\":\"https:\/\/www.ladiagonale.net\/#website\",\"url\":\"https:\/\/www.ladiagonale.net\/\",\"name\":\"La Diagonale\",\"description\":\"Le site des supporters de l&#039;AS Monaco FC\",\"potentialAction\":[{\"@type\":\"SearchAction\",\"target\":{\"@type\":\"EntryPoint\",\"urlTemplate\":\"https:\/\/www.ladiagonale.net\/?s={search_term_string}\"},\"query-input\":\"required name=search_term_string\"}],\"inLanguage\":\"fr-FR\"},{\"@type\":\"Person\",\"@id\":\"https:\/\/www.ladiagonale.net\/#\/schema\/person\/79ff1e7b0853ed01b2aa26e64ad300bf\",\"name\":\"Damien Dellerba\",\"image\":{\"@type\":\"ImageObject\",\"inLanguage\":\"fr-FR\",\"@id\":\"https:\/\/www.ladiagonale.net\/#\/schema\/person\/image\/\",\"url\":\"https:\/\/secure.gravatar.com\/avatar\/c7850e06d3ff63cdbaee88b7fc16e2f0?s=96&d=mm&r=g\",\"contentUrl\":\"https:\/\/secure.gravatar.com\/avatar\/c7850e06d3ff63cdbaee88b7fc16e2f0?s=96&d=mm&r=g\",\"caption\":\"Damien Dellerba\"},\"url\":\"https:\/\/www.ladiagonale.net\/index.php\/author\/damien\/\"}]}<\/script>\n<!-- \/ Yoast SEO plugin. -->","yoast_head_json":{"title":"Officiel : Camara transf\u00e9r\u00e9 \u00e0 Al-Sadd - La Diagonale","robots":{"index":"index","follow":"follow","max-snippet":"max-snippet:-1","max-image-preview":"max-image-preview:large","max-video-preview":"max-video-preview:-1"},"canonical":"https:\/\/www.ladiagonale.net\/index.php\/2024\/07\/30\/officiel-camara-transfere-a-al-sadd\/","og_locale":"fr_FR","og_type":"article","og_title":"Officiel : Camara transf\u00e9r\u00e9 \u00e0 Al-Sadd - La Diagonale","og_description":"Mohamed Camara n\u2019est plus un joueur de l\u2019AS Monaco. Le milieu de terrain malien, arriv\u00e9 en provenance de Salzbourg \u00e0 l\u2019\u00e9t\u00e9 2022 pour remplacer Aur\u00e9lien Tchouam\u00e9ni, a \u00e9t\u00e9 vendu au club qatari d\u2019Al-Sadd, comme annonc\u00e9 par l&rsquo;ASM sur son site officiel. Selon les derni\u00e8res informations parues dans la presse, le club de la Principaut\u00e9 aurait [...]","og_url":"https:\/\/www.ladiagonale.net\/index.php\/2024\/07\/30\/officiel-camara-transfere-a-al-sadd\/","og_site_name":"La Diagonale","article_published_time":"2024-07-30T16:06:17+00:00","article_modified_time":"2024-07-30T16:33:46+00:00","og_image":[{"width":1160,"height":650,"url":"https:\/\/www.ladiagonale.net\/wp-content\/uploads\/2024\/04\/mocam.png","type":"image\/png"}],"author":"Damien Dellerba","twitter_card":"summary_large_image","twitter_image":"https:\/\/www.ladiagonale.net\/wp-content\/uploads\/2024\/04\/mocam.png","twitter_misc":{"\u00c9crit par":"Damien Dellerba","Dur\u00e9e de lecture estim\u00e9e":"2 minutes"},"schema":{"@context":"https:\/\/schema.org","@graph":[{"@type":"WebPage","@id":"https:\/\/www.ladiagonale.net\/index.php\/2024\/07\/30\/officiel-camara-transfere-a-al-sadd\/","url":"https:\/\/www.ladiagonale.net\/index.php\/2024\/07\/30\/officiel-camara-transfere-a-al-sadd\/","name":"Officiel : Camara transf\u00e9r\u00e9 \u00e0 Al-Sadd - La Diagonale","isPartOf":{"@id":"https:\/\/www.ladiagonale.net\/#website"},"datePublished":"2024-07-30T16:06:17+00:00","dateModified":"2024-07-30T16:33:46+00:00","author":{"@id":"https:\/\/www.ladiagonale.net\/#\/schema\/person\/79ff1e7b0853ed01b2aa26e64ad300bf"},"breadcrumb":{"@id":"https:\/\/www.ladiagonale.net\/index.php\/2024\/07\/30\/officiel-camara-transfere-a-al-sadd\/#breadcrumb"},"inLanguage":"fr-FR","potentialAction":[{"@type":"ReadAction","target":["https:\/\/www.ladiagonale.net\/index.php\/2024\/07\/30\/officiel-camara-transfere-a-al-sadd\/"]}]},{"@type":"BreadcrumbList","@id":"https:\/\/www.ladiagonale.net\/index.php\/2024\/07\/30\/officiel-camara-transfere-a-al-sadd\/#breadcrumb","itemListElement":[{"@type":"ListItem","position":1,"name":"Accueil","item":"https:\/\/www.ladiagonale.net\/"},{"@type":"ListItem","position":2,"name":"Officiel : Camara transf\u00e9r\u00e9 \u00e0 Al-Sadd"}]},{"@type":"WebSite","@id":"https:\/\/www.ladiagonale.net\/#website","url":"https:\/\/www.ladiagonale.net\/","name":"La Diagonale","description":"Le site des supporters de l&#039;AS Monaco FC","potentialAction":[{"@type":"SearchAction","target":{"@type":"EntryPoint","urlTemplate":"https:\/\/www.ladiagonale.net\/?s={search_term_string}"},"query-input":"required name=search_term_string"}],"inLanguage":"fr-FR"},{"@type":"Person","@id":"https:\/\/www.ladiagonale.net\/#\/schema\/person\/79ff1e7b0853ed01b2aa26e64ad300bf","name":"Damien Dellerba","image":{"@type":"ImageObject","inLanguage":"fr-FR","@id":"https:\/\/www.ladiagonale.net\/#\/schema\/person\/image\/","url":"https:\/\/secure.gravatar.com\/avatar\/c7850e06d3ff63cdbaee88b7fc16e2f0?s=96&d=mm&r=g","contentUrl":"https:\/\/secure.gravatar.com\/avatar\/c7850e06d3ff63cdbaee88b7fc16e2f0?s=96&d=mm&r=g","caption":"Damien Dellerba"},"url":"https:\/\/www.ladiagonale.net\/index.php\/author\/damien\/"}]}},"_links":{"self":[{"href":"https:\/\/www.ladiagonale.net\/index.php\/wp-json\/wp\/v2\/posts\/24585"}],"collection":[{"href":"https:\/\/www.ladiagonale.net\/index.php\/wp-json\/wp\/v2\/posts"}],"about":[{"href":"https:\/\/www.ladiagonale.net\/index.php\/wp-json\/wp\/v2\/types\/post"}],"author":[{"embeddable":true,"href":"https:\/\/www.ladiagonale.net\/index.php\/wp-json\/wp\/v2\/users\/2"}],"replies":[{"embeddable":true,"href":"https:\/\/www.ladiagonale.net\/index.php\/wp-json\/wp\/v2\/comments?post=24585"}],"version-history":[{"count":6,"href":"https:\/\/www.ladiagonale.net\/index.php\/wp-json\/wp\/v2\/posts\/24585\/revisions"}],"predecessor-version":[{"id":24621,"href":"https:\/\/www.ladiagonale.net\/index.php\/wp-json\/wp\/v2\/posts\/24585\/revisions\/24621"}],"wp:attachment":[{"href":"https:\/\/www.ladiagonale.net\/index.php\/wp-json\/wp\/v2\/media?parent=24585"}],"wp:term":[{"taxonomy":"category","embeddable":true,"href":"https:\/\/www.ladiagonale.net\/index.php\/wp-json\/wp\/v2\/categories?post=24585"},{"taxonomy":"post_tag","embeddable":true,"href":"https:\/\/www.ladiagonale.net\/index.php\/wp-json\/wp\/v2\/tags?post=24585"}],"curies":[{"name":"wp","href":"https:\/\/api.w.org\/{rel}","templated":true}]}}