{"id":24681,"date":"2024-08-02T01:30:31","date_gmt":"2024-08-01T23:30:31","guid":{"rendered":"https:\/\/www.ladiagonale.net\/?p=24681"},"modified":"2024-08-02T01:30:32","modified_gmt":"2024-08-01T23:30:32","slug":"monaco-recevra-saint-etienne-le-samedi-17-aout","status":"publish","type":"post","link":"https:\/\/www.ladiagonale.net\/index.php\/2024\/08\/02\/monaco-recevra-saint-etienne-le-samedi-17-aout\/","title":{"rendered":"Monaco recevra Saint-\u00c9tienne le samedi 17 ao\u00fbt"},"content":{"rendered":"\n<p>Apr\u00e8s un long feuilleton de droits TV, r\u00e9solu avec l&rsquo;attribution de huit matches sur <em>DAZN<\/em> et un sur <em>beIN Sports<\/em>, la Ligue de Football Professionnel a enfin pu avancer sur la programmation de la 1<sup>re<\/sup> journ\u00e9e de championnat. L\u2019AS Monaco recevra l\u2019AS Saint-\u00c9tienne le samedi 17 mai et aura l\u2019honneur du <em>prime time<\/em>, avec une rencontre cal\u00e9e \u00e0 21 heures. C\u2019est la plate-forme britannique DAZN, qui doit encore faire conna\u00eetre ses conditions d\u2019acc\u00e8s aux rencontres sur sa cha\u00eene, qui diffusera le match.<\/p>\n\n\n\n<h3>La programmation compl\u00e8te de la 1<sup>re<\/sup> journ\u00e9e<\/h3>\n\n\n\n<p>Vendredi 16 ao\u00fbt 2024 \u00e0 20h45 sur <em>DAZN<\/em><\/p>\n\n\n\n<ul><li>Havre AC \u2013 Paris Saint-Germain<\/li><\/ul>\n\n\n\n<p>Samedi 17 ao\u00fbt 2024 \u00e0 17h00 sur <em>beIN SPORTS 1<\/em><\/p>\n\n\n\n<ul><li>Stade Brestois 29 \u2013 Olympique de Marseille<\/li><\/ul>\n\n\n\n<p>Samedi 17 ao\u00fbt 2024 \u00e0 19h00 sur <em>DAZN<\/em><\/p>\n\n\n\n<ul><li>Stade de Reims \u2013 LOSC Lille<\/li><\/ul>\n\n\n\n<p><strong>Samedi 17 ao\u00fbt 2024 \u00e0 21h00 sur <em>DAZN<\/em><\/strong><\/p>\n\n\n\n<ul><li><strong>AS Monaco \u2013 AS Saint-\u00c9tienne<\/strong><\/li><\/ul>\n\n\n\n<p>Dimanche 18 ao\u00fbt 2024 \u00e0 15h00 sur <em>DAZN<\/em><\/p>\n\n\n\n<ul><li>AJ Auxerre \u2013 OGC Nice<\/li><\/ul>\n\n\n\n<p>Dimanche 18 ao\u00fbt 2024 \u00e0 17h00 sur <em>DAZN<\/em><\/p>\n\n\n\n<ul><li>Montpellier H\u00e9rault SC \u2013 RC Strasbourg Alsace<\/li><li>Angers SCO \u2013 RC Lens<\/li><li>Toulouse FC \u2013 FC Nantes<\/li><\/ul>\n\n\n\n<p>Dimanche 18 ao\u00fbt 2024 \u00e0 20h45 sur <em>DAZN<\/em><\/p>\n\n\n\n<ul><li>Stade Rennais FC \u2013 Olympique Lyonnais<\/li><\/ul>\n","protected":false},"excerpt":{"rendered":"<p>Apr\u00e8s un long feuilleton de droits TV, r\u00e9solu avec l&rsquo;attribution de huit matches sur DAZN et un sur beIN Sports, la Ligue de Football Professionnel a enfin pu avancer sur la programmation de la 1re journ\u00e9e de championnat. L\u2019AS Monaco recevra l\u2019AS Saint-\u00c9tienne le samedi 17 mai et aura l\u2019honneur du prime time, avec une [&#8230;]\n","protected":false},"author":2,"featured_media":0,"comment_status":"closed","ping_status":"open","sticky":false,"template":"","format":"standard","meta":[],"categories":[4,6],"tags":[86,896,94,871,172],"yoast_head":"<!-- This site is optimized with the Yoast SEO plugin v19.8 - https:\/\/yoast.com\/wordpress\/plugins\/seo\/ -->\n<title>Monaco recevra Saint-\u00c9tienne le samedi 17 ao\u00fbt - La Diagonale<\/title>\n<meta name=\"robots\" content=\"index, follow, max-snippet:-1, max-image-preview:large, max-video-preview:-1\" \/>\n<link rel=\"canonical\" href=\"https:\/\/www.ladiagonale.net\/index.php\/2024\/08\/02\/monaco-recevra-saint-etienne-le-samedi-17-aout\/\" \/>\n<meta property=\"og:locale\" content=\"fr_FR\" \/>\n<meta property=\"og:type\" content=\"article\" \/>\n<meta property=\"og:title\" content=\"Monaco recevra Saint-\u00c9tienne le samedi 17 ao\u00fbt - La Diagonale\" \/>\n<meta property=\"og:description\" content=\"Apr\u00e8s un long feuilleton de droits TV, r\u00e9solu avec l&rsquo;attribution de huit matches sur DAZN et un sur beIN Sports, la Ligue de Football Professionnel a enfin pu avancer sur la programmation de la 1re journ\u00e9e de championnat. L\u2019AS Monaco recevra l\u2019AS Saint-\u00c9tienne le samedi 17 mai et aura l\u2019honneur du prime time, avec une [...]\" \/>\n<meta property=\"og:url\" content=\"https:\/\/www.ladiagonale.net\/index.php\/2024\/08\/02\/monaco-recevra-saint-etienne-le-samedi-17-aout\/\" \/>\n<meta property=\"og:site_name\" content=\"La Diagonale\" \/>\n<meta property=\"article:published_time\" content=\"2024-08-01T23:30:31+00:00\" \/>\n<meta property=\"article:modified_time\" content=\"2024-08-01T23:30:32+00:00\" \/>\n<meta property=\"og:image\" content=\"https:\/\/www.ladiagonale.net\/wp-content\/uploads\/2024\/08\/DAZN.png\" \/>\n\t<meta property=\"og:image:width\" content=\"1160\" \/>\n\t<meta property=\"og:image:height\" content=\"650\" \/>\n\t<meta property=\"og:image:type\" content=\"image\/png\" \/>\n<meta name=\"author\" content=\"Damien Dellerba\" \/>\n<meta name=\"twitter:card\" content=\"summary_large_image\" \/>\n<meta name=\"twitter:image\" content=\"https:\/\/www.ladiagonale.net\/wp-content\/uploads\/2024\/08\/DAZN.png\" \/>\n<meta name=\"twitter:label1\" content=\"\u00c9crit par\" \/>\n\t<meta name=\"twitter:data1\" content=\"Damien Dellerba\" \/>\n\t<meta name=\"twitter:label2\" content=\"Dur\u00e9e de lecture estim\u00e9e\" \/>\n\t<meta name=\"twitter:data2\" content=\"1 minute\" \/>\n<script type=\"application\/ld+json\" class=\"yoast-schema-graph\">{\"@context\":\"https:\/\/schema.org\",\"@graph\":[{\"@type\":\"WebPage\",\"@id\":\"https:\/\/www.ladiagonale.net\/index.php\/2024\/08\/02\/monaco-recevra-saint-etienne-le-samedi-17-aout\/\",\"url\":\"https:\/\/www.ladiagonale.net\/index.php\/2024\/08\/02\/monaco-recevra-saint-etienne-le-samedi-17-aout\/\",\"name\":\"Monaco recevra Saint-\u00c9tienne le samedi 17 ao\u00fbt - La Diagonale\",\"isPartOf\":{\"@id\":\"https:\/\/www.ladiagonale.net\/#website\"},\"datePublished\":\"2024-08-01T23:30:31+00:00\",\"dateModified\":\"2024-08-01T23:30:32+00:00\",\"author\":{\"@id\":\"https:\/\/www.ladiagonale.net\/#\/schema\/person\/79ff1e7b0853ed01b2aa26e64ad300bf\"},\"breadcrumb\":{\"@id\":\"https:\/\/www.ladiagonale.net\/index.php\/2024\/08\/02\/monaco-recevra-saint-etienne-le-samedi-17-aout\/#breadcrumb\"},\"inLanguage\":\"fr-FR\",\"potentialAction\":[{\"@type\":\"ReadAction\",\"target\":[\"https:\/\/www.ladiagonale.net\/index.php\/2024\/08\/02\/monaco-recevra-saint-etienne-le-samedi-17-aout\/\"]}]},{\"@type\":\"BreadcrumbList\",\"@id\":\"https:\/\/www.ladiagonale.net\/index.php\/2024\/08\/02\/monaco-recevra-saint-etienne-le-samedi-17-aout\/#breadcrumb\",\"itemListElement\":[{\"@type\":\"ListItem\",\"position\":1,\"name\":\"Accueil\",\"item\":\"https:\/\/www.ladiagonale.net\/\"},{\"@type\":\"ListItem\",\"position\":2,\"name\":\"Monaco recevra Saint-\u00c9tienne le samedi 17 ao\u00fbt\"}]},{\"@type\":\"WebSite\",\"@id\":\"https:\/\/www.ladiagonale.net\/#website\",\"url\":\"https:\/\/www.ladiagonale.net\/\",\"name\":\"La Diagonale\",\"description\":\"Le site des supporters de l&#039;AS Monaco FC\",\"potentialAction\":[{\"@type\":\"SearchAction\",\"target\":{\"@type\":\"EntryPoint\",\"urlTemplate\":\"https:\/\/www.ladiagonale.net\/?s={search_term_string}\"},\"query-input\":\"required name=search_term_string\"}],\"inLanguage\":\"fr-FR\"},{\"@type\":\"Person\",\"@id\":\"https:\/\/www.ladiagonale.net\/#\/schema\/person\/79ff1e7b0853ed01b2aa26e64ad300bf\",\"name\":\"Damien Dellerba\",\"image\":{\"@type\":\"ImageObject\",\"inLanguage\":\"fr-FR\",\"@id\":\"https:\/\/www.ladiagonale.net\/#\/schema\/person\/image\/\",\"url\":\"https:\/\/secure.gravatar.com\/avatar\/c7850e06d3ff63cdbaee88b7fc16e2f0?s=96&d=mm&r=g\",\"contentUrl\":\"https:\/\/secure.gravatar.com\/avatar\/c7850e06d3ff63cdbaee88b7fc16e2f0?s=96&d=mm&r=g\",\"caption\":\"Damien Dellerba\"},\"url\":\"https:\/\/www.ladiagonale.net\/index.php\/author\/damien\/\"}]}<\/script>\n<!-- \/ Yoast SEO plugin. -->","yoast_head_json":{"title":"Monaco recevra Saint-\u00c9tienne le samedi 17 ao\u00fbt - La Diagonale","robots":{"index":"index","follow":"follow","max-snippet":"max-snippet:-1","max-image-preview":"max-image-preview:large","max-video-preview":"max-video-preview:-1"},"canonical":"https:\/\/www.ladiagonale.net\/index.php\/2024\/08\/02\/monaco-recevra-saint-etienne-le-samedi-17-aout\/","og_locale":"fr_FR","og_type":"article","og_title":"Monaco recevra Saint-\u00c9tienne le samedi 17 ao\u00fbt - La Diagonale","og_description":"Apr\u00e8s un long feuilleton de droits TV, r\u00e9solu avec l&rsquo;attribution de huit matches sur DAZN et un sur beIN Sports, la Ligue de Football Professionnel a enfin pu avancer sur la programmation de la 1re journ\u00e9e de championnat. L\u2019AS Monaco recevra l\u2019AS Saint-\u00c9tienne le samedi 17 mai et aura l\u2019honneur du prime time, avec une [...]","og_url":"https:\/\/www.ladiagonale.net\/index.php\/2024\/08\/02\/monaco-recevra-saint-etienne-le-samedi-17-aout\/","og_site_name":"La Diagonale","article_published_time":"2024-08-01T23:30:31+00:00","article_modified_time":"2024-08-01T23:30:32+00:00","og_image":[{"width":1160,"height":650,"url":"https:\/\/www.ladiagonale.net\/wp-content\/uploads\/2024\/08\/DAZN.png","type":"image\/png"}],"author":"Damien Dellerba","twitter_card":"summary_large_image","twitter_image":"https:\/\/www.ladiagonale.net\/wp-content\/uploads\/2024\/08\/DAZN.png","twitter_misc":{"\u00c9crit par":"Damien Dellerba","Dur\u00e9e de lecture estim\u00e9e":"1 minute"},"schema":{"@context":"https:\/\/schema.org","@graph":[{"@type":"WebPage","@id":"https:\/\/www.ladiagonale.net\/index.php\/2024\/08\/02\/monaco-recevra-saint-etienne-le-samedi-17-aout\/","url":"https:\/\/www.ladiagonale.net\/index.php\/2024\/08\/02\/monaco-recevra-saint-etienne-le-samedi-17-aout\/","name":"Monaco recevra Saint-\u00c9tienne le samedi 17 ao\u00fbt - La Diagonale","isPartOf":{"@id":"https:\/\/www.ladiagonale.net\/#website"},"datePublished":"2024-08-01T23:30:31+00:00","dateModified":"2024-08-01T23:30:32+00:00","author":{"@id":"https:\/\/www.ladiagonale.net\/#\/schema\/person\/79ff1e7b0853ed01b2aa26e64ad300bf"},"breadcrumb":{"@id":"https:\/\/www.ladiagonale.net\/index.php\/2024\/08\/02\/monaco-recevra-saint-etienne-le-samedi-17-aout\/#breadcrumb"},"inLanguage":"fr-FR","potentialAction":[{"@type":"ReadAction","target":["https:\/\/www.ladiagonale.net\/index.php\/2024\/08\/02\/monaco-recevra-saint-etienne-le-samedi-17-aout\/"]}]},{"@type":"BreadcrumbList","@id":"https:\/\/www.ladiagonale.net\/index.php\/2024\/08\/02\/monaco-recevra-saint-etienne-le-samedi-17-aout\/#breadcrumb","itemListElement":[{"@type":"ListItem","position":1,"name":"Accueil","item":"https:\/\/www.ladiagonale.net\/"},{"@type":"ListItem","position":2,"name":"Monaco recevra Saint-\u00c9tienne le samedi 17 ao\u00fbt"}]},{"@type":"WebSite","@id":"https:\/\/www.ladiagonale.net\/#website","url":"https:\/\/www.ladiagonale.net\/","name":"La Diagonale","description":"Le site des supporters de l&#039;AS Monaco FC","potentialAction":[{"@type":"SearchAction","target":{"@type":"EntryPoint","urlTemplate":"https:\/\/www.ladiagonale.net\/?s={search_term_string}"},"query-input":"required name=search_term_string"}],"inLanguage":"fr-FR"},{"@type":"Person","@id":"https:\/\/www.ladiagonale.net\/#\/schema\/person\/79ff1e7b0853ed01b2aa26e64ad300bf","name":"Damien Dellerba","image":{"@type":"ImageObject","inLanguage":"fr-FR","@id":"https:\/\/www.ladiagonale.net\/#\/schema\/person\/image\/","url":"https:\/\/secure.gravatar.com\/avatar\/c7850e06d3ff63cdbaee88b7fc16e2f0?s=96&d=mm&r=g","contentUrl":"https:\/\/secure.gravatar.com\/avatar\/c7850e06d3ff63cdbaee88b7fc16e2f0?s=96&d=mm&r=g","caption":"Damien Dellerba"},"url":"https:\/\/www.ladiagonale.net\/index.php\/author\/damien\/"}]}},"_links":{"self":[{"href":"https:\/\/www.ladiagonale.net\/index.php\/wp-json\/wp\/v2\/posts\/24681"}],"collection":[{"href":"https:\/\/www.ladiagonale.net\/index.php\/wp-json\/wp\/v2\/posts"}],"about":[{"href":"https:\/\/www.ladiagonale.net\/index.php\/wp-json\/wp\/v2\/types\/post"}],"author":[{"embeddable":true,"href":"https:\/\/www.ladiagonale.net\/index.php\/wp-json\/wp\/v2\/users\/2"}],"replies":[{"embeddable":true,"href":"https:\/\/www.ladiagonale.net\/index.php\/wp-json\/wp\/v2\/comments?post=24681"}],"version-history":[{"count":3,"href":"https:\/\/www.ladiagonale.net\/index.php\/wp-json\/wp\/v2\/posts\/24681\/revisions"}],"predecessor-version":[{"id":24685,"href":"https:\/\/www.ladiagonale.net\/index.php\/wp-json\/wp\/v2\/posts\/24681\/revisions\/24685"}],"wp:attachment":[{"href":"https:\/\/www.ladiagonale.net\/index.php\/wp-json\/wp\/v2\/media?parent=24681"}],"wp:term":[{"taxonomy":"category","embeddable":true,"href":"https:\/\/www.ladiagonale.net\/index.php\/wp-json\/wp\/v2\/categories?post=24681"},{"taxonomy":"post_tag","embeddable":true,"href":"https:\/\/www.ladiagonale.net\/index.php\/wp-json\/wp\/v2\/tags?post=24681"}],"curies":[{"name":"wp","href":"https:\/\/api.w.org\/{rel}","templated":true}]}}