{"id":24707,"date":"2024-08-04T14:53:58","date_gmt":"2024-08-04T12:53:58","guid":{"rendered":"https:\/\/www.ladiagonale.net\/?p=24707"},"modified":"2024-08-05T02:57:27","modified_gmt":"2024-08-05T00:57:27","slug":"hutter-nous-ne-sommes-pas-encore-prets","status":"publish","type":"post","link":"https:\/\/www.ladiagonale.net\/index.php\/2024\/08\/04\/hutter-nous-ne-sommes-pas-encore-prets\/","title":{"rendered":"H\u00fctter : \u00ab&nbsp;Nous ne sommes pas encore pr\u00eats&nbsp;\u00bb"},"content":{"rendered":"\n<p>\u00c0 l\u2019issue du cinqui\u00e8me match de pr\u00e9paration disput\u00e9 par l\u2019AS Monaco ce dimanche, une d\u00e9faite contre le Genoa (1-2), Adi H\u00fctter a livr\u00e9 son verdict sur l\u2019\u00e9tat de forme de son \u00e9quipe : \u00ab&nbsp;<em>Nous ne sommes pas encore pr\u00eats mais le d\u00e9but de saison a lieu dans deux semaines. Les 15-20 premi\u00e8res minutes, nous aurions d\u00fb marquer deux ou trois buts et le match aurait \u00e9t\u00e9 totalement diff\u00e9rent. Nous devons travailler sur \u00e7a. Tactiquement, nous \u00e9tions ensuite plus en difficult\u00e9, il y avait trop d&rsquo;espaces entre les lignes. Je ne suis pas forc\u00e9ment tr\u00e8s satisfait apr\u00e8s les 20 premi\u00e8res minutes.<\/em>&nbsp;\u00bb<\/p>\n\n\n\n<p>Il ne restera plus qu\u2019une seule rencontre amicale \u00e0 l\u2019AS Monaco pour peaufiner les automatismes et mettre en pratique le travail r\u00e9alis\u00e9 en semaine. Ce sera le lundi 12 ao\u00fbt (20h), contre le FC Barcelone. Le 17 ao\u00fbt (21h), la Ligue 1 reprendra ses droits et Monaco recevra le promu Saint-\u00c9tienne pour d\u00e9buter sa saison.<\/p>\n\n\n\n<p>Source : <em>AS Monaco<\/em><\/p>\n\n\n","protected":false},"excerpt":{"rendered":"<p>\u00c0 l\u2019issue du cinqui\u00e8me match de pr\u00e9paration disput\u00e9 par l\u2019AS Monaco ce dimanche, une d\u00e9faite contre le Genoa (1-2), Adi H\u00fctter a livr\u00e9 son verdict sur l\u2019\u00e9tat de forme de son \u00e9quipe : \u00ab&nbsp;Nous ne sommes pas encore pr\u00eats mais le d\u00e9but de saison a lieu dans deux semaines. Les 15-20 premi\u00e8res minutes, nous aurions [&#8230;]\n","protected":false},"author":2,"featured_media":0,"comment_status":"open","ping_status":"open","sticky":false,"template":"","format":"standard","meta":[],"categories":[6],"tags":[576,86,592],"yoast_head":"<!-- This site is optimized with the Yoast SEO plugin v19.8 - https:\/\/yoast.com\/wordpress\/plugins\/seo\/ -->\n<title>H\u00fctter : \u00ab&nbsp;Nous ne sommes pas encore pr\u00eats&nbsp;\u00bb - La Diagonale<\/title>\n<meta name=\"robots\" content=\"index, follow, max-snippet:-1, max-image-preview:large, max-video-preview:-1\" \/>\n<link rel=\"canonical\" href=\"https:\/\/www.ladiagonale.net\/index.php\/2024\/08\/04\/hutter-nous-ne-sommes-pas-encore-prets\/\" \/>\n<meta property=\"og:locale\" content=\"fr_FR\" \/>\n<meta property=\"og:type\" content=\"article\" \/>\n<meta property=\"og:title\" content=\"H\u00fctter : \u00ab&nbsp;Nous ne sommes pas encore pr\u00eats&nbsp;\u00bb - La Diagonale\" \/>\n<meta property=\"og:description\" content=\"\u00c0 l\u2019issue du cinqui\u00e8me match de pr\u00e9paration disput\u00e9 par l\u2019AS Monaco ce dimanche, une d\u00e9faite contre le Genoa (1-2), Adi H\u00fctter a livr\u00e9 son verdict sur l\u2019\u00e9tat de forme de son \u00e9quipe : \u00ab&nbsp;Nous ne sommes pas encore pr\u00eats mais le d\u00e9but de saison a lieu dans deux semaines. Les 15-20 premi\u00e8res minutes, nous aurions [...]\" \/>\n<meta property=\"og:url\" content=\"https:\/\/www.ladiagonale.net\/index.php\/2024\/08\/04\/hutter-nous-ne-sommes-pas-encore-prets\/\" \/>\n<meta property=\"og:site_name\" content=\"La Diagonale\" \/>\n<meta property=\"article:published_time\" content=\"2024-08-04T12:53:58+00:00\" \/>\n<meta property=\"article:modified_time\" content=\"2024-08-05T00:57:27+00:00\" \/>\n<meta property=\"og:image\" content=\"https:\/\/www.ladiagonale.net\/wp-content\/uploads\/2024\/07\/Hu\u0308tter-training.png\" \/>\n\t<meta property=\"og:image:width\" content=\"1160\" \/>\n\t<meta property=\"og:image:height\" content=\"650\" \/>\n\t<meta property=\"og:image:type\" content=\"image\/png\" \/>\n<meta name=\"author\" content=\"Damien Dellerba\" \/>\n<meta name=\"twitter:card\" content=\"summary_large_image\" \/>\n<meta name=\"twitter:image\" content=\"https:\/\/www.ladiagonale.net\/wp-content\/uploads\/2024\/07\/Hu\u0308tter-training.png\" \/>\n<meta name=\"twitter:label1\" content=\"\u00c9crit par\" \/>\n\t<meta name=\"twitter:data1\" content=\"Damien Dellerba\" \/>\n\t<meta name=\"twitter:label2\" content=\"Dur\u00e9e de lecture estim\u00e9e\" \/>\n\t<meta name=\"twitter:data2\" content=\"1 minute\" \/>\n<script type=\"application\/ld+json\" class=\"yoast-schema-graph\">{\"@context\":\"https:\/\/schema.org\",\"@graph\":[{\"@type\":\"WebPage\",\"@id\":\"https:\/\/www.ladiagonale.net\/index.php\/2024\/08\/04\/hutter-nous-ne-sommes-pas-encore-prets\/\",\"url\":\"https:\/\/www.ladiagonale.net\/index.php\/2024\/08\/04\/hutter-nous-ne-sommes-pas-encore-prets\/\",\"name\":\"H\u00fctter : \u00ab&nbsp;Nous ne sommes pas encore pr\u00eats&nbsp;\u00bb - La Diagonale\",\"isPartOf\":{\"@id\":\"https:\/\/www.ladiagonale.net\/#website\"},\"datePublished\":\"2024-08-04T12:53:58+00:00\",\"dateModified\":\"2024-08-05T00:57:27+00:00\",\"author\":{\"@id\":\"https:\/\/www.ladiagonale.net\/#\/schema\/person\/79ff1e7b0853ed01b2aa26e64ad300bf\"},\"breadcrumb\":{\"@id\":\"https:\/\/www.ladiagonale.net\/index.php\/2024\/08\/04\/hutter-nous-ne-sommes-pas-encore-prets\/#breadcrumb\"},\"inLanguage\":\"fr-FR\",\"potentialAction\":[{\"@type\":\"ReadAction\",\"target\":[\"https:\/\/www.ladiagonale.net\/index.php\/2024\/08\/04\/hutter-nous-ne-sommes-pas-encore-prets\/\"]}]},{\"@type\":\"BreadcrumbList\",\"@id\":\"https:\/\/www.ladiagonale.net\/index.php\/2024\/08\/04\/hutter-nous-ne-sommes-pas-encore-prets\/#breadcrumb\",\"itemListElement\":[{\"@type\":\"ListItem\",\"position\":1,\"name\":\"Accueil\",\"item\":\"https:\/\/www.ladiagonale.net\/\"},{\"@type\":\"ListItem\",\"position\":2,\"name\":\"H\u00fctter : \u00ab&nbsp;Nous ne sommes pas encore pr\u00eats&nbsp;\u00bb\"}]},{\"@type\":\"WebSite\",\"@id\":\"https:\/\/www.ladiagonale.net\/#website\",\"url\":\"https:\/\/www.ladiagonale.net\/\",\"name\":\"La Diagonale\",\"description\":\"Le site des supporters de l&#039;AS Monaco FC\",\"potentialAction\":[{\"@type\":\"SearchAction\",\"target\":{\"@type\":\"EntryPoint\",\"urlTemplate\":\"https:\/\/www.ladiagonale.net\/?s={search_term_string}\"},\"query-input\":\"required name=search_term_string\"}],\"inLanguage\":\"fr-FR\"},{\"@type\":\"Person\",\"@id\":\"https:\/\/www.ladiagonale.net\/#\/schema\/person\/79ff1e7b0853ed01b2aa26e64ad300bf\",\"name\":\"Damien Dellerba\",\"image\":{\"@type\":\"ImageObject\",\"inLanguage\":\"fr-FR\",\"@id\":\"https:\/\/www.ladiagonale.net\/#\/schema\/person\/image\/\",\"url\":\"https:\/\/secure.gravatar.com\/avatar\/c7850e06d3ff63cdbaee88b7fc16e2f0?s=96&d=mm&r=g\",\"contentUrl\":\"https:\/\/secure.gravatar.com\/avatar\/c7850e06d3ff63cdbaee88b7fc16e2f0?s=96&d=mm&r=g\",\"caption\":\"Damien Dellerba\"},\"url\":\"https:\/\/www.ladiagonale.net\/index.php\/author\/damien\/\"}]}<\/script>\n<!-- \/ Yoast SEO plugin. -->","yoast_head_json":{"title":"H\u00fctter : \u00ab&nbsp;Nous ne sommes pas encore pr\u00eats&nbsp;\u00bb - La Diagonale","robots":{"index":"index","follow":"follow","max-snippet":"max-snippet:-1","max-image-preview":"max-image-preview:large","max-video-preview":"max-video-preview:-1"},"canonical":"https:\/\/www.ladiagonale.net\/index.php\/2024\/08\/04\/hutter-nous-ne-sommes-pas-encore-prets\/","og_locale":"fr_FR","og_type":"article","og_title":"H\u00fctter : \u00ab&nbsp;Nous ne sommes pas encore pr\u00eats&nbsp;\u00bb - La Diagonale","og_description":"\u00c0 l\u2019issue du cinqui\u00e8me match de pr\u00e9paration disput\u00e9 par l\u2019AS Monaco ce dimanche, une d\u00e9faite contre le Genoa (1-2), Adi H\u00fctter a livr\u00e9 son verdict sur l\u2019\u00e9tat de forme de son \u00e9quipe : \u00ab&nbsp;Nous ne sommes pas encore pr\u00eats mais le d\u00e9but de saison a lieu dans deux semaines. Les 15-20 premi\u00e8res minutes, nous aurions [...]","og_url":"https:\/\/www.ladiagonale.net\/index.php\/2024\/08\/04\/hutter-nous-ne-sommes-pas-encore-prets\/","og_site_name":"La Diagonale","article_published_time":"2024-08-04T12:53:58+00:00","article_modified_time":"2024-08-05T00:57:27+00:00","og_image":[{"width":1160,"height":650,"url":"https:\/\/www.ladiagonale.net\/wp-content\/uploads\/2024\/07\/Hu\u0308tter-training.png","type":"image\/png"}],"author":"Damien Dellerba","twitter_card":"summary_large_image","twitter_image":"https:\/\/www.ladiagonale.net\/wp-content\/uploads\/2024\/07\/Hu\u0308tter-training.png","twitter_misc":{"\u00c9crit par":"Damien Dellerba","Dur\u00e9e de lecture estim\u00e9e":"1 minute"},"schema":{"@context":"https:\/\/schema.org","@graph":[{"@type":"WebPage","@id":"https:\/\/www.ladiagonale.net\/index.php\/2024\/08\/04\/hutter-nous-ne-sommes-pas-encore-prets\/","url":"https:\/\/www.ladiagonale.net\/index.php\/2024\/08\/04\/hutter-nous-ne-sommes-pas-encore-prets\/","name":"H\u00fctter : \u00ab&nbsp;Nous ne sommes pas encore pr\u00eats&nbsp;\u00bb - La Diagonale","isPartOf":{"@id":"https:\/\/www.ladiagonale.net\/#website"},"datePublished":"2024-08-04T12:53:58+00:00","dateModified":"2024-08-05T00:57:27+00:00","author":{"@id":"https:\/\/www.ladiagonale.net\/#\/schema\/person\/79ff1e7b0853ed01b2aa26e64ad300bf"},"breadcrumb":{"@id":"https:\/\/www.ladiagonale.net\/index.php\/2024\/08\/04\/hutter-nous-ne-sommes-pas-encore-prets\/#breadcrumb"},"inLanguage":"fr-FR","potentialAction":[{"@type":"ReadAction","target":["https:\/\/www.ladiagonale.net\/index.php\/2024\/08\/04\/hutter-nous-ne-sommes-pas-encore-prets\/"]}]},{"@type":"BreadcrumbList","@id":"https:\/\/www.ladiagonale.net\/index.php\/2024\/08\/04\/hutter-nous-ne-sommes-pas-encore-prets\/#breadcrumb","itemListElement":[{"@type":"ListItem","position":1,"name":"Accueil","item":"https:\/\/www.ladiagonale.net\/"},{"@type":"ListItem","position":2,"name":"H\u00fctter : \u00ab&nbsp;Nous ne sommes pas encore pr\u00eats&nbsp;\u00bb"}]},{"@type":"WebSite","@id":"https:\/\/www.ladiagonale.net\/#website","url":"https:\/\/www.ladiagonale.net\/","name":"La Diagonale","description":"Le site des supporters de l&#039;AS Monaco FC","potentialAction":[{"@type":"SearchAction","target":{"@type":"EntryPoint","urlTemplate":"https:\/\/www.ladiagonale.net\/?s={search_term_string}"},"query-input":"required name=search_term_string"}],"inLanguage":"fr-FR"},{"@type":"Person","@id":"https:\/\/www.ladiagonale.net\/#\/schema\/person\/79ff1e7b0853ed01b2aa26e64ad300bf","name":"Damien Dellerba","image":{"@type":"ImageObject","inLanguage":"fr-FR","@id":"https:\/\/www.ladiagonale.net\/#\/schema\/person\/image\/","url":"https:\/\/secure.gravatar.com\/avatar\/c7850e06d3ff63cdbaee88b7fc16e2f0?s=96&d=mm&r=g","contentUrl":"https:\/\/secure.gravatar.com\/avatar\/c7850e06d3ff63cdbaee88b7fc16e2f0?s=96&d=mm&r=g","caption":"Damien Dellerba"},"url":"https:\/\/www.ladiagonale.net\/index.php\/author\/damien\/"}]}},"_links":{"self":[{"href":"https:\/\/www.ladiagonale.net\/index.php\/wp-json\/wp\/v2\/posts\/24707"}],"collection":[{"href":"https:\/\/www.ladiagonale.net\/index.php\/wp-json\/wp\/v2\/posts"}],"about":[{"href":"https:\/\/www.ladiagonale.net\/index.php\/wp-json\/wp\/v2\/types\/post"}],"author":[{"embeddable":true,"href":"https:\/\/www.ladiagonale.net\/index.php\/wp-json\/wp\/v2\/users\/2"}],"replies":[{"embeddable":true,"href":"https:\/\/www.ladiagonale.net\/index.php\/wp-json\/wp\/v2\/comments?post=24707"}],"version-history":[{"count":2,"href":"https:\/\/www.ladiagonale.net\/index.php\/wp-json\/wp\/v2\/posts\/24707\/revisions"}],"predecessor-version":[{"id":24715,"href":"https:\/\/www.ladiagonale.net\/index.php\/wp-json\/wp\/v2\/posts\/24707\/revisions\/24715"}],"wp:attachment":[{"href":"https:\/\/www.ladiagonale.net\/index.php\/wp-json\/wp\/v2\/media?parent=24707"}],"wp:term":[{"taxonomy":"category","embeddable":true,"href":"https:\/\/www.ladiagonale.net\/index.php\/wp-json\/wp\/v2\/categories?post=24707"},{"taxonomy":"post_tag","embeddable":true,"href":"https:\/\/www.ladiagonale.net\/index.php\/wp-json\/wp\/v2\/tags?post=24707"}],"curies":[{"name":"wp","href":"https:\/\/api.w.org\/{rel}","templated":true}]}}