{"id":24745,"date":"2024-08-07T19:16:25","date_gmt":"2024-08-07T17:16:25","guid":{"rendered":"https:\/\/www.ladiagonale.net\/?p=24745"},"modified":"2024-08-07T19:16:26","modified_gmt":"2024-08-07T17:16:26","slug":"nouvelle-entorse-a-une-cheville-pour-golovin","status":"publish","type":"post","link":"https:\/\/www.ladiagonale.net\/index.php\/2024\/08\/07\/nouvelle-entorse-a-une-cheville-pour-golovin\/","title":{"rendered":"Nouvelle entorse \u00e0 une cheville pour Golovin"},"content":{"rendered":"\n\n\n<p>Aleksandr Golovin n&rsquo;a pas pu disputer la fin de la saison derni\u00e8re avec l&rsquo;AS Monaco, victime d&rsquo;une entorse \u00e0 une cheville le 18 avril. C&rsquo;est ce m\u00eame type de blessure qui pourrait emp\u00eacher le milieu de terrain russe de retrouver les terrains d\u00e8s le coup d&rsquo;envoi du championnat dans dix jours, contre Saint-\u00c9tienne. <em>L&rsquo;\u00c9quipe<\/em> a annonc\u00e9 que Golovin souffrait d&rsquo;une entorse \u00e0 la cheville droite, touch\u00e9 \u00e0 l&rsquo;entra\u00eenement il y a quelques jours, et un point sera fait pour savoir s&rsquo;il pourra \u00eatre r\u00e9tabli d&rsquo;ici le 17 ao\u00fbt, date du premier match officiel pour l&rsquo;ASM.<\/p>\n\n\n\n<p>Le quotidien pr\u00e9cise que c&rsquo;est pour cette raison qu&rsquo;Adi H\u00fctter a \u00e9t\u00e9 contraint de se passer du Russe lors du dernier match amical contre le Genoa. Face au Feyenoord Rotterdam, quelques jours plus t\u00f4t, Golovin avait \u00e9t\u00e9 \u00e9galement absent, malade, comme Thilo Kehrer.<\/p>\n","protected":false},"excerpt":{"rendered":"<p>Aleksandr Golovin n&rsquo;a pas pu disputer la fin de la saison derni\u00e8re avec l&rsquo;AS Monaco, victime d&rsquo;une entorse \u00e0 une cheville le 18 avril. C&rsquo;est ce m\u00eame type de blessure qui pourrait emp\u00eacher le milieu de terrain russe de retrouver les terrains d\u00e8s le coup d&rsquo;envoi du championnat dans dix jours, contre Saint-\u00c9tienne. L&rsquo;\u00c9quipe a [&#8230;]\n","protected":false},"author":2,"featured_media":0,"comment_status":"open","ping_status":"open","sticky":false,"template":"","format":"standard","meta":[],"categories":[4,6],"tags":[184,86,196],"yoast_head":"<!-- This site is optimized with the Yoast SEO plugin v19.8 - https:\/\/yoast.com\/wordpress\/plugins\/seo\/ -->\n<title>Nouvelle entorse \u00e0 une cheville pour Golovin - La Diagonale<\/title>\n<meta name=\"robots\" content=\"index, follow, max-snippet:-1, max-image-preview:large, max-video-preview:-1\" \/>\n<link rel=\"canonical\" href=\"https:\/\/www.ladiagonale.net\/index.php\/2024\/08\/07\/nouvelle-entorse-a-une-cheville-pour-golovin\/\" \/>\n<meta property=\"og:locale\" content=\"fr_FR\" \/>\n<meta property=\"og:type\" content=\"article\" \/>\n<meta property=\"og:title\" content=\"Nouvelle entorse \u00e0 une cheville pour Golovin - La Diagonale\" \/>\n<meta property=\"og:description\" content=\"Aleksandr Golovin n&rsquo;a pas pu disputer la fin de la saison derni\u00e8re avec l&rsquo;AS Monaco, victime d&rsquo;une entorse \u00e0 une cheville le 18 avril. C&rsquo;est ce m\u00eame type de blessure qui pourrait emp\u00eacher le milieu de terrain russe de retrouver les terrains d\u00e8s le coup d&rsquo;envoi du championnat dans dix jours, contre Saint-\u00c9tienne. L&rsquo;\u00c9quipe a [...]\" \/>\n<meta property=\"og:url\" content=\"https:\/\/www.ladiagonale.net\/index.php\/2024\/08\/07\/nouvelle-entorse-a-une-cheville-pour-golovin\/\" \/>\n<meta property=\"og:site_name\" content=\"La Diagonale\" \/>\n<meta property=\"article:published_time\" content=\"2024-08-07T17:16:25+00:00\" \/>\n<meta property=\"article:modified_time\" content=\"2024-08-07T17:16:26+00:00\" \/>\n<meta property=\"og:image\" content=\"https:\/\/www.ladiagonale.net\/wp-content\/uploads\/2024\/07\/golovin-cap.png\" \/>\n\t<meta property=\"og:image:width\" content=\"1160\" \/>\n\t<meta property=\"og:image:height\" content=\"650\" \/>\n\t<meta property=\"og:image:type\" content=\"image\/png\" \/>\n<meta name=\"author\" content=\"Damien Dellerba\" \/>\n<meta name=\"twitter:card\" content=\"summary_large_image\" \/>\n<meta name=\"twitter:image\" content=\"https:\/\/www.ladiagonale.net\/wp-content\/uploads\/2024\/07\/golovin-cap.png\" \/>\n<meta name=\"twitter:label1\" content=\"\u00c9crit par\" \/>\n\t<meta name=\"twitter:data1\" content=\"Damien Dellerba\" \/>\n\t<meta name=\"twitter:label2\" content=\"Dur\u00e9e de lecture estim\u00e9e\" \/>\n\t<meta name=\"twitter:data2\" content=\"1 minute\" \/>\n<script type=\"application\/ld+json\" class=\"yoast-schema-graph\">{\"@context\":\"https:\/\/schema.org\",\"@graph\":[{\"@type\":\"WebPage\",\"@id\":\"https:\/\/www.ladiagonale.net\/index.php\/2024\/08\/07\/nouvelle-entorse-a-une-cheville-pour-golovin\/\",\"url\":\"https:\/\/www.ladiagonale.net\/index.php\/2024\/08\/07\/nouvelle-entorse-a-une-cheville-pour-golovin\/\",\"name\":\"Nouvelle entorse \u00e0 une cheville pour Golovin - La Diagonale\",\"isPartOf\":{\"@id\":\"https:\/\/www.ladiagonale.net\/#website\"},\"datePublished\":\"2024-08-07T17:16:25+00:00\",\"dateModified\":\"2024-08-07T17:16:26+00:00\",\"author\":{\"@id\":\"https:\/\/www.ladiagonale.net\/#\/schema\/person\/79ff1e7b0853ed01b2aa26e64ad300bf\"},\"breadcrumb\":{\"@id\":\"https:\/\/www.ladiagonale.net\/index.php\/2024\/08\/07\/nouvelle-entorse-a-une-cheville-pour-golovin\/#breadcrumb\"},\"inLanguage\":\"fr-FR\",\"potentialAction\":[{\"@type\":\"ReadAction\",\"target\":[\"https:\/\/www.ladiagonale.net\/index.php\/2024\/08\/07\/nouvelle-entorse-a-une-cheville-pour-golovin\/\"]}]},{\"@type\":\"BreadcrumbList\",\"@id\":\"https:\/\/www.ladiagonale.net\/index.php\/2024\/08\/07\/nouvelle-entorse-a-une-cheville-pour-golovin\/#breadcrumb\",\"itemListElement\":[{\"@type\":\"ListItem\",\"position\":1,\"name\":\"Accueil\",\"item\":\"https:\/\/www.ladiagonale.net\/\"},{\"@type\":\"ListItem\",\"position\":2,\"name\":\"Nouvelle entorse \u00e0 une cheville pour Golovin\"}]},{\"@type\":\"WebSite\",\"@id\":\"https:\/\/www.ladiagonale.net\/#website\",\"url\":\"https:\/\/www.ladiagonale.net\/\",\"name\":\"La Diagonale\",\"description\":\"Le site des supporters de l&#039;AS Monaco FC\",\"potentialAction\":[{\"@type\":\"SearchAction\",\"target\":{\"@type\":\"EntryPoint\",\"urlTemplate\":\"https:\/\/www.ladiagonale.net\/?s={search_term_string}\"},\"query-input\":\"required name=search_term_string\"}],\"inLanguage\":\"fr-FR\"},{\"@type\":\"Person\",\"@id\":\"https:\/\/www.ladiagonale.net\/#\/schema\/person\/79ff1e7b0853ed01b2aa26e64ad300bf\",\"name\":\"Damien Dellerba\",\"image\":{\"@type\":\"ImageObject\",\"inLanguage\":\"fr-FR\",\"@id\":\"https:\/\/www.ladiagonale.net\/#\/schema\/person\/image\/\",\"url\":\"https:\/\/secure.gravatar.com\/avatar\/c7850e06d3ff63cdbaee88b7fc16e2f0?s=96&d=mm&r=g\",\"contentUrl\":\"https:\/\/secure.gravatar.com\/avatar\/c7850e06d3ff63cdbaee88b7fc16e2f0?s=96&d=mm&r=g\",\"caption\":\"Damien Dellerba\"},\"url\":\"https:\/\/www.ladiagonale.net\/index.php\/author\/damien\/\"}]}<\/script>\n<!-- \/ Yoast SEO plugin. -->","yoast_head_json":{"title":"Nouvelle entorse \u00e0 une cheville pour Golovin - La Diagonale","robots":{"index":"index","follow":"follow","max-snippet":"max-snippet:-1","max-image-preview":"max-image-preview:large","max-video-preview":"max-video-preview:-1"},"canonical":"https:\/\/www.ladiagonale.net\/index.php\/2024\/08\/07\/nouvelle-entorse-a-une-cheville-pour-golovin\/","og_locale":"fr_FR","og_type":"article","og_title":"Nouvelle entorse \u00e0 une cheville pour Golovin - La Diagonale","og_description":"Aleksandr Golovin n&rsquo;a pas pu disputer la fin de la saison derni\u00e8re avec l&rsquo;AS Monaco, victime d&rsquo;une entorse \u00e0 une cheville le 18 avril. C&rsquo;est ce m\u00eame type de blessure qui pourrait emp\u00eacher le milieu de terrain russe de retrouver les terrains d\u00e8s le coup d&rsquo;envoi du championnat dans dix jours, contre Saint-\u00c9tienne. L&rsquo;\u00c9quipe a [...]","og_url":"https:\/\/www.ladiagonale.net\/index.php\/2024\/08\/07\/nouvelle-entorse-a-une-cheville-pour-golovin\/","og_site_name":"La Diagonale","article_published_time":"2024-08-07T17:16:25+00:00","article_modified_time":"2024-08-07T17:16:26+00:00","og_image":[{"width":1160,"height":650,"url":"https:\/\/www.ladiagonale.net\/wp-content\/uploads\/2024\/07\/golovin-cap.png","type":"image\/png"}],"author":"Damien Dellerba","twitter_card":"summary_large_image","twitter_image":"https:\/\/www.ladiagonale.net\/wp-content\/uploads\/2024\/07\/golovin-cap.png","twitter_misc":{"\u00c9crit par":"Damien Dellerba","Dur\u00e9e de lecture estim\u00e9e":"1 minute"},"schema":{"@context":"https:\/\/schema.org","@graph":[{"@type":"WebPage","@id":"https:\/\/www.ladiagonale.net\/index.php\/2024\/08\/07\/nouvelle-entorse-a-une-cheville-pour-golovin\/","url":"https:\/\/www.ladiagonale.net\/index.php\/2024\/08\/07\/nouvelle-entorse-a-une-cheville-pour-golovin\/","name":"Nouvelle entorse \u00e0 une cheville pour Golovin - La Diagonale","isPartOf":{"@id":"https:\/\/www.ladiagonale.net\/#website"},"datePublished":"2024-08-07T17:16:25+00:00","dateModified":"2024-08-07T17:16:26+00:00","author":{"@id":"https:\/\/www.ladiagonale.net\/#\/schema\/person\/79ff1e7b0853ed01b2aa26e64ad300bf"},"breadcrumb":{"@id":"https:\/\/www.ladiagonale.net\/index.php\/2024\/08\/07\/nouvelle-entorse-a-une-cheville-pour-golovin\/#breadcrumb"},"inLanguage":"fr-FR","potentialAction":[{"@type":"ReadAction","target":["https:\/\/www.ladiagonale.net\/index.php\/2024\/08\/07\/nouvelle-entorse-a-une-cheville-pour-golovin\/"]}]},{"@type":"BreadcrumbList","@id":"https:\/\/www.ladiagonale.net\/index.php\/2024\/08\/07\/nouvelle-entorse-a-une-cheville-pour-golovin\/#breadcrumb","itemListElement":[{"@type":"ListItem","position":1,"name":"Accueil","item":"https:\/\/www.ladiagonale.net\/"},{"@type":"ListItem","position":2,"name":"Nouvelle entorse \u00e0 une cheville pour Golovin"}]},{"@type":"WebSite","@id":"https:\/\/www.ladiagonale.net\/#website","url":"https:\/\/www.ladiagonale.net\/","name":"La Diagonale","description":"Le site des supporters de l&#039;AS Monaco FC","potentialAction":[{"@type":"SearchAction","target":{"@type":"EntryPoint","urlTemplate":"https:\/\/www.ladiagonale.net\/?s={search_term_string}"},"query-input":"required name=search_term_string"}],"inLanguage":"fr-FR"},{"@type":"Person","@id":"https:\/\/www.ladiagonale.net\/#\/schema\/person\/79ff1e7b0853ed01b2aa26e64ad300bf","name":"Damien Dellerba","image":{"@type":"ImageObject","inLanguage":"fr-FR","@id":"https:\/\/www.ladiagonale.net\/#\/schema\/person\/image\/","url":"https:\/\/secure.gravatar.com\/avatar\/c7850e06d3ff63cdbaee88b7fc16e2f0?s=96&d=mm&r=g","contentUrl":"https:\/\/secure.gravatar.com\/avatar\/c7850e06d3ff63cdbaee88b7fc16e2f0?s=96&d=mm&r=g","caption":"Damien Dellerba"},"url":"https:\/\/www.ladiagonale.net\/index.php\/author\/damien\/"}]}},"_links":{"self":[{"href":"https:\/\/www.ladiagonale.net\/index.php\/wp-json\/wp\/v2\/posts\/24745"}],"collection":[{"href":"https:\/\/www.ladiagonale.net\/index.php\/wp-json\/wp\/v2\/posts"}],"about":[{"href":"https:\/\/www.ladiagonale.net\/index.php\/wp-json\/wp\/v2\/types\/post"}],"author":[{"embeddable":true,"href":"https:\/\/www.ladiagonale.net\/index.php\/wp-json\/wp\/v2\/users\/2"}],"replies":[{"embeddable":true,"href":"https:\/\/www.ladiagonale.net\/index.php\/wp-json\/wp\/v2\/comments?post=24745"}],"version-history":[{"count":1,"href":"https:\/\/www.ladiagonale.net\/index.php\/wp-json\/wp\/v2\/posts\/24745\/revisions"}],"predecessor-version":[{"id":24746,"href":"https:\/\/www.ladiagonale.net\/index.php\/wp-json\/wp\/v2\/posts\/24745\/revisions\/24746"}],"wp:attachment":[{"href":"https:\/\/www.ladiagonale.net\/index.php\/wp-json\/wp\/v2\/media?parent=24745"}],"wp:term":[{"taxonomy":"category","embeddable":true,"href":"https:\/\/www.ladiagonale.net\/index.php\/wp-json\/wp\/v2\/categories?post=24745"},{"taxonomy":"post_tag","embeddable":true,"href":"https:\/\/www.ladiagonale.net\/index.php\/wp-json\/wp\/v2\/tags?post=24745"}],"curies":[{"name":"wp","href":"https:\/\/api.w.org\/{rel}","templated":true}]}}