{"id":24787,"date":"2024-08-09T10:53:33","date_gmt":"2024-08-09T08:53:33","guid":{"rendered":"https:\/\/www.ladiagonale.net\/?p=24787"},"modified":"2024-08-09T14:04:54","modified_gmt":"2024-08-09T12:04:54","slug":"feu-vert-pour-mawissa","status":"publish","type":"post","link":"https:\/\/www.ladiagonale.net\/index.php\/2024\/08\/09\/feu-vert-pour-mawissa\/","title":{"rendered":"Feu vert pour Mawissa ?"},"content":{"rendered":"\n\n\n<p>Apr\u00e8s avoir patin\u00e9 pendant de nombreuses semaines, le dossier Christian Mawissa serait en passe de se d\u00e9bloquer. Selon <em>Le Parisien<\/em>, l&rsquo;AS Monaco et Toulouse auraient enfin r\u00e9ussi \u00e0 trouver un accord de principe pour le transfert du d\u00e9fenseur de 19 ans. Mawissa passerait tr\u00e8s prochainement sa visite m\u00e9dicale et parapherait un contrat de cinq ans. D\u2019apr\u00e8s <em>Foot Mercato<\/em> et <em>L&rsquo;\u00c9quipe<\/em>, le montant du transfert s\u2019\u00e9l\u00e8verait \u00e0 16 millions d&rsquo;euros.<\/p>\n\n\n\n<p>La saison derni\u00e8re, le polyvalent d\u00e9fenseur a disput\u00e9 22 matches, dont 17 en Ligue 1 et deux en Ligue Europa. Son contrat avec Toulouse court jusqu&rsquo;en 2026.<\/p>\n","protected":false},"excerpt":{"rendered":"<p>Apr\u00e8s avoir patin\u00e9 pendant de nombreuses semaines, le dossier Christian Mawissa serait en passe de se d\u00e9bloquer. Selon Le Parisien, l&rsquo;AS Monaco et Toulouse auraient enfin r\u00e9ussi \u00e0 trouver un accord de principe pour le transfert du d\u00e9fenseur de 19 ans. Mawissa passerait tr\u00e8s prochainement sa visite m\u00e9dicale et parapherait un contrat de cinq ans. [&#8230;]\n","protected":false},"author":2,"featured_media":0,"comment_status":"open","ping_status":"open","sticky":false,"template":"","format":"standard","meta":[],"categories":[6],"tags":[86,826,111,110],"yoast_head":"<!-- This site is optimized with the Yoast SEO plugin v19.8 - https:\/\/yoast.com\/wordpress\/plugins\/seo\/ -->\n<title>Feu vert pour Mawissa ? - La Diagonale<\/title>\n<meta name=\"robots\" content=\"index, follow, max-snippet:-1, max-image-preview:large, max-video-preview:-1\" \/>\n<link rel=\"canonical\" href=\"https:\/\/www.ladiagonale.net\/index.php\/2024\/08\/09\/feu-vert-pour-mawissa\/\" \/>\n<meta property=\"og:locale\" content=\"fr_FR\" \/>\n<meta property=\"og:type\" content=\"article\" \/>\n<meta property=\"og:title\" content=\"Feu vert pour Mawissa ? - La Diagonale\" \/>\n<meta property=\"og:description\" content=\"Apr\u00e8s avoir patin\u00e9 pendant de nombreuses semaines, le dossier Christian Mawissa serait en passe de se d\u00e9bloquer. Selon Le Parisien, l&rsquo;AS Monaco et Toulouse auraient enfin r\u00e9ussi \u00e0 trouver un accord de principe pour le transfert du d\u00e9fenseur de 19 ans. Mawissa passerait tr\u00e8s prochainement sa visite m\u00e9dicale et parapherait un contrat de cinq ans. [...]\" \/>\n<meta property=\"og:url\" content=\"https:\/\/www.ladiagonale.net\/index.php\/2024\/08\/09\/feu-vert-pour-mawissa\/\" \/>\n<meta property=\"og:site_name\" content=\"La Diagonale\" \/>\n<meta property=\"article:published_time\" content=\"2024-08-09T08:53:33+00:00\" \/>\n<meta property=\"article:modified_time\" content=\"2024-08-09T12:04:54+00:00\" \/>\n<meta property=\"og:image\" content=\"https:\/\/www.ladiagonale.net\/wp-content\/uploads\/2024\/05\/mawissa.png\" \/>\n\t<meta property=\"og:image:width\" content=\"1160\" \/>\n\t<meta property=\"og:image:height\" content=\"650\" \/>\n\t<meta property=\"og:image:type\" content=\"image\/png\" \/>\n<meta name=\"author\" content=\"Damien Dellerba\" \/>\n<meta name=\"twitter:card\" content=\"summary_large_image\" \/>\n<meta name=\"twitter:image\" content=\"https:\/\/www.ladiagonale.net\/wp-content\/uploads\/2024\/05\/mawissa.png\" \/>\n<meta name=\"twitter:label1\" content=\"\u00c9crit par\" \/>\n\t<meta name=\"twitter:data1\" content=\"Damien Dellerba\" \/>\n\t<meta name=\"twitter:label2\" content=\"Dur\u00e9e de lecture estim\u00e9e\" \/>\n\t<meta name=\"twitter:data2\" content=\"1 minute\" \/>\n<script type=\"application\/ld+json\" class=\"yoast-schema-graph\">{\"@context\":\"https:\/\/schema.org\",\"@graph\":[{\"@type\":\"WebPage\",\"@id\":\"https:\/\/www.ladiagonale.net\/index.php\/2024\/08\/09\/feu-vert-pour-mawissa\/\",\"url\":\"https:\/\/www.ladiagonale.net\/index.php\/2024\/08\/09\/feu-vert-pour-mawissa\/\",\"name\":\"Feu vert pour Mawissa ? - La Diagonale\",\"isPartOf\":{\"@id\":\"https:\/\/www.ladiagonale.net\/#website\"},\"datePublished\":\"2024-08-09T08:53:33+00:00\",\"dateModified\":\"2024-08-09T12:04:54+00:00\",\"author\":{\"@id\":\"https:\/\/www.ladiagonale.net\/#\/schema\/person\/79ff1e7b0853ed01b2aa26e64ad300bf\"},\"breadcrumb\":{\"@id\":\"https:\/\/www.ladiagonale.net\/index.php\/2024\/08\/09\/feu-vert-pour-mawissa\/#breadcrumb\"},\"inLanguage\":\"fr-FR\",\"potentialAction\":[{\"@type\":\"ReadAction\",\"target\":[\"https:\/\/www.ladiagonale.net\/index.php\/2024\/08\/09\/feu-vert-pour-mawissa\/\"]}]},{\"@type\":\"BreadcrumbList\",\"@id\":\"https:\/\/www.ladiagonale.net\/index.php\/2024\/08\/09\/feu-vert-pour-mawissa\/#breadcrumb\",\"itemListElement\":[{\"@type\":\"ListItem\",\"position\":1,\"name\":\"Accueil\",\"item\":\"https:\/\/www.ladiagonale.net\/\"},{\"@type\":\"ListItem\",\"position\":2,\"name\":\"Feu vert pour Mawissa ?\"}]},{\"@type\":\"WebSite\",\"@id\":\"https:\/\/www.ladiagonale.net\/#website\",\"url\":\"https:\/\/www.ladiagonale.net\/\",\"name\":\"La Diagonale\",\"description\":\"Le site des supporters de l&#039;AS Monaco FC\",\"potentialAction\":[{\"@type\":\"SearchAction\",\"target\":{\"@type\":\"EntryPoint\",\"urlTemplate\":\"https:\/\/www.ladiagonale.net\/?s={search_term_string}\"},\"query-input\":\"required name=search_term_string\"}],\"inLanguage\":\"fr-FR\"},{\"@type\":\"Person\",\"@id\":\"https:\/\/www.ladiagonale.net\/#\/schema\/person\/79ff1e7b0853ed01b2aa26e64ad300bf\",\"name\":\"Damien Dellerba\",\"image\":{\"@type\":\"ImageObject\",\"inLanguage\":\"fr-FR\",\"@id\":\"https:\/\/www.ladiagonale.net\/#\/schema\/person\/image\/\",\"url\":\"https:\/\/secure.gravatar.com\/avatar\/c7850e06d3ff63cdbaee88b7fc16e2f0?s=96&d=mm&r=g\",\"contentUrl\":\"https:\/\/secure.gravatar.com\/avatar\/c7850e06d3ff63cdbaee88b7fc16e2f0?s=96&d=mm&r=g\",\"caption\":\"Damien Dellerba\"},\"url\":\"https:\/\/www.ladiagonale.net\/index.php\/author\/damien\/\"}]}<\/script>\n<!-- \/ Yoast SEO plugin. -->","yoast_head_json":{"title":"Feu vert pour Mawissa ? - La Diagonale","robots":{"index":"index","follow":"follow","max-snippet":"max-snippet:-1","max-image-preview":"max-image-preview:large","max-video-preview":"max-video-preview:-1"},"canonical":"https:\/\/www.ladiagonale.net\/index.php\/2024\/08\/09\/feu-vert-pour-mawissa\/","og_locale":"fr_FR","og_type":"article","og_title":"Feu vert pour Mawissa ? - La Diagonale","og_description":"Apr\u00e8s avoir patin\u00e9 pendant de nombreuses semaines, le dossier Christian Mawissa serait en passe de se d\u00e9bloquer. Selon Le Parisien, l&rsquo;AS Monaco et Toulouse auraient enfin r\u00e9ussi \u00e0 trouver un accord de principe pour le transfert du d\u00e9fenseur de 19 ans. Mawissa passerait tr\u00e8s prochainement sa visite m\u00e9dicale et parapherait un contrat de cinq ans. [...]","og_url":"https:\/\/www.ladiagonale.net\/index.php\/2024\/08\/09\/feu-vert-pour-mawissa\/","og_site_name":"La Diagonale","article_published_time":"2024-08-09T08:53:33+00:00","article_modified_time":"2024-08-09T12:04:54+00:00","og_image":[{"width":1160,"height":650,"url":"https:\/\/www.ladiagonale.net\/wp-content\/uploads\/2024\/05\/mawissa.png","type":"image\/png"}],"author":"Damien Dellerba","twitter_card":"summary_large_image","twitter_image":"https:\/\/www.ladiagonale.net\/wp-content\/uploads\/2024\/05\/mawissa.png","twitter_misc":{"\u00c9crit par":"Damien Dellerba","Dur\u00e9e de lecture estim\u00e9e":"1 minute"},"schema":{"@context":"https:\/\/schema.org","@graph":[{"@type":"WebPage","@id":"https:\/\/www.ladiagonale.net\/index.php\/2024\/08\/09\/feu-vert-pour-mawissa\/","url":"https:\/\/www.ladiagonale.net\/index.php\/2024\/08\/09\/feu-vert-pour-mawissa\/","name":"Feu vert pour Mawissa ? - La Diagonale","isPartOf":{"@id":"https:\/\/www.ladiagonale.net\/#website"},"datePublished":"2024-08-09T08:53:33+00:00","dateModified":"2024-08-09T12:04:54+00:00","author":{"@id":"https:\/\/www.ladiagonale.net\/#\/schema\/person\/79ff1e7b0853ed01b2aa26e64ad300bf"},"breadcrumb":{"@id":"https:\/\/www.ladiagonale.net\/index.php\/2024\/08\/09\/feu-vert-pour-mawissa\/#breadcrumb"},"inLanguage":"fr-FR","potentialAction":[{"@type":"ReadAction","target":["https:\/\/www.ladiagonale.net\/index.php\/2024\/08\/09\/feu-vert-pour-mawissa\/"]}]},{"@type":"BreadcrumbList","@id":"https:\/\/www.ladiagonale.net\/index.php\/2024\/08\/09\/feu-vert-pour-mawissa\/#breadcrumb","itemListElement":[{"@type":"ListItem","position":1,"name":"Accueil","item":"https:\/\/www.ladiagonale.net\/"},{"@type":"ListItem","position":2,"name":"Feu vert pour Mawissa ?"}]},{"@type":"WebSite","@id":"https:\/\/www.ladiagonale.net\/#website","url":"https:\/\/www.ladiagonale.net\/","name":"La Diagonale","description":"Le site des supporters de l&#039;AS Monaco FC","potentialAction":[{"@type":"SearchAction","target":{"@type":"EntryPoint","urlTemplate":"https:\/\/www.ladiagonale.net\/?s={search_term_string}"},"query-input":"required name=search_term_string"}],"inLanguage":"fr-FR"},{"@type":"Person","@id":"https:\/\/www.ladiagonale.net\/#\/schema\/person\/79ff1e7b0853ed01b2aa26e64ad300bf","name":"Damien Dellerba","image":{"@type":"ImageObject","inLanguage":"fr-FR","@id":"https:\/\/www.ladiagonale.net\/#\/schema\/person\/image\/","url":"https:\/\/secure.gravatar.com\/avatar\/c7850e06d3ff63cdbaee88b7fc16e2f0?s=96&d=mm&r=g","contentUrl":"https:\/\/secure.gravatar.com\/avatar\/c7850e06d3ff63cdbaee88b7fc16e2f0?s=96&d=mm&r=g","caption":"Damien Dellerba"},"url":"https:\/\/www.ladiagonale.net\/index.php\/author\/damien\/"}]}},"_links":{"self":[{"href":"https:\/\/www.ladiagonale.net\/index.php\/wp-json\/wp\/v2\/posts\/24787"}],"collection":[{"href":"https:\/\/www.ladiagonale.net\/index.php\/wp-json\/wp\/v2\/posts"}],"about":[{"href":"https:\/\/www.ladiagonale.net\/index.php\/wp-json\/wp\/v2\/types\/post"}],"author":[{"embeddable":true,"href":"https:\/\/www.ladiagonale.net\/index.php\/wp-json\/wp\/v2\/users\/2"}],"replies":[{"embeddable":true,"href":"https:\/\/www.ladiagonale.net\/index.php\/wp-json\/wp\/v2\/comments?post=24787"}],"version-history":[{"count":9,"href":"https:\/\/www.ladiagonale.net\/index.php\/wp-json\/wp\/v2\/posts\/24787\/revisions"}],"predecessor-version":[{"id":24802,"href":"https:\/\/www.ladiagonale.net\/index.php\/wp-json\/wp\/v2\/posts\/24787\/revisions\/24802"}],"wp:attachment":[{"href":"https:\/\/www.ladiagonale.net\/index.php\/wp-json\/wp\/v2\/media?parent=24787"}],"wp:term":[{"taxonomy":"category","embeddable":true,"href":"https:\/\/www.ladiagonale.net\/index.php\/wp-json\/wp\/v2\/categories?post=24787"},{"taxonomy":"post_tag","embeddable":true,"href":"https:\/\/www.ladiagonale.net\/index.php\/wp-json\/wp\/v2\/tags?post=24787"}],"curies":[{"name":"wp","href":"https:\/\/api.w.org\/{rel}","templated":true}]}}