{"id":24823,"date":"2024-08-09T22:59:02","date_gmt":"2024-08-09T20:59:02","guid":{"rendered":"https:\/\/www.ladiagonale.net\/?p=24823"},"modified":"2024-08-09T23:03:53","modified_gmt":"2024-08-09T21:03:53","slug":"vers-un-trophee-des-champions-le-28-aout-a-monaco","status":"publish","type":"post","link":"https:\/\/www.ladiagonale.net\/index.php\/2024\/08\/09\/vers-un-trophee-des-champions-le-28-aout-a-monaco\/","title":{"rendered":"Vers un Troph\u00e9e des champions le 28 ao\u00fbt \u00e0 Monaco"},"content":{"rendered":"\n<p>Le Troph\u00e9e des champions ne s&rsquo;est pas tenu ce jeudi en Chine, mais il devrait bien avoir lieu en ao\u00fbt. Selon <em>Monaco-Matin<\/em>, la LFP aurait retenu la date du mercredi 28 ao\u00fbt. Et le match entre le PSG et Monaco, son dauphin du dernier Championnat, ne devrait pas \u00eatre d\u00e9localis\u00e9 \u00e0 l&rsquo;\u00e9tranger mais se tenir en Principaut\u00e9. Il sera par ailleurs diffus\u00e9 sur DAZN.<\/p>\n\n\n\n<p>Cette reprogrammation densifierait fortement le calendrier du d\u00e9but d&rsquo;exercice mon\u00e9gasque : la rencontre aurait lieu quatre jours apr\u00e8s <a href=\"https:\/\/www.ladiagonale.net\/index.php\/2024\/08\/08\/le-choc-de-la-j2-face-a-lyon-un-samedi-17-heures\/\" target=\"_blank\" rel=\"noreferrer noopener\">le d\u00e9placement \u00e0 Lyon<\/a> \u00e0 l&rsquo;occasion de la 2e journ\u00e9e de Ligue 1 et quatre jours avant <a href=\"https:\/\/www.ladiagonale.net\/index.php\/2024\/08\/09\/monaco-lens-le-1er-septembre\/\" target=\"_blank\" rel=\"noreferrer noopener\">la r\u00e9ception de Lens<\/a>. La saison pass\u00e9e, le Troph\u00e9e des champions s&rsquo;\u00e9tait tenu en janvier, au Parc des Princes, avec une victoire parisienne (2-0) sur Toulouse. Cette fois-ci, c&rsquo;est Monaco qui devrait \u00e9voluer \u00ab \u00e0 domicile \u00bb.<\/p>\n\n\n","protected":false},"excerpt":{"rendered":"<p>Le Troph\u00e9e des champions ne s&rsquo;est pas tenu ce jeudi en Chine, mais il devrait bien avoir lieu en ao\u00fbt. Selon Monaco-Matin, la LFP aurait retenu la date du mercredi 28 ao\u00fbt. Et le match entre le PSG et Monaco, son dauphin du dernier Championnat, ne devrait pas \u00eatre d\u00e9localis\u00e9 \u00e0 l&rsquo;\u00e9tranger mais se tenir [&#8230;]\n","protected":false},"author":1,"featured_media":0,"comment_status":"open","ping_status":"open","sticky":false,"template":"","format":"standard","meta":[],"categories":[6],"tags":[86,384,831],"yoast_head":"<!-- This site is optimized with the Yoast SEO plugin v19.8 - https:\/\/yoast.com\/wordpress\/plugins\/seo\/ -->\n<title>Vers un Troph\u00e9e des champions le 28 ao\u00fbt \u00e0 Monaco - La Diagonale<\/title>\n<meta name=\"robots\" content=\"index, follow, max-snippet:-1, max-image-preview:large, max-video-preview:-1\" \/>\n<link rel=\"canonical\" href=\"https:\/\/www.ladiagonale.net\/index.php\/2024\/08\/09\/vers-un-trophee-des-champions-le-28-aout-a-monaco\/\" \/>\n<meta property=\"og:locale\" content=\"fr_FR\" \/>\n<meta property=\"og:type\" content=\"article\" \/>\n<meta property=\"og:title\" content=\"Vers un Troph\u00e9e des champions le 28 ao\u00fbt \u00e0 Monaco - La Diagonale\" \/>\n<meta property=\"og:description\" content=\"Le Troph\u00e9e des champions ne s&rsquo;est pas tenu ce jeudi en Chine, mais il devrait bien avoir lieu en ao\u00fbt. Selon Monaco-Matin, la LFP aurait retenu la date du mercredi 28 ao\u00fbt. Et le match entre le PSG et Monaco, son dauphin du dernier Championnat, ne devrait pas \u00eatre d\u00e9localis\u00e9 \u00e0 l&rsquo;\u00e9tranger mais se tenir [...]\" \/>\n<meta property=\"og:url\" content=\"https:\/\/www.ladiagonale.net\/index.php\/2024\/08\/09\/vers-un-trophee-des-champions-le-28-aout-a-monaco\/\" \/>\n<meta property=\"og:site_name\" content=\"La Diagonale\" \/>\n<meta property=\"article:published_time\" content=\"2024-08-09T20:59:02+00:00\" \/>\n<meta property=\"article:modified_time\" content=\"2024-08-09T21:03:53+00:00\" \/>\n<meta property=\"og:image\" content=\"https:\/\/www.ladiagonale.net\/wp-content\/uploads\/2024\/03\/minamino-psg.png\" \/>\n\t<meta property=\"og:image:width\" content=\"1160\" \/>\n\t<meta property=\"og:image:height\" content=\"650\" \/>\n\t<meta property=\"og:image:type\" content=\"image\/png\" \/>\n<meta name=\"author\" content=\"admin\" \/>\n<meta name=\"twitter:card\" content=\"summary_large_image\" \/>\n<meta name=\"twitter:image\" content=\"https:\/\/www.ladiagonale.net\/wp-content\/uploads\/2024\/03\/minamino-psg.png\" \/>\n<meta name=\"twitter:label1\" content=\"\u00c9crit par\" \/>\n\t<meta name=\"twitter:data1\" content=\"admin\" \/>\n\t<meta name=\"twitter:label2\" content=\"Dur\u00e9e de lecture estim\u00e9e\" \/>\n\t<meta name=\"twitter:data2\" content=\"1 minute\" \/>\n<script type=\"application\/ld+json\" class=\"yoast-schema-graph\">{\"@context\":\"https:\/\/schema.org\",\"@graph\":[{\"@type\":\"WebPage\",\"@id\":\"https:\/\/www.ladiagonale.net\/index.php\/2024\/08\/09\/vers-un-trophee-des-champions-le-28-aout-a-monaco\/\",\"url\":\"https:\/\/www.ladiagonale.net\/index.php\/2024\/08\/09\/vers-un-trophee-des-champions-le-28-aout-a-monaco\/\",\"name\":\"Vers un Troph\u00e9e des champions le 28 ao\u00fbt \u00e0 Monaco - La Diagonale\",\"isPartOf\":{\"@id\":\"https:\/\/www.ladiagonale.net\/#website\"},\"datePublished\":\"2024-08-09T20:59:02+00:00\",\"dateModified\":\"2024-08-09T21:03:53+00:00\",\"author\":{\"@id\":\"https:\/\/www.ladiagonale.net\/#\/schema\/person\/03fa041acd51875ece8bf97a37252a4d\"},\"breadcrumb\":{\"@id\":\"https:\/\/www.ladiagonale.net\/index.php\/2024\/08\/09\/vers-un-trophee-des-champions-le-28-aout-a-monaco\/#breadcrumb\"},\"inLanguage\":\"fr-FR\",\"potentialAction\":[{\"@type\":\"ReadAction\",\"target\":[\"https:\/\/www.ladiagonale.net\/index.php\/2024\/08\/09\/vers-un-trophee-des-champions-le-28-aout-a-monaco\/\"]}]},{\"@type\":\"BreadcrumbList\",\"@id\":\"https:\/\/www.ladiagonale.net\/index.php\/2024\/08\/09\/vers-un-trophee-des-champions-le-28-aout-a-monaco\/#breadcrumb\",\"itemListElement\":[{\"@type\":\"ListItem\",\"position\":1,\"name\":\"Accueil\",\"item\":\"https:\/\/www.ladiagonale.net\/\"},{\"@type\":\"ListItem\",\"position\":2,\"name\":\"Vers un Troph\u00e9e des champions le 28 ao\u00fbt \u00e0 Monaco\"}]},{\"@type\":\"WebSite\",\"@id\":\"https:\/\/www.ladiagonale.net\/#website\",\"url\":\"https:\/\/www.ladiagonale.net\/\",\"name\":\"La Diagonale\",\"description\":\"Le site des supporters de l&#039;AS Monaco FC\",\"potentialAction\":[{\"@type\":\"SearchAction\",\"target\":{\"@type\":\"EntryPoint\",\"urlTemplate\":\"https:\/\/www.ladiagonale.net\/?s={search_term_string}\"},\"query-input\":\"required name=search_term_string\"}],\"inLanguage\":\"fr-FR\"},{\"@type\":\"Person\",\"@id\":\"https:\/\/www.ladiagonale.net\/#\/schema\/person\/03fa041acd51875ece8bf97a37252a4d\",\"name\":\"admin\",\"image\":{\"@type\":\"ImageObject\",\"inLanguage\":\"fr-FR\",\"@id\":\"https:\/\/www.ladiagonale.net\/#\/schema\/person\/image\/\",\"url\":\"https:\/\/secure.gravatar.com\/avatar\/894b9daaf19cc759b072b6bb09cac5f2?s=96&d=mm&r=g\",\"contentUrl\":\"https:\/\/secure.gravatar.com\/avatar\/894b9daaf19cc759b072b6bb09cac5f2?s=96&d=mm&r=g\",\"caption\":\"admin\"},\"sameAs\":[\"https:\/\/v2.ladiagonale.net\"],\"url\":\"https:\/\/www.ladiagonale.net\/index.php\/author\/admin\/\"}]}<\/script>\n<!-- \/ Yoast SEO plugin. -->","yoast_head_json":{"title":"Vers un Troph\u00e9e des champions le 28 ao\u00fbt \u00e0 Monaco - La Diagonale","robots":{"index":"index","follow":"follow","max-snippet":"max-snippet:-1","max-image-preview":"max-image-preview:large","max-video-preview":"max-video-preview:-1"},"canonical":"https:\/\/www.ladiagonale.net\/index.php\/2024\/08\/09\/vers-un-trophee-des-champions-le-28-aout-a-monaco\/","og_locale":"fr_FR","og_type":"article","og_title":"Vers un Troph\u00e9e des champions le 28 ao\u00fbt \u00e0 Monaco - La Diagonale","og_description":"Le Troph\u00e9e des champions ne s&rsquo;est pas tenu ce jeudi en Chine, mais il devrait bien avoir lieu en ao\u00fbt. Selon Monaco-Matin, la LFP aurait retenu la date du mercredi 28 ao\u00fbt. Et le match entre le PSG et Monaco, son dauphin du dernier Championnat, ne devrait pas \u00eatre d\u00e9localis\u00e9 \u00e0 l&rsquo;\u00e9tranger mais se tenir [...]","og_url":"https:\/\/www.ladiagonale.net\/index.php\/2024\/08\/09\/vers-un-trophee-des-champions-le-28-aout-a-monaco\/","og_site_name":"La Diagonale","article_published_time":"2024-08-09T20:59:02+00:00","article_modified_time":"2024-08-09T21:03:53+00:00","og_image":[{"width":1160,"height":650,"url":"https:\/\/www.ladiagonale.net\/wp-content\/uploads\/2024\/03\/minamino-psg.png","type":"image\/png"}],"author":"admin","twitter_card":"summary_large_image","twitter_image":"https:\/\/www.ladiagonale.net\/wp-content\/uploads\/2024\/03\/minamino-psg.png","twitter_misc":{"\u00c9crit par":"admin","Dur\u00e9e de lecture estim\u00e9e":"1 minute"},"schema":{"@context":"https:\/\/schema.org","@graph":[{"@type":"WebPage","@id":"https:\/\/www.ladiagonale.net\/index.php\/2024\/08\/09\/vers-un-trophee-des-champions-le-28-aout-a-monaco\/","url":"https:\/\/www.ladiagonale.net\/index.php\/2024\/08\/09\/vers-un-trophee-des-champions-le-28-aout-a-monaco\/","name":"Vers un Troph\u00e9e des champions le 28 ao\u00fbt \u00e0 Monaco - La Diagonale","isPartOf":{"@id":"https:\/\/www.ladiagonale.net\/#website"},"datePublished":"2024-08-09T20:59:02+00:00","dateModified":"2024-08-09T21:03:53+00:00","author":{"@id":"https:\/\/www.ladiagonale.net\/#\/schema\/person\/03fa041acd51875ece8bf97a37252a4d"},"breadcrumb":{"@id":"https:\/\/www.ladiagonale.net\/index.php\/2024\/08\/09\/vers-un-trophee-des-champions-le-28-aout-a-monaco\/#breadcrumb"},"inLanguage":"fr-FR","potentialAction":[{"@type":"ReadAction","target":["https:\/\/www.ladiagonale.net\/index.php\/2024\/08\/09\/vers-un-trophee-des-champions-le-28-aout-a-monaco\/"]}]},{"@type":"BreadcrumbList","@id":"https:\/\/www.ladiagonale.net\/index.php\/2024\/08\/09\/vers-un-trophee-des-champions-le-28-aout-a-monaco\/#breadcrumb","itemListElement":[{"@type":"ListItem","position":1,"name":"Accueil","item":"https:\/\/www.ladiagonale.net\/"},{"@type":"ListItem","position":2,"name":"Vers un Troph\u00e9e des champions le 28 ao\u00fbt \u00e0 Monaco"}]},{"@type":"WebSite","@id":"https:\/\/www.ladiagonale.net\/#website","url":"https:\/\/www.ladiagonale.net\/","name":"La Diagonale","description":"Le site des supporters de l&#039;AS Monaco FC","potentialAction":[{"@type":"SearchAction","target":{"@type":"EntryPoint","urlTemplate":"https:\/\/www.ladiagonale.net\/?s={search_term_string}"},"query-input":"required name=search_term_string"}],"inLanguage":"fr-FR"},{"@type":"Person","@id":"https:\/\/www.ladiagonale.net\/#\/schema\/person\/03fa041acd51875ece8bf97a37252a4d","name":"admin","image":{"@type":"ImageObject","inLanguage":"fr-FR","@id":"https:\/\/www.ladiagonale.net\/#\/schema\/person\/image\/","url":"https:\/\/secure.gravatar.com\/avatar\/894b9daaf19cc759b072b6bb09cac5f2?s=96&d=mm&r=g","contentUrl":"https:\/\/secure.gravatar.com\/avatar\/894b9daaf19cc759b072b6bb09cac5f2?s=96&d=mm&r=g","caption":"admin"},"sameAs":["https:\/\/v2.ladiagonale.net"],"url":"https:\/\/www.ladiagonale.net\/index.php\/author\/admin\/"}]}},"_links":{"self":[{"href":"https:\/\/www.ladiagonale.net\/index.php\/wp-json\/wp\/v2\/posts\/24823"}],"collection":[{"href":"https:\/\/www.ladiagonale.net\/index.php\/wp-json\/wp\/v2\/posts"}],"about":[{"href":"https:\/\/www.ladiagonale.net\/index.php\/wp-json\/wp\/v2\/types\/post"}],"author":[{"embeddable":true,"href":"https:\/\/www.ladiagonale.net\/index.php\/wp-json\/wp\/v2\/users\/1"}],"replies":[{"embeddable":true,"href":"https:\/\/www.ladiagonale.net\/index.php\/wp-json\/wp\/v2\/comments?post=24823"}],"version-history":[{"count":3,"href":"https:\/\/www.ladiagonale.net\/index.php\/wp-json\/wp\/v2\/posts\/24823\/revisions"}],"predecessor-version":[{"id":24830,"href":"https:\/\/www.ladiagonale.net\/index.php\/wp-json\/wp\/v2\/posts\/24823\/revisions\/24830"}],"wp:attachment":[{"href":"https:\/\/www.ladiagonale.net\/index.php\/wp-json\/wp\/v2\/media?parent=24823"}],"wp:term":[{"taxonomy":"category","embeddable":true,"href":"https:\/\/www.ladiagonale.net\/index.php\/wp-json\/wp\/v2\/categories?post=24823"},{"taxonomy":"post_tag","embeddable":true,"href":"https:\/\/www.ladiagonale.net\/index.php\/wp-json\/wp\/v2\/tags?post=24823"}],"curies":[{"name":"wp","href":"https:\/\/api.w.org\/{rel}","templated":true}]}}