{"id":24854,"date":"2024-08-12T16:11:12","date_gmt":"2024-08-12T14:11:12","guid":{"rendered":"https:\/\/www.ladiagonale.net\/?p=24854"},"modified":"2024-08-12T16:11:13","modified_gmt":"2024-08-12T14:11:13","slug":"benama-souhaiterait-sen-aller","status":"publish","type":"post","link":"https:\/\/www.ladiagonale.net\/index.php\/2024\/08\/12\/benama-souhaiterait-sen-aller\/","title":{"rendered":"Benama souhaiterait s&rsquo;en aller"},"content":{"rendered":"\n\n\n<p>Mayssam Benama ne voudrait plus poursuivre son aventure avec l&rsquo;AS Monaco. \u00c0 19 ans, le milieu de terrain as\u00e9miste souhaiterait \u00eatre transf\u00e9r\u00e9, selon <em>Nice-Matin<\/em>, visiblement d\u00e9\u00e7u de sa situation. D&rsquo;apr\u00e8s le quotidien azur\u00e9en, il serait dans l&rsquo;incompr\u00e9hension quant au fait d&rsquo;avoir commenc\u00e9 sa pr\u00e9paration estivale avec le Groupe \u00c9lite de Djimi Traor\u00e9 plut\u00f4t qu&rsquo;avec l&rsquo;\u00e9quipe premi\u00e8re et envisagerait donc son avenir loin du Rocher. Il serait courtis\u00e9 par des formations de Ligue 1.<\/p>\n\n\n\n<p>Sous contrat professionnel jusqu&rsquo;en 2026, Benama a repris en d\u00e9cal\u00e9 avec l&rsquo;ASM, puisqu&rsquo;il a particip\u00e9 au stage de pr\u00e9paration de l&rsquo;\u00e9quipe de France U19 en vue de l&rsquo;Euro pendant un mois avant d&rsquo;aller au bout de la comp\u00e9tition, battu en finale par l&rsquo;Espagne (0-2, le 29 juillet). Si lui et ses co\u00e9quipiers en s\u00e9lection, Sa\u00efmon Bouabr\u00e9 et Lucas Michal, ont repris tardivement, ils ont tous les trois rejou\u00e9 avec le Groupe \u00c9lite il y a quelques jours, face \u00e0 l&rsquo;\u00e9quipe r\u00e9serve de Liverpool (3-0). Mais Bouabr\u00e9 et Michal ont \u00e9t\u00e9 appel\u00e9s par Adi H\u00fctter pour le match face \u00e0 Barcelone de ce lundi. <\/p>\n","protected":false},"excerpt":{"rendered":"<p>Mayssam Benama ne voudrait plus poursuivre son aventure avec l&rsquo;AS Monaco. \u00c0 19 ans, le milieu de terrain as\u00e9miste souhaiterait \u00eatre transf\u00e9r\u00e9, selon Nice-Matin, visiblement d\u00e9\u00e7u de sa situation. D&rsquo;apr\u00e8s le quotidien azur\u00e9en, il serait dans l&rsquo;incompr\u00e9hension quant au fait d&rsquo;avoir commenc\u00e9 sa pr\u00e9paration estivale avec le Groupe \u00c9lite de Djimi Traor\u00e9 plut\u00f4t qu&rsquo;avec l&rsquo;\u00e9quipe [&#8230;]\n","protected":false},"author":2,"featured_media":0,"comment_status":"open","ping_status":"open","sticky":false,"template":"","format":"standard","meta":[],"categories":[6],"tags":[76,86,453,111,110],"yoast_head":"<!-- This site is optimized with the Yoast SEO plugin v19.8 - https:\/\/yoast.com\/wordpress\/plugins\/seo\/ -->\n<title>Benama souhaiterait s&#039;en aller - La Diagonale<\/title>\n<meta name=\"robots\" content=\"index, follow, max-snippet:-1, max-image-preview:large, max-video-preview:-1\" \/>\n<link rel=\"canonical\" href=\"https:\/\/www.ladiagonale.net\/index.php\/2024\/08\/12\/benama-souhaiterait-sen-aller\/\" \/>\n<meta property=\"og:locale\" content=\"fr_FR\" \/>\n<meta property=\"og:type\" content=\"article\" \/>\n<meta property=\"og:title\" content=\"Benama souhaiterait s&#039;en aller - La Diagonale\" \/>\n<meta property=\"og:description\" content=\"Mayssam Benama ne voudrait plus poursuivre son aventure avec l&rsquo;AS Monaco. \u00c0 19 ans, le milieu de terrain as\u00e9miste souhaiterait \u00eatre transf\u00e9r\u00e9, selon Nice-Matin, visiblement d\u00e9\u00e7u de sa situation. D&rsquo;apr\u00e8s le quotidien azur\u00e9en, il serait dans l&rsquo;incompr\u00e9hension quant au fait d&rsquo;avoir commenc\u00e9 sa pr\u00e9paration estivale avec le Groupe \u00c9lite de Djimi Traor\u00e9 plut\u00f4t qu&rsquo;avec l&rsquo;\u00e9quipe [...]\" \/>\n<meta property=\"og:url\" content=\"https:\/\/www.ladiagonale.net\/index.php\/2024\/08\/12\/benama-souhaiterait-sen-aller\/\" \/>\n<meta property=\"og:site_name\" content=\"La Diagonale\" \/>\n<meta property=\"article:published_time\" content=\"2024-08-12T14:11:12+00:00\" \/>\n<meta property=\"article:modified_time\" content=\"2024-08-12T14:11:13+00:00\" \/>\n<meta property=\"og:image\" content=\"https:\/\/www.ladiagonale.net\/wp-content\/uploads\/2023\/05\/benama.png\" \/>\n\t<meta property=\"og:image:width\" content=\"1160\" \/>\n\t<meta property=\"og:image:height\" content=\"650\" \/>\n\t<meta property=\"og:image:type\" content=\"image\/png\" \/>\n<meta name=\"author\" content=\"Damien Dellerba\" \/>\n<meta name=\"twitter:card\" content=\"summary_large_image\" \/>\n<meta name=\"twitter:image\" content=\"https:\/\/www.ladiagonale.net\/wp-content\/uploads\/2023\/05\/benama.png\" \/>\n<meta name=\"twitter:label1\" content=\"\u00c9crit par\" \/>\n\t<meta name=\"twitter:data1\" content=\"Damien Dellerba\" \/>\n\t<meta name=\"twitter:label2\" content=\"Dur\u00e9e de lecture estim\u00e9e\" \/>\n\t<meta name=\"twitter:data2\" content=\"1 minute\" \/>\n<script type=\"application\/ld+json\" class=\"yoast-schema-graph\">{\"@context\":\"https:\/\/schema.org\",\"@graph\":[{\"@type\":\"WebPage\",\"@id\":\"https:\/\/www.ladiagonale.net\/index.php\/2024\/08\/12\/benama-souhaiterait-sen-aller\/\",\"url\":\"https:\/\/www.ladiagonale.net\/index.php\/2024\/08\/12\/benama-souhaiterait-sen-aller\/\",\"name\":\"Benama souhaiterait s'en aller - La Diagonale\",\"isPartOf\":{\"@id\":\"https:\/\/www.ladiagonale.net\/#website\"},\"datePublished\":\"2024-08-12T14:11:12+00:00\",\"dateModified\":\"2024-08-12T14:11:13+00:00\",\"author\":{\"@id\":\"https:\/\/www.ladiagonale.net\/#\/schema\/person\/79ff1e7b0853ed01b2aa26e64ad300bf\"},\"breadcrumb\":{\"@id\":\"https:\/\/www.ladiagonale.net\/index.php\/2024\/08\/12\/benama-souhaiterait-sen-aller\/#breadcrumb\"},\"inLanguage\":\"fr-FR\",\"potentialAction\":[{\"@type\":\"ReadAction\",\"target\":[\"https:\/\/www.ladiagonale.net\/index.php\/2024\/08\/12\/benama-souhaiterait-sen-aller\/\"]}]},{\"@type\":\"BreadcrumbList\",\"@id\":\"https:\/\/www.ladiagonale.net\/index.php\/2024\/08\/12\/benama-souhaiterait-sen-aller\/#breadcrumb\",\"itemListElement\":[{\"@type\":\"ListItem\",\"position\":1,\"name\":\"Accueil\",\"item\":\"https:\/\/www.ladiagonale.net\/\"},{\"@type\":\"ListItem\",\"position\":2,\"name\":\"Benama souhaiterait s&rsquo;en aller\"}]},{\"@type\":\"WebSite\",\"@id\":\"https:\/\/www.ladiagonale.net\/#website\",\"url\":\"https:\/\/www.ladiagonale.net\/\",\"name\":\"La Diagonale\",\"description\":\"Le site des supporters de l&#039;AS Monaco FC\",\"potentialAction\":[{\"@type\":\"SearchAction\",\"target\":{\"@type\":\"EntryPoint\",\"urlTemplate\":\"https:\/\/www.ladiagonale.net\/?s={search_term_string}\"},\"query-input\":\"required name=search_term_string\"}],\"inLanguage\":\"fr-FR\"},{\"@type\":\"Person\",\"@id\":\"https:\/\/www.ladiagonale.net\/#\/schema\/person\/79ff1e7b0853ed01b2aa26e64ad300bf\",\"name\":\"Damien Dellerba\",\"image\":{\"@type\":\"ImageObject\",\"inLanguage\":\"fr-FR\",\"@id\":\"https:\/\/www.ladiagonale.net\/#\/schema\/person\/image\/\",\"url\":\"https:\/\/secure.gravatar.com\/avatar\/c7850e06d3ff63cdbaee88b7fc16e2f0?s=96&d=mm&r=g\",\"contentUrl\":\"https:\/\/secure.gravatar.com\/avatar\/c7850e06d3ff63cdbaee88b7fc16e2f0?s=96&d=mm&r=g\",\"caption\":\"Damien Dellerba\"},\"url\":\"https:\/\/www.ladiagonale.net\/index.php\/author\/damien\/\"}]}<\/script>\n<!-- \/ Yoast SEO plugin. -->","yoast_head_json":{"title":"Benama souhaiterait s'en aller - La Diagonale","robots":{"index":"index","follow":"follow","max-snippet":"max-snippet:-1","max-image-preview":"max-image-preview:large","max-video-preview":"max-video-preview:-1"},"canonical":"https:\/\/www.ladiagonale.net\/index.php\/2024\/08\/12\/benama-souhaiterait-sen-aller\/","og_locale":"fr_FR","og_type":"article","og_title":"Benama souhaiterait s'en aller - La Diagonale","og_description":"Mayssam Benama ne voudrait plus poursuivre son aventure avec l&rsquo;AS Monaco. \u00c0 19 ans, le milieu de terrain as\u00e9miste souhaiterait \u00eatre transf\u00e9r\u00e9, selon Nice-Matin, visiblement d\u00e9\u00e7u de sa situation. D&rsquo;apr\u00e8s le quotidien azur\u00e9en, il serait dans l&rsquo;incompr\u00e9hension quant au fait d&rsquo;avoir commenc\u00e9 sa pr\u00e9paration estivale avec le Groupe \u00c9lite de Djimi Traor\u00e9 plut\u00f4t qu&rsquo;avec l&rsquo;\u00e9quipe [...]","og_url":"https:\/\/www.ladiagonale.net\/index.php\/2024\/08\/12\/benama-souhaiterait-sen-aller\/","og_site_name":"La Diagonale","article_published_time":"2024-08-12T14:11:12+00:00","article_modified_time":"2024-08-12T14:11:13+00:00","og_image":[{"width":1160,"height":650,"url":"https:\/\/www.ladiagonale.net\/wp-content\/uploads\/2023\/05\/benama.png","type":"image\/png"}],"author":"Damien Dellerba","twitter_card":"summary_large_image","twitter_image":"https:\/\/www.ladiagonale.net\/wp-content\/uploads\/2023\/05\/benama.png","twitter_misc":{"\u00c9crit par":"Damien Dellerba","Dur\u00e9e de lecture estim\u00e9e":"1 minute"},"schema":{"@context":"https:\/\/schema.org","@graph":[{"@type":"WebPage","@id":"https:\/\/www.ladiagonale.net\/index.php\/2024\/08\/12\/benama-souhaiterait-sen-aller\/","url":"https:\/\/www.ladiagonale.net\/index.php\/2024\/08\/12\/benama-souhaiterait-sen-aller\/","name":"Benama souhaiterait s'en aller - La Diagonale","isPartOf":{"@id":"https:\/\/www.ladiagonale.net\/#website"},"datePublished":"2024-08-12T14:11:12+00:00","dateModified":"2024-08-12T14:11:13+00:00","author":{"@id":"https:\/\/www.ladiagonale.net\/#\/schema\/person\/79ff1e7b0853ed01b2aa26e64ad300bf"},"breadcrumb":{"@id":"https:\/\/www.ladiagonale.net\/index.php\/2024\/08\/12\/benama-souhaiterait-sen-aller\/#breadcrumb"},"inLanguage":"fr-FR","potentialAction":[{"@type":"ReadAction","target":["https:\/\/www.ladiagonale.net\/index.php\/2024\/08\/12\/benama-souhaiterait-sen-aller\/"]}]},{"@type":"BreadcrumbList","@id":"https:\/\/www.ladiagonale.net\/index.php\/2024\/08\/12\/benama-souhaiterait-sen-aller\/#breadcrumb","itemListElement":[{"@type":"ListItem","position":1,"name":"Accueil","item":"https:\/\/www.ladiagonale.net\/"},{"@type":"ListItem","position":2,"name":"Benama souhaiterait s&rsquo;en aller"}]},{"@type":"WebSite","@id":"https:\/\/www.ladiagonale.net\/#website","url":"https:\/\/www.ladiagonale.net\/","name":"La Diagonale","description":"Le site des supporters de l&#039;AS Monaco FC","potentialAction":[{"@type":"SearchAction","target":{"@type":"EntryPoint","urlTemplate":"https:\/\/www.ladiagonale.net\/?s={search_term_string}"},"query-input":"required name=search_term_string"}],"inLanguage":"fr-FR"},{"@type":"Person","@id":"https:\/\/www.ladiagonale.net\/#\/schema\/person\/79ff1e7b0853ed01b2aa26e64ad300bf","name":"Damien Dellerba","image":{"@type":"ImageObject","inLanguage":"fr-FR","@id":"https:\/\/www.ladiagonale.net\/#\/schema\/person\/image\/","url":"https:\/\/secure.gravatar.com\/avatar\/c7850e06d3ff63cdbaee88b7fc16e2f0?s=96&d=mm&r=g","contentUrl":"https:\/\/secure.gravatar.com\/avatar\/c7850e06d3ff63cdbaee88b7fc16e2f0?s=96&d=mm&r=g","caption":"Damien Dellerba"},"url":"https:\/\/www.ladiagonale.net\/index.php\/author\/damien\/"}]}},"_links":{"self":[{"href":"https:\/\/www.ladiagonale.net\/index.php\/wp-json\/wp\/v2\/posts\/24854"}],"collection":[{"href":"https:\/\/www.ladiagonale.net\/index.php\/wp-json\/wp\/v2\/posts"}],"about":[{"href":"https:\/\/www.ladiagonale.net\/index.php\/wp-json\/wp\/v2\/types\/post"}],"author":[{"embeddable":true,"href":"https:\/\/www.ladiagonale.net\/index.php\/wp-json\/wp\/v2\/users\/2"}],"replies":[{"embeddable":true,"href":"https:\/\/www.ladiagonale.net\/index.php\/wp-json\/wp\/v2\/comments?post=24854"}],"version-history":[{"count":1,"href":"https:\/\/www.ladiagonale.net\/index.php\/wp-json\/wp\/v2\/posts\/24854\/revisions"}],"predecessor-version":[{"id":24856,"href":"https:\/\/www.ladiagonale.net\/index.php\/wp-json\/wp\/v2\/posts\/24854\/revisions\/24856"}],"wp:attachment":[{"href":"https:\/\/www.ladiagonale.net\/index.php\/wp-json\/wp\/v2\/media?parent=24854"}],"wp:term":[{"taxonomy":"category","embeddable":true,"href":"https:\/\/www.ladiagonale.net\/index.php\/wp-json\/wp\/v2\/categories?post=24854"},{"taxonomy":"post_tag","embeddable":true,"href":"https:\/\/www.ladiagonale.net\/index.php\/wp-json\/wp\/v2\/tags?post=24854"}],"curies":[{"name":"wp","href":"https:\/\/api.w.org\/{rel}","templated":true}]}}