{"id":24937,"date":"2024-08-15T08:24:00","date_gmt":"2024-08-15T06:24:00","guid":{"rendered":"https:\/\/www.ladiagonale.net\/?p=24937"},"modified":"2024-08-16T04:16:47","modified_gmt":"2024-08-16T02:16:47","slug":"turpin-premier-arbitre-de-la-saison","status":"publish","type":"post","link":"https:\/\/www.ladiagonale.net\/index.php\/2024\/08\/15\/turpin-premier-arbitre-de-la-saison\/","title":{"rendered":"Turpin, premier arbitre de la saison"},"content":{"rendered":"\n<p>Samedi sera donn\u00e9 le coup d&rsquo;envoi de la Ligue 1 pour l&rsquo;AS Monaco, avec la r\u00e9ception de l&rsquo;AS Saint-\u00c9tienne \u00e0 21 heures au Stade Louis-II. Pour ce premier rendez-vous de la saison, Cl\u00e9ment Turpin a \u00e9t\u00e9 d\u00e9sign\u00e9 comme arbitre principal de la rencontre. Il sera assist\u00e9 de Nicolas Danos et Benjamin Pages sur la touche et de Dominique Julien et Guillaume Paradis \u00e0 la vid\u00e9o.<\/p>\n\n\n\n<p>L&rsquo;an dernier, Turpin a arbitr\u00e9 l&rsquo;ASM \u00e0 quatre reprises et cela a donn\u00e9 trois victoires en faveur des Rouge et Blanc contre une d\u00e9faite. Au total, il a arbitr\u00e9 l&rsquo;ASM 36 fois dans le championnat de France, sa premi\u00e8re remontant \u00e0 la saison 2008-2009. Il s&rsquo;agissait d\u00e9j\u00e0 d&rsquo;une rencontre face \u00e0 l&rsquo;ASSE, perdue (0-2) dans le Forez. Avec le natif d&rsquo;Oullins au sifflet, le bilan reste cependant positif pour les Mon\u00e9gasques, qui ont gagn\u00e9 20 fois et perdu 11 fois, contre cinq nuls.<\/p>\n\n\n\n<iframe title=\"\" aria-label=\"Diagramme circulaire\" id=\"datawrapper-chart-Ln8sw\" src=\"https:\/\/datawrapper.dwcdn.net\/Ln8sw\/1\/\" scrolling=\"no\" frameborder=\"0\" style=\"width: 0; min-width: 100% !important; border: none;\" height=\"494\" data-external=\"1\"><\/iframe><script type=\"text\/javascript\">!function(){\"use strict\";window.addEventListener(\"message\",(function(a){if(void 0!==a.data[\"datawrapper-height\"]){var e=document.querySelectorAll(\"iframe\");for(var t in a.data[\"datawrapper-height\"])for(var r=0;r<e.length;r++)if(e[r].contentWindow===a.source){var i=a.data[\"datawrapper-height\"][t]+\"px\";e[r].style.height=i}}}))}();\n<\/script>\n\n\n\n<p>Sur ces 36 rencontres, il a cependant plus souvent averti les As\u00e9mistes que les adversaires, avec 68 cartons jaunes au total. Mais il leur a aussi distribu\u00e9 moins de cartons rouges. Pour ce qui est des p\u00e9naltys, il en a autant siffl\u00e9 en faveur de l'ASM que contre elle (6). Pour l'anecdote, la premi\u00e8re fois que Turpin avait arbitr\u00e9 l'ASM dans l'\u00e9lite, c'\u00e9tait justement face \u00e0 Saint-\u00c9tienne, mais pour un match (perdu) dans le Forez.<\/p>\n\n\n\n<iframe title=\"\" aria-label=\"Barres regroup\u00e9es\" id=\"datawrapper-chart-d3RnE\" src=\"https:\/\/datawrapper.dwcdn.net\/d3RnE\/2\/\" scrolling=\"no\" frameborder=\"0\" style=\"width: 0; min-width: 100% !important; border: none;\" height=\"331\" data-external=\"1\"><\/iframe><script type=\"text\/javascript\">!function(){\"use strict\";window.addEventListener(\"message\",(function(a){if(void 0!==a.data[\"datawrapper-height\"]){var e=document.querySelectorAll(\"iframe\");for(var t in a.data[\"datawrapper-height\"])for(var r=0;r<e.length;r++)if(e[r].contentWindow===a.source){var i=a.data[\"datawrapper-height\"][t]+\"px\";e[r].style.height=i}}}))}();\n<\/script>\n","protected":false},"excerpt":{"rendered":"<p>Samedi sera donn\u00e9 le coup d&rsquo;envoi de la Ligue 1 pour l&rsquo;AS Monaco, avec la r\u00e9ception de l&rsquo;AS Saint-\u00c9tienne \u00e0 21 heures au Stade Louis-II. Pour ce premier rendez-vous de la saison, Cl\u00e9ment Turpin a \u00e9t\u00e9 d\u00e9sign\u00e9 comme arbitre principal de la rencontre. Il sera assist\u00e9 de Nicolas Danos et Benjamin Pages sur la touche [&#8230;]\n","protected":false},"author":2,"featured_media":0,"comment_status":"open","ping_status":"open","sticky":false,"template":"","format":"standard","meta":[],"categories":[6],"tags":[156,86,473,94,871],"yoast_head":"<!-- This site is optimized with the Yoast SEO plugin v19.8 - https:\/\/yoast.com\/wordpress\/plugins\/seo\/ -->\n<title>Turpin, premier arbitre de la saison - La Diagonale<\/title>\n<meta name=\"robots\" content=\"index, follow, max-snippet:-1, max-image-preview:large, max-video-preview:-1\" \/>\n<link rel=\"canonical\" href=\"https:\/\/www.ladiagonale.net\/index.php\/2024\/08\/15\/turpin-premier-arbitre-de-la-saison\/\" \/>\n<meta property=\"og:locale\" content=\"fr_FR\" \/>\n<meta property=\"og:type\" content=\"article\" \/>\n<meta property=\"og:title\" content=\"Turpin, premier arbitre de la saison - La Diagonale\" \/>\n<meta property=\"og:description\" content=\"Samedi sera donn\u00e9 le coup d&rsquo;envoi de la Ligue 1 pour l&rsquo;AS Monaco, avec la r\u00e9ception de l&rsquo;AS Saint-\u00c9tienne \u00e0 21 heures au Stade Louis-II. Pour ce premier rendez-vous de la saison, Cl\u00e9ment Turpin a \u00e9t\u00e9 d\u00e9sign\u00e9 comme arbitre principal de la rencontre. Il sera assist\u00e9 de Nicolas Danos et Benjamin Pages sur la touche [...]\" \/>\n<meta property=\"og:url\" content=\"https:\/\/www.ladiagonale.net\/index.php\/2024\/08\/15\/turpin-premier-arbitre-de-la-saison\/\" \/>\n<meta property=\"og:site_name\" content=\"La Diagonale\" \/>\n<meta property=\"article:published_time\" content=\"2024-08-15T06:24:00+00:00\" \/>\n<meta property=\"article:modified_time\" content=\"2024-08-16T02:16:47+00:00\" \/>\n<meta property=\"og:image\" content=\"https:\/\/www.ladiagonale.net\/wp-content\/uploads\/2023\/02\/turpin.png\" \/>\n\t<meta property=\"og:image:width\" content=\"1160\" \/>\n\t<meta property=\"og:image:height\" content=\"650\" \/>\n\t<meta property=\"og:image:type\" content=\"image\/png\" \/>\n<meta name=\"author\" content=\"Damien Dellerba\" \/>\n<meta name=\"twitter:card\" content=\"summary_large_image\" \/>\n<meta name=\"twitter:image\" content=\"https:\/\/www.ladiagonale.net\/wp-content\/uploads\/2023\/02\/turpin.png\" \/>\n<meta name=\"twitter:label1\" content=\"\u00c9crit par\" \/>\n\t<meta name=\"twitter:data1\" content=\"Damien Dellerba\" \/>\n\t<meta name=\"twitter:label2\" content=\"Dur\u00e9e de lecture estim\u00e9e\" \/>\n\t<meta name=\"twitter:data2\" content=\"2 minutes\" \/>\n<script type=\"application\/ld+json\" class=\"yoast-schema-graph\">{\"@context\":\"https:\/\/schema.org\",\"@graph\":[{\"@type\":\"WebPage\",\"@id\":\"https:\/\/www.ladiagonale.net\/index.php\/2024\/08\/15\/turpin-premier-arbitre-de-la-saison\/\",\"url\":\"https:\/\/www.ladiagonale.net\/index.php\/2024\/08\/15\/turpin-premier-arbitre-de-la-saison\/\",\"name\":\"Turpin, premier arbitre de la saison - La Diagonale\",\"isPartOf\":{\"@id\":\"https:\/\/www.ladiagonale.net\/#website\"},\"datePublished\":\"2024-08-15T06:24:00+00:00\",\"dateModified\":\"2024-08-16T02:16:47+00:00\",\"author\":{\"@id\":\"https:\/\/www.ladiagonale.net\/#\/schema\/person\/79ff1e7b0853ed01b2aa26e64ad300bf\"},\"breadcrumb\":{\"@id\":\"https:\/\/www.ladiagonale.net\/index.php\/2024\/08\/15\/turpin-premier-arbitre-de-la-saison\/#breadcrumb\"},\"inLanguage\":\"fr-FR\",\"potentialAction\":[{\"@type\":\"ReadAction\",\"target\":[\"https:\/\/www.ladiagonale.net\/index.php\/2024\/08\/15\/turpin-premier-arbitre-de-la-saison\/\"]}]},{\"@type\":\"BreadcrumbList\",\"@id\":\"https:\/\/www.ladiagonale.net\/index.php\/2024\/08\/15\/turpin-premier-arbitre-de-la-saison\/#breadcrumb\",\"itemListElement\":[{\"@type\":\"ListItem\",\"position\":1,\"name\":\"Accueil\",\"item\":\"https:\/\/www.ladiagonale.net\/\"},{\"@type\":\"ListItem\",\"position\":2,\"name\":\"Turpin, premier arbitre de la saison\"}]},{\"@type\":\"WebSite\",\"@id\":\"https:\/\/www.ladiagonale.net\/#website\",\"url\":\"https:\/\/www.ladiagonale.net\/\",\"name\":\"La Diagonale\",\"description\":\"Le site des supporters de l&#039;AS Monaco FC\",\"potentialAction\":[{\"@type\":\"SearchAction\",\"target\":{\"@type\":\"EntryPoint\",\"urlTemplate\":\"https:\/\/www.ladiagonale.net\/?s={search_term_string}\"},\"query-input\":\"required name=search_term_string\"}],\"inLanguage\":\"fr-FR\"},{\"@type\":\"Person\",\"@id\":\"https:\/\/www.ladiagonale.net\/#\/schema\/person\/79ff1e7b0853ed01b2aa26e64ad300bf\",\"name\":\"Damien Dellerba\",\"image\":{\"@type\":\"ImageObject\",\"inLanguage\":\"fr-FR\",\"@id\":\"https:\/\/www.ladiagonale.net\/#\/schema\/person\/image\/\",\"url\":\"https:\/\/secure.gravatar.com\/avatar\/c7850e06d3ff63cdbaee88b7fc16e2f0?s=96&d=mm&r=g\",\"contentUrl\":\"https:\/\/secure.gravatar.com\/avatar\/c7850e06d3ff63cdbaee88b7fc16e2f0?s=96&d=mm&r=g\",\"caption\":\"Damien Dellerba\"},\"url\":\"https:\/\/www.ladiagonale.net\/index.php\/author\/damien\/\"}]}<\/script>\n<!-- \/ Yoast SEO plugin. -->","yoast_head_json":{"title":"Turpin, premier arbitre de la saison - La Diagonale","robots":{"index":"index","follow":"follow","max-snippet":"max-snippet:-1","max-image-preview":"max-image-preview:large","max-video-preview":"max-video-preview:-1"},"canonical":"https:\/\/www.ladiagonale.net\/index.php\/2024\/08\/15\/turpin-premier-arbitre-de-la-saison\/","og_locale":"fr_FR","og_type":"article","og_title":"Turpin, premier arbitre de la saison - La Diagonale","og_description":"Samedi sera donn\u00e9 le coup d&rsquo;envoi de la Ligue 1 pour l&rsquo;AS Monaco, avec la r\u00e9ception de l&rsquo;AS Saint-\u00c9tienne \u00e0 21 heures au Stade Louis-II. Pour ce premier rendez-vous de la saison, Cl\u00e9ment Turpin a \u00e9t\u00e9 d\u00e9sign\u00e9 comme arbitre principal de la rencontre. Il sera assist\u00e9 de Nicolas Danos et Benjamin Pages sur la touche [...]","og_url":"https:\/\/www.ladiagonale.net\/index.php\/2024\/08\/15\/turpin-premier-arbitre-de-la-saison\/","og_site_name":"La Diagonale","article_published_time":"2024-08-15T06:24:00+00:00","article_modified_time":"2024-08-16T02:16:47+00:00","og_image":[{"width":1160,"height":650,"url":"https:\/\/www.ladiagonale.net\/wp-content\/uploads\/2023\/02\/turpin.png","type":"image\/png"}],"author":"Damien Dellerba","twitter_card":"summary_large_image","twitter_image":"https:\/\/www.ladiagonale.net\/wp-content\/uploads\/2023\/02\/turpin.png","twitter_misc":{"\u00c9crit par":"Damien Dellerba","Dur\u00e9e de lecture estim\u00e9e":"2 minutes"},"schema":{"@context":"https:\/\/schema.org","@graph":[{"@type":"WebPage","@id":"https:\/\/www.ladiagonale.net\/index.php\/2024\/08\/15\/turpin-premier-arbitre-de-la-saison\/","url":"https:\/\/www.ladiagonale.net\/index.php\/2024\/08\/15\/turpin-premier-arbitre-de-la-saison\/","name":"Turpin, premier arbitre de la saison - La Diagonale","isPartOf":{"@id":"https:\/\/www.ladiagonale.net\/#website"},"datePublished":"2024-08-15T06:24:00+00:00","dateModified":"2024-08-16T02:16:47+00:00","author":{"@id":"https:\/\/www.ladiagonale.net\/#\/schema\/person\/79ff1e7b0853ed01b2aa26e64ad300bf"},"breadcrumb":{"@id":"https:\/\/www.ladiagonale.net\/index.php\/2024\/08\/15\/turpin-premier-arbitre-de-la-saison\/#breadcrumb"},"inLanguage":"fr-FR","potentialAction":[{"@type":"ReadAction","target":["https:\/\/www.ladiagonale.net\/index.php\/2024\/08\/15\/turpin-premier-arbitre-de-la-saison\/"]}]},{"@type":"BreadcrumbList","@id":"https:\/\/www.ladiagonale.net\/index.php\/2024\/08\/15\/turpin-premier-arbitre-de-la-saison\/#breadcrumb","itemListElement":[{"@type":"ListItem","position":1,"name":"Accueil","item":"https:\/\/www.ladiagonale.net\/"},{"@type":"ListItem","position":2,"name":"Turpin, premier arbitre de la saison"}]},{"@type":"WebSite","@id":"https:\/\/www.ladiagonale.net\/#website","url":"https:\/\/www.ladiagonale.net\/","name":"La Diagonale","description":"Le site des supporters de l&#039;AS Monaco FC","potentialAction":[{"@type":"SearchAction","target":{"@type":"EntryPoint","urlTemplate":"https:\/\/www.ladiagonale.net\/?s={search_term_string}"},"query-input":"required name=search_term_string"}],"inLanguage":"fr-FR"},{"@type":"Person","@id":"https:\/\/www.ladiagonale.net\/#\/schema\/person\/79ff1e7b0853ed01b2aa26e64ad300bf","name":"Damien Dellerba","image":{"@type":"ImageObject","inLanguage":"fr-FR","@id":"https:\/\/www.ladiagonale.net\/#\/schema\/person\/image\/","url":"https:\/\/secure.gravatar.com\/avatar\/c7850e06d3ff63cdbaee88b7fc16e2f0?s=96&d=mm&r=g","contentUrl":"https:\/\/secure.gravatar.com\/avatar\/c7850e06d3ff63cdbaee88b7fc16e2f0?s=96&d=mm&r=g","caption":"Damien Dellerba"},"url":"https:\/\/www.ladiagonale.net\/index.php\/author\/damien\/"}]}},"_links":{"self":[{"href":"https:\/\/www.ladiagonale.net\/index.php\/wp-json\/wp\/v2\/posts\/24937"}],"collection":[{"href":"https:\/\/www.ladiagonale.net\/index.php\/wp-json\/wp\/v2\/posts"}],"about":[{"href":"https:\/\/www.ladiagonale.net\/index.php\/wp-json\/wp\/v2\/types\/post"}],"author":[{"embeddable":true,"href":"https:\/\/www.ladiagonale.net\/index.php\/wp-json\/wp\/v2\/users\/2"}],"replies":[{"embeddable":true,"href":"https:\/\/www.ladiagonale.net\/index.php\/wp-json\/wp\/v2\/comments?post=24937"}],"version-history":[{"count":5,"href":"https:\/\/www.ladiagonale.net\/index.php\/wp-json\/wp\/v2\/posts\/24937\/revisions"}],"predecessor-version":[{"id":24999,"href":"https:\/\/www.ladiagonale.net\/index.php\/wp-json\/wp\/v2\/posts\/24937\/revisions\/24999"}],"wp:attachment":[{"href":"https:\/\/www.ladiagonale.net\/index.php\/wp-json\/wp\/v2\/media?parent=24937"}],"wp:term":[{"taxonomy":"category","embeddable":true,"href":"https:\/\/www.ladiagonale.net\/index.php\/wp-json\/wp\/v2\/categories?post=24937"},{"taxonomy":"post_tag","embeddable":true,"href":"https:\/\/www.ladiagonale.net\/index.php\/wp-json\/wp\/v2\/tags?post=24937"}],"curies":[{"name":"wp","href":"https:\/\/api.w.org\/{rel}","templated":true}]}}